{"id":2315,"date":"2018-04-27T11:22:40","date_gmt":"2018-04-27T09:22:40","guid":{"rendered":"https:\/\/www.cmalleida.com\/?p=2315"},"modified":"2018-04-27T11:22:40","modified_gmt":"2018-04-27T09:22:40","slug":"los-conductores-de-vehiculos-electricos-demandan-nuevas-coberturas-a-las-aseguradoras-adn-del-seguro","status":"publish","type":"post","link":"https:\/\/www.cmalleida.com\/es\/los-conductores-de-vehiculos-electricos-demandan-nuevas-coberturas-a-las-aseguradoras-adn-del-seguro\/","title":{"rendered":"Los conductores de veh\u00edculos el\u00e9ctricos demandan nuevas coberturas a las aseguradoras  (ADN del seguro)"},"content":{"rendered":"<p><strong>Asitur Focus publica un estudio sobre veh\u00edculos el\u00e9ctricos e h\u00edbridos enchufables en el que se muestra la realidad de este sector y las peticiones que los usuarios hacen a las aseguradoras.<\/strong><\/p>\n<p><strong>\u00a0<\/strong><strong>Redacci\u00f3n<\/strong><\/p>\n<p><img loading=\"lazy\" decoding=\"async\" class=\"size-full wp-image-2286 alignleft\" src=\"https:\/\/www.cmalleida.com\/wp-content\/uploads\/1.jpg\" alt=\"1\" width=\"667\" height=\"464\" srcset=\"https:\/\/www.cmalleida.com\/wp-content\/uploads\/1.jpg 667w, https:\/\/www.cmalleida.com\/wp-content\/uploads\/1-300x209.jpg 300w\" sizes=\"auto, (max-width: 667px) 100vw, 667px\" \/><\/p>\n<p>El Observatorio de Siniestros de\u00a0<strong>Asitur<\/strong>\u00a0ha publicado un estudio (haz click\u00a0<a href=\"http:\/\/asiturfocus.es\/estudios-de-mercado\/coche-electrico-espana\/\">aqu\u00ed<\/a>\u00a0para acceder) con el objetivo de descubrir la perspectiva y el nivel de conocimiento de los clientes sobre el mercado de veh\u00edculos el\u00e9ctricos e h\u00edbridos enchufables en Espa\u00f1a y el papel que juegan las aseguradoras en esta nueva realidad.<\/p>\n<p><strong>El informe abarca desde la autonom\u00eda que proporciona este tipo de coches, hasta las ventajas e inconvenientes que supone adquirir uno de ellos<\/strong>. Entre las principales ventajas de los veh\u00edculos el\u00e9ctricos e h\u00edbridos se encuentran las cero emisiones y el menor mantenimiento de estos veh\u00edculos. Por otro lado, la dificultad para encontrar puntos de recarga y el tiempo necesario para realizar la propia recarga son las principales desventajas que refleja el estudio.<\/p>\n<p>Adem\u00e1s, se analizan las demandas que los clientes exigir\u00edan a sus compa\u00f1\u00edas de seguros, como la instalaci\u00f3n y el mantenimiento de las estaciones de recarga o la cobertura en caso de robo, p\u00e9rdida o rotura del cable de recarga.<\/p>\n<p>\u201cEs muy importante conocer las tendencias que se presentan en este sector para adaptarnos mejor a las necesidades de nuestros clientes aseguradores con este tipo de veh\u00edculos y para crear servicios de valor que ayuden a la fidelizaci\u00f3n de sus asegurados\u201d, afirma<strong>\u00a0Eduardo Rodr\u00edguez Sierra<\/strong>, director Comercial y de Marketing de\u00a0<strong>Asitur<\/strong>.<\/p>\n<p>El estudio, adem\u00e1s, concluye que el parque automovil\u00edstico de estos veh\u00edculos ir\u00e1 en aumento debido, especialmente, a la concienciaci\u00f3n con el medio ambiente y al ahorro que supone para los usuarios a largo plazo.<\/p>\n<p>&nbsp;<\/p>\n","protected":false},"excerpt":{"rendered":"<p>Asitur Focus publica un estudio sobre veh\u00edculos el\u00e9ctricos e h\u00edbridos enchufables en el que se muestra la realidad de este sector y las peticiones que&#8230; <a href=\"https:\/\/www.cmalleida.com\/es\/los-conductores-de-vehiculos-electricos-demandan-nuevas-coberturas-a-las-aseguradoras-adn-del-seguro\/\" rel=\"nofollow\" class=\"lollegirmes\">Llegeix m\u00e9s<\/a><\/p>\n","protected":false},"author":3,"featured_media":1869,"comment_status":"closed","ping_status":"closed","sticky":false,"template":"","format":"standard","meta":{"_acf_changed":false,"_genesis_hide_title":false,"_genesis_hide_breadcrumbs":false,"_genesis_hide_singular_image":false,"_genesis_hide_footer_widgets":false,"_genesis_custom_body_class":"","_genesis_custom_post_class":"","_genesis_layout":"","footnotes":""},"categories":[28],"tags":[],"class_list":{"0":"post-2315","1":"post","2":"type-post","3":"status-publish","4":"format-standard","5":"has-post-thumbnail","7":"category-actualidad","8":"entry"},"acf":[],"yoast_head":"<!-- This site is optimized with the Yoast SEO plugin v27.2 - https:\/\/yoast.com\/product\/yoast-seo-wordpress\/ -->\n<title>Los conductores de veh\u00edculos el\u00e9ctricos demandan nuevas coberturas a las aseguradoras (ADN del seguro) - Col\u00b7legi de Mediadors d&#039;Assegurances de Lleida<\/title>\n<meta name=\"robots\" content=\"index, follow, max-snippet:-1, max-image-preview:large, max-video-preview:-1\" \/>\n<link rel=\"canonical\" href=\"https:\/\/www.cmalleida.com\/es\/los-conductores-de-vehiculos-electricos-demandan-nuevas-coberturas-a-las-aseguradoras-adn-del-seguro\/\" \/>\n<meta property=\"og:locale\" content=\"es_ES\" \/>\n<meta property=\"og:type\" content=\"article\" \/>\n<meta property=\"og:title\" content=\"Los conductores de veh\u00edculos el\u00e9ctricos demandan nuevas coberturas a las aseguradoras (ADN del seguro) - Col\u00b7legi de Mediadors d&#039;Assegurances de Lleida\" \/>\n<meta property=\"og:description\" content=\"Asitur Focus publica un estudio sobre veh\u00edculos el\u00e9ctricos e h\u00edbridos enchufables en el que se muestra la realidad de este sector y las peticiones que... Llegeix m\u00e9s\" \/>\n<meta property=\"og:url\" content=\"https:\/\/www.cmalleida.com\/es\/los-conductores-de-vehiculos-electricos-demandan-nuevas-coberturas-a-las-aseguradoras-adn-del-seguro\/\" \/>\n<meta property=\"og:site_name\" content=\"Col\u00b7legi de Mediadors d&#039;Assegurances de Lleida\" \/>\n<meta property=\"article:published_time\" content=\"2018-04-27T09:22:40+00:00\" \/>\n<meta property=\"og:image\" content=\"https:\/\/www.cmalleida.com\/wp-content\/uploads\/cmall-lleida-actualitat-car762.jpg\" \/>\n\t<meta property=\"og:image:width\" content=\"762\" \/>\n\t<meta property=\"og:image:height\" content=\"762\" \/>\n\t<meta property=\"og:image:type\" content=\"image\/jpeg\" \/>\n<meta name=\"author\" content=\"Col\u00b7legi Mediadors\" \/>\n<meta name=\"twitter:card\" content=\"summary_large_image\" \/>\n<meta name=\"twitter:label1\" content=\"Written by\" \/>\n\t<meta name=\"twitter:data1\" content=\"Col\u00b7legi Mediadors\" \/>\n\t<meta name=\"twitter:label2\" content=\"Est. reading time\" \/>\n\t<meta name=\"twitter:data2\" content=\"2 minutos\" \/>\n<script type=\"application\/ld+json\" class=\"yoast-schema-graph\">{\"@context\":\"https:\/\/schema.org\",\"@graph\":[{\"@type\":\"Article\",\"@id\":\"https:\/\/www.cmalleida.com\/es\/los-conductores-de-vehiculos-electricos-demandan-nuevas-coberturas-a-las-aseguradoras-adn-del-seguro\/#article\",\"isPartOf\":{\"@id\":\"https:\/\/www.cmalleida.com\/es\/los-conductores-de-vehiculos-electricos-demandan-nuevas-coberturas-a-las-aseguradoras-adn-del-seguro\/\"},\"author\":{\"name\":\"Col\u00b7legi Mediadors\",\"@id\":\"https:\/\/www.cmalleida.com\/es\/#\/schema\/person\/bc84b7874fa5ac8a15c15a050fb3b79c\"},\"headline\":\"Los conductores de veh\u00edculos el\u00e9ctricos demandan nuevas coberturas a las aseguradoras (ADN del seguro)\",\"datePublished\":\"2018-04-27T09:22:40+00:00\",\"mainEntityOfPage\":{\"@id\":\"https:\/\/www.cmalleida.com\/es\/los-conductores-de-vehiculos-electricos-demandan-nuevas-coberturas-a-las-aseguradoras-adn-del-seguro\/\"},\"wordCount\":323,\"publisher\":{\"@id\":\"https:\/\/www.cmalleida.com\/es\/#organization\"},\"image\":{\"@id\":\"https:\/\/www.cmalleida.com\/es\/los-conductores-de-vehiculos-electricos-demandan-nuevas-coberturas-a-las-aseguradoras-adn-del-seguro\/#primaryimage\"},\"thumbnailUrl\":\"https:\/\/www.cmalleida.com\/wp-content\/uploads\/cmall-lleida-actualitat-car762.jpg\",\"articleSection\":[\"Actualidad\"],\"inLanguage\":\"es\"},{\"@type\":\"WebPage\",\"@id\":\"https:\/\/www.cmalleida.com\/es\/los-conductores-de-vehiculos-electricos-demandan-nuevas-coberturas-a-las-aseguradoras-adn-del-seguro\/\",\"url\":\"https:\/\/www.cmalleida.com\/es\/los-conductores-de-vehiculos-electricos-demandan-nuevas-coberturas-a-las-aseguradoras-adn-del-seguro\/\",\"name\":\"Los conductores de veh\u00edculos el\u00e9ctricos demandan nuevas coberturas a las aseguradoras (ADN del seguro) - Col\u00b7legi de Mediadors d&#039;Assegurances de Lleida\",\"isPartOf\":{\"@id\":\"https:\/\/www.cmalleida.com\/es\/#website\"},\"primaryImageOfPage\":{\"@id\":\"https:\/\/www.cmalleida.com\/es\/los-conductores-de-vehiculos-electricos-demandan-nuevas-coberturas-a-las-aseguradoras-adn-del-seguro\/#primaryimage\"},\"image\":{\"@id\":\"https:\/\/www.cmalleida.com\/es\/los-conductores-de-vehiculos-electricos-demandan-nuevas-coberturas-a-las-aseguradoras-adn-del-seguro\/#primaryimage\"},\"thumbnailUrl\":\"https:\/\/www.cmalleida.com\/wp-content\/uploads\/cmall-lleida-actualitat-car762.jpg\",\"datePublished\":\"2018-04-27T09:22:40+00:00\",\"breadcrumb\":{\"@id\":\"https:\/\/www.cmalleida.com\/es\/los-conductores-de-vehiculos-electricos-demandan-nuevas-coberturas-a-las-aseguradoras-adn-del-seguro\/#breadcrumb\"},\"inLanguage\":\"es\",\"potentialAction\":[{\"@type\":\"ReadAction\",\"target\":[\"https:\/\/www.cmalleida.com\/es\/los-conductores-de-vehiculos-electricos-demandan-nuevas-coberturas-a-las-aseguradoras-adn-del-seguro\/\"]}]},{\"@type\":\"ImageObject\",\"inLanguage\":\"es\",\"@id\":\"https:\/\/www.cmalleida.com\/es\/los-conductores-de-vehiculos-electricos-demandan-nuevas-coberturas-a-las-aseguradoras-adn-del-seguro\/#primaryimage\",\"url\":\"https:\/\/www.cmalleida.com\/wp-content\/uploads\/cmall-lleida-actualitat-car762.jpg\",\"contentUrl\":\"https:\/\/www.cmalleida.com\/wp-content\/uploads\/cmall-lleida-actualitat-car762.jpg\",\"width\":762,\"height\":762,\"caption\":\"cmall-lleida-actualitat-CAR762\"},{\"@type\":\"BreadcrumbList\",\"@id\":\"https:\/\/www.cmalleida.com\/es\/los-conductores-de-vehiculos-electricos-demandan-nuevas-coberturas-a-las-aseguradoras-adn-del-seguro\/#breadcrumb\",\"itemListElement\":[{\"@type\":\"ListItem\",\"position\":1,\"name\":\"Inici\",\"item\":\"https:\/\/www.cmalleida.com\/es\/\"},{\"@type\":\"ListItem\",\"position\":2,\"name\":\"Los conductores de veh\u00edculos el\u00e9ctricos demandan nuevas coberturas a las aseguradoras (ADN del seguro)\"}]},{\"@type\":\"WebSite\",\"@id\":\"https:\/\/www.cmalleida.com\/es\/#website\",\"url\":\"https:\/\/www.cmalleida.com\/es\/\",\"name\":\"Col\u00b7legi de Mediadors d&#039;Assegurances de Lleida\",\"description\":\"Otro sitio realizado con WordPress\",\"publisher\":{\"@id\":\"https:\/\/www.cmalleida.com\/es\/#organization\"},\"potentialAction\":[{\"@type\":\"SearchAction\",\"target\":{\"@type\":\"EntryPoint\",\"urlTemplate\":\"https:\/\/www.cmalleida.com\/es\/?s={search_term_string}\"},\"query-input\":{\"@type\":\"PropertyValueSpecification\",\"valueRequired\":true,\"valueName\":\"search_term_string\"}}],\"inLanguage\":\"es\"},{\"@type\":\"Organization\",\"@id\":\"https:\/\/www.cmalleida.com\/es\/#organization\",\"name\":\"Col\u00b7legi de Mediadors d'Assegurances de Lleida\",\"url\":\"https:\/\/www.cmalleida.com\/es\/\",\"logo\":{\"@type\":\"ImageObject\",\"inLanguage\":\"es\",\"@id\":\"https:\/\/www.cmalleida.com\/es\/#\/schema\/logo\/image\/\",\"url\":\"\",\"contentUrl\":\"\",\"caption\":\"Col\u00b7legi de Mediadors d'Assegurances de Lleida\"},\"image\":{\"@id\":\"https:\/\/www.cmalleida.com\/es\/#\/schema\/logo\/image\/\"}},{\"@type\":\"Person\",\"@id\":\"https:\/\/www.cmalleida.com\/es\/#\/schema\/person\/bc84b7874fa5ac8a15c15a050fb3b79c\",\"name\":\"Col\u00b7legi Mediadors\",\"image\":{\"@type\":\"ImageObject\",\"inLanguage\":\"es\",\"@id\":\"https:\/\/secure.gravatar.com\/avatar\/05a66e0aafde4a91aea6f2c243b0b99b03dac1cca78dc84298f5e7e7ad4dfd33?s=96&d=mm&r=g\",\"url\":\"https:\/\/secure.gravatar.com\/avatar\/05a66e0aafde4a91aea6f2c243b0b99b03dac1cca78dc84298f5e7e7ad4dfd33?s=96&d=mm&r=g\",\"contentUrl\":\"https:\/\/secure.gravatar.com\/avatar\/05a66e0aafde4a91aea6f2c243b0b99b03dac1cca78dc84298f5e7e7ad4dfd33?s=96&d=mm&r=g\",\"caption\":\"Col\u00b7legi Mediadors\"}}]}<\/script>\n<!-- \/ Yoast SEO plugin. -->","yoast_head_json":{"title":"Los conductores de veh\u00edculos el\u00e9ctricos demandan nuevas coberturas a las aseguradoras (ADN del seguro) - Col\u00b7legi de Mediadors d&#039;Assegurances de Lleida","robots":{"index":"index","follow":"follow","max-snippet":"max-snippet:-1","max-image-preview":"max-image-preview:large","max-video-preview":"max-video-preview:-1"},"canonical":"https:\/\/www.cmalleida.com\/es\/los-conductores-de-vehiculos-electricos-demandan-nuevas-coberturas-a-las-aseguradoras-adn-del-seguro\/","og_locale":"es_ES","og_type":"article","og_title":"Los conductores de veh\u00edculos el\u00e9ctricos demandan nuevas coberturas a las aseguradoras (ADN del seguro) - Col\u00b7legi de Mediadors d&#039;Assegurances de Lleida","og_description":"Asitur Focus publica un estudio sobre veh\u00edculos el\u00e9ctricos e h\u00edbridos enchufables en el que se muestra la realidad de este sector y las peticiones que... Llegeix m\u00e9s","og_url":"https:\/\/www.cmalleida.com\/es\/los-conductores-de-vehiculos-electricos-demandan-nuevas-coberturas-a-las-aseguradoras-adn-del-seguro\/","og_site_name":"Col\u00b7legi de Mediadors d&#039;Assegurances de Lleida","article_published_time":"2018-04-27T09:22:40+00:00","og_image":[{"width":762,"height":762,"url":"https:\/\/www.cmalleida.com\/wp-content\/uploads\/cmall-lleida-actualitat-car762.jpg","type":"image\/jpeg"}],"author":"Col\u00b7legi Mediadors","twitter_card":"summary_large_image","twitter_misc":{"Written by":"Col\u00b7legi Mediadors","Est. reading time":"2 minutos"},"schema":{"@context":"https:\/\/schema.org","@graph":[{"@type":"Article","@id":"https:\/\/www.cmalleida.com\/es\/los-conductores-de-vehiculos-electricos-demandan-nuevas-coberturas-a-las-aseguradoras-adn-del-seguro\/#article","isPartOf":{"@id":"https:\/\/www.cmalleida.com\/es\/los-conductores-de-vehiculos-electricos-demandan-nuevas-coberturas-a-las-aseguradoras-adn-del-seguro\/"},"author":{"name":"Col\u00b7legi Mediadors","@id":"https:\/\/www.cmalleida.com\/es\/#\/schema\/person\/bc84b7874fa5ac8a15c15a050fb3b79c"},"headline":"Los conductores de veh\u00edculos el\u00e9ctricos demandan nuevas coberturas a las aseguradoras (ADN del seguro)","datePublished":"2018-04-27T09:22:40+00:00","mainEntityOfPage":{"@id":"https:\/\/www.cmalleida.com\/es\/los-conductores-de-vehiculos-electricos-demandan-nuevas-coberturas-a-las-aseguradoras-adn-del-seguro\/"},"wordCount":323,"publisher":{"@id":"https:\/\/www.cmalleida.com\/es\/#organization"},"image":{"@id":"https:\/\/www.cmalleida.com\/es\/los-conductores-de-vehiculos-electricos-demandan-nuevas-coberturas-a-las-aseguradoras-adn-del-seguro\/#primaryimage"},"thumbnailUrl":"https:\/\/www.cmalleida.com\/wp-content\/uploads\/cmall-lleida-actualitat-car762.jpg","articleSection":["Actualidad"],"inLanguage":"es"},{"@type":"WebPage","@id":"https:\/\/www.cmalleida.com\/es\/los-conductores-de-vehiculos-electricos-demandan-nuevas-coberturas-a-las-aseguradoras-adn-del-seguro\/","url":"https:\/\/www.cmalleida.com\/es\/los-conductores-de-vehiculos-electricos-demandan-nuevas-coberturas-a-las-aseguradoras-adn-del-seguro\/","name":"Los conductores de veh\u00edculos el\u00e9ctricos demandan nuevas coberturas a las aseguradoras (ADN del seguro) - Col\u00b7legi de Mediadors d&#039;Assegurances de Lleida","isPartOf":{"@id":"https:\/\/www.cmalleida.com\/es\/#website"},"primaryImageOfPage":{"@id":"https:\/\/www.cmalleida.com\/es\/los-conductores-de-vehiculos-electricos-demandan-nuevas-coberturas-a-las-aseguradoras-adn-del-seguro\/#primaryimage"},"image":{"@id":"https:\/\/www.cmalleida.com\/es\/los-conductores-de-vehiculos-electricos-demandan-nuevas-coberturas-a-las-aseguradoras-adn-del-seguro\/#primaryimage"},"thumbnailUrl":"https:\/\/www.cmalleida.com\/wp-content\/uploads\/cmall-lleida-actualitat-car762.jpg","datePublished":"2018-04-27T09:22:40+00:00","breadcrumb":{"@id":"https:\/\/www.cmalleida.com\/es\/los-conductores-de-vehiculos-electricos-demandan-nuevas-coberturas-a-las-aseguradoras-adn-del-seguro\/#breadcrumb"},"inLanguage":"es","potentialAction":[{"@type":"ReadAction","target":["https:\/\/www.cmalleida.com\/es\/los-conductores-de-vehiculos-electricos-demandan-nuevas-coberturas-a-las-aseguradoras-adn-del-seguro\/"]}]},{"@type":"ImageObject","inLanguage":"es","@id":"https:\/\/www.cmalleida.com\/es\/los-conductores-de-vehiculos-electricos-demandan-nuevas-coberturas-a-las-aseguradoras-adn-del-seguro\/#primaryimage","url":"https:\/\/www.cmalleida.com\/wp-content\/uploads\/cmall-lleida-actualitat-car762.jpg","contentUrl":"https:\/\/www.cmalleida.com\/wp-content\/uploads\/cmall-lleida-actualitat-car762.jpg","width":762,"height":762,"caption":"cmall-lleida-actualitat-CAR762"},{"@type":"BreadcrumbList","@id":"https:\/\/www.cmalleida.com\/es\/los-conductores-de-vehiculos-electricos-demandan-nuevas-coberturas-a-las-aseguradoras-adn-del-seguro\/#breadcrumb","itemListElement":[{"@type":"ListItem","position":1,"name":"Inici","item":"https:\/\/www.cmalleida.com\/es\/"},{"@type":"ListItem","position":2,"name":"Los conductores de veh\u00edculos el\u00e9ctricos demandan nuevas coberturas a las aseguradoras (ADN del seguro)"}]},{"@type":"WebSite","@id":"https:\/\/www.cmalleida.com\/es\/#website","url":"https:\/\/www.cmalleida.com\/es\/","name":"Col\u00b7legi de Mediadors d&#039;Assegurances de Lleida","description":"Otro sitio realizado con WordPress","publisher":{"@id":"https:\/\/www.cmalleida.com\/es\/#organization"},"potentialAction":[{"@type":"SearchAction","target":{"@type":"EntryPoint","urlTemplate":"https:\/\/www.cmalleida.com\/es\/?s={search_term_string}"},"query-input":{"@type":"PropertyValueSpecification","valueRequired":true,"valueName":"search_term_string"}}],"inLanguage":"es"},{"@type":"Organization","@id":"https:\/\/www.cmalleida.com\/es\/#organization","name":"Col\u00b7legi de Mediadors d'Assegurances de Lleida","url":"https:\/\/www.cmalleida.com\/es\/","logo":{"@type":"ImageObject","inLanguage":"es","@id":"https:\/\/www.cmalleida.com\/es\/#\/schema\/logo\/image\/","url":"","contentUrl":"","caption":"Col\u00b7legi de Mediadors d'Assegurances de Lleida"},"image":{"@id":"https:\/\/www.cmalleida.com\/es\/#\/schema\/logo\/image\/"}},{"@type":"Person","@id":"https:\/\/www.cmalleida.com\/es\/#\/schema\/person\/bc84b7874fa5ac8a15c15a050fb3b79c","name":"Col\u00b7legi Mediadors","image":{"@type":"ImageObject","inLanguage":"es","@id":"https:\/\/secure.gravatar.com\/avatar\/05a66e0aafde4a91aea6f2c243b0b99b03dac1cca78dc84298f5e7e7ad4dfd33?s=96&d=mm&r=g","url":"https:\/\/secure.gravatar.com\/avatar\/05a66e0aafde4a91aea6f2c243b0b99b03dac1cca78dc84298f5e7e7ad4dfd33?s=96&d=mm&r=g","contentUrl":"https:\/\/secure.gravatar.com\/avatar\/05a66e0aafde4a91aea6f2c243b0b99b03dac1cca78dc84298f5e7e7ad4dfd33?s=96&d=mm&r=g","caption":"Col\u00b7legi Mediadors"}}]}},"_links":{"self":[{"href":"https:\/\/www.cmalleida.com\/es\/wp-json\/wp\/v2\/posts\/2315","targetHints":{"allow":["GET"]}}],"collection":[{"href":"https:\/\/www.cmalleida.com\/es\/wp-json\/wp\/v2\/posts"}],"about":[{"href":"https:\/\/www.cmalleida.com\/es\/wp-json\/wp\/v2\/types\/post"}],"author":[{"embeddable":true,"href":"https:\/\/www.cmalleida.com\/es\/wp-json\/wp\/v2\/users\/3"}],"replies":[{"embeddable":true,"href":"https:\/\/www.cmalleida.com\/es\/wp-json\/wp\/v2\/comments?post=2315"}],"version-history":[{"count":1,"href":"https:\/\/www.cmalleida.com\/es\/wp-json\/wp\/v2\/posts\/2315\/revisions"}],"predecessor-version":[{"id":2316,"href":"https:\/\/www.cmalleida.com\/es\/wp-json\/wp\/v2\/posts\/2315\/revisions\/2316"}],"wp:featuredmedia":[{"embeddable":true,"href":"https:\/\/www.cmalleida.com\/es\/wp-json\/wp\/v2\/media\/1869"}],"wp:attachment":[{"href":"https:\/\/www.cmalleida.com\/es\/wp-json\/wp\/v2\/media?parent=2315"}],"wp:term":[{"taxonomy":"category","embeddable":true,"href":"https:\/\/www.cmalleida.com\/es\/wp-json\/wp\/v2\/categories?post=2315"},{"taxonomy":"post_tag","embeddable":true,"href":"https:\/\/www.cmalleida.com\/es\/wp-json\/wp\/v2\/tags?post=2315"}],"curies":[{"name":"wp","href":"https:\/\/api.w.org\/{rel}","templated":true}]}}