{"id":2313,"date":"2018-04-27T11:21:50","date_gmt":"2018-04-27T09:21:50","guid":{"rendered":"https:\/\/www.cmalleida.com\/?p=2313"},"modified":"2018-04-27T11:21:50","modified_gmt":"2018-04-27T09:21:50","slug":"de-obelix-a-tintin-cuanto-pagarian-los-duenos-de-los-perros-mas-famosos-por-sus-seguros-eleconomista","status":"publish","type":"post","link":"https:\/\/www.cmalleida.com\/es\/de-obelix-a-tintin-cuanto-pagarian-los-duenos-de-los-perros-mas-famosos-por-sus-seguros-eleconomista\/","title":{"rendered":"De Ob\u00e9lix a Tint\u00edn, \u00bfcuanto pagar\u00edan los due\u00f1os de los perros m\u00e1s famosos por sus seguros?  (elEconomista)"},"content":{"rendered":"<p>MADRID, 26 (CHANCE)<\/p>\n<p>El perro es sin duda el mejor amigo del hombre, y as\u00ed lo ha demostrado a lo largo de la historia. Esa amistad humana-perruna se ha visto reflejada numerosas veces en libros, pel\u00edculas y series inolvidables. Todos tenemos en nuestra memoria algunos perros de comic como Ideafix, el fiel amigo de Ob\u00e9lix, o Mil\u00fa, el fox terrier que siempre acompa\u00f1aba a Tint\u00edn.<\/p>\n<p>Con motivo de la celebraci\u00f3n de la Feria 100&#215;100 Mascota, que tendr\u00e1 lugar este fin de semana en IFEMA, Rastreator.com (www.rastreator.com), el mejor comparador de la historia, ha llevado a cabo una comparativa de cu\u00e1nto costar\u00eda el seguro de mascotas para los perros m\u00e1s famosos del mundo del c\u00f3mic.<\/p>\n<p>Quien m\u00e1s y quien menos ha dedicado algunos buenos ratos de su vida a leer aventuras en formato comic y algunas de ellas estaban protagonizadas por perros o \u00e9stos eran un elemento fundamental de la historia. Inolvidables son algunos como Snoopy, Scooby-Doo o Rantampl\u00e1n. Otros, fueron compa\u00f1eros inseparables de grandes superh\u00e9roes, como es el caso de Ace, el pastor alem\u00e1n que acompa\u00f1aba a Batman en sus aventuras, o Krypto, el de Superman.<\/p>\n<p>Ninguno de estos perros era una raza catalogada como potencialmente peligrosa, pero s\u00ed podemos encontrar diferencias entre las primas de sus seguros.<\/p>\n<p>As\u00ed, el seguro de mascotas que deber\u00e1 pagar Tint\u00edn por su peque\u00f1o Mil\u00fa (Fox Terrier), tiene la prima m\u00e1s cara, con un precio de 107,77 euros, un 20% m\u00e1s cara que la prima del seguro de Ideafix (West highland terrier), ya que Ob\u00e9lix tendr\u00eda que abonar la prima m\u00e1s barata de todos los perros del comic: 89,62 euros.<\/p>\n<p>Otros perros inolvidables son Snoopy y Odie, \u00e9ste \u00faltimo, el no muy brillante compa\u00f1ero de Garfield. Ambas ilustraciones de la raza beagle, cuya prima es ligeramente superior a la de Ideafix (90,70 euros), por lo que sus respectivos due\u00f1os, Carlos Brown y John, no tendr\u00e1n que hacer un gran desembolso para tener un buen seguro anual para ellos.<\/p>\n<p>Entre los perros de mayores dimensiones nos encontramos a Rantampl\u00e1n, que con su torpeza bobalicona y su lealtad a Lucky Luke se gan\u00f3 nuestros corazones. La prima del seguro para este perro, cruce de razas potencialmente no peligrosas, se situar\u00eda en 93,31 euros, un poco m\u00e1s de lo que pagar\u00eda Batman por asegurar a Ace, su pastor alem\u00e1n (92,79 euros).<\/p>\n<p>En palabras de Itzal Arbide, directora de seguros, \u00abproteger a nuestras mascotas con una buena p\u00f3liza de seguro para cubrirlos ante posibles incidencias es una forma de demostrarles que queremos lo mejor para ellos. Encontrar una buena p\u00f3liza para cubrirlos tiene muchas ventajas, pero la oferta existente nos asegurar\u00e1 que estar\u00e1n protegidos ellos y sus necesidades: responsabilidad civil, seguro de accidentes, seguro veterinario y servicio de asistencia y consulta al propietario del animal\u00bb.<\/p>\n<p>Las diferencias de primas entre las diferentes razas de perro en Rastreator.com superan el 130% y los 100 euros de prima. As\u00ed, el perro m\u00e1s caro de asegurar ser\u00eda el perro de aguas americano, con una prima de 179,17 euros, muy superior al Lakeland terrier, con 77,62 euros anuales.<\/p>\n<p>&nbsp;<\/p>\n","protected":false},"excerpt":{"rendered":"<p>MADRID, 26 (CHANCE) El perro es sin duda el mejor amigo del hombre, y as\u00ed lo ha demostrado a lo largo de la historia. Esa&#8230; <a href=\"https:\/\/www.cmalleida.com\/es\/de-obelix-a-tintin-cuanto-pagarian-los-duenos-de-los-perros-mas-famosos-por-sus-seguros-eleconomista\/\" rel=\"nofollow\" class=\"lollegirmes\">Llegeix m\u00e9s<\/a><\/p>\n","protected":false},"author":3,"featured_media":2251,"comment_status":"closed","ping_status":"closed","sticky":false,"template":"","format":"standard","meta":{"_acf_changed":false,"_genesis_hide_title":false,"_genesis_hide_breadcrumbs":false,"_genesis_hide_singular_image":false,"_genesis_hide_footer_widgets":false,"_genesis_custom_body_class":"","_genesis_custom_post_class":"","_genesis_layout":"","footnotes":""},"categories":[66],"tags":[],"class_list":{"0":"post-2313","1":"post","2":"type-post","3":"status-publish","4":"format-standard","5":"has-post-thumbnail","7":"category-curiositat-es","8":"entry"},"acf":[],"yoast_head":"<!-- This site is optimized with the Yoast SEO plugin v27.2 - https:\/\/yoast.com\/product\/yoast-seo-wordpress\/ -->\n<title>De Ob\u00e9lix a Tint\u00edn, \u00bfcuanto pagar\u00edan los due\u00f1os de los perros m\u00e1s famosos por sus seguros? (elEconomista) - Col\u00b7legi de Mediadors d&#039;Assegurances de Lleida<\/title>\n<meta name=\"robots\" content=\"index, follow, max-snippet:-1, max-image-preview:large, max-video-preview:-1\" \/>\n<link rel=\"canonical\" href=\"https:\/\/www.cmalleida.com\/es\/de-obelix-a-tintin-cuanto-pagarian-los-duenos-de-los-perros-mas-famosos-por-sus-seguros-eleconomista\/\" \/>\n<meta property=\"og:locale\" content=\"es_ES\" \/>\n<meta property=\"og:type\" content=\"article\" \/>\n<meta property=\"og:title\" content=\"De Ob\u00e9lix a Tint\u00edn, \u00bfcuanto pagar\u00edan los due\u00f1os de los perros m\u00e1s famosos por sus seguros? (elEconomista) - Col\u00b7legi de Mediadors d&#039;Assegurances de Lleida\" \/>\n<meta property=\"og:description\" content=\"MADRID, 26 (CHANCE) El perro es sin duda el mejor amigo del hombre, y as\u00ed lo ha demostrado a lo largo de la historia. Esa... Llegeix m\u00e9s\" \/>\n<meta property=\"og:url\" content=\"https:\/\/www.cmalleida.com\/es\/de-obelix-a-tintin-cuanto-pagarian-los-duenos-de-los-perros-mas-famosos-por-sus-seguros-eleconomista\/\" \/>\n<meta property=\"og:site_name\" content=\"Col\u00b7legi de Mediadors d&#039;Assegurances de Lleida\" \/>\n<meta property=\"article:published_time\" content=\"2018-04-27T09:21:50+00:00\" \/>\n<meta property=\"og:image\" content=\"https:\/\/www.cmalleida.com\/wp-content\/uploads\/cmall-lleida-actualitat-gosset762.jpg\" \/>\n\t<meta property=\"og:image:width\" content=\"762\" \/>\n\t<meta property=\"og:image:height\" content=\"762\" \/>\n\t<meta property=\"og:image:type\" content=\"image\/jpeg\" \/>\n<meta name=\"author\" content=\"Col\u00b7legi Mediadors\" \/>\n<meta name=\"twitter:card\" content=\"summary_large_image\" \/>\n<meta name=\"twitter:label1\" content=\"Written by\" \/>\n\t<meta name=\"twitter:data1\" content=\"Col\u00b7legi Mediadors\" \/>\n\t<meta name=\"twitter:label2\" content=\"Est. reading time\" \/>\n\t<meta name=\"twitter:data2\" content=\"3 minutos\" \/>\n<script type=\"application\/ld+json\" class=\"yoast-schema-graph\">{\"@context\":\"https:\/\/schema.org\",\"@graph\":[{\"@type\":\"Article\",\"@id\":\"https:\/\/www.cmalleida.com\/es\/de-obelix-a-tintin-cuanto-pagarian-los-duenos-de-los-perros-mas-famosos-por-sus-seguros-eleconomista\/#article\",\"isPartOf\":{\"@id\":\"https:\/\/www.cmalleida.com\/es\/de-obelix-a-tintin-cuanto-pagarian-los-duenos-de-los-perros-mas-famosos-por-sus-seguros-eleconomista\/\"},\"author\":{\"name\":\"Col\u00b7legi Mediadors\",\"@id\":\"https:\/\/www.cmalleida.com\/es\/#\/schema\/person\/bc84b7874fa5ac8a15c15a050fb3b79c\"},\"headline\":\"De Ob\u00e9lix a Tint\u00edn, \u00bfcuanto pagar\u00edan los due\u00f1os de los perros m\u00e1s famosos por sus seguros? (elEconomista)\",\"datePublished\":\"2018-04-27T09:21:50+00:00\",\"mainEntityOfPage\":{\"@id\":\"https:\/\/www.cmalleida.com\/es\/de-obelix-a-tintin-cuanto-pagarian-los-duenos-de-los-perros-mas-famosos-por-sus-seguros-eleconomista\/\"},\"wordCount\":557,\"publisher\":{\"@id\":\"https:\/\/www.cmalleida.com\/es\/#organization\"},\"image\":{\"@id\":\"https:\/\/www.cmalleida.com\/es\/de-obelix-a-tintin-cuanto-pagarian-los-duenos-de-los-perros-mas-famosos-por-sus-seguros-eleconomista\/#primaryimage\"},\"thumbnailUrl\":\"https:\/\/www.cmalleida.com\/wp-content\/uploads\/cmall-lleida-actualitat-gosset762.jpg\",\"articleSection\":[\"Curiosidad\"],\"inLanguage\":\"es\"},{\"@type\":\"WebPage\",\"@id\":\"https:\/\/www.cmalleida.com\/es\/de-obelix-a-tintin-cuanto-pagarian-los-duenos-de-los-perros-mas-famosos-por-sus-seguros-eleconomista\/\",\"url\":\"https:\/\/www.cmalleida.com\/es\/de-obelix-a-tintin-cuanto-pagarian-los-duenos-de-los-perros-mas-famosos-por-sus-seguros-eleconomista\/\",\"name\":\"De Ob\u00e9lix a Tint\u00edn, \u00bfcuanto pagar\u00edan los due\u00f1os de los perros m\u00e1s famosos por sus seguros? (elEconomista) - Col\u00b7legi de Mediadors d&#039;Assegurances de Lleida\",\"isPartOf\":{\"@id\":\"https:\/\/www.cmalleida.com\/es\/#website\"},\"primaryImageOfPage\":{\"@id\":\"https:\/\/www.cmalleida.com\/es\/de-obelix-a-tintin-cuanto-pagarian-los-duenos-de-los-perros-mas-famosos-por-sus-seguros-eleconomista\/#primaryimage\"},\"image\":{\"@id\":\"https:\/\/www.cmalleida.com\/es\/de-obelix-a-tintin-cuanto-pagarian-los-duenos-de-los-perros-mas-famosos-por-sus-seguros-eleconomista\/#primaryimage\"},\"thumbnailUrl\":\"https:\/\/www.cmalleida.com\/wp-content\/uploads\/cmall-lleida-actualitat-gosset762.jpg\",\"datePublished\":\"2018-04-27T09:21:50+00:00\",\"breadcrumb\":{\"@id\":\"https:\/\/www.cmalleida.com\/es\/de-obelix-a-tintin-cuanto-pagarian-los-duenos-de-los-perros-mas-famosos-por-sus-seguros-eleconomista\/#breadcrumb\"},\"inLanguage\":\"es\",\"potentialAction\":[{\"@type\":\"ReadAction\",\"target\":[\"https:\/\/www.cmalleida.com\/es\/de-obelix-a-tintin-cuanto-pagarian-los-duenos-de-los-perros-mas-famosos-por-sus-seguros-eleconomista\/\"]}]},{\"@type\":\"ImageObject\",\"inLanguage\":\"es\",\"@id\":\"https:\/\/www.cmalleida.com\/es\/de-obelix-a-tintin-cuanto-pagarian-los-duenos-de-los-perros-mas-famosos-por-sus-seguros-eleconomista\/#primaryimage\",\"url\":\"https:\/\/www.cmalleida.com\/wp-content\/uploads\/cmall-lleida-actualitat-gosset762.jpg\",\"contentUrl\":\"https:\/\/www.cmalleida.com\/wp-content\/uploads\/cmall-lleida-actualitat-gosset762.jpg\",\"width\":762,\"height\":762,\"caption\":\"cmall-lleida-actualitat-gosset762\"},{\"@type\":\"BreadcrumbList\",\"@id\":\"https:\/\/www.cmalleida.com\/es\/de-obelix-a-tintin-cuanto-pagarian-los-duenos-de-los-perros-mas-famosos-por-sus-seguros-eleconomista\/#breadcrumb\",\"itemListElement\":[{\"@type\":\"ListItem\",\"position\":1,\"name\":\"Inici\",\"item\":\"https:\/\/www.cmalleida.com\/es\/\"},{\"@type\":\"ListItem\",\"position\":2,\"name\":\"De Ob\u00e9lix a Tint\u00edn, \u00bfcuanto pagar\u00edan los due\u00f1os de los perros m\u00e1s famosos por sus seguros? (elEconomista)\"}]},{\"@type\":\"WebSite\",\"@id\":\"https:\/\/www.cmalleida.com\/es\/#website\",\"url\":\"https:\/\/www.cmalleida.com\/es\/\",\"name\":\"Col\u00b7legi de Mediadors d&#039;Assegurances de Lleida\",\"description\":\"Otro sitio realizado con WordPress\",\"publisher\":{\"@id\":\"https:\/\/www.cmalleida.com\/es\/#organization\"},\"potentialAction\":[{\"@type\":\"SearchAction\",\"target\":{\"@type\":\"EntryPoint\",\"urlTemplate\":\"https:\/\/www.cmalleida.com\/es\/?s={search_term_string}\"},\"query-input\":{\"@type\":\"PropertyValueSpecification\",\"valueRequired\":true,\"valueName\":\"search_term_string\"}}],\"inLanguage\":\"es\"},{\"@type\":\"Organization\",\"@id\":\"https:\/\/www.cmalleida.com\/es\/#organization\",\"name\":\"Col\u00b7legi de Mediadors d'Assegurances de Lleida\",\"url\":\"https:\/\/www.cmalleida.com\/es\/\",\"logo\":{\"@type\":\"ImageObject\",\"inLanguage\":\"es\",\"@id\":\"https:\/\/www.cmalleida.com\/es\/#\/schema\/logo\/image\/\",\"url\":\"\",\"contentUrl\":\"\",\"caption\":\"Col\u00b7legi de Mediadors d'Assegurances de Lleida\"},\"image\":{\"@id\":\"https:\/\/www.cmalleida.com\/es\/#\/schema\/logo\/image\/\"}},{\"@type\":\"Person\",\"@id\":\"https:\/\/www.cmalleida.com\/es\/#\/schema\/person\/bc84b7874fa5ac8a15c15a050fb3b79c\",\"name\":\"Col\u00b7legi Mediadors\",\"image\":{\"@type\":\"ImageObject\",\"inLanguage\":\"es\",\"@id\":\"https:\/\/secure.gravatar.com\/avatar\/05a66e0aafde4a91aea6f2c243b0b99b03dac1cca78dc84298f5e7e7ad4dfd33?s=96&d=mm&r=g\",\"url\":\"https:\/\/secure.gravatar.com\/avatar\/05a66e0aafde4a91aea6f2c243b0b99b03dac1cca78dc84298f5e7e7ad4dfd33?s=96&d=mm&r=g\",\"contentUrl\":\"https:\/\/secure.gravatar.com\/avatar\/05a66e0aafde4a91aea6f2c243b0b99b03dac1cca78dc84298f5e7e7ad4dfd33?s=96&d=mm&r=g\",\"caption\":\"Col\u00b7legi Mediadors\"}}]}<\/script>\n<!-- \/ Yoast SEO plugin. -->","yoast_head_json":{"title":"De Ob\u00e9lix a Tint\u00edn, \u00bfcuanto pagar\u00edan los due\u00f1os de los perros m\u00e1s famosos por sus seguros? (elEconomista) - Col\u00b7legi de Mediadors d&#039;Assegurances de Lleida","robots":{"index":"index","follow":"follow","max-snippet":"max-snippet:-1","max-image-preview":"max-image-preview:large","max-video-preview":"max-video-preview:-1"},"canonical":"https:\/\/www.cmalleida.com\/es\/de-obelix-a-tintin-cuanto-pagarian-los-duenos-de-los-perros-mas-famosos-por-sus-seguros-eleconomista\/","og_locale":"es_ES","og_type":"article","og_title":"De Ob\u00e9lix a Tint\u00edn, \u00bfcuanto pagar\u00edan los due\u00f1os de los perros m\u00e1s famosos por sus seguros? (elEconomista) - Col\u00b7legi de Mediadors d&#039;Assegurances de Lleida","og_description":"MADRID, 26 (CHANCE) El perro es sin duda el mejor amigo del hombre, y as\u00ed lo ha demostrado a lo largo de la historia. Esa... Llegeix m\u00e9s","og_url":"https:\/\/www.cmalleida.com\/es\/de-obelix-a-tintin-cuanto-pagarian-los-duenos-de-los-perros-mas-famosos-por-sus-seguros-eleconomista\/","og_site_name":"Col\u00b7legi de Mediadors d&#039;Assegurances de Lleida","article_published_time":"2018-04-27T09:21:50+00:00","og_image":[{"width":762,"height":762,"url":"https:\/\/www.cmalleida.com\/wp-content\/uploads\/cmall-lleida-actualitat-gosset762.jpg","type":"image\/jpeg"}],"author":"Col\u00b7legi Mediadors","twitter_card":"summary_large_image","twitter_misc":{"Written by":"Col\u00b7legi Mediadors","Est. reading time":"3 minutos"},"schema":{"@context":"https:\/\/schema.org","@graph":[{"@type":"Article","@id":"https:\/\/www.cmalleida.com\/es\/de-obelix-a-tintin-cuanto-pagarian-los-duenos-de-los-perros-mas-famosos-por-sus-seguros-eleconomista\/#article","isPartOf":{"@id":"https:\/\/www.cmalleida.com\/es\/de-obelix-a-tintin-cuanto-pagarian-los-duenos-de-los-perros-mas-famosos-por-sus-seguros-eleconomista\/"},"author":{"name":"Col\u00b7legi Mediadors","@id":"https:\/\/www.cmalleida.com\/es\/#\/schema\/person\/bc84b7874fa5ac8a15c15a050fb3b79c"},"headline":"De Ob\u00e9lix a Tint\u00edn, \u00bfcuanto pagar\u00edan los due\u00f1os de los perros m\u00e1s famosos por sus seguros? (elEconomista)","datePublished":"2018-04-27T09:21:50+00:00","mainEntityOfPage":{"@id":"https:\/\/www.cmalleida.com\/es\/de-obelix-a-tintin-cuanto-pagarian-los-duenos-de-los-perros-mas-famosos-por-sus-seguros-eleconomista\/"},"wordCount":557,"publisher":{"@id":"https:\/\/www.cmalleida.com\/es\/#organization"},"image":{"@id":"https:\/\/www.cmalleida.com\/es\/de-obelix-a-tintin-cuanto-pagarian-los-duenos-de-los-perros-mas-famosos-por-sus-seguros-eleconomista\/#primaryimage"},"thumbnailUrl":"https:\/\/www.cmalleida.com\/wp-content\/uploads\/cmall-lleida-actualitat-gosset762.jpg","articleSection":["Curiosidad"],"inLanguage":"es"},{"@type":"WebPage","@id":"https:\/\/www.cmalleida.com\/es\/de-obelix-a-tintin-cuanto-pagarian-los-duenos-de-los-perros-mas-famosos-por-sus-seguros-eleconomista\/","url":"https:\/\/www.cmalleida.com\/es\/de-obelix-a-tintin-cuanto-pagarian-los-duenos-de-los-perros-mas-famosos-por-sus-seguros-eleconomista\/","name":"De Ob\u00e9lix a Tint\u00edn, \u00bfcuanto pagar\u00edan los due\u00f1os de los perros m\u00e1s famosos por sus seguros? (elEconomista) - Col\u00b7legi de Mediadors d&#039;Assegurances de Lleida","isPartOf":{"@id":"https:\/\/www.cmalleida.com\/es\/#website"},"primaryImageOfPage":{"@id":"https:\/\/www.cmalleida.com\/es\/de-obelix-a-tintin-cuanto-pagarian-los-duenos-de-los-perros-mas-famosos-por-sus-seguros-eleconomista\/#primaryimage"},"image":{"@id":"https:\/\/www.cmalleida.com\/es\/de-obelix-a-tintin-cuanto-pagarian-los-duenos-de-los-perros-mas-famosos-por-sus-seguros-eleconomista\/#primaryimage"},"thumbnailUrl":"https:\/\/www.cmalleida.com\/wp-content\/uploads\/cmall-lleida-actualitat-gosset762.jpg","datePublished":"2018-04-27T09:21:50+00:00","breadcrumb":{"@id":"https:\/\/www.cmalleida.com\/es\/de-obelix-a-tintin-cuanto-pagarian-los-duenos-de-los-perros-mas-famosos-por-sus-seguros-eleconomista\/#breadcrumb"},"inLanguage":"es","potentialAction":[{"@type":"ReadAction","target":["https:\/\/www.cmalleida.com\/es\/de-obelix-a-tintin-cuanto-pagarian-los-duenos-de-los-perros-mas-famosos-por-sus-seguros-eleconomista\/"]}]},{"@type":"ImageObject","inLanguage":"es","@id":"https:\/\/www.cmalleida.com\/es\/de-obelix-a-tintin-cuanto-pagarian-los-duenos-de-los-perros-mas-famosos-por-sus-seguros-eleconomista\/#primaryimage","url":"https:\/\/www.cmalleida.com\/wp-content\/uploads\/cmall-lleida-actualitat-gosset762.jpg","contentUrl":"https:\/\/www.cmalleida.com\/wp-content\/uploads\/cmall-lleida-actualitat-gosset762.jpg","width":762,"height":762,"caption":"cmall-lleida-actualitat-gosset762"},{"@type":"BreadcrumbList","@id":"https:\/\/www.cmalleida.com\/es\/de-obelix-a-tintin-cuanto-pagarian-los-duenos-de-los-perros-mas-famosos-por-sus-seguros-eleconomista\/#breadcrumb","itemListElement":[{"@type":"ListItem","position":1,"name":"Inici","item":"https:\/\/www.cmalleida.com\/es\/"},{"@type":"ListItem","position":2,"name":"De Ob\u00e9lix a Tint\u00edn, \u00bfcuanto pagar\u00edan los due\u00f1os de los perros m\u00e1s famosos por sus seguros? (elEconomista)"}]},{"@type":"WebSite","@id":"https:\/\/www.cmalleida.com\/es\/#website","url":"https:\/\/www.cmalleida.com\/es\/","name":"Col\u00b7legi de Mediadors d&#039;Assegurances de Lleida","description":"Otro sitio realizado con WordPress","publisher":{"@id":"https:\/\/www.cmalleida.com\/es\/#organization"},"potentialAction":[{"@type":"SearchAction","target":{"@type":"EntryPoint","urlTemplate":"https:\/\/www.cmalleida.com\/es\/?s={search_term_string}"},"query-input":{"@type":"PropertyValueSpecification","valueRequired":true,"valueName":"search_term_string"}}],"inLanguage":"es"},{"@type":"Organization","@id":"https:\/\/www.cmalleida.com\/es\/#organization","name":"Col\u00b7legi de Mediadors d'Assegurances de Lleida","url":"https:\/\/www.cmalleida.com\/es\/","logo":{"@type":"ImageObject","inLanguage":"es","@id":"https:\/\/www.cmalleida.com\/es\/#\/schema\/logo\/image\/","url":"","contentUrl":"","caption":"Col\u00b7legi de Mediadors d'Assegurances de Lleida"},"image":{"@id":"https:\/\/www.cmalleida.com\/es\/#\/schema\/logo\/image\/"}},{"@type":"Person","@id":"https:\/\/www.cmalleida.com\/es\/#\/schema\/person\/bc84b7874fa5ac8a15c15a050fb3b79c","name":"Col\u00b7legi Mediadors","image":{"@type":"ImageObject","inLanguage":"es","@id":"https:\/\/secure.gravatar.com\/avatar\/05a66e0aafde4a91aea6f2c243b0b99b03dac1cca78dc84298f5e7e7ad4dfd33?s=96&d=mm&r=g","url":"https:\/\/secure.gravatar.com\/avatar\/05a66e0aafde4a91aea6f2c243b0b99b03dac1cca78dc84298f5e7e7ad4dfd33?s=96&d=mm&r=g","contentUrl":"https:\/\/secure.gravatar.com\/avatar\/05a66e0aafde4a91aea6f2c243b0b99b03dac1cca78dc84298f5e7e7ad4dfd33?s=96&d=mm&r=g","caption":"Col\u00b7legi Mediadors"}}]}},"_links":{"self":[{"href":"https:\/\/www.cmalleida.com\/es\/wp-json\/wp\/v2\/posts\/2313","targetHints":{"allow":["GET"]}}],"collection":[{"href":"https:\/\/www.cmalleida.com\/es\/wp-json\/wp\/v2\/posts"}],"about":[{"href":"https:\/\/www.cmalleida.com\/es\/wp-json\/wp\/v2\/types\/post"}],"author":[{"embeddable":true,"href":"https:\/\/www.cmalleida.com\/es\/wp-json\/wp\/v2\/users\/3"}],"replies":[{"embeddable":true,"href":"https:\/\/www.cmalleida.com\/es\/wp-json\/wp\/v2\/comments?post=2313"}],"version-history":[{"count":1,"href":"https:\/\/www.cmalleida.com\/es\/wp-json\/wp\/v2\/posts\/2313\/revisions"}],"predecessor-version":[{"id":2314,"href":"https:\/\/www.cmalleida.com\/es\/wp-json\/wp\/v2\/posts\/2313\/revisions\/2314"}],"wp:featuredmedia":[{"embeddable":true,"href":"https:\/\/www.cmalleida.com\/es\/wp-json\/wp\/v2\/media\/2251"}],"wp:attachment":[{"href":"https:\/\/www.cmalleida.com\/es\/wp-json\/wp\/v2\/media?parent=2313"}],"wp:term":[{"taxonomy":"category","embeddable":true,"href":"https:\/\/www.cmalleida.com\/es\/wp-json\/wp\/v2\/categories?post=2313"},{"taxonomy":"post_tag","embeddable":true,"href":"https:\/\/www.cmalleida.com\/es\/wp-json\/wp\/v2\/tags?post=2313"}],"curies":[{"name":"wp","href":"https:\/\/api.w.org\/{rel}","templated":true}]}}