{"id":2309,"date":"2018-04-27T11:20:04","date_gmt":"2018-04-27T09:20:04","guid":{"rendered":"https:\/\/www.cmalleida.com\/?p=2309"},"modified":"2018-04-27T11:20:04","modified_gmt":"2018-04-27T09:20:04","slug":"el-seguro-tambien-te-protege-del-ruido-la-vanguardia","status":"publish","type":"post","link":"https:\/\/www.cmalleida.com\/es\/el-seguro-tambien-te-protege-del-ruido-la-vanguardia\/","title":{"rendered":"El seguro tambi\u00e9n te protege del ruido (La Vanguardia)"},"content":{"rendered":"<p><em>El sector asegurador ofrece soluciones para las personas que sufran este tipo de molestias estando en el interior de su vivienda<\/em><\/p>\n<p>ALBERT L\u00d3PEZ CORBELLA<\/p>\n<p>Si esta ma\u00f1ana a las puertas de su ayuntamiento es testigo de una concentraci\u00f3n silenciosa ha de saber que se est\u00e1 celebrando el\u00a0<strong>D\u00eda Internacional de la Concienciaci\u00f3n sobre el Ruido<\/strong>. Organizado el \u00faltimo mi\u00e9rcoles de cada mes de abril desde hace m\u00e1s de 20 a\u00f1os, el acto consiste en respetar 60 segundos de silencio que permitan o\u00edr el ruido ambiental. De esta manera se sensibiliza a la sociedad sobre la importancia de cuidar nuestra audici\u00f3n; promover el impulso de un ambiente ac\u00fastico saludable; y, finalmente, concienciar sobre el da\u00f1o que puede llegar a generar el ruido.<\/p>\n<p>M\u00e1s all\u00e1 del ruido ambiental propio de las ciudades, el ciudadano puede padecer otro tipo de molestias relacionadas. En el \u00e1mbito de los inmuebles, por ejemplo,\u00a0<strong>\u00bfqu\u00e9 tiene que decir el sector asegurador?<\/strong>\u00a0Existen supuestos en los que el seguro interviene en caso de que alguien crea que estando en el interior de su vivienda, oficina o local se produce ruidos en el exterior que alteran su salud.<\/p>\n<p>El principal reside en que exista un defecto en la construcci\u00f3n de la vivienda. En este caso, la\u00a0<strong>Ley de Ordenaci\u00f3n de la Edificaci\u00f3n<\/strong>, en vigencia desde el a\u00f1o 2000, supuso un cambio\u00a0 muy importante en la regulaci\u00f3n de todo el proceso de construcci\u00f3n de edificios destinado a uso de viviendas. Adem\u00e1s, la LOE estableci\u00f3 las obligaciones\u00a0 y responsabilidades de todos los implicados en ese proceso constructivo, as\u00ed como los derechos sus habitantes. En concreto su art\u00edculo 3, recalca Asefa Seguros, prev\u00e9 las correspondientes exigencias t\u00e9cnicas administrativas. Una de ellas es la habitabilidad, que incluye la protecci\u00f3n contra el ruido\u00a0<strong>\u201cde tal forma que el ruido percibido no ponga en peligro la salud de las personas y les permita realizar satisfactoriamente sus actividades\u201d<\/strong>.<\/p>\n<p>Si se certifica que dicha construcci\u00f3n incumple la normativa aplicar\u00edan distintos\u00a0<strong>tipos de responsabilidades<\/strong>:<\/p>\n<ul>\n<li><strong>El constructor deber\u00eda responder de da\u00f1os<\/strong>o defectos que afecten a la terminaci\u00f3n o acabados del edificio\u00a0<strong>en el plazo m\u00e1ximo de un a\u00f1o<\/strong>.<\/li>\n<li><strong>En el t\u00e9rmino de tres a\u00f1os, todos los agentes que intervienen en la obra<\/strong>, es decir, constructor, promotor, proyectista o director de obra, entidades de control de calidad, suministradores de materiales y productos,\u00a0<strong>responden de los da\u00f1os en el edificio<\/strong>por defectos de la construcci\u00f3n o sus instalaciones y que afecten a la habitabilidad del mismo. Es precisamente este supuesto el que ampara la reclamaci\u00f3n por ruidos derivados, por ejemplo, de falta de estanqueidad, etc.<\/li>\n<\/ul>\n<p>No obstante, hemos de tener claro que tanto en el primer como en el segundo caso no es obligatorio que los responsables contraten un seguro, aunque existen y, obviamente, se contratan.<\/p>\n<p>Cabe a\u00f1adir que todos los agentes que intervienen en el proceso constructivo responden durante diez a\u00f1os por da\u00f1os materiales que afecten a la estructura del edificio, y es obligatorio contratar un seguro para los edificios destinados a viviendas.<\/p>\n<p>Expertos en el sector asegurador detallan que\u00a0<strong>uno de los aspectos m\u00e1s importantes\u00a0 es acreditar el da\u00f1o, no quien es el responsable<\/strong>. Por este motivo, la indemnizaci\u00f3n es previa a determinar qui\u00e9n tiene la culpa. El papel del seguro es ofrecer una garant\u00eda mayor, en los casos en que no es obligatorio.<\/p>\n<p>Asefa Seguros, compa\u00f1\u00eda especialista en seguros de Construcci\u00f3n, explica que en materia de protecci\u00f3n frente al ruido y al aislamiento ac\u00fastico, adem\u00e1s de la LOE, en Espa\u00f1a rige otra normativa fundamental. El C\u00f3digo T\u00e9cnico de la Edificaci\u00f3n (CTE), que \u201cdesde el a\u00f1o 2006 recoge en su documento b\u00e1sico HR el grado de aislamiento ac\u00fastico m\u00ednimo que debe atesorar cualquier edificio de uso residencial\u201d, detalla Florencio Gonz\u00e1lez, director de construcci\u00f3n de Asefa Seguros. Adem\u00e1s, el CTE promueve el uso de soluciones constructivas m\u00e1s comunes que permiten garantizar un nivel de protecci\u00f3n m\u00ednima frente al ruido del inmueble siempre que exista un\u00a0 control t\u00e9cnico asociado a la ejecuci\u00f3n de estos trabajos. Es decir, \u201cque se ejecute correctamente\u201d la obra.<\/p>\n<p>Precisamente, una de las \u00faltimas novedades del mercado asegurador en materia de protecci\u00f3n frente al ruido ha sido presentado hace apenas unas semanas por Asefa Seguros. Seg\u00fan Gonz\u00e1lez, \u201cla Garant\u00eda Trienal de Habitabilidad es una cobertura novedosa e innovadora sin precedentes, dado que ofrece protecci\u00f3n frente a da\u00f1os materiales y, ah\u00ed reside la novedad, tambi\u00e9n prestacionales, es decir, a los da\u00f1os no materiales como es la protecci\u00f3n frente al ruido\u201d si bien, en la actualidad, la contrataci\u00f3n de esta garant\u00eda no es obligatoria. En definitiva,\u00a0<strong>se trata \u201cde conseguir que el edificio tenga unas prestaciones que garanticen la salud de las personas\u201d<\/strong>, asegura Daniel Agut, director t\u00e9cnico de la compa\u00f1\u00eda aseguradora.<\/p>\n<h3><strong>\u00bfQu\u00e9 hacer con un vecino molesto?<\/strong><\/h3>\n<p>El segundo supuesto contemplar\u00eda las molestias generadas por los ruidos producidos en distintas situaciones: un vecino molesto; un negocio que ocupa nuestros bajos, el incumplimiento de obligaciones laborales de una empresa; o la modificaci\u00f3n de una gran infraestructura como puede ser un aeropuerto que acaba afectando a quienes ya habitaban previamente esa zona.<\/p>\n<p>Desde un punto de vista gen\u00e9rico, hay\u00a0<strong>dos tipos de p\u00f3lizas que podr\u00edan cubrir nuestras reclamaciones como particulares.<\/strong>\u00a0Por un lado\u00a0<strong>el seguro del hogar<\/strong>, si se tiene contratado contenido, a trav\u00e9s de la garant\u00eda de reclamaci\u00f3n de da\u00f1os, aunque hay que verificar detalladamente lo que incluye dicha cobertura. Por otro,\u00a0<strong>el seguro espec\u00edfico de protecci\u00f3n jur\u00eddica<\/strong>, que puede contemplar garant\u00edas m\u00e1s amplias.<\/p>\n<p>Deteng\u00e1monos\u00a0<strong>en el caso del cl\u00e1sico vecino molesto<\/strong>. Los espertos de Das Seguros, explican que en caso de que una charla amistosa con el vecino molesto o las sanciones acordadas por la comunidad de vecinos no surjan efecto puede recurrirse a la soluci\u00f3n judicial. De hecho, \u201cel Tribunal Constitucional ha manifestado que los ruidos molestos afectan directamente al derecho fundamental a la integridad f\u00edsica y moral y tambi\u00e9n a la intimidad. Esto implica que, si el vecino no deja de molestar, el afectado tiene derecho a acudir a los tribunales para que sean ellos los que pongan soluci\u00f3n al problema\u201d, aseguran. En este caso puede optarse por presentar una demanda ante un juzgado civil o un juzgado contencioso-administrativo \u201ca fin de exigir que su vecino cumpla la normativa y deje de molestar con sus ruidos. Para ello habr\u00e1 que contar con abogado y procurador\u201d.<\/p>\n<p>&nbsp;<\/p>\n","protected":false},"excerpt":{"rendered":"<p>El sector asegurador ofrece soluciones para las personas que sufran este tipo de molestias estando en el interior de su vivienda ALBERT L\u00d3PEZ CORBELLA Si&#8230; <a href=\"https:\/\/www.cmalleida.com\/es\/el-seguro-tambien-te-protege-del-ruido-la-vanguardia\/\" rel=\"nofollow\" class=\"lollegirmes\">Llegeix m\u00e9s<\/a><\/p>\n","protected":false},"author":3,"featured_media":1927,"comment_status":"closed","ping_status":"closed","sticky":false,"template":"","format":"standard","meta":{"_acf_changed":false,"_genesis_hide_title":false,"_genesis_hide_breadcrumbs":false,"_genesis_hide_singular_image":false,"_genesis_hide_footer_widgets":false,"_genesis_custom_body_class":"","_genesis_custom_post_class":"","_genesis_layout":"","footnotes":""},"categories":[28],"tags":[],"class_list":{"0":"post-2309","1":"post","2":"type-post","3":"status-publish","4":"format-standard","5":"has-post-thumbnail","7":"category-actualidad","8":"entry"},"acf":[],"yoast_head":"<!-- This site is optimized with the Yoast SEO plugin v27.2 - https:\/\/yoast.com\/product\/yoast-seo-wordpress\/ -->\n<title>El seguro tambi\u00e9n te protege del ruido (La Vanguardia) - Col\u00b7legi de Mediadors d&#039;Assegurances de Lleida<\/title>\n<meta name=\"robots\" content=\"index, follow, max-snippet:-1, max-image-preview:large, max-video-preview:-1\" \/>\n<link rel=\"canonical\" href=\"https:\/\/www.cmalleida.com\/es\/el-seguro-tambien-te-protege-del-ruido-la-vanguardia\/\" \/>\n<meta property=\"og:locale\" content=\"es_ES\" \/>\n<meta property=\"og:type\" content=\"article\" \/>\n<meta property=\"og:title\" content=\"El seguro tambi\u00e9n te protege del ruido (La Vanguardia) - Col\u00b7legi de Mediadors d&#039;Assegurances de Lleida\" \/>\n<meta property=\"og:description\" content=\"El sector asegurador ofrece soluciones para las personas que sufran este tipo de molestias estando en el interior de su vivienda ALBERT L\u00d3PEZ CORBELLA Si... Llegeix m\u00e9s\" \/>\n<meta property=\"og:url\" content=\"https:\/\/www.cmalleida.com\/es\/el-seguro-tambien-te-protege-del-ruido-la-vanguardia\/\" \/>\n<meta property=\"og:site_name\" content=\"Col\u00b7legi de Mediadors d&#039;Assegurances de Lleida\" \/>\n<meta property=\"article:published_time\" content=\"2018-04-27T09:20:04+00:00\" \/>\n<meta property=\"og:image\" content=\"https:\/\/www.cmalleida.com\/wp-content\/uploads\/cmall-lleida-actualitat-conferencia762.jpg\" \/>\n\t<meta property=\"og:image:width\" content=\"762\" \/>\n\t<meta property=\"og:image:height\" content=\"762\" \/>\n\t<meta property=\"og:image:type\" content=\"image\/jpeg\" \/>\n<meta name=\"author\" content=\"Col\u00b7legi Mediadors\" \/>\n<meta name=\"twitter:card\" content=\"summary_large_image\" \/>\n<meta name=\"twitter:label1\" content=\"Written by\" \/>\n\t<meta name=\"twitter:data1\" content=\"Col\u00b7legi Mediadors\" \/>\n\t<meta name=\"twitter:label2\" content=\"Est. reading time\" \/>\n\t<meta name=\"twitter:data2\" content=\"6 minutos\" \/>\n<script type=\"application\/ld+json\" class=\"yoast-schema-graph\">{\"@context\":\"https:\/\/schema.org\",\"@graph\":[{\"@type\":\"Article\",\"@id\":\"https:\/\/www.cmalleida.com\/es\/el-seguro-tambien-te-protege-del-ruido-la-vanguardia\/#article\",\"isPartOf\":{\"@id\":\"https:\/\/www.cmalleida.com\/es\/el-seguro-tambien-te-protege-del-ruido-la-vanguardia\/\"},\"author\":{\"name\":\"Col\u00b7legi Mediadors\",\"@id\":\"https:\/\/www.cmalleida.com\/es\/#\/schema\/person\/bc84b7874fa5ac8a15c15a050fb3b79c\"},\"headline\":\"El seguro tambi\u00e9n te protege del ruido (La Vanguardia)\",\"datePublished\":\"2018-04-27T09:20:04+00:00\",\"mainEntityOfPage\":{\"@id\":\"https:\/\/www.cmalleida.com\/es\/el-seguro-tambien-te-protege-del-ruido-la-vanguardia\/\"},\"wordCount\":1141,\"publisher\":{\"@id\":\"https:\/\/www.cmalleida.com\/es\/#organization\"},\"image\":{\"@id\":\"https:\/\/www.cmalleida.com\/es\/el-seguro-tambien-te-protege-del-ruido-la-vanguardia\/#primaryimage\"},\"thumbnailUrl\":\"https:\/\/www.cmalleida.com\/wp-content\/uploads\/cmall-lleida-actualitat-conferencia762.jpg\",\"articleSection\":[\"Actualidad\"],\"inLanguage\":\"es\"},{\"@type\":\"WebPage\",\"@id\":\"https:\/\/www.cmalleida.com\/es\/el-seguro-tambien-te-protege-del-ruido-la-vanguardia\/\",\"url\":\"https:\/\/www.cmalleida.com\/es\/el-seguro-tambien-te-protege-del-ruido-la-vanguardia\/\",\"name\":\"El seguro tambi\u00e9n te protege del ruido (La Vanguardia) - Col\u00b7legi de Mediadors d&#039;Assegurances de Lleida\",\"isPartOf\":{\"@id\":\"https:\/\/www.cmalleida.com\/es\/#website\"},\"primaryImageOfPage\":{\"@id\":\"https:\/\/www.cmalleida.com\/es\/el-seguro-tambien-te-protege-del-ruido-la-vanguardia\/#primaryimage\"},\"image\":{\"@id\":\"https:\/\/www.cmalleida.com\/es\/el-seguro-tambien-te-protege-del-ruido-la-vanguardia\/#primaryimage\"},\"thumbnailUrl\":\"https:\/\/www.cmalleida.com\/wp-content\/uploads\/cmall-lleida-actualitat-conferencia762.jpg\",\"datePublished\":\"2018-04-27T09:20:04+00:00\",\"breadcrumb\":{\"@id\":\"https:\/\/www.cmalleida.com\/es\/el-seguro-tambien-te-protege-del-ruido-la-vanguardia\/#breadcrumb\"},\"inLanguage\":\"es\",\"potentialAction\":[{\"@type\":\"ReadAction\",\"target\":[\"https:\/\/www.cmalleida.com\/es\/el-seguro-tambien-te-protege-del-ruido-la-vanguardia\/\"]}]},{\"@type\":\"ImageObject\",\"inLanguage\":\"es\",\"@id\":\"https:\/\/www.cmalleida.com\/es\/el-seguro-tambien-te-protege-del-ruido-la-vanguardia\/#primaryimage\",\"url\":\"https:\/\/www.cmalleida.com\/wp-content\/uploads\/cmall-lleida-actualitat-conferencia762.jpg\",\"contentUrl\":\"https:\/\/www.cmalleida.com\/wp-content\/uploads\/cmall-lleida-actualitat-conferencia762.jpg\",\"width\":762,\"height\":762,\"caption\":\"cmall-lleida-actualitat-conferencia762\"},{\"@type\":\"BreadcrumbList\",\"@id\":\"https:\/\/www.cmalleida.com\/es\/el-seguro-tambien-te-protege-del-ruido-la-vanguardia\/#breadcrumb\",\"itemListElement\":[{\"@type\":\"ListItem\",\"position\":1,\"name\":\"Inici\",\"item\":\"https:\/\/www.cmalleida.com\/es\/\"},{\"@type\":\"ListItem\",\"position\":2,\"name\":\"El seguro tambi\u00e9n te protege del ruido (La Vanguardia)\"}]},{\"@type\":\"WebSite\",\"@id\":\"https:\/\/www.cmalleida.com\/es\/#website\",\"url\":\"https:\/\/www.cmalleida.com\/es\/\",\"name\":\"Col\u00b7legi de Mediadors d&#039;Assegurances de Lleida\",\"description\":\"Otro sitio realizado con WordPress\",\"publisher\":{\"@id\":\"https:\/\/www.cmalleida.com\/es\/#organization\"},\"potentialAction\":[{\"@type\":\"SearchAction\",\"target\":{\"@type\":\"EntryPoint\",\"urlTemplate\":\"https:\/\/www.cmalleida.com\/es\/?s={search_term_string}\"},\"query-input\":{\"@type\":\"PropertyValueSpecification\",\"valueRequired\":true,\"valueName\":\"search_term_string\"}}],\"inLanguage\":\"es\"},{\"@type\":\"Organization\",\"@id\":\"https:\/\/www.cmalleida.com\/es\/#organization\",\"name\":\"Col\u00b7legi de Mediadors d'Assegurances de Lleida\",\"url\":\"https:\/\/www.cmalleida.com\/es\/\",\"logo\":{\"@type\":\"ImageObject\",\"inLanguage\":\"es\",\"@id\":\"https:\/\/www.cmalleida.com\/es\/#\/schema\/logo\/image\/\",\"url\":\"\",\"contentUrl\":\"\",\"caption\":\"Col\u00b7legi de Mediadors d'Assegurances de Lleida\"},\"image\":{\"@id\":\"https:\/\/www.cmalleida.com\/es\/#\/schema\/logo\/image\/\"}},{\"@type\":\"Person\",\"@id\":\"https:\/\/www.cmalleida.com\/es\/#\/schema\/person\/bc84b7874fa5ac8a15c15a050fb3b79c\",\"name\":\"Col\u00b7legi Mediadors\",\"image\":{\"@type\":\"ImageObject\",\"inLanguage\":\"es\",\"@id\":\"https:\/\/secure.gravatar.com\/avatar\/05a66e0aafde4a91aea6f2c243b0b99b03dac1cca78dc84298f5e7e7ad4dfd33?s=96&d=mm&r=g\",\"url\":\"https:\/\/secure.gravatar.com\/avatar\/05a66e0aafde4a91aea6f2c243b0b99b03dac1cca78dc84298f5e7e7ad4dfd33?s=96&d=mm&r=g\",\"contentUrl\":\"https:\/\/secure.gravatar.com\/avatar\/05a66e0aafde4a91aea6f2c243b0b99b03dac1cca78dc84298f5e7e7ad4dfd33?s=96&d=mm&r=g\",\"caption\":\"Col\u00b7legi Mediadors\"}}]}<\/script>\n<!-- \/ Yoast SEO plugin. -->","yoast_head_json":{"title":"El seguro tambi\u00e9n te protege del ruido (La Vanguardia) - Col\u00b7legi de Mediadors d&#039;Assegurances de Lleida","robots":{"index":"index","follow":"follow","max-snippet":"max-snippet:-1","max-image-preview":"max-image-preview:large","max-video-preview":"max-video-preview:-1"},"canonical":"https:\/\/www.cmalleida.com\/es\/el-seguro-tambien-te-protege-del-ruido-la-vanguardia\/","og_locale":"es_ES","og_type":"article","og_title":"El seguro tambi\u00e9n te protege del ruido (La Vanguardia) - Col\u00b7legi de Mediadors d&#039;Assegurances de Lleida","og_description":"El sector asegurador ofrece soluciones para las personas que sufran este tipo de molestias estando en el interior de su vivienda ALBERT L\u00d3PEZ CORBELLA Si... Llegeix m\u00e9s","og_url":"https:\/\/www.cmalleida.com\/es\/el-seguro-tambien-te-protege-del-ruido-la-vanguardia\/","og_site_name":"Col\u00b7legi de Mediadors d&#039;Assegurances de Lleida","article_published_time":"2018-04-27T09:20:04+00:00","og_image":[{"width":762,"height":762,"url":"https:\/\/www.cmalleida.com\/wp-content\/uploads\/cmall-lleida-actualitat-conferencia762.jpg","type":"image\/jpeg"}],"author":"Col\u00b7legi Mediadors","twitter_card":"summary_large_image","twitter_misc":{"Written by":"Col\u00b7legi Mediadors","Est. reading time":"6 minutos"},"schema":{"@context":"https:\/\/schema.org","@graph":[{"@type":"Article","@id":"https:\/\/www.cmalleida.com\/es\/el-seguro-tambien-te-protege-del-ruido-la-vanguardia\/#article","isPartOf":{"@id":"https:\/\/www.cmalleida.com\/es\/el-seguro-tambien-te-protege-del-ruido-la-vanguardia\/"},"author":{"name":"Col\u00b7legi Mediadors","@id":"https:\/\/www.cmalleida.com\/es\/#\/schema\/person\/bc84b7874fa5ac8a15c15a050fb3b79c"},"headline":"El seguro tambi\u00e9n te protege del ruido (La Vanguardia)","datePublished":"2018-04-27T09:20:04+00:00","mainEntityOfPage":{"@id":"https:\/\/www.cmalleida.com\/es\/el-seguro-tambien-te-protege-del-ruido-la-vanguardia\/"},"wordCount":1141,"publisher":{"@id":"https:\/\/www.cmalleida.com\/es\/#organization"},"image":{"@id":"https:\/\/www.cmalleida.com\/es\/el-seguro-tambien-te-protege-del-ruido-la-vanguardia\/#primaryimage"},"thumbnailUrl":"https:\/\/www.cmalleida.com\/wp-content\/uploads\/cmall-lleida-actualitat-conferencia762.jpg","articleSection":["Actualidad"],"inLanguage":"es"},{"@type":"WebPage","@id":"https:\/\/www.cmalleida.com\/es\/el-seguro-tambien-te-protege-del-ruido-la-vanguardia\/","url":"https:\/\/www.cmalleida.com\/es\/el-seguro-tambien-te-protege-del-ruido-la-vanguardia\/","name":"El seguro tambi\u00e9n te protege del ruido (La Vanguardia) - Col\u00b7legi de Mediadors d&#039;Assegurances de Lleida","isPartOf":{"@id":"https:\/\/www.cmalleida.com\/es\/#website"},"primaryImageOfPage":{"@id":"https:\/\/www.cmalleida.com\/es\/el-seguro-tambien-te-protege-del-ruido-la-vanguardia\/#primaryimage"},"image":{"@id":"https:\/\/www.cmalleida.com\/es\/el-seguro-tambien-te-protege-del-ruido-la-vanguardia\/#primaryimage"},"thumbnailUrl":"https:\/\/www.cmalleida.com\/wp-content\/uploads\/cmall-lleida-actualitat-conferencia762.jpg","datePublished":"2018-04-27T09:20:04+00:00","breadcrumb":{"@id":"https:\/\/www.cmalleida.com\/es\/el-seguro-tambien-te-protege-del-ruido-la-vanguardia\/#breadcrumb"},"inLanguage":"es","potentialAction":[{"@type":"ReadAction","target":["https:\/\/www.cmalleida.com\/es\/el-seguro-tambien-te-protege-del-ruido-la-vanguardia\/"]}]},{"@type":"ImageObject","inLanguage":"es","@id":"https:\/\/www.cmalleida.com\/es\/el-seguro-tambien-te-protege-del-ruido-la-vanguardia\/#primaryimage","url":"https:\/\/www.cmalleida.com\/wp-content\/uploads\/cmall-lleida-actualitat-conferencia762.jpg","contentUrl":"https:\/\/www.cmalleida.com\/wp-content\/uploads\/cmall-lleida-actualitat-conferencia762.jpg","width":762,"height":762,"caption":"cmall-lleida-actualitat-conferencia762"},{"@type":"BreadcrumbList","@id":"https:\/\/www.cmalleida.com\/es\/el-seguro-tambien-te-protege-del-ruido-la-vanguardia\/#breadcrumb","itemListElement":[{"@type":"ListItem","position":1,"name":"Inici","item":"https:\/\/www.cmalleida.com\/es\/"},{"@type":"ListItem","position":2,"name":"El seguro tambi\u00e9n te protege del ruido (La Vanguardia)"}]},{"@type":"WebSite","@id":"https:\/\/www.cmalleida.com\/es\/#website","url":"https:\/\/www.cmalleida.com\/es\/","name":"Col\u00b7legi de Mediadors d&#039;Assegurances de Lleida","description":"Otro sitio realizado con WordPress","publisher":{"@id":"https:\/\/www.cmalleida.com\/es\/#organization"},"potentialAction":[{"@type":"SearchAction","target":{"@type":"EntryPoint","urlTemplate":"https:\/\/www.cmalleida.com\/es\/?s={search_term_string}"},"query-input":{"@type":"PropertyValueSpecification","valueRequired":true,"valueName":"search_term_string"}}],"inLanguage":"es"},{"@type":"Organization","@id":"https:\/\/www.cmalleida.com\/es\/#organization","name":"Col\u00b7legi de Mediadors d'Assegurances de Lleida","url":"https:\/\/www.cmalleida.com\/es\/","logo":{"@type":"ImageObject","inLanguage":"es","@id":"https:\/\/www.cmalleida.com\/es\/#\/schema\/logo\/image\/","url":"","contentUrl":"","caption":"Col\u00b7legi de Mediadors d'Assegurances de Lleida"},"image":{"@id":"https:\/\/www.cmalleida.com\/es\/#\/schema\/logo\/image\/"}},{"@type":"Person","@id":"https:\/\/www.cmalleida.com\/es\/#\/schema\/person\/bc84b7874fa5ac8a15c15a050fb3b79c","name":"Col\u00b7legi Mediadors","image":{"@type":"ImageObject","inLanguage":"es","@id":"https:\/\/secure.gravatar.com\/avatar\/05a66e0aafde4a91aea6f2c243b0b99b03dac1cca78dc84298f5e7e7ad4dfd33?s=96&d=mm&r=g","url":"https:\/\/secure.gravatar.com\/avatar\/05a66e0aafde4a91aea6f2c243b0b99b03dac1cca78dc84298f5e7e7ad4dfd33?s=96&d=mm&r=g","contentUrl":"https:\/\/secure.gravatar.com\/avatar\/05a66e0aafde4a91aea6f2c243b0b99b03dac1cca78dc84298f5e7e7ad4dfd33?s=96&d=mm&r=g","caption":"Col\u00b7legi Mediadors"}}]}},"_links":{"self":[{"href":"https:\/\/www.cmalleida.com\/es\/wp-json\/wp\/v2\/posts\/2309","targetHints":{"allow":["GET"]}}],"collection":[{"href":"https:\/\/www.cmalleida.com\/es\/wp-json\/wp\/v2\/posts"}],"about":[{"href":"https:\/\/www.cmalleida.com\/es\/wp-json\/wp\/v2\/types\/post"}],"author":[{"embeddable":true,"href":"https:\/\/www.cmalleida.com\/es\/wp-json\/wp\/v2\/users\/3"}],"replies":[{"embeddable":true,"href":"https:\/\/www.cmalleida.com\/es\/wp-json\/wp\/v2\/comments?post=2309"}],"version-history":[{"count":1,"href":"https:\/\/www.cmalleida.com\/es\/wp-json\/wp\/v2\/posts\/2309\/revisions"}],"predecessor-version":[{"id":2310,"href":"https:\/\/www.cmalleida.com\/es\/wp-json\/wp\/v2\/posts\/2309\/revisions\/2310"}],"wp:featuredmedia":[{"embeddable":true,"href":"https:\/\/www.cmalleida.com\/es\/wp-json\/wp\/v2\/media\/1927"}],"wp:attachment":[{"href":"https:\/\/www.cmalleida.com\/es\/wp-json\/wp\/v2\/media?parent=2309"}],"wp:term":[{"taxonomy":"category","embeddable":true,"href":"https:\/\/www.cmalleida.com\/es\/wp-json\/wp\/v2\/categories?post=2309"},{"taxonomy":"post_tag","embeddable":true,"href":"https:\/\/www.cmalleida.com\/es\/wp-json\/wp\/v2\/tags?post=2309"}],"curies":[{"name":"wp","href":"https:\/\/api.w.org\/{rel}","templated":true}]}}