{"id":2303,"date":"2018-04-27T11:16:01","date_gmt":"2018-04-27T09:16:01","guid":{"rendered":"https:\/\/www.cmalleida.com\/?p=2303"},"modified":"2018-04-27T11:16:01","modified_gmt":"2018-04-27T09:16:01","slug":"el-auge-del-e-commerce-dispara-los-accidentes-mortales-con-furgonetas-la-vanguardia","status":"publish","type":"post","link":"https:\/\/www.cmalleida.com\/es\/el-auge-del-e-commerce-dispara-los-accidentes-mortales-con-furgonetas-la-vanguardia\/","title":{"rendered":"El auge del e-commerce dispara los accidentes mortales con furgonetas  (La Vanguardia)"},"content":{"rendered":"<p><em>Casi 1000 personas en 5 a\u00f1os han muerto en Espa\u00f1a por percances con este tipo de veh\u00edculos<\/em><\/p>\n<p><strong>XAVIER GRAU\u00a0<\/strong><\/p>\n<p>El incremento espectacular del comercio electr\u00f3nico en todo el pa\u00eds ha contribuido tambi\u00e9n al aumento del transporte y reparto de paqueter\u00eda y mensajer\u00eda de manera tan notable que aparece tambi\u00e9n como una de las nuevas causas del incremento de\u00a0<strong>los accidentes protagonizadas por furgonetas con un balance de 935 muertos y casi 4.600 heridos graves en los \u00faltimos 5 a\u00f1os<\/strong>.<\/p>\n<p>Los accidentes que implican a furgonetas, con un riego de ser mortales un 35% superior al de los turismos, se han disparado un escalofriante 41% en global. El n\u00famero de lesionados graves crece en un 94% y se consolida una preocupante tendencia al alza expuesta en el estudio\u00a0<em><strong>Furgonetas en la carretera: \u00bfun riesgo para la seguridad vial? An\u00e1lisis y evoluci\u00f3n de su siniestralidad (2011-2015)<\/strong><\/em>\u00a0presentado ayer en Madrid.<\/p>\n<p>A\u00fan sin ser la causa \u00fanica \u2013hay que a\u00f1adir el incremento de aut\u00f3nomos y de conductores que alquilan una furgoneta sin preparaci\u00f3n-\u00a0<strong>la salida de la crisis econ\u00f3mica y el aumento del comercio electr\u00f3nico centra la reflexi\u00f3n del an\u00e1lisis<\/strong>\u00a0realizado por la Fundaci\u00f3n L\u00ednea Directa en colaboraci\u00f3n con el Instituto Universitario de Investigaci\u00f3n de Tr\u00e1nsito y Seguridad Vial de la Universidad de Valencia (INTRAS). \u00a0De manera tajante lo relata pata La Vanguardia el director general de la Fundaci\u00f3n, Francisco Valencia: \u201cquer\u00edamos reflexionar sobre c\u00f3mo est\u00e1 afectando a las cifras de accidentalidad la salida de la crisis o el\u00a0<em>boom<\/em>\u00a0del\u00a0<em>e-commerce<\/em>\u00a0en Espa\u00f1a, que, en la \u00faltima d\u00e9cada, ha crecido un 17% anual\u201d.<\/p>\n<p><strong>El auge del comercio electr\u00f3nico y sus efectos en el tr\u00e1fico se suma a la saturaci\u00f3n de v\u00edas urbanas e interurbanas en un pa\u00eds con m\u00e1s de 3,1 millones de aut\u00f3nomos y m\u00e1s de 2,3 millones de furgonetas circulando<\/strong>. A partir de la encuesta a m\u00e1s de 1202 conductores y 304 repartidores profesionales, Valencia revela que el 55% de los conductores -un porcentaje equivalente a unos 14,5 millones de automovilistas- piensan que \u201clos repartidores incumplen m\u00e1s las normas que el resto, sobre todo por\u00a0<em>aparcar en cualquier sitio<\/em>\u00a0(81%) y por\u00a0<em>distraerse<\/em>\u00a0mucho, especialmente con el GPS y el m\u00f3vil\u201d (72%)\u201d.<\/p>\n<p>Esta inquietante fotograf\u00eda resulta del an\u00e1lisis de los 445.000 accidentes con v\u00edctimas registrados en Espa\u00f1a por la DGT entre 2011 y 2015 que implicaron a 755.000 conductores y a 41.000 furgonetas. A estos se han sumado 940.000 siniestros recogidos por L\u00ednea Directa Aseguradora entre 2011 y 2017 con 23.000 furgonetas implicadas.<\/p>\n<p><strong>Las largas jornadas de los conductores de furgonetas y las condiciones de estr\u00e9s en el trabajo a causa del exceso de tareas y la exigencia de m\u00e1xima puntualidad<\/strong>\u00a0en las entregas provocan que estos profesionales a<strong>parezcan como culpables en 2 de cada 3 accidentes registrados.<\/strong>\u00a0El accidente m\u00e1s habitual que implica a furgonetas suele ser un siniestro m\u00faltiple, normalmente alcance trasero contra un turismo, con conductores varones de entre 35 y 45 a\u00f1os experimentados al volante. Autov\u00edas y autopistas sobre las ciudades son las v\u00edas habituales de estos percances y los accidentes con furgonetas suelen producirse entre las 12 y las 13horas, especialmente los viernes y durante los meses de julio y octubre.<\/p>\n<p><strong>El 68,5% de los conductores entrevistados<\/strong>\u00a0-equivalente a 18 millones de automovilistas seg\u00fan esta investigaci\u00f3n-\u00a0<strong>relaciona la siniestralidad creciente con las consecuencias del comercio electr\u00f3nico en calles y carreteras<\/strong>\u00a0y proponen medidas de soluci\u00f3n rotundas. Estas pasar\u00edan por la incorporaci\u00f3n de tac\u00f3metros a las furgonetas como usan los camiones, mejorar la regulaci\u00f3n y uso de las zonas de carga y descarga y crear un carn\u00e9 espec\u00edfico para conducir estos veh\u00edculos.<\/p>\n<h4>El peligro de los conductores ocasionales<\/h4>\n<p>Esta formaci\u00f3n especial aparece como urgente al comprobar que la mayor\u00eda de conductores desconoce el manejo de una furgoneta y lo relaciona err\u00f3neamente con un turismo. El 81% de los conductores ocasionales de furgonetas \u2013la t\u00edpica ayuda para realizar una mudanza, por ejemplo-\u00a0 desconoce la forma m\u00e1s segura de colocar la carga, el 75% ignora los l\u00edmites de velocidad y el 46% nunca fija la carga adecuadamente en sus traslados.<\/p>\n<p>\u201cNo hay que olvidar que las furgonetas pesan m\u00e1s que los turismos\u201d, explica Valencia, \u201cy llevan mucha m\u00e1s carga y su centro de gravedad se sit\u00faa m\u00e1s alto, con lo que tienen una mayor propensi\u00f3n al vuelco\u201d. Y a\u00f1ade que\u00a0<strong>\u201ccasi el 40% de los conductores ocasionales de furgonetas creen que los l\u00edmites de velocidad de estos veh\u00edculos son los mismos que los de los autom\u00f3viles\u201d<\/strong>.<\/p>\n<p>Queda demostrado que las nuevas modalidades de transporte y de reparto provocan que conductores inexpertos alquilen furgonetas sin la necesaria capacitaci\u00f3n y el con siguiente riesgo. Adem\u00e1s, seg\u00fan datos de la DGT, estos veh\u00edculos suelen ser antiguos y estar en mal estado, con un 60% m\u00e1s de deficiencias que los turismos. Los riesgos mec\u00e1nicos afectan a los neum\u00e1ticos, los frenos y la direcci\u00f3n, factores que se agravan con la antig\u00fcedad del parque de furgonetas en Espa\u00f1a con una media de 16 a\u00f1os en funcionamiento \u2013un 20% m\u00e1s antiguas que los turismos-. Pero la gran \u201casignatura pendiente de los repartidores\u201d, cuenta Valencia, es vigilar el mantenimiento ya que \u201cel 33% reconoce que su veh\u00edculo se encuentra en un estado deficiente o mejorable\u201d.<\/p>\n<p><strong>Catalu\u00f1a, detr\u00e1s de Baleares y delante de Asturias, es la segunda comunidad con m\u00e1s siniestros de este tipo con una ratio de 7,3 accidentes por cada 1.000 furgonetas<\/strong>\u00a0que ha crecido un del 18% desde 2011. Cantabria y Navarra son a su vez las que registran menos siniestros con furgonetas. En Canarias estos accidentes han crecido un espectacular 170% desde 2011 y en Murcia se da un aumento del 145%. En Cantabria y Pa\u00eds Vasco la tendencia es, contrariamente, de positiva evoluci\u00f3n. El crecimiento de la tasa de siniestros conjunta por cada 1000 furgonetas se ha elevado en 5 a\u00f1os hasta un 18,4% en el caso de las furgonetas cuando en el caso de los turismos ha crecido un 8,6%.<\/p>\n<p>A pesar del crudo relato de cifras, el director general de la Fundaci\u00f3n L\u00ednea Directa en la necesidad de\u00a0<strong>\u201cno criminalizar a los repartidores\u201d<\/strong>, sino contribuir al \u201cdesarrollo de su actividad con total seguridad\u201d.<\/p>\n<h2>El 68,5% de los conductores entrevistados relaciona la siniestralidad creciente con las consecuencias del comercio electr\u00f3nico<\/h2>\n","protected":false},"excerpt":{"rendered":"<p>Casi 1000 personas en 5 a\u00f1os han muerto en Espa\u00f1a por percances con este tipo de veh\u00edculos XAVIER GRAU\u00a0 El incremento espectacular del comercio electr\u00f3nico&#8230; <a href=\"https:\/\/www.cmalleida.com\/es\/el-auge-del-e-commerce-dispara-los-accidentes-mortales-con-furgonetas-la-vanguardia\/\" rel=\"nofollow\" class=\"lollegirmes\">Llegeix m\u00e9s<\/a><\/p>\n","protected":false},"author":3,"featured_media":2270,"comment_status":"closed","ping_status":"closed","sticky":false,"template":"","format":"standard","meta":{"_acf_changed":false,"_genesis_hide_title":false,"_genesis_hide_breadcrumbs":false,"_genesis_hide_singular_image":false,"_genesis_hide_footer_widgets":false,"_genesis_custom_body_class":"","_genesis_custom_post_class":"","_genesis_layout":"","footnotes":""},"categories":[28,62],"tags":[],"class_list":{"0":"post-2303","1":"post","2":"type-post","3":"status-publish","4":"format-standard","5":"has-post-thumbnail","7":"category-actualidad","8":"category-sinistres-es","9":"entry"},"acf":[],"yoast_head":"<!-- This site is optimized with the Yoast SEO plugin v27.2 - https:\/\/yoast.com\/product\/yoast-seo-wordpress\/ -->\n<title>El auge del e-commerce dispara los accidentes mortales con furgonetas (La Vanguardia) - Col\u00b7legi de Mediadors d&#039;Assegurances de Lleida<\/title>\n<meta name=\"robots\" content=\"index, follow, max-snippet:-1, max-image-preview:large, max-video-preview:-1\" \/>\n<link rel=\"canonical\" href=\"https:\/\/www.cmalleida.com\/es\/el-auge-del-e-commerce-dispara-los-accidentes-mortales-con-furgonetas-la-vanguardia\/\" \/>\n<meta property=\"og:locale\" content=\"es_ES\" \/>\n<meta property=\"og:type\" content=\"article\" \/>\n<meta property=\"og:title\" content=\"El auge del e-commerce dispara los accidentes mortales con furgonetas (La Vanguardia) - Col\u00b7legi de Mediadors d&#039;Assegurances de Lleida\" \/>\n<meta property=\"og:description\" content=\"Casi 1000 personas en 5 a\u00f1os han muerto en Espa\u00f1a por percances con este tipo de veh\u00edculos XAVIER GRAU\u00a0 El incremento espectacular del comercio electr\u00f3nico... Llegeix m\u00e9s\" \/>\n<meta property=\"og:url\" content=\"https:\/\/www.cmalleida.com\/es\/el-auge-del-e-commerce-dispara-los-accidentes-mortales-con-furgonetas-la-vanguardia\/\" \/>\n<meta property=\"og:site_name\" content=\"Col\u00b7legi de Mediadors d&#039;Assegurances de Lleida\" \/>\n<meta property=\"article:published_time\" content=\"2018-04-27T09:16:01+00:00\" \/>\n<meta property=\"og:image\" content=\"https:\/\/www.cmalleida.com\/wp-content\/uploads\/cmall-lleida-actualitat-ecom762.jpg\" \/>\n\t<meta property=\"og:image:width\" content=\"762\" \/>\n\t<meta property=\"og:image:height\" content=\"762\" \/>\n\t<meta property=\"og:image:type\" content=\"image\/jpeg\" \/>\n<meta name=\"author\" content=\"Col\u00b7legi Mediadors\" \/>\n<meta name=\"twitter:card\" content=\"summary_large_image\" \/>\n<meta name=\"twitter:label1\" content=\"Written by\" \/>\n\t<meta name=\"twitter:data1\" content=\"Col\u00b7legi Mediadors\" \/>\n\t<meta name=\"twitter:label2\" content=\"Est. reading time\" \/>\n\t<meta name=\"twitter:data2\" content=\"5 minutos\" \/>\n<script type=\"application\/ld+json\" class=\"yoast-schema-graph\">{\"@context\":\"https:\/\/schema.org\",\"@graph\":[{\"@type\":\"Article\",\"@id\":\"https:\/\/www.cmalleida.com\/es\/el-auge-del-e-commerce-dispara-los-accidentes-mortales-con-furgonetas-la-vanguardia\/#article\",\"isPartOf\":{\"@id\":\"https:\/\/www.cmalleida.com\/es\/el-auge-del-e-commerce-dispara-los-accidentes-mortales-con-furgonetas-la-vanguardia\/\"},\"author\":{\"name\":\"Col\u00b7legi Mediadors\",\"@id\":\"https:\/\/www.cmalleida.com\/es\/#\/schema\/person\/bc84b7874fa5ac8a15c15a050fb3b79c\"},\"headline\":\"El auge del e-commerce dispara los accidentes mortales con furgonetas (La Vanguardia)\",\"datePublished\":\"2018-04-27T09:16:01+00:00\",\"mainEntityOfPage\":{\"@id\":\"https:\/\/www.cmalleida.com\/es\/el-auge-del-e-commerce-dispara-los-accidentes-mortales-con-furgonetas-la-vanguardia\/\"},\"wordCount\":1089,\"publisher\":{\"@id\":\"https:\/\/www.cmalleida.com\/es\/#organization\"},\"image\":{\"@id\":\"https:\/\/www.cmalleida.com\/es\/el-auge-del-e-commerce-dispara-los-accidentes-mortales-con-furgonetas-la-vanguardia\/#primaryimage\"},\"thumbnailUrl\":\"https:\/\/www.cmalleida.com\/wp-content\/uploads\/cmall-lleida-actualitat-ecom762.jpg\",\"articleSection\":[\"Actualidad\",\"Sinistres\"],\"inLanguage\":\"es\"},{\"@type\":\"WebPage\",\"@id\":\"https:\/\/www.cmalleida.com\/es\/el-auge-del-e-commerce-dispara-los-accidentes-mortales-con-furgonetas-la-vanguardia\/\",\"url\":\"https:\/\/www.cmalleida.com\/es\/el-auge-del-e-commerce-dispara-los-accidentes-mortales-con-furgonetas-la-vanguardia\/\",\"name\":\"El auge del e-commerce dispara los accidentes mortales con furgonetas (La Vanguardia) - Col\u00b7legi de Mediadors d&#039;Assegurances de Lleida\",\"isPartOf\":{\"@id\":\"https:\/\/www.cmalleida.com\/es\/#website\"},\"primaryImageOfPage\":{\"@id\":\"https:\/\/www.cmalleida.com\/es\/el-auge-del-e-commerce-dispara-los-accidentes-mortales-con-furgonetas-la-vanguardia\/#primaryimage\"},\"image\":{\"@id\":\"https:\/\/www.cmalleida.com\/es\/el-auge-del-e-commerce-dispara-los-accidentes-mortales-con-furgonetas-la-vanguardia\/#primaryimage\"},\"thumbnailUrl\":\"https:\/\/www.cmalleida.com\/wp-content\/uploads\/cmall-lleida-actualitat-ecom762.jpg\",\"datePublished\":\"2018-04-27T09:16:01+00:00\",\"breadcrumb\":{\"@id\":\"https:\/\/www.cmalleida.com\/es\/el-auge-del-e-commerce-dispara-los-accidentes-mortales-con-furgonetas-la-vanguardia\/#breadcrumb\"},\"inLanguage\":\"es\",\"potentialAction\":[{\"@type\":\"ReadAction\",\"target\":[\"https:\/\/www.cmalleida.com\/es\/el-auge-del-e-commerce-dispara-los-accidentes-mortales-con-furgonetas-la-vanguardia\/\"]}]},{\"@type\":\"ImageObject\",\"inLanguage\":\"es\",\"@id\":\"https:\/\/www.cmalleida.com\/es\/el-auge-del-e-commerce-dispara-los-accidentes-mortales-con-furgonetas-la-vanguardia\/#primaryimage\",\"url\":\"https:\/\/www.cmalleida.com\/wp-content\/uploads\/cmall-lleida-actualitat-ecom762.jpg\",\"contentUrl\":\"https:\/\/www.cmalleida.com\/wp-content\/uploads\/cmall-lleida-actualitat-ecom762.jpg\",\"width\":762,\"height\":762,\"caption\":\"cmall-lleida-actualitat-ecom762\"},{\"@type\":\"BreadcrumbList\",\"@id\":\"https:\/\/www.cmalleida.com\/es\/el-auge-del-e-commerce-dispara-los-accidentes-mortales-con-furgonetas-la-vanguardia\/#breadcrumb\",\"itemListElement\":[{\"@type\":\"ListItem\",\"position\":1,\"name\":\"Inici\",\"item\":\"https:\/\/www.cmalleida.com\/es\/\"},{\"@type\":\"ListItem\",\"position\":2,\"name\":\"El auge del e-commerce dispara los accidentes mortales con furgonetas (La Vanguardia)\"}]},{\"@type\":\"WebSite\",\"@id\":\"https:\/\/www.cmalleida.com\/es\/#website\",\"url\":\"https:\/\/www.cmalleida.com\/es\/\",\"name\":\"Col\u00b7legi de Mediadors d&#039;Assegurances de Lleida\",\"description\":\"Otro sitio realizado con WordPress\",\"publisher\":{\"@id\":\"https:\/\/www.cmalleida.com\/es\/#organization\"},\"potentialAction\":[{\"@type\":\"SearchAction\",\"target\":{\"@type\":\"EntryPoint\",\"urlTemplate\":\"https:\/\/www.cmalleida.com\/es\/?s={search_term_string}\"},\"query-input\":{\"@type\":\"PropertyValueSpecification\",\"valueRequired\":true,\"valueName\":\"search_term_string\"}}],\"inLanguage\":\"es\"},{\"@type\":\"Organization\",\"@id\":\"https:\/\/www.cmalleida.com\/es\/#organization\",\"name\":\"Col\u00b7legi de Mediadors d'Assegurances de Lleida\",\"url\":\"https:\/\/www.cmalleida.com\/es\/\",\"logo\":{\"@type\":\"ImageObject\",\"inLanguage\":\"es\",\"@id\":\"https:\/\/www.cmalleida.com\/es\/#\/schema\/logo\/image\/\",\"url\":\"\",\"contentUrl\":\"\",\"caption\":\"Col\u00b7legi de Mediadors d'Assegurances de Lleida\"},\"image\":{\"@id\":\"https:\/\/www.cmalleida.com\/es\/#\/schema\/logo\/image\/\"}},{\"@type\":\"Person\",\"@id\":\"https:\/\/www.cmalleida.com\/es\/#\/schema\/person\/bc84b7874fa5ac8a15c15a050fb3b79c\",\"name\":\"Col\u00b7legi Mediadors\",\"image\":{\"@type\":\"ImageObject\",\"inLanguage\":\"es\",\"@id\":\"https:\/\/secure.gravatar.com\/avatar\/05a66e0aafde4a91aea6f2c243b0b99b03dac1cca78dc84298f5e7e7ad4dfd33?s=96&d=mm&r=g\",\"url\":\"https:\/\/secure.gravatar.com\/avatar\/05a66e0aafde4a91aea6f2c243b0b99b03dac1cca78dc84298f5e7e7ad4dfd33?s=96&d=mm&r=g\",\"contentUrl\":\"https:\/\/secure.gravatar.com\/avatar\/05a66e0aafde4a91aea6f2c243b0b99b03dac1cca78dc84298f5e7e7ad4dfd33?s=96&d=mm&r=g\",\"caption\":\"Col\u00b7legi Mediadors\"}}]}<\/script>\n<!-- \/ Yoast SEO plugin. -->","yoast_head_json":{"title":"El auge del e-commerce dispara los accidentes mortales con furgonetas (La Vanguardia) - Col\u00b7legi de Mediadors d&#039;Assegurances de Lleida","robots":{"index":"index","follow":"follow","max-snippet":"max-snippet:-1","max-image-preview":"max-image-preview:large","max-video-preview":"max-video-preview:-1"},"canonical":"https:\/\/www.cmalleida.com\/es\/el-auge-del-e-commerce-dispara-los-accidentes-mortales-con-furgonetas-la-vanguardia\/","og_locale":"es_ES","og_type":"article","og_title":"El auge del e-commerce dispara los accidentes mortales con furgonetas (La Vanguardia) - Col\u00b7legi de Mediadors d&#039;Assegurances de Lleida","og_description":"Casi 1000 personas en 5 a\u00f1os han muerto en Espa\u00f1a por percances con este tipo de veh\u00edculos XAVIER GRAU\u00a0 El incremento espectacular del comercio electr\u00f3nico... Llegeix m\u00e9s","og_url":"https:\/\/www.cmalleida.com\/es\/el-auge-del-e-commerce-dispara-los-accidentes-mortales-con-furgonetas-la-vanguardia\/","og_site_name":"Col\u00b7legi de Mediadors d&#039;Assegurances de Lleida","article_published_time":"2018-04-27T09:16:01+00:00","og_image":[{"width":762,"height":762,"url":"https:\/\/www.cmalleida.com\/wp-content\/uploads\/cmall-lleida-actualitat-ecom762.jpg","type":"image\/jpeg"}],"author":"Col\u00b7legi Mediadors","twitter_card":"summary_large_image","twitter_misc":{"Written by":"Col\u00b7legi Mediadors","Est. reading time":"5 minutos"},"schema":{"@context":"https:\/\/schema.org","@graph":[{"@type":"Article","@id":"https:\/\/www.cmalleida.com\/es\/el-auge-del-e-commerce-dispara-los-accidentes-mortales-con-furgonetas-la-vanguardia\/#article","isPartOf":{"@id":"https:\/\/www.cmalleida.com\/es\/el-auge-del-e-commerce-dispara-los-accidentes-mortales-con-furgonetas-la-vanguardia\/"},"author":{"name":"Col\u00b7legi Mediadors","@id":"https:\/\/www.cmalleida.com\/es\/#\/schema\/person\/bc84b7874fa5ac8a15c15a050fb3b79c"},"headline":"El auge del e-commerce dispara los accidentes mortales con furgonetas (La Vanguardia)","datePublished":"2018-04-27T09:16:01+00:00","mainEntityOfPage":{"@id":"https:\/\/www.cmalleida.com\/es\/el-auge-del-e-commerce-dispara-los-accidentes-mortales-con-furgonetas-la-vanguardia\/"},"wordCount":1089,"publisher":{"@id":"https:\/\/www.cmalleida.com\/es\/#organization"},"image":{"@id":"https:\/\/www.cmalleida.com\/es\/el-auge-del-e-commerce-dispara-los-accidentes-mortales-con-furgonetas-la-vanguardia\/#primaryimage"},"thumbnailUrl":"https:\/\/www.cmalleida.com\/wp-content\/uploads\/cmall-lleida-actualitat-ecom762.jpg","articleSection":["Actualidad","Sinistres"],"inLanguage":"es"},{"@type":"WebPage","@id":"https:\/\/www.cmalleida.com\/es\/el-auge-del-e-commerce-dispara-los-accidentes-mortales-con-furgonetas-la-vanguardia\/","url":"https:\/\/www.cmalleida.com\/es\/el-auge-del-e-commerce-dispara-los-accidentes-mortales-con-furgonetas-la-vanguardia\/","name":"El auge del e-commerce dispara los accidentes mortales con furgonetas (La Vanguardia) - Col\u00b7legi de Mediadors d&#039;Assegurances de Lleida","isPartOf":{"@id":"https:\/\/www.cmalleida.com\/es\/#website"},"primaryImageOfPage":{"@id":"https:\/\/www.cmalleida.com\/es\/el-auge-del-e-commerce-dispara-los-accidentes-mortales-con-furgonetas-la-vanguardia\/#primaryimage"},"image":{"@id":"https:\/\/www.cmalleida.com\/es\/el-auge-del-e-commerce-dispara-los-accidentes-mortales-con-furgonetas-la-vanguardia\/#primaryimage"},"thumbnailUrl":"https:\/\/www.cmalleida.com\/wp-content\/uploads\/cmall-lleida-actualitat-ecom762.jpg","datePublished":"2018-04-27T09:16:01+00:00","breadcrumb":{"@id":"https:\/\/www.cmalleida.com\/es\/el-auge-del-e-commerce-dispara-los-accidentes-mortales-con-furgonetas-la-vanguardia\/#breadcrumb"},"inLanguage":"es","potentialAction":[{"@type":"ReadAction","target":["https:\/\/www.cmalleida.com\/es\/el-auge-del-e-commerce-dispara-los-accidentes-mortales-con-furgonetas-la-vanguardia\/"]}]},{"@type":"ImageObject","inLanguage":"es","@id":"https:\/\/www.cmalleida.com\/es\/el-auge-del-e-commerce-dispara-los-accidentes-mortales-con-furgonetas-la-vanguardia\/#primaryimage","url":"https:\/\/www.cmalleida.com\/wp-content\/uploads\/cmall-lleida-actualitat-ecom762.jpg","contentUrl":"https:\/\/www.cmalleida.com\/wp-content\/uploads\/cmall-lleida-actualitat-ecom762.jpg","width":762,"height":762,"caption":"cmall-lleida-actualitat-ecom762"},{"@type":"BreadcrumbList","@id":"https:\/\/www.cmalleida.com\/es\/el-auge-del-e-commerce-dispara-los-accidentes-mortales-con-furgonetas-la-vanguardia\/#breadcrumb","itemListElement":[{"@type":"ListItem","position":1,"name":"Inici","item":"https:\/\/www.cmalleida.com\/es\/"},{"@type":"ListItem","position":2,"name":"El auge del e-commerce dispara los accidentes mortales con furgonetas (La Vanguardia)"}]},{"@type":"WebSite","@id":"https:\/\/www.cmalleida.com\/es\/#website","url":"https:\/\/www.cmalleida.com\/es\/","name":"Col\u00b7legi de Mediadors d&#039;Assegurances de Lleida","description":"Otro sitio realizado con WordPress","publisher":{"@id":"https:\/\/www.cmalleida.com\/es\/#organization"},"potentialAction":[{"@type":"SearchAction","target":{"@type":"EntryPoint","urlTemplate":"https:\/\/www.cmalleida.com\/es\/?s={search_term_string}"},"query-input":{"@type":"PropertyValueSpecification","valueRequired":true,"valueName":"search_term_string"}}],"inLanguage":"es"},{"@type":"Organization","@id":"https:\/\/www.cmalleida.com\/es\/#organization","name":"Col\u00b7legi de Mediadors d'Assegurances de Lleida","url":"https:\/\/www.cmalleida.com\/es\/","logo":{"@type":"ImageObject","inLanguage":"es","@id":"https:\/\/www.cmalleida.com\/es\/#\/schema\/logo\/image\/","url":"","contentUrl":"","caption":"Col\u00b7legi de Mediadors d'Assegurances de Lleida"},"image":{"@id":"https:\/\/www.cmalleida.com\/es\/#\/schema\/logo\/image\/"}},{"@type":"Person","@id":"https:\/\/www.cmalleida.com\/es\/#\/schema\/person\/bc84b7874fa5ac8a15c15a050fb3b79c","name":"Col\u00b7legi Mediadors","image":{"@type":"ImageObject","inLanguage":"es","@id":"https:\/\/secure.gravatar.com\/avatar\/05a66e0aafde4a91aea6f2c243b0b99b03dac1cca78dc84298f5e7e7ad4dfd33?s=96&d=mm&r=g","url":"https:\/\/secure.gravatar.com\/avatar\/05a66e0aafde4a91aea6f2c243b0b99b03dac1cca78dc84298f5e7e7ad4dfd33?s=96&d=mm&r=g","contentUrl":"https:\/\/secure.gravatar.com\/avatar\/05a66e0aafde4a91aea6f2c243b0b99b03dac1cca78dc84298f5e7e7ad4dfd33?s=96&d=mm&r=g","caption":"Col\u00b7legi Mediadors"}}]}},"_links":{"self":[{"href":"https:\/\/www.cmalleida.com\/es\/wp-json\/wp\/v2\/posts\/2303","targetHints":{"allow":["GET"]}}],"collection":[{"href":"https:\/\/www.cmalleida.com\/es\/wp-json\/wp\/v2\/posts"}],"about":[{"href":"https:\/\/www.cmalleida.com\/es\/wp-json\/wp\/v2\/types\/post"}],"author":[{"embeddable":true,"href":"https:\/\/www.cmalleida.com\/es\/wp-json\/wp\/v2\/users\/3"}],"replies":[{"embeddable":true,"href":"https:\/\/www.cmalleida.com\/es\/wp-json\/wp\/v2\/comments?post=2303"}],"version-history":[{"count":1,"href":"https:\/\/www.cmalleida.com\/es\/wp-json\/wp\/v2\/posts\/2303\/revisions"}],"predecessor-version":[{"id":2304,"href":"https:\/\/www.cmalleida.com\/es\/wp-json\/wp\/v2\/posts\/2303\/revisions\/2304"}],"wp:featuredmedia":[{"embeddable":true,"href":"https:\/\/www.cmalleida.com\/es\/wp-json\/wp\/v2\/media\/2270"}],"wp:attachment":[{"href":"https:\/\/www.cmalleida.com\/es\/wp-json\/wp\/v2\/media?parent=2303"}],"wp:term":[{"taxonomy":"category","embeddable":true,"href":"https:\/\/www.cmalleida.com\/es\/wp-json\/wp\/v2\/categories?post=2303"},{"taxonomy":"post_tag","embeddable":true,"href":"https:\/\/www.cmalleida.com\/es\/wp-json\/wp\/v2\/tags?post=2303"}],"curies":[{"name":"wp","href":"https:\/\/api.w.org\/{rel}","templated":true}]}}