{"id":2299,"date":"2018-04-27T11:14:35","date_gmt":"2018-04-27T09:14:35","guid":{"rendered":"https:\/\/www.cmalleida.com\/?p=2299"},"modified":"2018-04-27T11:14:35","modified_gmt":"2018-04-27T09:14:35","slug":"la-facturacion-del-sector-seguros-crecera-mas-de-un-2-este-ano-segun-unespa-eleconomista","status":"publish","type":"post","link":"https:\/\/www.cmalleida.com\/es\/la-facturacion-del-sector-seguros-crecera-mas-de-un-2-este-ano-segun-unespa-eleconomista\/","title":{"rendered":"La facturaci\u00f3n del sector seguros crecer\u00e1 m\u00e1s de un 2% este a\u00f1o, seg\u00fan Unespa  (elEconomista)"},"content":{"rendered":"<p>MADRID, 22 (SERVIMEDIA)<\/p>\n<p>La presidenta de la patronal de las aseguradoras Unespa, Pilar Gonz\u00e1lez de Frutos, estima que la facturaci\u00f3n del sector del seguro registrar\u00e1 un crecimiento de entre el 2% y el 2,5% durante el ejercicio 2018.<\/p>\n<p>En una entrevista concedida a Servimedia, la responsable de la patronal aseguradora explic\u00f3 que este crecimiento de entre el 2% y 2,5% \u00abser\u00eda esperable para el ejercicio 2018\u00bb, para subrayar que el negocio asegurador es \u00abmuy estable y muy acorde con el crecimiento de la econom\u00eda\u00bb.<\/p>\n<p>La actividad aseguradora \u00abva bien\u00bb, dijo Gonz\u00e1lez de Frutos, quien subray\u00f3 que el sector \u00abtiene una etapa de estabilidad que se proyecta m\u00e1s en el tiempo\u00bb. En este sentido, coment\u00f3 que cuando las cosas comienza a ir mal en la econom\u00eda \u00e9ste \u00abse resiente\u00bb pero suele tardar alrededor de un a\u00f1o m\u00e1s en caer que cuando lo hace la econom\u00eda.<\/p>\n<p>Por el contrario, \u00abcuando el ciclo se invierte, crecemos mucho m\u00e1s lentamente y esta estabilidad yo creo que es esencial; eso define el modelo de gesti\u00f3n y es en lo que al final se va soportando el resto de la actividad econ\u00f3mica\u00bb. \u00abGracias a ello\u00bb, expuso, las aseguradoras pueden comprar activos con vencimientos muy largos, que son una \u00abforma de financier la econom\u00eda mucho m\u00e1s estable que yendo a la v\u00eda especulativa\u00bb.<\/p>\n<p>SITUACI\u00d3N EN CATALU\u00d1A<\/p>\n<p>Respecto al negocio en Catalu\u00f1a, por la situaci\u00f3n pol\u00edtica de la regi\u00f3n, se\u00f1al\u00f3 que \u00abse siguen comprando muchos seguros\u00bb y record\u00f3 que es una de las comunidades \u00abcon un \u00edndice de aseguramiento m\u00e1s alto\u00bb.<\/p>\n<p>De esta manera, explic\u00f3 que \u00abno ha habido especiales efectos\u00bb, aunque \u00abs\u00ed es verdad que las compa\u00f1\u00edas con base en Catalu\u00f1a se movieron, porque los clientes sent\u00edan que no se les garantizaba una plena seguridad respecto al cumplimiento de las obligaciones futuras\u00bb. Gonz\u00e1lez de Fruto coment\u00f3 que han cambiado sedes de empresas, \u00abpero en cifras, las que vend\u00edan seguros en Catalu\u00f1a los siguen vendiendo\u00bb.<\/p>\n<p>&nbsp;<\/p>\n","protected":false},"excerpt":{"rendered":"<p>MADRID, 22 (SERVIMEDIA) La presidenta de la patronal de las aseguradoras Unespa, Pilar Gonz\u00e1lez de Frutos, estima que la facturaci\u00f3n del sector del seguro registrar\u00e1&#8230; <a href=\"https:\/\/www.cmalleida.com\/es\/la-facturacion-del-sector-seguros-crecera-mas-de-un-2-este-ano-segun-unespa-eleconomista\/\" rel=\"nofollow\" class=\"lollegirmes\">Llegeix m\u00e9s<\/a><\/p>\n","protected":false},"author":3,"featured_media":1929,"comment_status":"closed","ping_status":"closed","sticky":false,"template":"","format":"standard","meta":{"_acf_changed":false,"_genesis_hide_title":false,"_genesis_hide_breadcrumbs":false,"_genesis_hide_singular_image":false,"_genesis_hide_footer_widgets":false,"_genesis_custom_body_class":"","_genesis_custom_post_class":"","_genesis_layout":"","footnotes":""},"categories":[28],"tags":[],"class_list":{"0":"post-2299","1":"post","2":"type-post","3":"status-publish","4":"format-standard","5":"has-post-thumbnail","7":"category-actualidad","8":"entry"},"acf":[],"yoast_head":"<!-- This site is optimized with the Yoast SEO plugin v27.2 - https:\/\/yoast.com\/product\/yoast-seo-wordpress\/ -->\n<title>La facturaci\u00f3n del sector seguros crecer\u00e1 m\u00e1s de un 2% este a\u00f1o, seg\u00fan Unespa (elEconomista) - Col\u00b7legi de Mediadors d&#039;Assegurances de Lleida<\/title>\n<meta name=\"robots\" content=\"index, follow, max-snippet:-1, max-image-preview:large, max-video-preview:-1\" \/>\n<link rel=\"canonical\" href=\"https:\/\/www.cmalleida.com\/es\/la-facturacion-del-sector-seguros-crecera-mas-de-un-2-este-ano-segun-unespa-eleconomista\/\" \/>\n<meta property=\"og:locale\" content=\"es_ES\" \/>\n<meta property=\"og:type\" content=\"article\" \/>\n<meta property=\"og:title\" content=\"La facturaci\u00f3n del sector seguros crecer\u00e1 m\u00e1s de un 2% este a\u00f1o, seg\u00fan Unespa (elEconomista) - Col\u00b7legi de Mediadors d&#039;Assegurances de Lleida\" \/>\n<meta property=\"og:description\" content=\"MADRID, 22 (SERVIMEDIA) La presidenta de la patronal de las aseguradoras Unespa, Pilar Gonz\u00e1lez de Frutos, estima que la facturaci\u00f3n del sector del seguro registrar\u00e1... Llegeix m\u00e9s\" \/>\n<meta property=\"og:url\" content=\"https:\/\/www.cmalleida.com\/es\/la-facturacion-del-sector-seguros-crecera-mas-de-un-2-este-ano-segun-unespa-eleconomista\/\" \/>\n<meta property=\"og:site_name\" content=\"Col\u00b7legi de Mediadors d&#039;Assegurances de Lleida\" \/>\n<meta property=\"article:published_time\" content=\"2018-04-27T09:14:35+00:00\" \/>\n<meta property=\"og:image\" content=\"https:\/\/www.cmalleida.com\/wp-content\/uploads\/cmall-lleida-actualitat-estadistic762.jpg\" \/>\n\t<meta property=\"og:image:width\" content=\"762\" \/>\n\t<meta property=\"og:image:height\" content=\"762\" \/>\n\t<meta property=\"og:image:type\" content=\"image\/jpeg\" \/>\n<meta name=\"author\" content=\"Col\u00b7legi Mediadors\" \/>\n<meta name=\"twitter:card\" content=\"summary_large_image\" \/>\n<meta name=\"twitter:label1\" content=\"Written by\" \/>\n\t<meta name=\"twitter:data1\" content=\"Col\u00b7legi Mediadors\" \/>\n\t<meta name=\"twitter:label2\" content=\"Est. reading time\" \/>\n\t<meta name=\"twitter:data2\" content=\"2 minutos\" \/>\n<script type=\"application\/ld+json\" class=\"yoast-schema-graph\">{\"@context\":\"https:\/\/schema.org\",\"@graph\":[{\"@type\":\"Article\",\"@id\":\"https:\/\/www.cmalleida.com\/es\/la-facturacion-del-sector-seguros-crecera-mas-de-un-2-este-ano-segun-unespa-eleconomista\/#article\",\"isPartOf\":{\"@id\":\"https:\/\/www.cmalleida.com\/es\/la-facturacion-del-sector-seguros-crecera-mas-de-un-2-este-ano-segun-unespa-eleconomista\/\"},\"author\":{\"name\":\"Col\u00b7legi Mediadors\",\"@id\":\"https:\/\/www.cmalleida.com\/es\/#\/schema\/person\/bc84b7874fa5ac8a15c15a050fb3b79c\"},\"headline\":\"La facturaci\u00f3n del sector seguros crecer\u00e1 m\u00e1s de un 2% este a\u00f1o, seg\u00fan Unespa (elEconomista)\",\"datePublished\":\"2018-04-27T09:14:35+00:00\",\"mainEntityOfPage\":{\"@id\":\"https:\/\/www.cmalleida.com\/es\/la-facturacion-del-sector-seguros-crecera-mas-de-un-2-este-ano-segun-unespa-eleconomista\/\"},\"wordCount\":359,\"publisher\":{\"@id\":\"https:\/\/www.cmalleida.com\/es\/#organization\"},\"image\":{\"@id\":\"https:\/\/www.cmalleida.com\/es\/la-facturacion-del-sector-seguros-crecera-mas-de-un-2-este-ano-segun-unespa-eleconomista\/#primaryimage\"},\"thumbnailUrl\":\"https:\/\/www.cmalleida.com\/wp-content\/uploads\/cmall-lleida-actualitat-estadistic762.jpg\",\"articleSection\":[\"Actualidad\"],\"inLanguage\":\"es\"},{\"@type\":\"WebPage\",\"@id\":\"https:\/\/www.cmalleida.com\/es\/la-facturacion-del-sector-seguros-crecera-mas-de-un-2-este-ano-segun-unespa-eleconomista\/\",\"url\":\"https:\/\/www.cmalleida.com\/es\/la-facturacion-del-sector-seguros-crecera-mas-de-un-2-este-ano-segun-unespa-eleconomista\/\",\"name\":\"La facturaci\u00f3n del sector seguros crecer\u00e1 m\u00e1s de un 2% este a\u00f1o, seg\u00fan Unespa (elEconomista) - Col\u00b7legi de Mediadors d&#039;Assegurances de Lleida\",\"isPartOf\":{\"@id\":\"https:\/\/www.cmalleida.com\/es\/#website\"},\"primaryImageOfPage\":{\"@id\":\"https:\/\/www.cmalleida.com\/es\/la-facturacion-del-sector-seguros-crecera-mas-de-un-2-este-ano-segun-unespa-eleconomista\/#primaryimage\"},\"image\":{\"@id\":\"https:\/\/www.cmalleida.com\/es\/la-facturacion-del-sector-seguros-crecera-mas-de-un-2-este-ano-segun-unespa-eleconomista\/#primaryimage\"},\"thumbnailUrl\":\"https:\/\/www.cmalleida.com\/wp-content\/uploads\/cmall-lleida-actualitat-estadistic762.jpg\",\"datePublished\":\"2018-04-27T09:14:35+00:00\",\"breadcrumb\":{\"@id\":\"https:\/\/www.cmalleida.com\/es\/la-facturacion-del-sector-seguros-crecera-mas-de-un-2-este-ano-segun-unespa-eleconomista\/#breadcrumb\"},\"inLanguage\":\"es\",\"potentialAction\":[{\"@type\":\"ReadAction\",\"target\":[\"https:\/\/www.cmalleida.com\/es\/la-facturacion-del-sector-seguros-crecera-mas-de-un-2-este-ano-segun-unespa-eleconomista\/\"]}]},{\"@type\":\"ImageObject\",\"inLanguage\":\"es\",\"@id\":\"https:\/\/www.cmalleida.com\/es\/la-facturacion-del-sector-seguros-crecera-mas-de-un-2-este-ano-segun-unespa-eleconomista\/#primaryimage\",\"url\":\"https:\/\/www.cmalleida.com\/wp-content\/uploads\/cmall-lleida-actualitat-estadistic762.jpg\",\"contentUrl\":\"https:\/\/www.cmalleida.com\/wp-content\/uploads\/cmall-lleida-actualitat-estadistic762.jpg\",\"width\":762,\"height\":762,\"caption\":\"cmall-lleida-actualitat-estadistic762\"},{\"@type\":\"BreadcrumbList\",\"@id\":\"https:\/\/www.cmalleida.com\/es\/la-facturacion-del-sector-seguros-crecera-mas-de-un-2-este-ano-segun-unespa-eleconomista\/#breadcrumb\",\"itemListElement\":[{\"@type\":\"ListItem\",\"position\":1,\"name\":\"Inici\",\"item\":\"https:\/\/www.cmalleida.com\/es\/\"},{\"@type\":\"ListItem\",\"position\":2,\"name\":\"La facturaci\u00f3n del sector seguros crecer\u00e1 m\u00e1s de un 2% este a\u00f1o, seg\u00fan Unespa (elEconomista)\"}]},{\"@type\":\"WebSite\",\"@id\":\"https:\/\/www.cmalleida.com\/es\/#website\",\"url\":\"https:\/\/www.cmalleida.com\/es\/\",\"name\":\"Col\u00b7legi de Mediadors d&#039;Assegurances de Lleida\",\"description\":\"Otro sitio realizado con WordPress\",\"publisher\":{\"@id\":\"https:\/\/www.cmalleida.com\/es\/#organization\"},\"potentialAction\":[{\"@type\":\"SearchAction\",\"target\":{\"@type\":\"EntryPoint\",\"urlTemplate\":\"https:\/\/www.cmalleida.com\/es\/?s={search_term_string}\"},\"query-input\":{\"@type\":\"PropertyValueSpecification\",\"valueRequired\":true,\"valueName\":\"search_term_string\"}}],\"inLanguage\":\"es\"},{\"@type\":\"Organization\",\"@id\":\"https:\/\/www.cmalleida.com\/es\/#organization\",\"name\":\"Col\u00b7legi de Mediadors d'Assegurances de Lleida\",\"url\":\"https:\/\/www.cmalleida.com\/es\/\",\"logo\":{\"@type\":\"ImageObject\",\"inLanguage\":\"es\",\"@id\":\"https:\/\/www.cmalleida.com\/es\/#\/schema\/logo\/image\/\",\"url\":\"\",\"contentUrl\":\"\",\"caption\":\"Col\u00b7legi de Mediadors d'Assegurances de Lleida\"},\"image\":{\"@id\":\"https:\/\/www.cmalleida.com\/es\/#\/schema\/logo\/image\/\"}},{\"@type\":\"Person\",\"@id\":\"https:\/\/www.cmalleida.com\/es\/#\/schema\/person\/bc84b7874fa5ac8a15c15a050fb3b79c\",\"name\":\"Col\u00b7legi Mediadors\",\"image\":{\"@type\":\"ImageObject\",\"inLanguage\":\"es\",\"@id\":\"https:\/\/secure.gravatar.com\/avatar\/05a66e0aafde4a91aea6f2c243b0b99b03dac1cca78dc84298f5e7e7ad4dfd33?s=96&d=mm&r=g\",\"url\":\"https:\/\/secure.gravatar.com\/avatar\/05a66e0aafde4a91aea6f2c243b0b99b03dac1cca78dc84298f5e7e7ad4dfd33?s=96&d=mm&r=g\",\"contentUrl\":\"https:\/\/secure.gravatar.com\/avatar\/05a66e0aafde4a91aea6f2c243b0b99b03dac1cca78dc84298f5e7e7ad4dfd33?s=96&d=mm&r=g\",\"caption\":\"Col\u00b7legi Mediadors\"}}]}<\/script>\n<!-- \/ Yoast SEO plugin. -->","yoast_head_json":{"title":"La facturaci\u00f3n del sector seguros crecer\u00e1 m\u00e1s de un 2% este a\u00f1o, seg\u00fan Unespa (elEconomista) - Col\u00b7legi de Mediadors d&#039;Assegurances de Lleida","robots":{"index":"index","follow":"follow","max-snippet":"max-snippet:-1","max-image-preview":"max-image-preview:large","max-video-preview":"max-video-preview:-1"},"canonical":"https:\/\/www.cmalleida.com\/es\/la-facturacion-del-sector-seguros-crecera-mas-de-un-2-este-ano-segun-unespa-eleconomista\/","og_locale":"es_ES","og_type":"article","og_title":"La facturaci\u00f3n del sector seguros crecer\u00e1 m\u00e1s de un 2% este a\u00f1o, seg\u00fan Unespa (elEconomista) - Col\u00b7legi de Mediadors d&#039;Assegurances de Lleida","og_description":"MADRID, 22 (SERVIMEDIA) La presidenta de la patronal de las aseguradoras Unespa, Pilar Gonz\u00e1lez de Frutos, estima que la facturaci\u00f3n del sector del seguro registrar\u00e1... Llegeix m\u00e9s","og_url":"https:\/\/www.cmalleida.com\/es\/la-facturacion-del-sector-seguros-crecera-mas-de-un-2-este-ano-segun-unespa-eleconomista\/","og_site_name":"Col\u00b7legi de Mediadors d&#039;Assegurances de Lleida","article_published_time":"2018-04-27T09:14:35+00:00","og_image":[{"width":762,"height":762,"url":"https:\/\/www.cmalleida.com\/wp-content\/uploads\/cmall-lleida-actualitat-estadistic762.jpg","type":"image\/jpeg"}],"author":"Col\u00b7legi Mediadors","twitter_card":"summary_large_image","twitter_misc":{"Written by":"Col\u00b7legi Mediadors","Est. reading time":"2 minutos"},"schema":{"@context":"https:\/\/schema.org","@graph":[{"@type":"Article","@id":"https:\/\/www.cmalleida.com\/es\/la-facturacion-del-sector-seguros-crecera-mas-de-un-2-este-ano-segun-unespa-eleconomista\/#article","isPartOf":{"@id":"https:\/\/www.cmalleida.com\/es\/la-facturacion-del-sector-seguros-crecera-mas-de-un-2-este-ano-segun-unespa-eleconomista\/"},"author":{"name":"Col\u00b7legi Mediadors","@id":"https:\/\/www.cmalleida.com\/es\/#\/schema\/person\/bc84b7874fa5ac8a15c15a050fb3b79c"},"headline":"La facturaci\u00f3n del sector seguros crecer\u00e1 m\u00e1s de un 2% este a\u00f1o, seg\u00fan Unespa (elEconomista)","datePublished":"2018-04-27T09:14:35+00:00","mainEntityOfPage":{"@id":"https:\/\/www.cmalleida.com\/es\/la-facturacion-del-sector-seguros-crecera-mas-de-un-2-este-ano-segun-unespa-eleconomista\/"},"wordCount":359,"publisher":{"@id":"https:\/\/www.cmalleida.com\/es\/#organization"},"image":{"@id":"https:\/\/www.cmalleida.com\/es\/la-facturacion-del-sector-seguros-crecera-mas-de-un-2-este-ano-segun-unespa-eleconomista\/#primaryimage"},"thumbnailUrl":"https:\/\/www.cmalleida.com\/wp-content\/uploads\/cmall-lleida-actualitat-estadistic762.jpg","articleSection":["Actualidad"],"inLanguage":"es"},{"@type":"WebPage","@id":"https:\/\/www.cmalleida.com\/es\/la-facturacion-del-sector-seguros-crecera-mas-de-un-2-este-ano-segun-unespa-eleconomista\/","url":"https:\/\/www.cmalleida.com\/es\/la-facturacion-del-sector-seguros-crecera-mas-de-un-2-este-ano-segun-unespa-eleconomista\/","name":"La facturaci\u00f3n del sector seguros crecer\u00e1 m\u00e1s de un 2% este a\u00f1o, seg\u00fan Unespa (elEconomista) - Col\u00b7legi de Mediadors d&#039;Assegurances de Lleida","isPartOf":{"@id":"https:\/\/www.cmalleida.com\/es\/#website"},"primaryImageOfPage":{"@id":"https:\/\/www.cmalleida.com\/es\/la-facturacion-del-sector-seguros-crecera-mas-de-un-2-este-ano-segun-unespa-eleconomista\/#primaryimage"},"image":{"@id":"https:\/\/www.cmalleida.com\/es\/la-facturacion-del-sector-seguros-crecera-mas-de-un-2-este-ano-segun-unespa-eleconomista\/#primaryimage"},"thumbnailUrl":"https:\/\/www.cmalleida.com\/wp-content\/uploads\/cmall-lleida-actualitat-estadistic762.jpg","datePublished":"2018-04-27T09:14:35+00:00","breadcrumb":{"@id":"https:\/\/www.cmalleida.com\/es\/la-facturacion-del-sector-seguros-crecera-mas-de-un-2-este-ano-segun-unespa-eleconomista\/#breadcrumb"},"inLanguage":"es","potentialAction":[{"@type":"ReadAction","target":["https:\/\/www.cmalleida.com\/es\/la-facturacion-del-sector-seguros-crecera-mas-de-un-2-este-ano-segun-unespa-eleconomista\/"]}]},{"@type":"ImageObject","inLanguage":"es","@id":"https:\/\/www.cmalleida.com\/es\/la-facturacion-del-sector-seguros-crecera-mas-de-un-2-este-ano-segun-unespa-eleconomista\/#primaryimage","url":"https:\/\/www.cmalleida.com\/wp-content\/uploads\/cmall-lleida-actualitat-estadistic762.jpg","contentUrl":"https:\/\/www.cmalleida.com\/wp-content\/uploads\/cmall-lleida-actualitat-estadistic762.jpg","width":762,"height":762,"caption":"cmall-lleida-actualitat-estadistic762"},{"@type":"BreadcrumbList","@id":"https:\/\/www.cmalleida.com\/es\/la-facturacion-del-sector-seguros-crecera-mas-de-un-2-este-ano-segun-unespa-eleconomista\/#breadcrumb","itemListElement":[{"@type":"ListItem","position":1,"name":"Inici","item":"https:\/\/www.cmalleida.com\/es\/"},{"@type":"ListItem","position":2,"name":"La facturaci\u00f3n del sector seguros crecer\u00e1 m\u00e1s de un 2% este a\u00f1o, seg\u00fan Unespa (elEconomista)"}]},{"@type":"WebSite","@id":"https:\/\/www.cmalleida.com\/es\/#website","url":"https:\/\/www.cmalleida.com\/es\/","name":"Col\u00b7legi de Mediadors d&#039;Assegurances de Lleida","description":"Otro sitio realizado con WordPress","publisher":{"@id":"https:\/\/www.cmalleida.com\/es\/#organization"},"potentialAction":[{"@type":"SearchAction","target":{"@type":"EntryPoint","urlTemplate":"https:\/\/www.cmalleida.com\/es\/?s={search_term_string}"},"query-input":{"@type":"PropertyValueSpecification","valueRequired":true,"valueName":"search_term_string"}}],"inLanguage":"es"},{"@type":"Organization","@id":"https:\/\/www.cmalleida.com\/es\/#organization","name":"Col\u00b7legi de Mediadors d'Assegurances de Lleida","url":"https:\/\/www.cmalleida.com\/es\/","logo":{"@type":"ImageObject","inLanguage":"es","@id":"https:\/\/www.cmalleida.com\/es\/#\/schema\/logo\/image\/","url":"","contentUrl":"","caption":"Col\u00b7legi de Mediadors d'Assegurances de Lleida"},"image":{"@id":"https:\/\/www.cmalleida.com\/es\/#\/schema\/logo\/image\/"}},{"@type":"Person","@id":"https:\/\/www.cmalleida.com\/es\/#\/schema\/person\/bc84b7874fa5ac8a15c15a050fb3b79c","name":"Col\u00b7legi Mediadors","image":{"@type":"ImageObject","inLanguage":"es","@id":"https:\/\/secure.gravatar.com\/avatar\/05a66e0aafde4a91aea6f2c243b0b99b03dac1cca78dc84298f5e7e7ad4dfd33?s=96&d=mm&r=g","url":"https:\/\/secure.gravatar.com\/avatar\/05a66e0aafde4a91aea6f2c243b0b99b03dac1cca78dc84298f5e7e7ad4dfd33?s=96&d=mm&r=g","contentUrl":"https:\/\/secure.gravatar.com\/avatar\/05a66e0aafde4a91aea6f2c243b0b99b03dac1cca78dc84298f5e7e7ad4dfd33?s=96&d=mm&r=g","caption":"Col\u00b7legi Mediadors"}}]}},"_links":{"self":[{"href":"https:\/\/www.cmalleida.com\/es\/wp-json\/wp\/v2\/posts\/2299","targetHints":{"allow":["GET"]}}],"collection":[{"href":"https:\/\/www.cmalleida.com\/es\/wp-json\/wp\/v2\/posts"}],"about":[{"href":"https:\/\/www.cmalleida.com\/es\/wp-json\/wp\/v2\/types\/post"}],"author":[{"embeddable":true,"href":"https:\/\/www.cmalleida.com\/es\/wp-json\/wp\/v2\/users\/3"}],"replies":[{"embeddable":true,"href":"https:\/\/www.cmalleida.com\/es\/wp-json\/wp\/v2\/comments?post=2299"}],"version-history":[{"count":1,"href":"https:\/\/www.cmalleida.com\/es\/wp-json\/wp\/v2\/posts\/2299\/revisions"}],"predecessor-version":[{"id":2300,"href":"https:\/\/www.cmalleida.com\/es\/wp-json\/wp\/v2\/posts\/2299\/revisions\/2300"}],"wp:featuredmedia":[{"embeddable":true,"href":"https:\/\/www.cmalleida.com\/es\/wp-json\/wp\/v2\/media\/1929"}],"wp:attachment":[{"href":"https:\/\/www.cmalleida.com\/es\/wp-json\/wp\/v2\/media?parent=2299"}],"wp:term":[{"taxonomy":"category","embeddable":true,"href":"https:\/\/www.cmalleida.com\/es\/wp-json\/wp\/v2\/categories?post=2299"},{"taxonomy":"post_tag","embeddable":true,"href":"https:\/\/www.cmalleida.com\/es\/wp-json\/wp\/v2\/tags?post=2299"}],"curies":[{"name":"wp","href":"https:\/\/api.w.org\/{rel}","templated":true}]}}