{"id":2242,"date":"2018-04-26T11:06:15","date_gmt":"2018-04-26T09:06:15","guid":{"rendered":"https:\/\/www.cmalleida.com\/?p=2242"},"modified":"2018-04-26T11:06:15","modified_gmt":"2018-04-26T09:06:15","slug":"necesita-su-pyme-fichar-un-delegado-de-proteccion-de-datos","status":"publish","type":"post","link":"https:\/\/www.cmalleida.com\/es\/necesita-su-pyme-fichar-un-delegado-de-proteccion-de-datos\/","title":{"rendered":"\u00bfNecesita su pyme fichar un delegado de protecci\u00f3n de datos?"},"content":{"rendered":"<p><a href=\"https:\/\/twitter.com\/AgalisteoD\"><em>ALEJANDRO GALISTEO<\/em><\/a><strong><em>\u00a0 <\/em><\/strong><em>MADRID\u00a0\u00a0 <\/em>27 MAR. 2018\u00a0<strong>&#8211; 18:07<\/strong><\/p>\n<p><a href=\"http:\/\/www.expansion.com\/juridico\/actualidad-tendencias\/2018\/01\/14\/5a58ea7422601dc23e8b4631.html\"><em>\u00bfEst\u00e1 preparada su empresa para el nuevo Reglamento de Protecci\u00f3n de Datos?<\/em><\/a><\/p>\n<p><a href=\"http:\/\/www.expansion.com\/juridico\/actualidad-tendencias\/2018\/02\/14\/5a846e9cca4741822f8b4593.html\"><em>Gu\u00eda para ponerse al d\u00eda en protecci\u00f3n de datos<\/em><\/a><\/p>\n<p><em>\u00a0(Expansi\u00f3n 27\/03\/2018)<\/em><\/p>\n<p>En dos meses, ciertas compa\u00f1\u00edas deber\u00e1n contar con un delegado de protecci\u00f3n de datos (DPO). Esta figura tambi\u00e9n participar\u00e1 en la gesti\u00f3n de la actividad de algunas &#8216;start up&#8217;.<\/p>\n<p>El d\u00eda 25 de mayo comienza a aplicarse el nuevo reglamento europeo de protecci\u00f3n de datos, una disposici\u00f3n que, a escasos dos meses de ponerse en pr\u00e1ctica, cambiar\u00e1 la forma en la que las pymes adquieren y utilizan la informaci\u00f3n de sus clientes. As\u00ed, todos los negocios van a tener que acostumbrarse a gestionar las operaciones de un modo diferente.<\/p>\n<p>Entre las novedades que incluye la ley hay una que destaca por encima del resto: ciertos negocios est\u00e1n obligados a incorporar la figura del delegado de protecci\u00f3n de datos (DPO, por sus siglas en ingl\u00e9s). Pero no todas las compa\u00f1\u00edas van a tener que fichar a un nuevo socio en escasos dos meses. Adem\u00e1s de las administraciones p\u00fablicas, lo tendr\u00e1n que hacer las que por su actividad se dedican a gestionar datos de alto riesgo -sensibles, de categor\u00edas especiales o relacionados con condenas o delitos penales- y las que manejan un volumen de informaci\u00f3n alto.<\/p>\n<p><strong>\u00bfQui\u00e9n necesita un DPO?<\/strong>\u00a0\u00abLo primero que hay que recordar es que, con independencia de que una pyme tenga o no que fichar un DPO, todas van a tener que hacer un trabajo de adecuaci\u00f3n a la norma, es decir, a trabajar en el cumplimiento, el consentimiento de cesi\u00f3n de datos y los an\u00e1lisis de riesgos de la informaci\u00f3n\u00bb, se\u00f1ala Carlos S\u00e1iz, socio de Ecix y presidente de Cumplen.<\/p>\n<p>Ahora bien, el reglamento no se\u00f1ala expl\u00edcitamente qu\u00e9 empresa debe fichar a un nuevo socio, sino que se refiere a tratamientos, \u00abcuando sean masivos o pueda haber riesgos graves para las personas\u00bb, explica S\u00e1iz. As\u00ed, existen ciertas compa\u00f1\u00edas que operan en sectores considerados como categor\u00edas especiales o sensibles. \u00abEs probable que algunas de ellas ya cumplan con la normativa de protecci\u00f3n de datos, pero antes de decidirse a fichar un DPO deben analizarse a s\u00ed mismas\u00bb, afirma Miquel Fortuny, socio director de FortunyLegal.<\/p>\n<p>Es decir, los responsables de la compa\u00f1\u00eda tienen que valorar la cantidad de datos que tratan, el impacto que pueden provocar en sus clientes si se filtra la informaci\u00f3n y los procesos del negocio por los que los filtran.<\/p>\n<p><strong>Dos tipos de pyme<\/strong>. Por un lado, hay que se\u00f1alar a las pymes que usan los denominados datos sensibles o de colectivos de riesgo: Por ejemplo, entidades financieras, empresas de seguridad privada, cl\u00ednicas sanitarias, compa\u00f1\u00edas de seguros, o entidades de inversi\u00f3n.<\/p>\n<p>As\u00ed, estas compa\u00f1\u00edas deben considerar si tratan datos de ni\u00f1os, de personajes relevantes o de v\u00edctimas de violencia de g\u00e9nero, los denominados colectivos de riesgo.<\/p>\n<p>Por otro lado, est\u00e1n las empresas cuyo grueso de negocio es el uso de datos a trav\u00e9s de nuevas tecnolog\u00edas. \u00abDeben tomarse muy en serio este asunto las start up que, pese a tener pocos empleados, puedan geolocalizar a sus clientes a trav\u00e9s de una aplicaci\u00f3n en el m\u00f3vil\u00bb, explica S\u00e1iz.<\/p>\n<p><strong>D\u00f3nde encontrar al DPO<\/strong>. Al igual que sucede en la prevenci\u00f3n de riesgos laborales, muchas compa\u00f1\u00edas pueden optar por externalizar este servicio. Sin embargo, es posible que haya negocios que opten por que alguien de su plantilla asuma esta responsabilidad. \u00abPuede tocarle a los encargados de organizar procesos, a un asesor interno, como un abogado, y a los inform\u00e1ticos. Siempre convalid\u00e1ndolo con el resto de funciones que ya desempe\u00f1an\u00bb, explica S\u00e1iz.<\/p>\n<p>Respecto a esta figura, Fortuny se\u00f1ala que es importante que disponga de independencia en la compa\u00f1\u00eda. \u00abNo tiene que depender directamente de un jefe, debe estar en contacto directo con un \u00f3rgano de administraci\u00f3n\u00bb, concluye.<\/p>\n<h3>Prevenci\u00f3n y medidas de seguridad<\/h3>\n<p>\u00abA la hora de prevenir las brechas de seguridad y facilitar el trabajo al delegado de protecci\u00f3n de datos es fundamental crear una cultura de privacidad en la pyme\u00bb, se\u00f1ala Carlos S\u00e1iz, de Ecix. Por eso, es importante facilitar formaci\u00f3n continua a todos los miembros de la plantilla de una empresa. Con esto se evitan riesgos de que cualquier trabajador realice un mal tratamiento de la informaci\u00f3n. En este sentido, aplicar ciertas pr\u00e1cticas como la informaci\u00f3n cifrada, las copias de seguridad o la renovaci\u00f3n peri\u00f3dica de las contrase\u00f1as son prevenciones t\u00e9cnicas simples, pero que conviene recordar. Otras medidas de tipo organizativo pueden ser controlar qui\u00e9n accede a los datos, en qu\u00e9 momento, y no permitir que salga un soporte de la organizaci\u00f3n, como un &#8216;pendrive&#8217;, sin cifrar. \u00abCon el reglamento europeo por fin tendremos leyes preventivas en Espa\u00f1a\u00bb, afirma Miquel Fortuny, de FortunyLegal. Seg\u00fan el experto, esto disminuye el riesgo de sanci\u00f3n. \u00abLa Agencia Espa\u00f1ola de Protecci\u00f3n de Datos, el \u00f3rgano encargado de gestionar el tratamiento en nuestro pa\u00eds, avisar\u00e1 antes de multar, lo que es un gui\u00f1o a la pyme\u00bb.<\/p>\n<h3>Plazos y sanciones<\/h3>\n<ul>\n<li><strong>Brechas de seguridad.<\/strong>Antes de que el reglamento fuera de obligado cumplimiento, si una pyme sufr\u00eda un ataque inform\u00e1tico s\u00f3lo conoc\u00edan esta contingencia sus gestores. Ahora, se le obliga a informar a la AEPD en un plazo de 72 horas desde el fallo con un primer an\u00e1lisis de lo acontecido. Adem\u00e1s, la compa\u00f1\u00eda tambi\u00e9n debe informar a los posibles afectados por el fallo, por lo que entra en juego el prestigio de la empresa.<\/li>\n<li><strong>Limitaci\u00f3n del tratamiento.<\/strong>Si un usuario pide que sus datos sean eliminados en el registro de una empresa, \u00e9sta dispone de un plazo de un mes para realizarlo, o de tres si justifica ante la autoridad que es informaci\u00f3n muy compleja. Pero est\u00e1 obligada a ir eliminando su tratamiento en los aspectos que sean m\u00e1s relevantes para el usuario.<\/li>\n<li>Las multas por incumplir el reglamento se elevan hasta los 20 millones de euros o el 4% de su facturaci\u00f3n anual, la cuant\u00eda m\u00e1s elevada.<\/li>\n<\/ul>\n","protected":false},"excerpt":{"rendered":"<p>ALEJANDRO GALISTEO\u00a0 MADRID\u00a0\u00a0 27 MAR. 2018\u00a0&#8211; 18:07 \u00bfEst\u00e1 preparada su empresa para el nuevo Reglamento de Protecci\u00f3n de Datos? Gu\u00eda para ponerse al d\u00eda en&#8230; <a href=\"https:\/\/www.cmalleida.com\/es\/necesita-su-pyme-fichar-un-delegado-de-proteccion-de-datos\/\" rel=\"nofollow\" class=\"lollegirmes\">Llegeix m\u00e9s<\/a><\/p>\n","protected":false},"author":3,"featured_media":1861,"comment_status":"closed","ping_status":"closed","sticky":false,"template":"","format":"standard","meta":{"_acf_changed":false,"_genesis_hide_title":false,"_genesis_hide_breadcrumbs":false,"_genesis_hide_singular_image":false,"_genesis_hide_footer_widgets":false,"_genesis_custom_body_class":"","_genesis_custom_post_class":"","_genesis_layout":"","footnotes":""},"categories":[28],"tags":[],"class_list":{"0":"post-2242","1":"post","2":"type-post","3":"status-publish","4":"format-standard","5":"has-post-thumbnail","7":"category-actualidad","8":"entry"},"acf":[],"yoast_head":"<!-- This site is optimized with the Yoast SEO plugin v27.2 - https:\/\/yoast.com\/product\/yoast-seo-wordpress\/ -->\n<title>\u00bfNecesita su pyme fichar un delegado de protecci\u00f3n de datos? - Col\u00b7legi de Mediadors d&#039;Assegurances de Lleida<\/title>\n<meta name=\"robots\" content=\"index, follow, max-snippet:-1, max-image-preview:large, max-video-preview:-1\" \/>\n<link rel=\"canonical\" href=\"https:\/\/www.cmalleida.com\/es\/necesita-su-pyme-fichar-un-delegado-de-proteccion-de-datos\/\" \/>\n<meta property=\"og:locale\" content=\"es_ES\" \/>\n<meta property=\"og:type\" content=\"article\" \/>\n<meta property=\"og:title\" content=\"\u00bfNecesita su pyme fichar un delegado de protecci\u00f3n de datos? - Col\u00b7legi de Mediadors d&#039;Assegurances de Lleida\" \/>\n<meta property=\"og:description\" content=\"ALEJANDRO GALISTEO\u00a0 MADRID\u00a0\u00a0 27 MAR. 2018\u00a0&#8211; 18:07 \u00bfEst\u00e1 preparada su empresa para el nuevo Reglamento de Protecci\u00f3n de Datos? Gu\u00eda para ponerse al d\u00eda en... Llegeix m\u00e9s\" \/>\n<meta property=\"og:url\" content=\"https:\/\/www.cmalleida.com\/es\/necesita-su-pyme-fichar-un-delegado-de-proteccion-de-datos\/\" \/>\n<meta property=\"og:site_name\" content=\"Col\u00b7legi de Mediadors d&#039;Assegurances de Lleida\" \/>\n<meta property=\"article:published_time\" content=\"2018-04-26T09:06:15+00:00\" \/>\n<meta property=\"og:image\" content=\"https:\/\/www.cmalleida.com\/wp-content\/uploads\/cmall-lleida-actualitat-autonom762.jpg\" \/>\n\t<meta property=\"og:image:width\" content=\"762\" \/>\n\t<meta property=\"og:image:height\" content=\"762\" \/>\n\t<meta property=\"og:image:type\" content=\"image\/jpeg\" \/>\n<meta name=\"author\" content=\"Col\u00b7legi Mediadors\" \/>\n<meta name=\"twitter:card\" content=\"summary_large_image\" \/>\n<meta name=\"twitter:label1\" content=\"Written by\" \/>\n\t<meta name=\"twitter:data1\" content=\"Col\u00b7legi Mediadors\" \/>\n\t<meta name=\"twitter:label2\" content=\"Est. reading time\" \/>\n\t<meta name=\"twitter:data2\" content=\"5 minutos\" \/>\n<script type=\"application\/ld+json\" class=\"yoast-schema-graph\">{\"@context\":\"https:\/\/schema.org\",\"@graph\":[{\"@type\":\"Article\",\"@id\":\"https:\/\/www.cmalleida.com\/es\/necesita-su-pyme-fichar-un-delegado-de-proteccion-de-datos\/#article\",\"isPartOf\":{\"@id\":\"https:\/\/www.cmalleida.com\/es\/necesita-su-pyme-fichar-un-delegado-de-proteccion-de-datos\/\"},\"author\":{\"name\":\"Col\u00b7legi Mediadors\",\"@id\":\"https:\/\/www.cmalleida.com\/es\/#\/schema\/person\/bc84b7874fa5ac8a15c15a050fb3b79c\"},\"headline\":\"\u00bfNecesita su pyme fichar un delegado de protecci\u00f3n de datos?\",\"datePublished\":\"2018-04-26T09:06:15+00:00\",\"mainEntityOfPage\":{\"@id\":\"https:\/\/www.cmalleida.com\/es\/necesita-su-pyme-fichar-un-delegado-de-proteccion-de-datos\/\"},\"wordCount\":1078,\"publisher\":{\"@id\":\"https:\/\/www.cmalleida.com\/es\/#organization\"},\"image\":{\"@id\":\"https:\/\/www.cmalleida.com\/es\/necesita-su-pyme-fichar-un-delegado-de-proteccion-de-datos\/#primaryimage\"},\"thumbnailUrl\":\"https:\/\/www.cmalleida.com\/wp-content\/uploads\/cmall-lleida-actualitat-autonom762.jpg\",\"articleSection\":[\"Actualidad\"],\"inLanguage\":\"es\"},{\"@type\":\"WebPage\",\"@id\":\"https:\/\/www.cmalleida.com\/es\/necesita-su-pyme-fichar-un-delegado-de-proteccion-de-datos\/\",\"url\":\"https:\/\/www.cmalleida.com\/es\/necesita-su-pyme-fichar-un-delegado-de-proteccion-de-datos\/\",\"name\":\"\u00bfNecesita su pyme fichar un delegado de protecci\u00f3n de datos? - Col\u00b7legi de Mediadors d&#039;Assegurances de Lleida\",\"isPartOf\":{\"@id\":\"https:\/\/www.cmalleida.com\/es\/#website\"},\"primaryImageOfPage\":{\"@id\":\"https:\/\/www.cmalleida.com\/es\/necesita-su-pyme-fichar-un-delegado-de-proteccion-de-datos\/#primaryimage\"},\"image\":{\"@id\":\"https:\/\/www.cmalleida.com\/es\/necesita-su-pyme-fichar-un-delegado-de-proteccion-de-datos\/#primaryimage\"},\"thumbnailUrl\":\"https:\/\/www.cmalleida.com\/wp-content\/uploads\/cmall-lleida-actualitat-autonom762.jpg\",\"datePublished\":\"2018-04-26T09:06:15+00:00\",\"breadcrumb\":{\"@id\":\"https:\/\/www.cmalleida.com\/es\/necesita-su-pyme-fichar-un-delegado-de-proteccion-de-datos\/#breadcrumb\"},\"inLanguage\":\"es\",\"potentialAction\":[{\"@type\":\"ReadAction\",\"target\":[\"https:\/\/www.cmalleida.com\/es\/necesita-su-pyme-fichar-un-delegado-de-proteccion-de-datos\/\"]}]},{\"@type\":\"ImageObject\",\"inLanguage\":\"es\",\"@id\":\"https:\/\/www.cmalleida.com\/es\/necesita-su-pyme-fichar-un-delegado-de-proteccion-de-datos\/#primaryimage\",\"url\":\"https:\/\/www.cmalleida.com\/wp-content\/uploads\/cmall-lleida-actualitat-autonom762.jpg\",\"contentUrl\":\"https:\/\/www.cmalleida.com\/wp-content\/uploads\/cmall-lleida-actualitat-autonom762.jpg\",\"width\":762,\"height\":762,\"caption\":\"cmall-lleida-actualitat-AUTONOM762\"},{\"@type\":\"BreadcrumbList\",\"@id\":\"https:\/\/www.cmalleida.com\/es\/necesita-su-pyme-fichar-un-delegado-de-proteccion-de-datos\/#breadcrumb\",\"itemListElement\":[{\"@type\":\"ListItem\",\"position\":1,\"name\":\"Inici\",\"item\":\"https:\/\/www.cmalleida.com\/es\/\"},{\"@type\":\"ListItem\",\"position\":2,\"name\":\"\u00bfNecesita su pyme fichar un delegado de protecci\u00f3n de datos?\"}]},{\"@type\":\"WebSite\",\"@id\":\"https:\/\/www.cmalleida.com\/es\/#website\",\"url\":\"https:\/\/www.cmalleida.com\/es\/\",\"name\":\"Col\u00b7legi de Mediadors d&#039;Assegurances de Lleida\",\"description\":\"Otro sitio realizado con WordPress\",\"publisher\":{\"@id\":\"https:\/\/www.cmalleida.com\/es\/#organization\"},\"potentialAction\":[{\"@type\":\"SearchAction\",\"target\":{\"@type\":\"EntryPoint\",\"urlTemplate\":\"https:\/\/www.cmalleida.com\/es\/?s={search_term_string}\"},\"query-input\":{\"@type\":\"PropertyValueSpecification\",\"valueRequired\":true,\"valueName\":\"search_term_string\"}}],\"inLanguage\":\"es\"},{\"@type\":\"Organization\",\"@id\":\"https:\/\/www.cmalleida.com\/es\/#organization\",\"name\":\"Col\u00b7legi de Mediadors d'Assegurances de Lleida\",\"url\":\"https:\/\/www.cmalleida.com\/es\/\",\"logo\":{\"@type\":\"ImageObject\",\"inLanguage\":\"es\",\"@id\":\"https:\/\/www.cmalleida.com\/es\/#\/schema\/logo\/image\/\",\"url\":\"\",\"contentUrl\":\"\",\"caption\":\"Col\u00b7legi de Mediadors d'Assegurances de Lleida\"},\"image\":{\"@id\":\"https:\/\/www.cmalleida.com\/es\/#\/schema\/logo\/image\/\"}},{\"@type\":\"Person\",\"@id\":\"https:\/\/www.cmalleida.com\/es\/#\/schema\/person\/bc84b7874fa5ac8a15c15a050fb3b79c\",\"name\":\"Col\u00b7legi Mediadors\",\"image\":{\"@type\":\"ImageObject\",\"inLanguage\":\"es\",\"@id\":\"https:\/\/secure.gravatar.com\/avatar\/05a66e0aafde4a91aea6f2c243b0b99b03dac1cca78dc84298f5e7e7ad4dfd33?s=96&d=mm&r=g\",\"url\":\"https:\/\/secure.gravatar.com\/avatar\/05a66e0aafde4a91aea6f2c243b0b99b03dac1cca78dc84298f5e7e7ad4dfd33?s=96&d=mm&r=g\",\"contentUrl\":\"https:\/\/secure.gravatar.com\/avatar\/05a66e0aafde4a91aea6f2c243b0b99b03dac1cca78dc84298f5e7e7ad4dfd33?s=96&d=mm&r=g\",\"caption\":\"Col\u00b7legi Mediadors\"}}]}<\/script>\n<!-- \/ Yoast SEO plugin. -->","yoast_head_json":{"title":"\u00bfNecesita su pyme fichar un delegado de protecci\u00f3n de datos? - Col\u00b7legi de Mediadors d&#039;Assegurances de Lleida","robots":{"index":"index","follow":"follow","max-snippet":"max-snippet:-1","max-image-preview":"max-image-preview:large","max-video-preview":"max-video-preview:-1"},"canonical":"https:\/\/www.cmalleida.com\/es\/necesita-su-pyme-fichar-un-delegado-de-proteccion-de-datos\/","og_locale":"es_ES","og_type":"article","og_title":"\u00bfNecesita su pyme fichar un delegado de protecci\u00f3n de datos? - Col\u00b7legi de Mediadors d&#039;Assegurances de Lleida","og_description":"ALEJANDRO GALISTEO\u00a0 MADRID\u00a0\u00a0 27 MAR. 2018\u00a0&#8211; 18:07 \u00bfEst\u00e1 preparada su empresa para el nuevo Reglamento de Protecci\u00f3n de Datos? Gu\u00eda para ponerse al d\u00eda en... Llegeix m\u00e9s","og_url":"https:\/\/www.cmalleida.com\/es\/necesita-su-pyme-fichar-un-delegado-de-proteccion-de-datos\/","og_site_name":"Col\u00b7legi de Mediadors d&#039;Assegurances de Lleida","article_published_time":"2018-04-26T09:06:15+00:00","og_image":[{"width":762,"height":762,"url":"https:\/\/www.cmalleida.com\/wp-content\/uploads\/cmall-lleida-actualitat-autonom762.jpg","type":"image\/jpeg"}],"author":"Col\u00b7legi Mediadors","twitter_card":"summary_large_image","twitter_misc":{"Written by":"Col\u00b7legi Mediadors","Est. reading time":"5 minutos"},"schema":{"@context":"https:\/\/schema.org","@graph":[{"@type":"Article","@id":"https:\/\/www.cmalleida.com\/es\/necesita-su-pyme-fichar-un-delegado-de-proteccion-de-datos\/#article","isPartOf":{"@id":"https:\/\/www.cmalleida.com\/es\/necesita-su-pyme-fichar-un-delegado-de-proteccion-de-datos\/"},"author":{"name":"Col\u00b7legi Mediadors","@id":"https:\/\/www.cmalleida.com\/es\/#\/schema\/person\/bc84b7874fa5ac8a15c15a050fb3b79c"},"headline":"\u00bfNecesita su pyme fichar un delegado de protecci\u00f3n de datos?","datePublished":"2018-04-26T09:06:15+00:00","mainEntityOfPage":{"@id":"https:\/\/www.cmalleida.com\/es\/necesita-su-pyme-fichar-un-delegado-de-proteccion-de-datos\/"},"wordCount":1078,"publisher":{"@id":"https:\/\/www.cmalleida.com\/es\/#organization"},"image":{"@id":"https:\/\/www.cmalleida.com\/es\/necesita-su-pyme-fichar-un-delegado-de-proteccion-de-datos\/#primaryimage"},"thumbnailUrl":"https:\/\/www.cmalleida.com\/wp-content\/uploads\/cmall-lleida-actualitat-autonom762.jpg","articleSection":["Actualidad"],"inLanguage":"es"},{"@type":"WebPage","@id":"https:\/\/www.cmalleida.com\/es\/necesita-su-pyme-fichar-un-delegado-de-proteccion-de-datos\/","url":"https:\/\/www.cmalleida.com\/es\/necesita-su-pyme-fichar-un-delegado-de-proteccion-de-datos\/","name":"\u00bfNecesita su pyme fichar un delegado de protecci\u00f3n de datos? - Col\u00b7legi de Mediadors d&#039;Assegurances de Lleida","isPartOf":{"@id":"https:\/\/www.cmalleida.com\/es\/#website"},"primaryImageOfPage":{"@id":"https:\/\/www.cmalleida.com\/es\/necesita-su-pyme-fichar-un-delegado-de-proteccion-de-datos\/#primaryimage"},"image":{"@id":"https:\/\/www.cmalleida.com\/es\/necesita-su-pyme-fichar-un-delegado-de-proteccion-de-datos\/#primaryimage"},"thumbnailUrl":"https:\/\/www.cmalleida.com\/wp-content\/uploads\/cmall-lleida-actualitat-autonom762.jpg","datePublished":"2018-04-26T09:06:15+00:00","breadcrumb":{"@id":"https:\/\/www.cmalleida.com\/es\/necesita-su-pyme-fichar-un-delegado-de-proteccion-de-datos\/#breadcrumb"},"inLanguage":"es","potentialAction":[{"@type":"ReadAction","target":["https:\/\/www.cmalleida.com\/es\/necesita-su-pyme-fichar-un-delegado-de-proteccion-de-datos\/"]}]},{"@type":"ImageObject","inLanguage":"es","@id":"https:\/\/www.cmalleida.com\/es\/necesita-su-pyme-fichar-un-delegado-de-proteccion-de-datos\/#primaryimage","url":"https:\/\/www.cmalleida.com\/wp-content\/uploads\/cmall-lleida-actualitat-autonom762.jpg","contentUrl":"https:\/\/www.cmalleida.com\/wp-content\/uploads\/cmall-lleida-actualitat-autonom762.jpg","width":762,"height":762,"caption":"cmall-lleida-actualitat-AUTONOM762"},{"@type":"BreadcrumbList","@id":"https:\/\/www.cmalleida.com\/es\/necesita-su-pyme-fichar-un-delegado-de-proteccion-de-datos\/#breadcrumb","itemListElement":[{"@type":"ListItem","position":1,"name":"Inici","item":"https:\/\/www.cmalleida.com\/es\/"},{"@type":"ListItem","position":2,"name":"\u00bfNecesita su pyme fichar un delegado de protecci\u00f3n de datos?"}]},{"@type":"WebSite","@id":"https:\/\/www.cmalleida.com\/es\/#website","url":"https:\/\/www.cmalleida.com\/es\/","name":"Col\u00b7legi de Mediadors d&#039;Assegurances de Lleida","description":"Otro sitio realizado con WordPress","publisher":{"@id":"https:\/\/www.cmalleida.com\/es\/#organization"},"potentialAction":[{"@type":"SearchAction","target":{"@type":"EntryPoint","urlTemplate":"https:\/\/www.cmalleida.com\/es\/?s={search_term_string}"},"query-input":{"@type":"PropertyValueSpecification","valueRequired":true,"valueName":"search_term_string"}}],"inLanguage":"es"},{"@type":"Organization","@id":"https:\/\/www.cmalleida.com\/es\/#organization","name":"Col\u00b7legi de Mediadors d'Assegurances de Lleida","url":"https:\/\/www.cmalleida.com\/es\/","logo":{"@type":"ImageObject","inLanguage":"es","@id":"https:\/\/www.cmalleida.com\/es\/#\/schema\/logo\/image\/","url":"","contentUrl":"","caption":"Col\u00b7legi de Mediadors d'Assegurances de Lleida"},"image":{"@id":"https:\/\/www.cmalleida.com\/es\/#\/schema\/logo\/image\/"}},{"@type":"Person","@id":"https:\/\/www.cmalleida.com\/es\/#\/schema\/person\/bc84b7874fa5ac8a15c15a050fb3b79c","name":"Col\u00b7legi Mediadors","image":{"@type":"ImageObject","inLanguage":"es","@id":"https:\/\/secure.gravatar.com\/avatar\/05a66e0aafde4a91aea6f2c243b0b99b03dac1cca78dc84298f5e7e7ad4dfd33?s=96&d=mm&r=g","url":"https:\/\/secure.gravatar.com\/avatar\/05a66e0aafde4a91aea6f2c243b0b99b03dac1cca78dc84298f5e7e7ad4dfd33?s=96&d=mm&r=g","contentUrl":"https:\/\/secure.gravatar.com\/avatar\/05a66e0aafde4a91aea6f2c243b0b99b03dac1cca78dc84298f5e7e7ad4dfd33?s=96&d=mm&r=g","caption":"Col\u00b7legi Mediadors"}}]}},"_links":{"self":[{"href":"https:\/\/www.cmalleida.com\/es\/wp-json\/wp\/v2\/posts\/2242","targetHints":{"allow":["GET"]}}],"collection":[{"href":"https:\/\/www.cmalleida.com\/es\/wp-json\/wp\/v2\/posts"}],"about":[{"href":"https:\/\/www.cmalleida.com\/es\/wp-json\/wp\/v2\/types\/post"}],"author":[{"embeddable":true,"href":"https:\/\/www.cmalleida.com\/es\/wp-json\/wp\/v2\/users\/3"}],"replies":[{"embeddable":true,"href":"https:\/\/www.cmalleida.com\/es\/wp-json\/wp\/v2\/comments?post=2242"}],"version-history":[{"count":1,"href":"https:\/\/www.cmalleida.com\/es\/wp-json\/wp\/v2\/posts\/2242\/revisions"}],"predecessor-version":[{"id":2243,"href":"https:\/\/www.cmalleida.com\/es\/wp-json\/wp\/v2\/posts\/2242\/revisions\/2243"}],"wp:featuredmedia":[{"embeddable":true,"href":"https:\/\/www.cmalleida.com\/es\/wp-json\/wp\/v2\/media\/1861"}],"wp:attachment":[{"href":"https:\/\/www.cmalleida.com\/es\/wp-json\/wp\/v2\/media?parent=2242"}],"wp:term":[{"taxonomy":"category","embeddable":true,"href":"https:\/\/www.cmalleida.com\/es\/wp-json\/wp\/v2\/categories?post=2242"},{"taxonomy":"post_tag","embeddable":true,"href":"https:\/\/www.cmalleida.com\/es\/wp-json\/wp\/v2\/tags?post=2242"}],"curies":[{"name":"wp","href":"https:\/\/api.w.org\/{rel}","templated":true}]}}