{"id":2240,"date":"2018-04-26T11:04:08","date_gmt":"2018-04-26T09:04:08","guid":{"rendered":"https:\/\/www.cmalleida.com\/?p=2240"},"modified":"2018-04-26T11:04:08","modified_gmt":"2018-04-26T09:04:08","slug":"el-seguro-para-moviles-crecio-un-15-en-2017-la-vanguardia-03-04-2018","status":"publish","type":"post","link":"https:\/\/www.cmalleida.com\/es\/el-seguro-para-moviles-crecio-un-15-en-2017-la-vanguardia-03-04-2018\/","title":{"rendered":"El seguro para m\u00f3viles creci\u00f3 un 15% en 2017 (La Vanguardia 03\/04\/2018)"},"content":{"rendered":"<h3><em>Los usuarios se preocupan por tener garant\u00edas en caso de robo, la entrada de l\u00edquidos en el interior del dispositivo y la rotura de la pantalla<\/em><\/h3>\n<h5>\u00a0<strong>ANNA CORS 3-04-2018 5:35<\/strong><\/h5>\n<p>Cada vez concedemos una mayor importancia a nuestro tel\u00e9fono m\u00f3vil. Eso es al menos lo que muestra el importante crecimiento que han experimentado en el \u00faltimo a\u00f1o las p\u00f3lizas de seguros para m\u00f3viles. Seg\u00fan la multinacional aseguradora CPP Group Spain, l\u00edder en servicios de protecci\u00f3n y asistencia,\u00a0<strong>la contrataci\u00f3n de p\u00f3lizas para m\u00f3viles ha crecido un 15% en relaci\u00f3n a 2016. Las principales razones de este incremento hay que buscarlas en los costes elevados de reparaci\u00f3n de este tipo de dispositivos y tambi\u00e9n en el precio de compra<\/strong>.<\/p>\n<p>El inter\u00e9s de los usuarios por contratar un seguro para su m\u00f3vil se ha disparado en los \u00faltimos cinco a\u00f1os y la raz\u00f3n hay que buscarla en el cambio de pol\u00edtica de las compa\u00f1\u00edas de telecomunicaciones. En palabras de Jos\u00e9 Luis Fern\u00e1ndez Day, CEO para el sur de Europa de CPP Group, en este per\u00edodo,\u00a0<strong>\u201cel coste ha pasado de ser asumido por las telef\u00f3nicas a ser asumido por el usuario final\u201d<\/strong>. La consecuencia de este cambio es \u201cque ha aumentado el miedo a extraviarlo o de que sufra alg\u00fan siniestro\u201d.<\/p>\n<p>A la hora de explicar las razones por las que se decide contratar una p\u00f3liza de seguros para el m\u00f3vil, los usuarios destacan tres argumentos principales:\u00a0<strong>el robo, la entrada de l\u00edquidos en el interior y la rotura de la pantalla<\/strong>.<\/p>\n<p>Los datos revelan que los madrile\u00f1os son los espa\u00f1oles que m\u00e1s inter\u00e9s muestran por garantizar la seguridad de sus\u00a0<em>smartphones<\/em>, por delante de los alaveses, grancanarios. Con todo, por autonom\u00edas, fueron los asturianos (44%), los riojanos (34%) y los c\u00e1ntabros (30%) los que registraron un mayor crecimiento en la contrataci\u00f3n de este tipo de p\u00f3lizas.<\/p>\n<p><strong>Samgsum, Apple y Huawei<\/strong>\u00a0son las marcas de m\u00f3viles que acaparan los seguros para este tipo de dispositivos.\u00a0<strong>Entre las tres suman el 93% de las p\u00f3lizas contratadas en nuestro pa\u00eds<\/strong>.<\/p>\n<p>&nbsp;<\/p>\n","protected":false},"excerpt":{"rendered":"<p>Los usuarios se preocupan por tener garant\u00edas en caso de robo, la entrada de l\u00edquidos en el interior del dispositivo y la rotura de la&#8230; <a href=\"https:\/\/www.cmalleida.com\/es\/el-seguro-para-moviles-crecio-un-15-en-2017-la-vanguardia-03-04-2018\/\" rel=\"nofollow\" class=\"lollegirmes\">Llegeix m\u00e9s<\/a><\/p>\n","protected":false},"author":3,"featured_media":2004,"comment_status":"closed","ping_status":"closed","sticky":false,"template":"","format":"standard","meta":{"_acf_changed":false,"_genesis_hide_title":false,"_genesis_hide_breadcrumbs":false,"_genesis_hide_singular_image":false,"_genesis_hide_footer_widgets":false,"_genesis_custom_body_class":"","_genesis_custom_post_class":"","_genesis_layout":"","footnotes":""},"categories":[28],"tags":[],"class_list":{"0":"post-2240","1":"post","2":"type-post","3":"status-publish","4":"format-standard","5":"has-post-thumbnail","7":"category-actualidad","8":"entry"},"acf":[],"yoast_head":"<!-- This site is optimized with the Yoast SEO plugin v27.2 - https:\/\/yoast.com\/product\/yoast-seo-wordpress\/ -->\n<title>El seguro para m\u00f3viles creci\u00f3 un 15% en 2017 (La Vanguardia 03\/04\/2018) - Col\u00b7legi de Mediadors d&#039;Assegurances de Lleida<\/title>\n<meta name=\"robots\" content=\"index, follow, max-snippet:-1, max-image-preview:large, max-video-preview:-1\" \/>\n<link rel=\"canonical\" href=\"https:\/\/www.cmalleida.com\/es\/el-seguro-para-moviles-crecio-un-15-en-2017-la-vanguardia-03-04-2018\/\" \/>\n<meta property=\"og:locale\" content=\"es_ES\" \/>\n<meta property=\"og:type\" content=\"article\" \/>\n<meta property=\"og:title\" content=\"El seguro para m\u00f3viles creci\u00f3 un 15% en 2017 (La Vanguardia 03\/04\/2018) - Col\u00b7legi de Mediadors d&#039;Assegurances de Lleida\" \/>\n<meta property=\"og:description\" content=\"Los usuarios se preocupan por tener garant\u00edas en caso de robo, la entrada de l\u00edquidos en el interior del dispositivo y la rotura de la... Llegeix m\u00e9s\" \/>\n<meta property=\"og:url\" content=\"https:\/\/www.cmalleida.com\/es\/el-seguro-para-moviles-crecio-un-15-en-2017-la-vanguardia-03-04-2018\/\" \/>\n<meta property=\"og:site_name\" content=\"Col\u00b7legi de Mediadors d&#039;Assegurances de Lleida\" \/>\n<meta property=\"article:published_time\" content=\"2018-04-26T09:04:08+00:00\" \/>\n<meta property=\"og:image\" content=\"https:\/\/www.cmalleida.com\/wp-content\/uploads\/cmall-lleida-actualitat-movil762.jpg\" \/>\n\t<meta property=\"og:image:width\" content=\"762\" \/>\n\t<meta property=\"og:image:height\" content=\"762\" \/>\n\t<meta property=\"og:image:type\" content=\"image\/jpeg\" \/>\n<meta name=\"author\" content=\"Col\u00b7legi Mediadors\" \/>\n<meta name=\"twitter:card\" content=\"summary_large_image\" \/>\n<meta name=\"twitter:label1\" content=\"Written by\" \/>\n\t<meta name=\"twitter:data1\" content=\"Col\u00b7legi Mediadors\" \/>\n\t<meta name=\"twitter:label2\" content=\"Est. reading time\" \/>\n\t<meta name=\"twitter:data2\" content=\"2 minutos\" \/>\n<script type=\"application\/ld+json\" class=\"yoast-schema-graph\">{\"@context\":\"https:\/\/schema.org\",\"@graph\":[{\"@type\":\"Article\",\"@id\":\"https:\/\/www.cmalleida.com\/es\/el-seguro-para-moviles-crecio-un-15-en-2017-la-vanguardia-03-04-2018\/#article\",\"isPartOf\":{\"@id\":\"https:\/\/www.cmalleida.com\/es\/el-seguro-para-moviles-crecio-un-15-en-2017-la-vanguardia-03-04-2018\/\"},\"author\":{\"name\":\"Col\u00b7legi Mediadors\",\"@id\":\"https:\/\/www.cmalleida.com\/es\/#\/schema\/person\/bc84b7874fa5ac8a15c15a050fb3b79c\"},\"headline\":\"El seguro para m\u00f3viles creci\u00f3 un 15% en 2017 (La Vanguardia 03\/04\/2018)\",\"datePublished\":\"2018-04-26T09:04:08+00:00\",\"mainEntityOfPage\":{\"@id\":\"https:\/\/www.cmalleida.com\/es\/el-seguro-para-moviles-crecio-un-15-en-2017-la-vanguardia-03-04-2018\/\"},\"wordCount\":381,\"publisher\":{\"@id\":\"https:\/\/www.cmalleida.com\/es\/#organization\"},\"image\":{\"@id\":\"https:\/\/www.cmalleida.com\/es\/el-seguro-para-moviles-crecio-un-15-en-2017-la-vanguardia-03-04-2018\/#primaryimage\"},\"thumbnailUrl\":\"https:\/\/www.cmalleida.com\/wp-content\/uploads\/cmall-lleida-actualitat-movil762.jpg\",\"articleSection\":[\"Actualidad\"],\"inLanguage\":\"es\"},{\"@type\":\"WebPage\",\"@id\":\"https:\/\/www.cmalleida.com\/es\/el-seguro-para-moviles-crecio-un-15-en-2017-la-vanguardia-03-04-2018\/\",\"url\":\"https:\/\/www.cmalleida.com\/es\/el-seguro-para-moviles-crecio-un-15-en-2017-la-vanguardia-03-04-2018\/\",\"name\":\"El seguro para m\u00f3viles creci\u00f3 un 15% en 2017 (La Vanguardia 03\/04\/2018) - Col\u00b7legi de Mediadors d&#039;Assegurances de Lleida\",\"isPartOf\":{\"@id\":\"https:\/\/www.cmalleida.com\/es\/#website\"},\"primaryImageOfPage\":{\"@id\":\"https:\/\/www.cmalleida.com\/es\/el-seguro-para-moviles-crecio-un-15-en-2017-la-vanguardia-03-04-2018\/#primaryimage\"},\"image\":{\"@id\":\"https:\/\/www.cmalleida.com\/es\/el-seguro-para-moviles-crecio-un-15-en-2017-la-vanguardia-03-04-2018\/#primaryimage\"},\"thumbnailUrl\":\"https:\/\/www.cmalleida.com\/wp-content\/uploads\/cmall-lleida-actualitat-movil762.jpg\",\"datePublished\":\"2018-04-26T09:04:08+00:00\",\"breadcrumb\":{\"@id\":\"https:\/\/www.cmalleida.com\/es\/el-seguro-para-moviles-crecio-un-15-en-2017-la-vanguardia-03-04-2018\/#breadcrumb\"},\"inLanguage\":\"es\",\"potentialAction\":[{\"@type\":\"ReadAction\",\"target\":[\"https:\/\/www.cmalleida.com\/es\/el-seguro-para-moviles-crecio-un-15-en-2017-la-vanguardia-03-04-2018\/\"]}]},{\"@type\":\"ImageObject\",\"inLanguage\":\"es\",\"@id\":\"https:\/\/www.cmalleida.com\/es\/el-seguro-para-moviles-crecio-un-15-en-2017-la-vanguardia-03-04-2018\/#primaryimage\",\"url\":\"https:\/\/www.cmalleida.com\/wp-content\/uploads\/cmall-lleida-actualitat-movil762.jpg\",\"contentUrl\":\"https:\/\/www.cmalleida.com\/wp-content\/uploads\/cmall-lleida-actualitat-movil762.jpg\",\"width\":762,\"height\":762,\"caption\":\"cmall-lleida-actualitat-movil762\"},{\"@type\":\"BreadcrumbList\",\"@id\":\"https:\/\/www.cmalleida.com\/es\/el-seguro-para-moviles-crecio-un-15-en-2017-la-vanguardia-03-04-2018\/#breadcrumb\",\"itemListElement\":[{\"@type\":\"ListItem\",\"position\":1,\"name\":\"Inici\",\"item\":\"https:\/\/www.cmalleida.com\/es\/\"},{\"@type\":\"ListItem\",\"position\":2,\"name\":\"El seguro para m\u00f3viles creci\u00f3 un 15% en 2017 (La Vanguardia 03\/04\/2018)\"}]},{\"@type\":\"WebSite\",\"@id\":\"https:\/\/www.cmalleida.com\/es\/#website\",\"url\":\"https:\/\/www.cmalleida.com\/es\/\",\"name\":\"Col\u00b7legi de Mediadors d&#039;Assegurances de Lleida\",\"description\":\"Otro sitio realizado con WordPress\",\"publisher\":{\"@id\":\"https:\/\/www.cmalleida.com\/es\/#organization\"},\"potentialAction\":[{\"@type\":\"SearchAction\",\"target\":{\"@type\":\"EntryPoint\",\"urlTemplate\":\"https:\/\/www.cmalleida.com\/es\/?s={search_term_string}\"},\"query-input\":{\"@type\":\"PropertyValueSpecification\",\"valueRequired\":true,\"valueName\":\"search_term_string\"}}],\"inLanguage\":\"es\"},{\"@type\":\"Organization\",\"@id\":\"https:\/\/www.cmalleida.com\/es\/#organization\",\"name\":\"Col\u00b7legi de Mediadors d'Assegurances de Lleida\",\"url\":\"https:\/\/www.cmalleida.com\/es\/\",\"logo\":{\"@type\":\"ImageObject\",\"inLanguage\":\"es\",\"@id\":\"https:\/\/www.cmalleida.com\/es\/#\/schema\/logo\/image\/\",\"url\":\"\",\"contentUrl\":\"\",\"caption\":\"Col\u00b7legi de Mediadors d'Assegurances de Lleida\"},\"image\":{\"@id\":\"https:\/\/www.cmalleida.com\/es\/#\/schema\/logo\/image\/\"}},{\"@type\":\"Person\",\"@id\":\"https:\/\/www.cmalleida.com\/es\/#\/schema\/person\/bc84b7874fa5ac8a15c15a050fb3b79c\",\"name\":\"Col\u00b7legi Mediadors\",\"image\":{\"@type\":\"ImageObject\",\"inLanguage\":\"es\",\"@id\":\"https:\/\/secure.gravatar.com\/avatar\/05a66e0aafde4a91aea6f2c243b0b99b03dac1cca78dc84298f5e7e7ad4dfd33?s=96&d=mm&r=g\",\"url\":\"https:\/\/secure.gravatar.com\/avatar\/05a66e0aafde4a91aea6f2c243b0b99b03dac1cca78dc84298f5e7e7ad4dfd33?s=96&d=mm&r=g\",\"contentUrl\":\"https:\/\/secure.gravatar.com\/avatar\/05a66e0aafde4a91aea6f2c243b0b99b03dac1cca78dc84298f5e7e7ad4dfd33?s=96&d=mm&r=g\",\"caption\":\"Col\u00b7legi Mediadors\"}}]}<\/script>\n<!-- \/ Yoast SEO plugin. -->","yoast_head_json":{"title":"El seguro para m\u00f3viles creci\u00f3 un 15% en 2017 (La Vanguardia 03\/04\/2018) - Col\u00b7legi de Mediadors d&#039;Assegurances de Lleida","robots":{"index":"index","follow":"follow","max-snippet":"max-snippet:-1","max-image-preview":"max-image-preview:large","max-video-preview":"max-video-preview:-1"},"canonical":"https:\/\/www.cmalleida.com\/es\/el-seguro-para-moviles-crecio-un-15-en-2017-la-vanguardia-03-04-2018\/","og_locale":"es_ES","og_type":"article","og_title":"El seguro para m\u00f3viles creci\u00f3 un 15% en 2017 (La Vanguardia 03\/04\/2018) - Col\u00b7legi de Mediadors d&#039;Assegurances de Lleida","og_description":"Los usuarios se preocupan por tener garant\u00edas en caso de robo, la entrada de l\u00edquidos en el interior del dispositivo y la rotura de la... Llegeix m\u00e9s","og_url":"https:\/\/www.cmalleida.com\/es\/el-seguro-para-moviles-crecio-un-15-en-2017-la-vanguardia-03-04-2018\/","og_site_name":"Col\u00b7legi de Mediadors d&#039;Assegurances de Lleida","article_published_time":"2018-04-26T09:04:08+00:00","og_image":[{"width":762,"height":762,"url":"https:\/\/www.cmalleida.com\/wp-content\/uploads\/cmall-lleida-actualitat-movil762.jpg","type":"image\/jpeg"}],"author":"Col\u00b7legi Mediadors","twitter_card":"summary_large_image","twitter_misc":{"Written by":"Col\u00b7legi Mediadors","Est. reading time":"2 minutos"},"schema":{"@context":"https:\/\/schema.org","@graph":[{"@type":"Article","@id":"https:\/\/www.cmalleida.com\/es\/el-seguro-para-moviles-crecio-un-15-en-2017-la-vanguardia-03-04-2018\/#article","isPartOf":{"@id":"https:\/\/www.cmalleida.com\/es\/el-seguro-para-moviles-crecio-un-15-en-2017-la-vanguardia-03-04-2018\/"},"author":{"name":"Col\u00b7legi Mediadors","@id":"https:\/\/www.cmalleida.com\/es\/#\/schema\/person\/bc84b7874fa5ac8a15c15a050fb3b79c"},"headline":"El seguro para m\u00f3viles creci\u00f3 un 15% en 2017 (La Vanguardia 03\/04\/2018)","datePublished":"2018-04-26T09:04:08+00:00","mainEntityOfPage":{"@id":"https:\/\/www.cmalleida.com\/es\/el-seguro-para-moviles-crecio-un-15-en-2017-la-vanguardia-03-04-2018\/"},"wordCount":381,"publisher":{"@id":"https:\/\/www.cmalleida.com\/es\/#organization"},"image":{"@id":"https:\/\/www.cmalleida.com\/es\/el-seguro-para-moviles-crecio-un-15-en-2017-la-vanguardia-03-04-2018\/#primaryimage"},"thumbnailUrl":"https:\/\/www.cmalleida.com\/wp-content\/uploads\/cmall-lleida-actualitat-movil762.jpg","articleSection":["Actualidad"],"inLanguage":"es"},{"@type":"WebPage","@id":"https:\/\/www.cmalleida.com\/es\/el-seguro-para-moviles-crecio-un-15-en-2017-la-vanguardia-03-04-2018\/","url":"https:\/\/www.cmalleida.com\/es\/el-seguro-para-moviles-crecio-un-15-en-2017-la-vanguardia-03-04-2018\/","name":"El seguro para m\u00f3viles creci\u00f3 un 15% en 2017 (La Vanguardia 03\/04\/2018) - Col\u00b7legi de Mediadors d&#039;Assegurances de Lleida","isPartOf":{"@id":"https:\/\/www.cmalleida.com\/es\/#website"},"primaryImageOfPage":{"@id":"https:\/\/www.cmalleida.com\/es\/el-seguro-para-moviles-crecio-un-15-en-2017-la-vanguardia-03-04-2018\/#primaryimage"},"image":{"@id":"https:\/\/www.cmalleida.com\/es\/el-seguro-para-moviles-crecio-un-15-en-2017-la-vanguardia-03-04-2018\/#primaryimage"},"thumbnailUrl":"https:\/\/www.cmalleida.com\/wp-content\/uploads\/cmall-lleida-actualitat-movil762.jpg","datePublished":"2018-04-26T09:04:08+00:00","breadcrumb":{"@id":"https:\/\/www.cmalleida.com\/es\/el-seguro-para-moviles-crecio-un-15-en-2017-la-vanguardia-03-04-2018\/#breadcrumb"},"inLanguage":"es","potentialAction":[{"@type":"ReadAction","target":["https:\/\/www.cmalleida.com\/es\/el-seguro-para-moviles-crecio-un-15-en-2017-la-vanguardia-03-04-2018\/"]}]},{"@type":"ImageObject","inLanguage":"es","@id":"https:\/\/www.cmalleida.com\/es\/el-seguro-para-moviles-crecio-un-15-en-2017-la-vanguardia-03-04-2018\/#primaryimage","url":"https:\/\/www.cmalleida.com\/wp-content\/uploads\/cmall-lleida-actualitat-movil762.jpg","contentUrl":"https:\/\/www.cmalleida.com\/wp-content\/uploads\/cmall-lleida-actualitat-movil762.jpg","width":762,"height":762,"caption":"cmall-lleida-actualitat-movil762"},{"@type":"BreadcrumbList","@id":"https:\/\/www.cmalleida.com\/es\/el-seguro-para-moviles-crecio-un-15-en-2017-la-vanguardia-03-04-2018\/#breadcrumb","itemListElement":[{"@type":"ListItem","position":1,"name":"Inici","item":"https:\/\/www.cmalleida.com\/es\/"},{"@type":"ListItem","position":2,"name":"El seguro para m\u00f3viles creci\u00f3 un 15% en 2017 (La Vanguardia 03\/04\/2018)"}]},{"@type":"WebSite","@id":"https:\/\/www.cmalleida.com\/es\/#website","url":"https:\/\/www.cmalleida.com\/es\/","name":"Col\u00b7legi de Mediadors d&#039;Assegurances de Lleida","description":"Otro sitio realizado con WordPress","publisher":{"@id":"https:\/\/www.cmalleida.com\/es\/#organization"},"potentialAction":[{"@type":"SearchAction","target":{"@type":"EntryPoint","urlTemplate":"https:\/\/www.cmalleida.com\/es\/?s={search_term_string}"},"query-input":{"@type":"PropertyValueSpecification","valueRequired":true,"valueName":"search_term_string"}}],"inLanguage":"es"},{"@type":"Organization","@id":"https:\/\/www.cmalleida.com\/es\/#organization","name":"Col\u00b7legi de Mediadors d'Assegurances de Lleida","url":"https:\/\/www.cmalleida.com\/es\/","logo":{"@type":"ImageObject","inLanguage":"es","@id":"https:\/\/www.cmalleida.com\/es\/#\/schema\/logo\/image\/","url":"","contentUrl":"","caption":"Col\u00b7legi de Mediadors d'Assegurances de Lleida"},"image":{"@id":"https:\/\/www.cmalleida.com\/es\/#\/schema\/logo\/image\/"}},{"@type":"Person","@id":"https:\/\/www.cmalleida.com\/es\/#\/schema\/person\/bc84b7874fa5ac8a15c15a050fb3b79c","name":"Col\u00b7legi Mediadors","image":{"@type":"ImageObject","inLanguage":"es","@id":"https:\/\/secure.gravatar.com\/avatar\/05a66e0aafde4a91aea6f2c243b0b99b03dac1cca78dc84298f5e7e7ad4dfd33?s=96&d=mm&r=g","url":"https:\/\/secure.gravatar.com\/avatar\/05a66e0aafde4a91aea6f2c243b0b99b03dac1cca78dc84298f5e7e7ad4dfd33?s=96&d=mm&r=g","contentUrl":"https:\/\/secure.gravatar.com\/avatar\/05a66e0aafde4a91aea6f2c243b0b99b03dac1cca78dc84298f5e7e7ad4dfd33?s=96&d=mm&r=g","caption":"Col\u00b7legi Mediadors"}}]}},"_links":{"self":[{"href":"https:\/\/www.cmalleida.com\/es\/wp-json\/wp\/v2\/posts\/2240","targetHints":{"allow":["GET"]}}],"collection":[{"href":"https:\/\/www.cmalleida.com\/es\/wp-json\/wp\/v2\/posts"}],"about":[{"href":"https:\/\/www.cmalleida.com\/es\/wp-json\/wp\/v2\/types\/post"}],"author":[{"embeddable":true,"href":"https:\/\/www.cmalleida.com\/es\/wp-json\/wp\/v2\/users\/3"}],"replies":[{"embeddable":true,"href":"https:\/\/www.cmalleida.com\/es\/wp-json\/wp\/v2\/comments?post=2240"}],"version-history":[{"count":1,"href":"https:\/\/www.cmalleida.com\/es\/wp-json\/wp\/v2\/posts\/2240\/revisions"}],"predecessor-version":[{"id":2241,"href":"https:\/\/www.cmalleida.com\/es\/wp-json\/wp\/v2\/posts\/2240\/revisions\/2241"}],"wp:featuredmedia":[{"embeddable":true,"href":"https:\/\/www.cmalleida.com\/es\/wp-json\/wp\/v2\/media\/2004"}],"wp:attachment":[{"href":"https:\/\/www.cmalleida.com\/es\/wp-json\/wp\/v2\/media?parent=2240"}],"wp:term":[{"taxonomy":"category","embeddable":true,"href":"https:\/\/www.cmalleida.com\/es\/wp-json\/wp\/v2\/categories?post=2240"},{"taxonomy":"post_tag","embeddable":true,"href":"https:\/\/www.cmalleida.com\/es\/wp-json\/wp\/v2\/tags?post=2240"}],"curies":[{"name":"wp","href":"https:\/\/api.w.org\/{rel}","templated":true}]}}