{"id":2201,"date":"2018-04-20T13:28:29","date_gmt":"2018-04-20T11:28:29","guid":{"rendered":"https:\/\/www.cmalleida.com\/?p=2201"},"modified":"2018-04-20T13:28:29","modified_gmt":"2018-04-20T11:28:29","slug":"mas-alla-del-departamento-de-it-eleconomista-seguros-12-04-2018","status":"publish","type":"post","link":"https:\/\/www.cmalleida.com\/es\/mas-alla-del-departamento-de-it-eleconomista-seguros-12-04-2018\/","title":{"rendered":"M\u00e1s all\u00e1 del departamento de IT  (Eleconomista seguros 12\/04\/2018)"},"content":{"rendered":"<p>La mayor\u00eda de los ataques cibern\u00e9ticos registrados en Espa\u00f1a en 2017 fueron protagonizados por &#8216;ransomware&#8217;. Alan Abreu, responsable de ciberriesgos de Hiscox Espa\u00f1a advierte de que este problema no ata\u00f1e solo al departamento de inform\u00e1tica de la empresa.<\/p>\n<p>En su \u00faltimo informe interno elaborado a nivel global, la compa\u00f1\u00eda aseguradora especialista Hiscox ha detectado un gran crecimiento en el volumen de siniestros por ataque cibern\u00e9tico en 2017. Este crecimiento ha supuesto un aumento del 50 por ciento respecto al ejercicio anterior.<\/p>\n<p>Un nuevo paradigma que no solo supone un problema para grandes empresas tipo Amazon o Uber, sino que afecta tambi\u00e9n a las peque\u00f1as y medianas empresas. De hecho, la mayor\u00eda de los casos ocurridos en el \u00faltimo ejercicio se ha producido en compa\u00f1\u00edas con diez o menos empleados.<\/p>\n<p>La principal causa de siniestros est\u00e1 siendo el ransomware, explica alan Abreu, responsable de ciberriesgos de Hiscox Espa\u00f1a. Se trata de un software malicioso que puede cifrar los archivos de las compa\u00f1\u00edas, llegando incluso a deshabilitar por completo sus sistemas inform\u00e1ticos. Un ataque que, en muchos casos, va acompa\u00f1ado de un rescate: dinero a cambio de restablecer los sistemas o recuperar la informaci\u00f3n. No hay ning\u00fan estudio ni previsi\u00f3n de experto que nos haga pensar que esta tendencia no continuar\u00e1 creciendo en 2018.<\/p>\n<p>El responsable de Hiscox advierte de que \u00abla seguridad cibern\u00e9tica hace tiempo que dej\u00f3 de ser un problema puro de TI\u00bb. Primero, en su origen: cualquier persona o departamento puede abrir la puerta a un ataque; descargando un archivo adjunto, pinchando en un enlace malicioso, etc. Y segundo, en las consecuencias de este ataque, ya que su repercusi\u00f3n, adem\u00e1s de al departamento de sistemas, podr\u00eda generar un impacto negativo y muy importante al departamento financiero, al departamento de atenci\u00f3n al cliente, al de log\u00edstica\u0085 da\u00f1ando la reputaci\u00f3n de la compa\u00f1\u00eda e incluso afectando a sus resultados financieros a corto y medio plazo.<\/p>\n<p>Un medio clave \u00abInternet y las nuevas tecnolog\u00edas son vitales en el funcionamiento diario de miles de empresas en nuestro pa\u00eds. Tan importante es este entorno como las instalaciones f\u00edsicas, la maquinaria o el stock. Sin embargo, a menudo, no se tratan con la misma previsi\u00f3n\u00bb, se\u00f1ala el responsable de ciberriesgos de Hiscox Espa\u00f1a.<\/p>\n<p>\u00bfDeben las empresas aplicar los mismos criterios de seguridad online que los que realizan en otros \u00e1mbitos, como protegerse ante un robo o un accidente? \u00bfExiste mayor riesgo de sufrir un ataque cibern\u00e9tico que un incendio? \u00abCompa\u00f1\u00edas aseguradoras y corredores de seguros conocemos la respuesta a estas preguntas. S\u00ed, y probablemente s\u00ed\u00bb, se\u00f1ala Alan Abreu, quien a\u00f1ade que \u00abcomo expertos debemos ayudar a las organizaciones a trasladar este problema a un primer plano. Seamos proactivos, no esperemos que nuestro cliente nos llame con el problema, realicemos esa llamada nosotros ofreci\u00e9ndoles la soluci\u00f3n\u00bb.<\/p>\n<p>Adaptados a las nuevas necesidades En este sentido, el directivo de Hiscox recuerda que el sector asegurador \u00absiempre ha evolucionado en paralelo al tejido empresarial, localizando nuevos riesgos y ofreciendo nuevos tipos de p\u00f3lizas y coberturas\u00bb.<\/p>\n<p>En este sentido, las compa\u00f1\u00edas de seguros han pasado de asegurar los da\u00f1os materiales producidos en una f\u00e1brica por un robo, a asegurar el patrimonio personal de los gestores de las empresas ante denuncias de terceros por posibles negligencias en el desarrollo de su actividad. \u00abUna vez m\u00e1s, estamos preparados para acelerar el cambio. Liderar el mercado de la ciberseguridad en Espa\u00f1a, que no es \u00fanicamente un problema de tecnolog\u00eda\u00bb, recuerda Alan Abreu.<\/p>\n","protected":false},"excerpt":{"rendered":"<p>La mayor\u00eda de los ataques cibern\u00e9ticos registrados en Espa\u00f1a en 2017 fueron protagonizados por &#8216;ransomware&#8217;. Alan Abreu, responsable de ciberriesgos de Hiscox Espa\u00f1a advierte de&#8230; <a href=\"https:\/\/www.cmalleida.com\/es\/mas-alla-del-departamento-de-it-eleconomista-seguros-12-04-2018\/\" rel=\"nofollow\" class=\"lollegirmes\">Llegeix m\u00e9s<\/a><\/p>\n","protected":false},"author":3,"featured_media":2004,"comment_status":"closed","ping_status":"closed","sticky":false,"template":"","format":"standard","meta":{"_acf_changed":false,"_genesis_hide_title":false,"_genesis_hide_breadcrumbs":false,"_genesis_hide_singular_image":false,"_genesis_hide_footer_widgets":false,"_genesis_custom_body_class":"","_genesis_custom_post_class":"","_genesis_layout":"","footnotes":""},"categories":[28,62],"tags":[],"class_list":{"0":"post-2201","1":"post","2":"type-post","3":"status-publish","4":"format-standard","5":"has-post-thumbnail","7":"category-actualidad","8":"category-sinistres-es","9":"entry"},"acf":[],"yoast_head":"<!-- This site is optimized with the Yoast SEO plugin v27.2 - https:\/\/yoast.com\/product\/yoast-seo-wordpress\/ -->\n<title>M\u00e1s all\u00e1 del departamento de IT (Eleconomista seguros 12\/04\/2018) - Col\u00b7legi de Mediadors d&#039;Assegurances de Lleida<\/title>\n<meta name=\"robots\" content=\"index, follow, max-snippet:-1, max-image-preview:large, max-video-preview:-1\" \/>\n<link rel=\"canonical\" href=\"https:\/\/www.cmalleida.com\/es\/mas-alla-del-departamento-de-it-eleconomista-seguros-12-04-2018\/\" \/>\n<meta property=\"og:locale\" content=\"es_ES\" \/>\n<meta property=\"og:type\" content=\"article\" \/>\n<meta property=\"og:title\" content=\"M\u00e1s all\u00e1 del departamento de IT (Eleconomista seguros 12\/04\/2018) - Col\u00b7legi de Mediadors d&#039;Assegurances de Lleida\" \/>\n<meta property=\"og:description\" content=\"La mayor\u00eda de los ataques cibern\u00e9ticos registrados en Espa\u00f1a en 2017 fueron protagonizados por &#8216;ransomware&#8217;. Alan Abreu, responsable de ciberriesgos de Hiscox Espa\u00f1a advierte de... Llegeix m\u00e9s\" \/>\n<meta property=\"og:url\" content=\"https:\/\/www.cmalleida.com\/es\/mas-alla-del-departamento-de-it-eleconomista-seguros-12-04-2018\/\" \/>\n<meta property=\"og:site_name\" content=\"Col\u00b7legi de Mediadors d&#039;Assegurances de Lleida\" \/>\n<meta property=\"article:published_time\" content=\"2018-04-20T11:28:29+00:00\" \/>\n<meta property=\"og:image\" content=\"https:\/\/www.cmalleida.com\/wp-content\/uploads\/cmall-lleida-actualitat-movil762.jpg\" \/>\n\t<meta property=\"og:image:width\" content=\"762\" \/>\n\t<meta property=\"og:image:height\" content=\"762\" \/>\n\t<meta property=\"og:image:type\" content=\"image\/jpeg\" \/>\n<meta name=\"author\" content=\"Col\u00b7legi Mediadors\" \/>\n<meta name=\"twitter:card\" content=\"summary_large_image\" \/>\n<meta name=\"twitter:label1\" content=\"Written by\" \/>\n\t<meta name=\"twitter:data1\" content=\"Col\u00b7legi Mediadors\" \/>\n\t<meta name=\"twitter:label2\" content=\"Est. reading time\" \/>\n\t<meta name=\"twitter:data2\" content=\"3 minutos\" \/>\n<script type=\"application\/ld+json\" class=\"yoast-schema-graph\">{\"@context\":\"https:\/\/schema.org\",\"@graph\":[{\"@type\":\"Article\",\"@id\":\"https:\/\/www.cmalleida.com\/es\/mas-alla-del-departamento-de-it-eleconomista-seguros-12-04-2018\/#article\",\"isPartOf\":{\"@id\":\"https:\/\/www.cmalleida.com\/es\/mas-alla-del-departamento-de-it-eleconomista-seguros-12-04-2018\/\"},\"author\":{\"name\":\"Col\u00b7legi Mediadors\",\"@id\":\"https:\/\/www.cmalleida.com\/es\/#\/schema\/person\/bc84b7874fa5ac8a15c15a050fb3b79c\"},\"headline\":\"M\u00e1s all\u00e1 del departamento de IT (Eleconomista seguros 12\/04\/2018)\",\"datePublished\":\"2018-04-20T11:28:29+00:00\",\"mainEntityOfPage\":{\"@id\":\"https:\/\/www.cmalleida.com\/es\/mas-alla-del-departamento-de-it-eleconomista-seguros-12-04-2018\/\"},\"wordCount\":621,\"publisher\":{\"@id\":\"https:\/\/www.cmalleida.com\/es\/#organization\"},\"image\":{\"@id\":\"https:\/\/www.cmalleida.com\/es\/mas-alla-del-departamento-de-it-eleconomista-seguros-12-04-2018\/#primaryimage\"},\"thumbnailUrl\":\"https:\/\/www.cmalleida.com\/wp-content\/uploads\/cmall-lleida-actualitat-movil762.jpg\",\"articleSection\":[\"Actualidad\",\"Sinistres\"],\"inLanguage\":\"es\"},{\"@type\":\"WebPage\",\"@id\":\"https:\/\/www.cmalleida.com\/es\/mas-alla-del-departamento-de-it-eleconomista-seguros-12-04-2018\/\",\"url\":\"https:\/\/www.cmalleida.com\/es\/mas-alla-del-departamento-de-it-eleconomista-seguros-12-04-2018\/\",\"name\":\"M\u00e1s all\u00e1 del departamento de IT (Eleconomista seguros 12\/04\/2018) - Col\u00b7legi de Mediadors d&#039;Assegurances de Lleida\",\"isPartOf\":{\"@id\":\"https:\/\/www.cmalleida.com\/es\/#website\"},\"primaryImageOfPage\":{\"@id\":\"https:\/\/www.cmalleida.com\/es\/mas-alla-del-departamento-de-it-eleconomista-seguros-12-04-2018\/#primaryimage\"},\"image\":{\"@id\":\"https:\/\/www.cmalleida.com\/es\/mas-alla-del-departamento-de-it-eleconomista-seguros-12-04-2018\/#primaryimage\"},\"thumbnailUrl\":\"https:\/\/www.cmalleida.com\/wp-content\/uploads\/cmall-lleida-actualitat-movil762.jpg\",\"datePublished\":\"2018-04-20T11:28:29+00:00\",\"breadcrumb\":{\"@id\":\"https:\/\/www.cmalleida.com\/es\/mas-alla-del-departamento-de-it-eleconomista-seguros-12-04-2018\/#breadcrumb\"},\"inLanguage\":\"es\",\"potentialAction\":[{\"@type\":\"ReadAction\",\"target\":[\"https:\/\/www.cmalleida.com\/es\/mas-alla-del-departamento-de-it-eleconomista-seguros-12-04-2018\/\"]}]},{\"@type\":\"ImageObject\",\"inLanguage\":\"es\",\"@id\":\"https:\/\/www.cmalleida.com\/es\/mas-alla-del-departamento-de-it-eleconomista-seguros-12-04-2018\/#primaryimage\",\"url\":\"https:\/\/www.cmalleida.com\/wp-content\/uploads\/cmall-lleida-actualitat-movil762.jpg\",\"contentUrl\":\"https:\/\/www.cmalleida.com\/wp-content\/uploads\/cmall-lleida-actualitat-movil762.jpg\",\"width\":762,\"height\":762,\"caption\":\"cmall-lleida-actualitat-movil762\"},{\"@type\":\"BreadcrumbList\",\"@id\":\"https:\/\/www.cmalleida.com\/es\/mas-alla-del-departamento-de-it-eleconomista-seguros-12-04-2018\/#breadcrumb\",\"itemListElement\":[{\"@type\":\"ListItem\",\"position\":1,\"name\":\"Inici\",\"item\":\"https:\/\/www.cmalleida.com\/es\/\"},{\"@type\":\"ListItem\",\"position\":2,\"name\":\"M\u00e1s all\u00e1 del departamento de IT (Eleconomista seguros 12\/04\/2018)\"}]},{\"@type\":\"WebSite\",\"@id\":\"https:\/\/www.cmalleida.com\/es\/#website\",\"url\":\"https:\/\/www.cmalleida.com\/es\/\",\"name\":\"Col\u00b7legi de Mediadors d&#039;Assegurances de Lleida\",\"description\":\"Otro sitio realizado con WordPress\",\"publisher\":{\"@id\":\"https:\/\/www.cmalleida.com\/es\/#organization\"},\"potentialAction\":[{\"@type\":\"SearchAction\",\"target\":{\"@type\":\"EntryPoint\",\"urlTemplate\":\"https:\/\/www.cmalleida.com\/es\/?s={search_term_string}\"},\"query-input\":{\"@type\":\"PropertyValueSpecification\",\"valueRequired\":true,\"valueName\":\"search_term_string\"}}],\"inLanguage\":\"es\"},{\"@type\":\"Organization\",\"@id\":\"https:\/\/www.cmalleida.com\/es\/#organization\",\"name\":\"Col\u00b7legi de Mediadors d'Assegurances de Lleida\",\"url\":\"https:\/\/www.cmalleida.com\/es\/\",\"logo\":{\"@type\":\"ImageObject\",\"inLanguage\":\"es\",\"@id\":\"https:\/\/www.cmalleida.com\/es\/#\/schema\/logo\/image\/\",\"url\":\"\",\"contentUrl\":\"\",\"caption\":\"Col\u00b7legi de Mediadors d'Assegurances de Lleida\"},\"image\":{\"@id\":\"https:\/\/www.cmalleida.com\/es\/#\/schema\/logo\/image\/\"}},{\"@type\":\"Person\",\"@id\":\"https:\/\/www.cmalleida.com\/es\/#\/schema\/person\/bc84b7874fa5ac8a15c15a050fb3b79c\",\"name\":\"Col\u00b7legi Mediadors\",\"image\":{\"@type\":\"ImageObject\",\"inLanguage\":\"es\",\"@id\":\"https:\/\/secure.gravatar.com\/avatar\/05a66e0aafde4a91aea6f2c243b0b99b03dac1cca78dc84298f5e7e7ad4dfd33?s=96&d=mm&r=g\",\"url\":\"https:\/\/secure.gravatar.com\/avatar\/05a66e0aafde4a91aea6f2c243b0b99b03dac1cca78dc84298f5e7e7ad4dfd33?s=96&d=mm&r=g\",\"contentUrl\":\"https:\/\/secure.gravatar.com\/avatar\/05a66e0aafde4a91aea6f2c243b0b99b03dac1cca78dc84298f5e7e7ad4dfd33?s=96&d=mm&r=g\",\"caption\":\"Col\u00b7legi Mediadors\"}}]}<\/script>\n<!-- \/ Yoast SEO plugin. -->","yoast_head_json":{"title":"M\u00e1s all\u00e1 del departamento de IT (Eleconomista seguros 12\/04\/2018) - Col\u00b7legi de Mediadors d&#039;Assegurances de Lleida","robots":{"index":"index","follow":"follow","max-snippet":"max-snippet:-1","max-image-preview":"max-image-preview:large","max-video-preview":"max-video-preview:-1"},"canonical":"https:\/\/www.cmalleida.com\/es\/mas-alla-del-departamento-de-it-eleconomista-seguros-12-04-2018\/","og_locale":"es_ES","og_type":"article","og_title":"M\u00e1s all\u00e1 del departamento de IT (Eleconomista seguros 12\/04\/2018) - Col\u00b7legi de Mediadors d&#039;Assegurances de Lleida","og_description":"La mayor\u00eda de los ataques cibern\u00e9ticos registrados en Espa\u00f1a en 2017 fueron protagonizados por &#8216;ransomware&#8217;. Alan Abreu, responsable de ciberriesgos de Hiscox Espa\u00f1a advierte de... Llegeix m\u00e9s","og_url":"https:\/\/www.cmalleida.com\/es\/mas-alla-del-departamento-de-it-eleconomista-seguros-12-04-2018\/","og_site_name":"Col\u00b7legi de Mediadors d&#039;Assegurances de Lleida","article_published_time":"2018-04-20T11:28:29+00:00","og_image":[{"width":762,"height":762,"url":"https:\/\/www.cmalleida.com\/wp-content\/uploads\/cmall-lleida-actualitat-movil762.jpg","type":"image\/jpeg"}],"author":"Col\u00b7legi Mediadors","twitter_card":"summary_large_image","twitter_misc":{"Written by":"Col\u00b7legi Mediadors","Est. reading time":"3 minutos"},"schema":{"@context":"https:\/\/schema.org","@graph":[{"@type":"Article","@id":"https:\/\/www.cmalleida.com\/es\/mas-alla-del-departamento-de-it-eleconomista-seguros-12-04-2018\/#article","isPartOf":{"@id":"https:\/\/www.cmalleida.com\/es\/mas-alla-del-departamento-de-it-eleconomista-seguros-12-04-2018\/"},"author":{"name":"Col\u00b7legi Mediadors","@id":"https:\/\/www.cmalleida.com\/es\/#\/schema\/person\/bc84b7874fa5ac8a15c15a050fb3b79c"},"headline":"M\u00e1s all\u00e1 del departamento de IT (Eleconomista seguros 12\/04\/2018)","datePublished":"2018-04-20T11:28:29+00:00","mainEntityOfPage":{"@id":"https:\/\/www.cmalleida.com\/es\/mas-alla-del-departamento-de-it-eleconomista-seguros-12-04-2018\/"},"wordCount":621,"publisher":{"@id":"https:\/\/www.cmalleida.com\/es\/#organization"},"image":{"@id":"https:\/\/www.cmalleida.com\/es\/mas-alla-del-departamento-de-it-eleconomista-seguros-12-04-2018\/#primaryimage"},"thumbnailUrl":"https:\/\/www.cmalleida.com\/wp-content\/uploads\/cmall-lleida-actualitat-movil762.jpg","articleSection":["Actualidad","Sinistres"],"inLanguage":"es"},{"@type":"WebPage","@id":"https:\/\/www.cmalleida.com\/es\/mas-alla-del-departamento-de-it-eleconomista-seguros-12-04-2018\/","url":"https:\/\/www.cmalleida.com\/es\/mas-alla-del-departamento-de-it-eleconomista-seguros-12-04-2018\/","name":"M\u00e1s all\u00e1 del departamento de IT (Eleconomista seguros 12\/04\/2018) - Col\u00b7legi de Mediadors d&#039;Assegurances de Lleida","isPartOf":{"@id":"https:\/\/www.cmalleida.com\/es\/#website"},"primaryImageOfPage":{"@id":"https:\/\/www.cmalleida.com\/es\/mas-alla-del-departamento-de-it-eleconomista-seguros-12-04-2018\/#primaryimage"},"image":{"@id":"https:\/\/www.cmalleida.com\/es\/mas-alla-del-departamento-de-it-eleconomista-seguros-12-04-2018\/#primaryimage"},"thumbnailUrl":"https:\/\/www.cmalleida.com\/wp-content\/uploads\/cmall-lleida-actualitat-movil762.jpg","datePublished":"2018-04-20T11:28:29+00:00","breadcrumb":{"@id":"https:\/\/www.cmalleida.com\/es\/mas-alla-del-departamento-de-it-eleconomista-seguros-12-04-2018\/#breadcrumb"},"inLanguage":"es","potentialAction":[{"@type":"ReadAction","target":["https:\/\/www.cmalleida.com\/es\/mas-alla-del-departamento-de-it-eleconomista-seguros-12-04-2018\/"]}]},{"@type":"ImageObject","inLanguage":"es","@id":"https:\/\/www.cmalleida.com\/es\/mas-alla-del-departamento-de-it-eleconomista-seguros-12-04-2018\/#primaryimage","url":"https:\/\/www.cmalleida.com\/wp-content\/uploads\/cmall-lleida-actualitat-movil762.jpg","contentUrl":"https:\/\/www.cmalleida.com\/wp-content\/uploads\/cmall-lleida-actualitat-movil762.jpg","width":762,"height":762,"caption":"cmall-lleida-actualitat-movil762"},{"@type":"BreadcrumbList","@id":"https:\/\/www.cmalleida.com\/es\/mas-alla-del-departamento-de-it-eleconomista-seguros-12-04-2018\/#breadcrumb","itemListElement":[{"@type":"ListItem","position":1,"name":"Inici","item":"https:\/\/www.cmalleida.com\/es\/"},{"@type":"ListItem","position":2,"name":"M\u00e1s all\u00e1 del departamento de IT (Eleconomista seguros 12\/04\/2018)"}]},{"@type":"WebSite","@id":"https:\/\/www.cmalleida.com\/es\/#website","url":"https:\/\/www.cmalleida.com\/es\/","name":"Col\u00b7legi de Mediadors d&#039;Assegurances de Lleida","description":"Otro sitio realizado con WordPress","publisher":{"@id":"https:\/\/www.cmalleida.com\/es\/#organization"},"potentialAction":[{"@type":"SearchAction","target":{"@type":"EntryPoint","urlTemplate":"https:\/\/www.cmalleida.com\/es\/?s={search_term_string}"},"query-input":{"@type":"PropertyValueSpecification","valueRequired":true,"valueName":"search_term_string"}}],"inLanguage":"es"},{"@type":"Organization","@id":"https:\/\/www.cmalleida.com\/es\/#organization","name":"Col\u00b7legi de Mediadors d'Assegurances de Lleida","url":"https:\/\/www.cmalleida.com\/es\/","logo":{"@type":"ImageObject","inLanguage":"es","@id":"https:\/\/www.cmalleida.com\/es\/#\/schema\/logo\/image\/","url":"","contentUrl":"","caption":"Col\u00b7legi de Mediadors d'Assegurances de Lleida"},"image":{"@id":"https:\/\/www.cmalleida.com\/es\/#\/schema\/logo\/image\/"}},{"@type":"Person","@id":"https:\/\/www.cmalleida.com\/es\/#\/schema\/person\/bc84b7874fa5ac8a15c15a050fb3b79c","name":"Col\u00b7legi Mediadors","image":{"@type":"ImageObject","inLanguage":"es","@id":"https:\/\/secure.gravatar.com\/avatar\/05a66e0aafde4a91aea6f2c243b0b99b03dac1cca78dc84298f5e7e7ad4dfd33?s=96&d=mm&r=g","url":"https:\/\/secure.gravatar.com\/avatar\/05a66e0aafde4a91aea6f2c243b0b99b03dac1cca78dc84298f5e7e7ad4dfd33?s=96&d=mm&r=g","contentUrl":"https:\/\/secure.gravatar.com\/avatar\/05a66e0aafde4a91aea6f2c243b0b99b03dac1cca78dc84298f5e7e7ad4dfd33?s=96&d=mm&r=g","caption":"Col\u00b7legi Mediadors"}}]}},"_links":{"self":[{"href":"https:\/\/www.cmalleida.com\/es\/wp-json\/wp\/v2\/posts\/2201","targetHints":{"allow":["GET"]}}],"collection":[{"href":"https:\/\/www.cmalleida.com\/es\/wp-json\/wp\/v2\/posts"}],"about":[{"href":"https:\/\/www.cmalleida.com\/es\/wp-json\/wp\/v2\/types\/post"}],"author":[{"embeddable":true,"href":"https:\/\/www.cmalleida.com\/es\/wp-json\/wp\/v2\/users\/3"}],"replies":[{"embeddable":true,"href":"https:\/\/www.cmalleida.com\/es\/wp-json\/wp\/v2\/comments?post=2201"}],"version-history":[{"count":1,"href":"https:\/\/www.cmalleida.com\/es\/wp-json\/wp\/v2\/posts\/2201\/revisions"}],"predecessor-version":[{"id":2202,"href":"https:\/\/www.cmalleida.com\/es\/wp-json\/wp\/v2\/posts\/2201\/revisions\/2202"}],"wp:featuredmedia":[{"embeddable":true,"href":"https:\/\/www.cmalleida.com\/es\/wp-json\/wp\/v2\/media\/2004"}],"wp:attachment":[{"href":"https:\/\/www.cmalleida.com\/es\/wp-json\/wp\/v2\/media?parent=2201"}],"wp:term":[{"taxonomy":"category","embeddable":true,"href":"https:\/\/www.cmalleida.com\/es\/wp-json\/wp\/v2\/categories?post=2201"},{"taxonomy":"post_tag","embeddable":true,"href":"https:\/\/www.cmalleida.com\/es\/wp-json\/wp\/v2\/tags?post=2201"}],"curies":[{"name":"wp","href":"https:\/\/api.w.org\/{rel}","templated":true}]}}