{"id":2191,"date":"2018-04-20T13:24:37","date_gmt":"2018-04-20T11:24:37","guid":{"rendered":"https:\/\/www.cmalleida.com\/?p=2191"},"modified":"2018-04-20T13:24:37","modified_gmt":"2018-04-20T11:24:37","slug":"las-contrasenas-tienen-los-dias-contados-el-mundo-12-04-2018","status":"publish","type":"post","link":"https:\/\/www.cmalleida.com\/es\/las-contrasenas-tienen-los-dias-contados-el-mundo-12-04-2018\/","title":{"rendered":"Las contrase\u00f1as tienen los d\u00edas contados  (El Mundo 12\/04\/2018)"},"content":{"rendered":"<h2><span style=\"color: #000000;\"><a style=\"color: #000000;\" href=\"http:\/\/www.elmundo.es\/tecnologia.html\">TECNOLOG\u00cdA<\/a>\u00a0<\/span>\u00a0 <strong><em>B.T.\u00a0 <\/em><\/strong>12 ABR. 2018\u00a0<strong>13:21<\/strong><\/h2>\n<p>Un nuevo est\u00e1ndar sustituir\u00e1 la necesidad de contrase\u00f1as por m\u00e9todos alternativos m\u00e1s seguros, como la biom\u00e9trica<\/p>\n<p><a href=\"http:\/\/www.elmundo.es\/tecnologia\/2017\/01\/11\/58669826e5fdea0e208b45ee.html\">C\u00f3mo crear una contrase\u00f1a segura y recordarla siempre<\/a><\/p>\n<p>WebAuthn no es un nombre f\u00e1cil de recordar ni de pronunciar, pero intenta quedarte con \u00e9l: es el nuevo est\u00e1ndar que\u00a0<strong>va a dejar anticuadas las contrase\u00f1as<\/strong>. No te vayas olvidando de estas claves todav\u00eda, porque a\u00fan no ha sido implementado, pero es el futuro de la seguridad digital cuando navegas.<\/p>\n<p>Web Authentication, que es su nombre sin abreviar, ha sido dise\u00f1ado para r<strong>eemplazar las claves de n\u00fameros, letras y s\u00edmbolos por la biom\u00e9trica y los dispositivos que los usuarios ya utilizan<\/strong>, como una llave electr\u00f3nica, un tel\u00e9fono, una webcam o un sensor de huellas dactilares.<\/p>\n<p>De esta manera, en lugar de recordar contrase\u00f1as, los usuarios pueden usar su cuerpo (cara, ojos, dedos) o dispositivos conectados por\u00a0<strong>bluetooth, USB o NFC<\/strong>\u00a0que ya tienen en su posesi\u00f3n y son seguros.<\/p>\n<p>Lo m\u00e1s importante, sin embargo, es que se podr\u00e1n usar\u00a0<strong>una variedad casi infinita de claves<\/strong>\u00a0para todos los servicios utilizados sin necesidad de recordar contrase\u00f1as diferentes: en lugar de usar el mismo usuario y contrase\u00f1a para Facebook, Gmail, Twitter y dem\u00e1s servicios, los &#8216;token&#8217; de identificaci\u00f3n se generna con cada inicio de sesi\u00f3n y son muy dif\u00edciles de registrar.<\/p>\n<p><a href=\"https:\/\/www.w3.org\/2018\/04\/pressrelease-webauthn-fido2.html.en\">Seg\u00fan Jeff Jaffe<\/a>, el director ejecutivo del\u00a0<strong>Consorcio de la World Wide Web (W3C)<\/strong>que regula los nuevos est\u00e1ndares aplicados en la web, \u00abWebAuthn cambiar\u00e1 la forma en la que el p\u00fablico accede a la red\u00bb. Seg\u00fan sus promotores, cualquier\u00a0<strong>ataque por suplantaci\u00f3n de identidad o que usan claves robadas ser\u00e1 pr\u00e1cticamente inviable<\/strong>\u00a0con este nuevo m\u00e9todo de identificaci\u00f3n.<\/p>\n<p>Este tipo de conexi\u00f3n a trav\u00e9s de dispositivos del usuario ya se usa en muchas aplicaciones. Google posee su Authenticator para seguir un proceso similar al de WebAuthn para iniciar sesi\u00f3n en las aplicaciones que lo permiten. Del mismo modo, la\u00a0<strong>verificaci\u00f3n en dos pasos<\/strong>\u00a0que plataformas y servicios como Twitter o Facebook emplean es una versi\u00f3n m\u00e1s primitiva de esta idea.<\/p>\n<p>En estos momentos, el nuevo est\u00e1ndar est\u00e1 en el pen\u00faltimo tramo de verificaci\u00f3n antes de su lanzamiento. La organizaci\u00f3n ya lo est\u00e1 proponiendo para distintas plataformas como soluci\u00f3n de inicio de sesi\u00f3n y\u00a0<strong>Google, Microsoft o Mozilla se han comprometido ya a utilizarlo.<\/strong><\/p>\n<p>El objetivo de WebAuthn es unificar todas estas variantes del mismo concepto y permitir que desde una web de informaci\u00f3n como EL MUNDO hasta una plataforma de videojuegos registren a sus usuarios de un modo f\u00e1cil y seguro que no implica tener una buena memoria.<\/p>\n","protected":false},"excerpt":{"rendered":"<p>TECNOLOG\u00cdA\u00a0\u00a0 B.T.\u00a0 12 ABR. 2018\u00a013:21 Un nuevo est\u00e1ndar sustituir\u00e1 la necesidad de contrase\u00f1as por m\u00e9todos alternativos m\u00e1s seguros, como la biom\u00e9trica C\u00f3mo crear una contrase\u00f1a&#8230; <a href=\"https:\/\/www.cmalleida.com\/es\/las-contrasenas-tienen-los-dias-contados-el-mundo-12-04-2018\/\" rel=\"nofollow\" class=\"lollegirmes\">Llegeix m\u00e9s<\/a><\/p>\n","protected":false},"author":3,"featured_media":1890,"comment_status":"closed","ping_status":"closed","sticky":false,"template":"","format":"standard","meta":{"_acf_changed":false,"_genesis_hide_title":false,"_genesis_hide_breadcrumbs":false,"_genesis_hide_singular_image":false,"_genesis_hide_footer_widgets":false,"_genesis_custom_body_class":"","_genesis_custom_post_class":"","_genesis_layout":"","footnotes":""},"categories":[28],"tags":[],"class_list":{"0":"post-2191","1":"post","2":"type-post","3":"status-publish","4":"format-standard","5":"has-post-thumbnail","7":"category-actualidad","8":"entry"},"acf":[],"yoast_head":"<!-- This site is optimized with the Yoast SEO plugin v27.2 - https:\/\/yoast.com\/product\/yoast-seo-wordpress\/ -->\n<title>Las contrase\u00f1as tienen los d\u00edas contados (El Mundo 12\/04\/2018) - Col\u00b7legi de Mediadors d&#039;Assegurances de Lleida<\/title>\n<meta name=\"robots\" content=\"index, follow, max-snippet:-1, max-image-preview:large, max-video-preview:-1\" \/>\n<link rel=\"canonical\" href=\"https:\/\/www.cmalleida.com\/es\/las-contrasenas-tienen-los-dias-contados-el-mundo-12-04-2018\/\" \/>\n<meta property=\"og:locale\" content=\"es_ES\" \/>\n<meta property=\"og:type\" content=\"article\" \/>\n<meta property=\"og:title\" content=\"Las contrase\u00f1as tienen los d\u00edas contados (El Mundo 12\/04\/2018) - Col\u00b7legi de Mediadors d&#039;Assegurances de Lleida\" \/>\n<meta property=\"og:description\" content=\"TECNOLOG\u00cdA\u00a0\u00a0 B.T.\u00a0 12 ABR. 2018\u00a013:21 Un nuevo est\u00e1ndar sustituir\u00e1 la necesidad de contrase\u00f1as por m\u00e9todos alternativos m\u00e1s seguros, como la biom\u00e9trica C\u00f3mo crear una contrase\u00f1a... Llegeix m\u00e9s\" \/>\n<meta property=\"og:url\" content=\"https:\/\/www.cmalleida.com\/es\/las-contrasenas-tienen-los-dias-contados-el-mundo-12-04-2018\/\" \/>\n<meta property=\"og:site_name\" content=\"Col\u00b7legi de Mediadors d&#039;Assegurances de Lleida\" \/>\n<meta property=\"article:published_time\" content=\"2018-04-20T11:24:37+00:00\" \/>\n<meta property=\"og:image\" content=\"https:\/\/www.cmalleida.com\/wp-content\/uploads\/cmall-lleida-actualitat-runio762.jpg\" \/>\n\t<meta property=\"og:image:width\" content=\"762\" \/>\n\t<meta property=\"og:image:height\" content=\"762\" \/>\n\t<meta property=\"og:image:type\" content=\"image\/jpeg\" \/>\n<meta name=\"author\" content=\"Col\u00b7legi Mediadors\" \/>\n<meta name=\"twitter:card\" content=\"summary_large_image\" \/>\n<meta name=\"twitter:label1\" content=\"Written by\" \/>\n\t<meta name=\"twitter:data1\" content=\"Col\u00b7legi Mediadors\" \/>\n\t<meta name=\"twitter:label2\" content=\"Est. reading time\" \/>\n\t<meta name=\"twitter:data2\" content=\"2 minutos\" \/>\n<script type=\"application\/ld+json\" class=\"yoast-schema-graph\">{\"@context\":\"https:\/\/schema.org\",\"@graph\":[{\"@type\":\"Article\",\"@id\":\"https:\/\/www.cmalleida.com\/es\/las-contrasenas-tienen-los-dias-contados-el-mundo-12-04-2018\/#article\",\"isPartOf\":{\"@id\":\"https:\/\/www.cmalleida.com\/es\/las-contrasenas-tienen-los-dias-contados-el-mundo-12-04-2018\/\"},\"author\":{\"name\":\"Col\u00b7legi Mediadors\",\"@id\":\"https:\/\/www.cmalleida.com\/es\/#\/schema\/person\/bc84b7874fa5ac8a15c15a050fb3b79c\"},\"headline\":\"Las contrase\u00f1as tienen los d\u00edas contados (El Mundo 12\/04\/2018)\",\"datePublished\":\"2018-04-20T11:24:37+00:00\",\"mainEntityOfPage\":{\"@id\":\"https:\/\/www.cmalleida.com\/es\/las-contrasenas-tienen-los-dias-contados-el-mundo-12-04-2018\/\"},\"wordCount\":489,\"publisher\":{\"@id\":\"https:\/\/www.cmalleida.com\/es\/#organization\"},\"image\":{\"@id\":\"https:\/\/www.cmalleida.com\/es\/las-contrasenas-tienen-los-dias-contados-el-mundo-12-04-2018\/#primaryimage\"},\"thumbnailUrl\":\"https:\/\/www.cmalleida.com\/wp-content\/uploads\/cmall-lleida-actualitat-runio762.jpg\",\"articleSection\":[\"Actualidad\"],\"inLanguage\":\"es\"},{\"@type\":\"WebPage\",\"@id\":\"https:\/\/www.cmalleida.com\/es\/las-contrasenas-tienen-los-dias-contados-el-mundo-12-04-2018\/\",\"url\":\"https:\/\/www.cmalleida.com\/es\/las-contrasenas-tienen-los-dias-contados-el-mundo-12-04-2018\/\",\"name\":\"Las contrase\u00f1as tienen los d\u00edas contados (El Mundo 12\/04\/2018) - Col\u00b7legi de Mediadors d&#039;Assegurances de Lleida\",\"isPartOf\":{\"@id\":\"https:\/\/www.cmalleida.com\/es\/#website\"},\"primaryImageOfPage\":{\"@id\":\"https:\/\/www.cmalleida.com\/es\/las-contrasenas-tienen-los-dias-contados-el-mundo-12-04-2018\/#primaryimage\"},\"image\":{\"@id\":\"https:\/\/www.cmalleida.com\/es\/las-contrasenas-tienen-los-dias-contados-el-mundo-12-04-2018\/#primaryimage\"},\"thumbnailUrl\":\"https:\/\/www.cmalleida.com\/wp-content\/uploads\/cmall-lleida-actualitat-runio762.jpg\",\"datePublished\":\"2018-04-20T11:24:37+00:00\",\"breadcrumb\":{\"@id\":\"https:\/\/www.cmalleida.com\/es\/las-contrasenas-tienen-los-dias-contados-el-mundo-12-04-2018\/#breadcrumb\"},\"inLanguage\":\"es\",\"potentialAction\":[{\"@type\":\"ReadAction\",\"target\":[\"https:\/\/www.cmalleida.com\/es\/las-contrasenas-tienen-los-dias-contados-el-mundo-12-04-2018\/\"]}]},{\"@type\":\"ImageObject\",\"inLanguage\":\"es\",\"@id\":\"https:\/\/www.cmalleida.com\/es\/las-contrasenas-tienen-los-dias-contados-el-mundo-12-04-2018\/#primaryimage\",\"url\":\"https:\/\/www.cmalleida.com\/wp-content\/uploads\/cmall-lleida-actualitat-runio762.jpg\",\"contentUrl\":\"https:\/\/www.cmalleida.com\/wp-content\/uploads\/cmall-lleida-actualitat-runio762.jpg\",\"width\":762,\"height\":762,\"caption\":\"cmall-lleida-actualitat-RUNIO762\"},{\"@type\":\"BreadcrumbList\",\"@id\":\"https:\/\/www.cmalleida.com\/es\/las-contrasenas-tienen-los-dias-contados-el-mundo-12-04-2018\/#breadcrumb\",\"itemListElement\":[{\"@type\":\"ListItem\",\"position\":1,\"name\":\"Inici\",\"item\":\"https:\/\/www.cmalleida.com\/es\/\"},{\"@type\":\"ListItem\",\"position\":2,\"name\":\"Las contrase\u00f1as tienen los d\u00edas contados (El Mundo 12\/04\/2018)\"}]},{\"@type\":\"WebSite\",\"@id\":\"https:\/\/www.cmalleida.com\/es\/#website\",\"url\":\"https:\/\/www.cmalleida.com\/es\/\",\"name\":\"Col\u00b7legi de Mediadors d&#039;Assegurances de Lleida\",\"description\":\"Otro sitio realizado con WordPress\",\"publisher\":{\"@id\":\"https:\/\/www.cmalleida.com\/es\/#organization\"},\"potentialAction\":[{\"@type\":\"SearchAction\",\"target\":{\"@type\":\"EntryPoint\",\"urlTemplate\":\"https:\/\/www.cmalleida.com\/es\/?s={search_term_string}\"},\"query-input\":{\"@type\":\"PropertyValueSpecification\",\"valueRequired\":true,\"valueName\":\"search_term_string\"}}],\"inLanguage\":\"es\"},{\"@type\":\"Organization\",\"@id\":\"https:\/\/www.cmalleida.com\/es\/#organization\",\"name\":\"Col\u00b7legi de Mediadors d'Assegurances de Lleida\",\"url\":\"https:\/\/www.cmalleida.com\/es\/\",\"logo\":{\"@type\":\"ImageObject\",\"inLanguage\":\"es\",\"@id\":\"https:\/\/www.cmalleida.com\/es\/#\/schema\/logo\/image\/\",\"url\":\"\",\"contentUrl\":\"\",\"caption\":\"Col\u00b7legi de Mediadors d'Assegurances de Lleida\"},\"image\":{\"@id\":\"https:\/\/www.cmalleida.com\/es\/#\/schema\/logo\/image\/\"}},{\"@type\":\"Person\",\"@id\":\"https:\/\/www.cmalleida.com\/es\/#\/schema\/person\/bc84b7874fa5ac8a15c15a050fb3b79c\",\"name\":\"Col\u00b7legi Mediadors\",\"image\":{\"@type\":\"ImageObject\",\"inLanguage\":\"es\",\"@id\":\"https:\/\/secure.gravatar.com\/avatar\/05a66e0aafde4a91aea6f2c243b0b99b03dac1cca78dc84298f5e7e7ad4dfd33?s=96&d=mm&r=g\",\"url\":\"https:\/\/secure.gravatar.com\/avatar\/05a66e0aafde4a91aea6f2c243b0b99b03dac1cca78dc84298f5e7e7ad4dfd33?s=96&d=mm&r=g\",\"contentUrl\":\"https:\/\/secure.gravatar.com\/avatar\/05a66e0aafde4a91aea6f2c243b0b99b03dac1cca78dc84298f5e7e7ad4dfd33?s=96&d=mm&r=g\",\"caption\":\"Col\u00b7legi Mediadors\"}}]}<\/script>\n<!-- \/ Yoast SEO plugin. -->","yoast_head_json":{"title":"Las contrase\u00f1as tienen los d\u00edas contados (El Mundo 12\/04\/2018) - Col\u00b7legi de Mediadors d&#039;Assegurances de Lleida","robots":{"index":"index","follow":"follow","max-snippet":"max-snippet:-1","max-image-preview":"max-image-preview:large","max-video-preview":"max-video-preview:-1"},"canonical":"https:\/\/www.cmalleida.com\/es\/las-contrasenas-tienen-los-dias-contados-el-mundo-12-04-2018\/","og_locale":"es_ES","og_type":"article","og_title":"Las contrase\u00f1as tienen los d\u00edas contados (El Mundo 12\/04\/2018) - Col\u00b7legi de Mediadors d&#039;Assegurances de Lleida","og_description":"TECNOLOG\u00cdA\u00a0\u00a0 B.T.\u00a0 12 ABR. 2018\u00a013:21 Un nuevo est\u00e1ndar sustituir\u00e1 la necesidad de contrase\u00f1as por m\u00e9todos alternativos m\u00e1s seguros, como la biom\u00e9trica C\u00f3mo crear una contrase\u00f1a... Llegeix m\u00e9s","og_url":"https:\/\/www.cmalleida.com\/es\/las-contrasenas-tienen-los-dias-contados-el-mundo-12-04-2018\/","og_site_name":"Col\u00b7legi de Mediadors d&#039;Assegurances de Lleida","article_published_time":"2018-04-20T11:24:37+00:00","og_image":[{"width":762,"height":762,"url":"https:\/\/www.cmalleida.com\/wp-content\/uploads\/cmall-lleida-actualitat-runio762.jpg","type":"image\/jpeg"}],"author":"Col\u00b7legi Mediadors","twitter_card":"summary_large_image","twitter_misc":{"Written by":"Col\u00b7legi Mediadors","Est. reading time":"2 minutos"},"schema":{"@context":"https:\/\/schema.org","@graph":[{"@type":"Article","@id":"https:\/\/www.cmalleida.com\/es\/las-contrasenas-tienen-los-dias-contados-el-mundo-12-04-2018\/#article","isPartOf":{"@id":"https:\/\/www.cmalleida.com\/es\/las-contrasenas-tienen-los-dias-contados-el-mundo-12-04-2018\/"},"author":{"name":"Col\u00b7legi Mediadors","@id":"https:\/\/www.cmalleida.com\/es\/#\/schema\/person\/bc84b7874fa5ac8a15c15a050fb3b79c"},"headline":"Las contrase\u00f1as tienen los d\u00edas contados (El Mundo 12\/04\/2018)","datePublished":"2018-04-20T11:24:37+00:00","mainEntityOfPage":{"@id":"https:\/\/www.cmalleida.com\/es\/las-contrasenas-tienen-los-dias-contados-el-mundo-12-04-2018\/"},"wordCount":489,"publisher":{"@id":"https:\/\/www.cmalleida.com\/es\/#organization"},"image":{"@id":"https:\/\/www.cmalleida.com\/es\/las-contrasenas-tienen-los-dias-contados-el-mundo-12-04-2018\/#primaryimage"},"thumbnailUrl":"https:\/\/www.cmalleida.com\/wp-content\/uploads\/cmall-lleida-actualitat-runio762.jpg","articleSection":["Actualidad"],"inLanguage":"es"},{"@type":"WebPage","@id":"https:\/\/www.cmalleida.com\/es\/las-contrasenas-tienen-los-dias-contados-el-mundo-12-04-2018\/","url":"https:\/\/www.cmalleida.com\/es\/las-contrasenas-tienen-los-dias-contados-el-mundo-12-04-2018\/","name":"Las contrase\u00f1as tienen los d\u00edas contados (El Mundo 12\/04\/2018) - Col\u00b7legi de Mediadors d&#039;Assegurances de Lleida","isPartOf":{"@id":"https:\/\/www.cmalleida.com\/es\/#website"},"primaryImageOfPage":{"@id":"https:\/\/www.cmalleida.com\/es\/las-contrasenas-tienen-los-dias-contados-el-mundo-12-04-2018\/#primaryimage"},"image":{"@id":"https:\/\/www.cmalleida.com\/es\/las-contrasenas-tienen-los-dias-contados-el-mundo-12-04-2018\/#primaryimage"},"thumbnailUrl":"https:\/\/www.cmalleida.com\/wp-content\/uploads\/cmall-lleida-actualitat-runio762.jpg","datePublished":"2018-04-20T11:24:37+00:00","breadcrumb":{"@id":"https:\/\/www.cmalleida.com\/es\/las-contrasenas-tienen-los-dias-contados-el-mundo-12-04-2018\/#breadcrumb"},"inLanguage":"es","potentialAction":[{"@type":"ReadAction","target":["https:\/\/www.cmalleida.com\/es\/las-contrasenas-tienen-los-dias-contados-el-mundo-12-04-2018\/"]}]},{"@type":"ImageObject","inLanguage":"es","@id":"https:\/\/www.cmalleida.com\/es\/las-contrasenas-tienen-los-dias-contados-el-mundo-12-04-2018\/#primaryimage","url":"https:\/\/www.cmalleida.com\/wp-content\/uploads\/cmall-lleida-actualitat-runio762.jpg","contentUrl":"https:\/\/www.cmalleida.com\/wp-content\/uploads\/cmall-lleida-actualitat-runio762.jpg","width":762,"height":762,"caption":"cmall-lleida-actualitat-RUNIO762"},{"@type":"BreadcrumbList","@id":"https:\/\/www.cmalleida.com\/es\/las-contrasenas-tienen-los-dias-contados-el-mundo-12-04-2018\/#breadcrumb","itemListElement":[{"@type":"ListItem","position":1,"name":"Inici","item":"https:\/\/www.cmalleida.com\/es\/"},{"@type":"ListItem","position":2,"name":"Las contrase\u00f1as tienen los d\u00edas contados (El Mundo 12\/04\/2018)"}]},{"@type":"WebSite","@id":"https:\/\/www.cmalleida.com\/es\/#website","url":"https:\/\/www.cmalleida.com\/es\/","name":"Col\u00b7legi de Mediadors d&#039;Assegurances de Lleida","description":"Otro sitio realizado con WordPress","publisher":{"@id":"https:\/\/www.cmalleida.com\/es\/#organization"},"potentialAction":[{"@type":"SearchAction","target":{"@type":"EntryPoint","urlTemplate":"https:\/\/www.cmalleida.com\/es\/?s={search_term_string}"},"query-input":{"@type":"PropertyValueSpecification","valueRequired":true,"valueName":"search_term_string"}}],"inLanguage":"es"},{"@type":"Organization","@id":"https:\/\/www.cmalleida.com\/es\/#organization","name":"Col\u00b7legi de Mediadors d'Assegurances de Lleida","url":"https:\/\/www.cmalleida.com\/es\/","logo":{"@type":"ImageObject","inLanguage":"es","@id":"https:\/\/www.cmalleida.com\/es\/#\/schema\/logo\/image\/","url":"","contentUrl":"","caption":"Col\u00b7legi de Mediadors d'Assegurances de Lleida"},"image":{"@id":"https:\/\/www.cmalleida.com\/es\/#\/schema\/logo\/image\/"}},{"@type":"Person","@id":"https:\/\/www.cmalleida.com\/es\/#\/schema\/person\/bc84b7874fa5ac8a15c15a050fb3b79c","name":"Col\u00b7legi Mediadors","image":{"@type":"ImageObject","inLanguage":"es","@id":"https:\/\/secure.gravatar.com\/avatar\/05a66e0aafde4a91aea6f2c243b0b99b03dac1cca78dc84298f5e7e7ad4dfd33?s=96&d=mm&r=g","url":"https:\/\/secure.gravatar.com\/avatar\/05a66e0aafde4a91aea6f2c243b0b99b03dac1cca78dc84298f5e7e7ad4dfd33?s=96&d=mm&r=g","contentUrl":"https:\/\/secure.gravatar.com\/avatar\/05a66e0aafde4a91aea6f2c243b0b99b03dac1cca78dc84298f5e7e7ad4dfd33?s=96&d=mm&r=g","caption":"Col\u00b7legi Mediadors"}}]}},"_links":{"self":[{"href":"https:\/\/www.cmalleida.com\/es\/wp-json\/wp\/v2\/posts\/2191","targetHints":{"allow":["GET"]}}],"collection":[{"href":"https:\/\/www.cmalleida.com\/es\/wp-json\/wp\/v2\/posts"}],"about":[{"href":"https:\/\/www.cmalleida.com\/es\/wp-json\/wp\/v2\/types\/post"}],"author":[{"embeddable":true,"href":"https:\/\/www.cmalleida.com\/es\/wp-json\/wp\/v2\/users\/3"}],"replies":[{"embeddable":true,"href":"https:\/\/www.cmalleida.com\/es\/wp-json\/wp\/v2\/comments?post=2191"}],"version-history":[{"count":1,"href":"https:\/\/www.cmalleida.com\/es\/wp-json\/wp\/v2\/posts\/2191\/revisions"}],"predecessor-version":[{"id":2192,"href":"https:\/\/www.cmalleida.com\/es\/wp-json\/wp\/v2\/posts\/2191\/revisions\/2192"}],"wp:featuredmedia":[{"embeddable":true,"href":"https:\/\/www.cmalleida.com\/es\/wp-json\/wp\/v2\/media\/1890"}],"wp:attachment":[{"href":"https:\/\/www.cmalleida.com\/es\/wp-json\/wp\/v2\/media?parent=2191"}],"wp:term":[{"taxonomy":"category","embeddable":true,"href":"https:\/\/www.cmalleida.com\/es\/wp-json\/wp\/v2\/categories?post=2191"},{"taxonomy":"post_tag","embeddable":true,"href":"https:\/\/www.cmalleida.com\/es\/wp-json\/wp\/v2\/tags?post=2191"}],"curies":[{"name":"wp","href":"https:\/\/api.w.org\/{rel}","templated":true}]}}