{"id":2181,"date":"2018-04-20T13:13:41","date_gmt":"2018-04-20T11:13:41","guid":{"rendered":"https:\/\/www.cmalleida.com\/?p=2181"},"modified":"2018-04-20T13:13:41","modified_gmt":"2018-04-20T11:13:41","slug":"decir-adios-es-mas-facil-con-tu-seguro-de-decesos-abc","status":"publish","type":"post","link":"https:\/\/www.cmalleida.com\/es\/decir-adios-es-mas-facil-con-tu-seguro-de-decesos-abc\/","title":{"rendered":"Decir adi\u00f3s es m\u00e1s f\u00e1cil con tu seguro de decesos  (ABC)"},"content":{"rendered":"<p><em>Esta garant\u00eda es una de los m\u00e1s antiguas y valoradas en nuestra sociedad; aproximadamente, el 57% de la poblaci\u00f3n espa\u00f1ola cuenta con los servicios de una.<\/em><\/p>\n<p>Actualizado: 18\/04\/2018 16:59h<\/p>\n<p>El fallecimiento y miedo a la muerte es un sentimiento innato en todos los seres humanos. No cabe duda que la preparaci\u00f3n de nuestro propio sepelio es algo escalofriante y sobre todo dif\u00edcil de afrontar. En general, somos reticentes a plantearnos contratar un seguro de este tipo en vida, pero en momentos que hemos tenido que afrontar esta situaci\u00f3n con una persona cercana, es cuando llegamos a valorar la utilidad de este servicio.<\/p>\n<p>Curiosamente, el seguro de decesos es uno de los m\u00e1s antiguos y valorados en nuestra sociedad. Aproximadamente, el 57% de la poblaci\u00f3n espa\u00f1ola cuenta con los servicios de un\u00a0seguro de decesos. Generaci\u00f3n tras generaci\u00f3n, hemos ido pasando el testigo y haciendo m\u00e1s f\u00e1cil un momento tan complicado para nuestros familiares y seres queridos. Por estos motivos, las aseguradoras espa\u00f1olas han ido perfeccionando la cobertura de esta clase de p\u00f3lizas para ofrecer un mejor servicio a los asegurados.<\/p>\n<p>\u00bfQu\u00e9 modalidades de seguro de decesos existen en el mercado?<\/p>\n<p>Actualmente existen diferentes opciones de seguro para que el asegurado elija seg\u00fan su criterio y sus necesidades. Todas cubren el sepelio y los tr\u00e1mites que derivan del mismo:<\/p>\n<p><strong>\u2014 Seguro de decesos con prima natural<\/strong>: esta opci\u00f3n de seguro tiene un precio m\u00e1s reducido desde su inicio pero la prima ir\u00e1 aumentando de manera natural seg\u00fan los asegurados vayan cumpliendo a\u00f1os y se modifique la suma asegurada del servicio f\u00fanebre en el tiempo. Esta p\u00f3liza est\u00e1 m\u00e1s indicada para personas o familias j\u00f3venes que quieren tener cobertura sin un coste elevado.<\/p>\n<p>\u2014\u00a0<strong>Seguro de decesos con prima nivelada<\/strong>: al contrario que el seguro de decesos con prima natural, este seguro mantendr\u00e1 la prima constante en el tiempo, comprometi\u00e9ndose la aseguradora a que la prima perdure sin sobresaltos.<\/p>\n<p>\u2014\u00a0<strong>Seguro de decesos con prima \u00fanica<\/strong>: esta modalidad de seguro es la m\u00e1s novedosa en el mercado. La contrataci\u00f3n es a partir de los 65 a\u00f1os en la mayor\u00eda de las aseguradoras y con un \u00fanico pago el asegurado se garantiza la cobertura completa del servicio de decesos. Sin lugar a dudas, es una opci\u00f3n muy recomendable para aquellas personas que no cuenten con seguro al sobrepasar esta edad y quieran facilitar un momento tan dif\u00edcil a sus seres queridos.<\/p>\n<p>\u00bfDevuelven la prima restante si el sepelio es inferior a la suma asegurada?<\/p>\n<p>Esta es una de las cuestiones que los asegurados en muchos casos desconocen. Lo normal es que una vez se produzca el fallecimiento, la persona de contacto que te ayude a gestionar el sepelio y dem\u00e1s tr\u00e1mites, indique c\u00f3mo se procede en tu compa\u00f1\u00eda. En la mayor\u00eda de las aseguradoras el coste de todo el sepelio es inferior a la suma asegurada y la compa\u00f1\u00eda reembolsar\u00e1 a los beneficiarios el capital restante. Algunos de los servicios de las p\u00f3lizas de decesos son opcionales y la elecci\u00f3n de los mismos puede hacer variar el precio final del servicio.<\/p>\n<p>Es evidente que el seguro de decesos se ha convertido con el paso del tiempo en uno de los servicios m\u00e1s contratados a pesar de su no obligatoriedad. La prestaci\u00f3n de esta cobertura supera con creces el coste emocional de un momento tan \u00edntimo y delicado.<\/p>\n","protected":false},"excerpt":{"rendered":"<p>Esta garant\u00eda es una de los m\u00e1s antiguas y valoradas en nuestra sociedad; aproximadamente, el 57% de la poblaci\u00f3n espa\u00f1ola cuenta con los servicios de&#8230; <a href=\"https:\/\/www.cmalleida.com\/es\/decir-adios-es-mas-facil-con-tu-seguro-de-decesos-abc\/\" rel=\"nofollow\" class=\"lollegirmes\">Llegeix m\u00e9s<\/a><\/p>\n","protected":false},"author":3,"featured_media":2017,"comment_status":"closed","ping_status":"closed","sticky":false,"template":"","format":"standard","meta":{"_acf_changed":false,"_genesis_hide_title":false,"_genesis_hide_breadcrumbs":false,"_genesis_hide_singular_image":false,"_genesis_hide_footer_widgets":false,"_genesis_custom_body_class":"","_genesis_custom_post_class":"","_genesis_layout":"","footnotes":""},"categories":[28],"tags":[],"class_list":{"0":"post-2181","1":"post","2":"type-post","3":"status-publish","4":"format-standard","5":"has-post-thumbnail","7":"category-actualidad","8":"entry"},"acf":[],"yoast_head":"<!-- This site is optimized with the Yoast SEO plugin v27.2 - https:\/\/yoast.com\/product\/yoast-seo-wordpress\/ -->\n<title>Decir adi\u00f3s es m\u00e1s f\u00e1cil con tu seguro de decesos (ABC) - Col\u00b7legi de Mediadors d&#039;Assegurances de Lleida<\/title>\n<meta name=\"robots\" content=\"index, follow, max-snippet:-1, max-image-preview:large, max-video-preview:-1\" \/>\n<link rel=\"canonical\" href=\"https:\/\/www.cmalleida.com\/es\/decir-adios-es-mas-facil-con-tu-seguro-de-decesos-abc\/\" \/>\n<meta property=\"og:locale\" content=\"es_ES\" \/>\n<meta property=\"og:type\" content=\"article\" \/>\n<meta property=\"og:title\" content=\"Decir adi\u00f3s es m\u00e1s f\u00e1cil con tu seguro de decesos (ABC) - Col\u00b7legi de Mediadors d&#039;Assegurances de Lleida\" \/>\n<meta property=\"og:description\" content=\"Esta garant\u00eda es una de los m\u00e1s antiguas y valoradas en nuestra sociedad; aproximadamente, el 57% de la poblaci\u00f3n espa\u00f1ola cuenta con los servicios de... Llegeix m\u00e9s\" \/>\n<meta property=\"og:url\" content=\"https:\/\/www.cmalleida.com\/es\/decir-adios-es-mas-facil-con-tu-seguro-de-decesos-abc\/\" \/>\n<meta property=\"og:site_name\" content=\"Col\u00b7legi de Mediadors d&#039;Assegurances de Lleida\" \/>\n<meta property=\"article:published_time\" content=\"2018-04-20T11:13:41+00:00\" \/>\n<meta property=\"og:image\" content=\"https:\/\/www.cmalleida.com\/wp-content\/uploads\/cmall-contacta-calendari-3820.jpg\" \/>\n\t<meta property=\"og:image:width\" content=\"3840\" \/>\n\t<meta property=\"og:image:height\" content=\"762\" \/>\n\t<meta property=\"og:image:type\" content=\"image\/jpeg\" \/>\n<meta name=\"author\" content=\"Col\u00b7legi Mediadors\" \/>\n<meta name=\"twitter:card\" content=\"summary_large_image\" \/>\n<meta name=\"twitter:label1\" content=\"Written by\" \/>\n\t<meta name=\"twitter:data1\" content=\"Col\u00b7legi Mediadors\" \/>\n\t<meta name=\"twitter:label2\" content=\"Est. reading time\" \/>\n\t<meta name=\"twitter:data2\" content=\"3 minutos\" \/>\n<script type=\"application\/ld+json\" class=\"yoast-schema-graph\">{\"@context\":\"https:\/\/schema.org\",\"@graph\":[{\"@type\":\"Article\",\"@id\":\"https:\/\/www.cmalleida.com\/es\/decir-adios-es-mas-facil-con-tu-seguro-de-decesos-abc\/#article\",\"isPartOf\":{\"@id\":\"https:\/\/www.cmalleida.com\/es\/decir-adios-es-mas-facil-con-tu-seguro-de-decesos-abc\/\"},\"author\":{\"name\":\"Col\u00b7legi Mediadors\",\"@id\":\"https:\/\/www.cmalleida.com\/es\/#\/schema\/person\/bc84b7874fa5ac8a15c15a050fb3b79c\"},\"headline\":\"Decir adi\u00f3s es m\u00e1s f\u00e1cil con tu seguro de decesos (ABC)\",\"datePublished\":\"2018-04-20T11:13:41+00:00\",\"mainEntityOfPage\":{\"@id\":\"https:\/\/www.cmalleida.com\/es\/decir-adios-es-mas-facil-con-tu-seguro-de-decesos-abc\/\"},\"wordCount\":604,\"publisher\":{\"@id\":\"https:\/\/www.cmalleida.com\/es\/#organization\"},\"image\":{\"@id\":\"https:\/\/www.cmalleida.com\/es\/decir-adios-es-mas-facil-con-tu-seguro-de-decesos-abc\/#primaryimage\"},\"thumbnailUrl\":\"https:\/\/www.cmalleida.com\/wp-content\/uploads\/cmall-contacta-calendari-3820.jpg\",\"articleSection\":[\"Actualidad\"],\"inLanguage\":\"es\"},{\"@type\":\"WebPage\",\"@id\":\"https:\/\/www.cmalleida.com\/es\/decir-adios-es-mas-facil-con-tu-seguro-de-decesos-abc\/\",\"url\":\"https:\/\/www.cmalleida.com\/es\/decir-adios-es-mas-facil-con-tu-seguro-de-decesos-abc\/\",\"name\":\"Decir adi\u00f3s es m\u00e1s f\u00e1cil con tu seguro de decesos (ABC) - Col\u00b7legi de Mediadors d&#039;Assegurances de Lleida\",\"isPartOf\":{\"@id\":\"https:\/\/www.cmalleida.com\/es\/#website\"},\"primaryImageOfPage\":{\"@id\":\"https:\/\/www.cmalleida.com\/es\/decir-adios-es-mas-facil-con-tu-seguro-de-decesos-abc\/#primaryimage\"},\"image\":{\"@id\":\"https:\/\/www.cmalleida.com\/es\/decir-adios-es-mas-facil-con-tu-seguro-de-decesos-abc\/#primaryimage\"},\"thumbnailUrl\":\"https:\/\/www.cmalleida.com\/wp-content\/uploads\/cmall-contacta-calendari-3820.jpg\",\"datePublished\":\"2018-04-20T11:13:41+00:00\",\"breadcrumb\":{\"@id\":\"https:\/\/www.cmalleida.com\/es\/decir-adios-es-mas-facil-con-tu-seguro-de-decesos-abc\/#breadcrumb\"},\"inLanguage\":\"es\",\"potentialAction\":[{\"@type\":\"ReadAction\",\"target\":[\"https:\/\/www.cmalleida.com\/es\/decir-adios-es-mas-facil-con-tu-seguro-de-decesos-abc\/\"]}]},{\"@type\":\"ImageObject\",\"inLanguage\":\"es\",\"@id\":\"https:\/\/www.cmalleida.com\/es\/decir-adios-es-mas-facil-con-tu-seguro-de-decesos-abc\/#primaryimage\",\"url\":\"https:\/\/www.cmalleida.com\/wp-content\/uploads\/cmall-contacta-calendari-3820.jpg\",\"contentUrl\":\"https:\/\/www.cmalleida.com\/wp-content\/uploads\/cmall-contacta-calendari-3820.jpg\",\"width\":3840,\"height\":762,\"caption\":\"cmall-contacta-calendari-3820\"},{\"@type\":\"BreadcrumbList\",\"@id\":\"https:\/\/www.cmalleida.com\/es\/decir-adios-es-mas-facil-con-tu-seguro-de-decesos-abc\/#breadcrumb\",\"itemListElement\":[{\"@type\":\"ListItem\",\"position\":1,\"name\":\"Inici\",\"item\":\"https:\/\/www.cmalleida.com\/es\/\"},{\"@type\":\"ListItem\",\"position\":2,\"name\":\"Decir adi\u00f3s es m\u00e1s f\u00e1cil con tu seguro de decesos (ABC)\"}]},{\"@type\":\"WebSite\",\"@id\":\"https:\/\/www.cmalleida.com\/es\/#website\",\"url\":\"https:\/\/www.cmalleida.com\/es\/\",\"name\":\"Col\u00b7legi de Mediadors d&#039;Assegurances de Lleida\",\"description\":\"Otro sitio realizado con WordPress\",\"publisher\":{\"@id\":\"https:\/\/www.cmalleida.com\/es\/#organization\"},\"potentialAction\":[{\"@type\":\"SearchAction\",\"target\":{\"@type\":\"EntryPoint\",\"urlTemplate\":\"https:\/\/www.cmalleida.com\/es\/?s={search_term_string}\"},\"query-input\":{\"@type\":\"PropertyValueSpecification\",\"valueRequired\":true,\"valueName\":\"search_term_string\"}}],\"inLanguage\":\"es\"},{\"@type\":\"Organization\",\"@id\":\"https:\/\/www.cmalleida.com\/es\/#organization\",\"name\":\"Col\u00b7legi de Mediadors d'Assegurances de Lleida\",\"url\":\"https:\/\/www.cmalleida.com\/es\/\",\"logo\":{\"@type\":\"ImageObject\",\"inLanguage\":\"es\",\"@id\":\"https:\/\/www.cmalleida.com\/es\/#\/schema\/logo\/image\/\",\"url\":\"\",\"contentUrl\":\"\",\"caption\":\"Col\u00b7legi de Mediadors d'Assegurances de Lleida\"},\"image\":{\"@id\":\"https:\/\/www.cmalleida.com\/es\/#\/schema\/logo\/image\/\"}},{\"@type\":\"Person\",\"@id\":\"https:\/\/www.cmalleida.com\/es\/#\/schema\/person\/bc84b7874fa5ac8a15c15a050fb3b79c\",\"name\":\"Col\u00b7legi Mediadors\",\"image\":{\"@type\":\"ImageObject\",\"inLanguage\":\"es\",\"@id\":\"https:\/\/secure.gravatar.com\/avatar\/05a66e0aafde4a91aea6f2c243b0b99b03dac1cca78dc84298f5e7e7ad4dfd33?s=96&d=mm&r=g\",\"url\":\"https:\/\/secure.gravatar.com\/avatar\/05a66e0aafde4a91aea6f2c243b0b99b03dac1cca78dc84298f5e7e7ad4dfd33?s=96&d=mm&r=g\",\"contentUrl\":\"https:\/\/secure.gravatar.com\/avatar\/05a66e0aafde4a91aea6f2c243b0b99b03dac1cca78dc84298f5e7e7ad4dfd33?s=96&d=mm&r=g\",\"caption\":\"Col\u00b7legi Mediadors\"}}]}<\/script>\n<!-- \/ Yoast SEO plugin. -->","yoast_head_json":{"title":"Decir adi\u00f3s es m\u00e1s f\u00e1cil con tu seguro de decesos (ABC) - Col\u00b7legi de Mediadors d&#039;Assegurances de Lleida","robots":{"index":"index","follow":"follow","max-snippet":"max-snippet:-1","max-image-preview":"max-image-preview:large","max-video-preview":"max-video-preview:-1"},"canonical":"https:\/\/www.cmalleida.com\/es\/decir-adios-es-mas-facil-con-tu-seguro-de-decesos-abc\/","og_locale":"es_ES","og_type":"article","og_title":"Decir adi\u00f3s es m\u00e1s f\u00e1cil con tu seguro de decesos (ABC) - Col\u00b7legi de Mediadors d&#039;Assegurances de Lleida","og_description":"Esta garant\u00eda es una de los m\u00e1s antiguas y valoradas en nuestra sociedad; aproximadamente, el 57% de la poblaci\u00f3n espa\u00f1ola cuenta con los servicios de... Llegeix m\u00e9s","og_url":"https:\/\/www.cmalleida.com\/es\/decir-adios-es-mas-facil-con-tu-seguro-de-decesos-abc\/","og_site_name":"Col\u00b7legi de Mediadors d&#039;Assegurances de Lleida","article_published_time":"2018-04-20T11:13:41+00:00","og_image":[{"width":3840,"height":762,"url":"https:\/\/www.cmalleida.com\/wp-content\/uploads\/cmall-contacta-calendari-3820.jpg","type":"image\/jpeg"}],"author":"Col\u00b7legi Mediadors","twitter_card":"summary_large_image","twitter_misc":{"Written by":"Col\u00b7legi Mediadors","Est. reading time":"3 minutos"},"schema":{"@context":"https:\/\/schema.org","@graph":[{"@type":"Article","@id":"https:\/\/www.cmalleida.com\/es\/decir-adios-es-mas-facil-con-tu-seguro-de-decesos-abc\/#article","isPartOf":{"@id":"https:\/\/www.cmalleida.com\/es\/decir-adios-es-mas-facil-con-tu-seguro-de-decesos-abc\/"},"author":{"name":"Col\u00b7legi Mediadors","@id":"https:\/\/www.cmalleida.com\/es\/#\/schema\/person\/bc84b7874fa5ac8a15c15a050fb3b79c"},"headline":"Decir adi\u00f3s es m\u00e1s f\u00e1cil con tu seguro de decesos (ABC)","datePublished":"2018-04-20T11:13:41+00:00","mainEntityOfPage":{"@id":"https:\/\/www.cmalleida.com\/es\/decir-adios-es-mas-facil-con-tu-seguro-de-decesos-abc\/"},"wordCount":604,"publisher":{"@id":"https:\/\/www.cmalleida.com\/es\/#organization"},"image":{"@id":"https:\/\/www.cmalleida.com\/es\/decir-adios-es-mas-facil-con-tu-seguro-de-decesos-abc\/#primaryimage"},"thumbnailUrl":"https:\/\/www.cmalleida.com\/wp-content\/uploads\/cmall-contacta-calendari-3820.jpg","articleSection":["Actualidad"],"inLanguage":"es"},{"@type":"WebPage","@id":"https:\/\/www.cmalleida.com\/es\/decir-adios-es-mas-facil-con-tu-seguro-de-decesos-abc\/","url":"https:\/\/www.cmalleida.com\/es\/decir-adios-es-mas-facil-con-tu-seguro-de-decesos-abc\/","name":"Decir adi\u00f3s es m\u00e1s f\u00e1cil con tu seguro de decesos (ABC) - Col\u00b7legi de Mediadors d&#039;Assegurances de Lleida","isPartOf":{"@id":"https:\/\/www.cmalleida.com\/es\/#website"},"primaryImageOfPage":{"@id":"https:\/\/www.cmalleida.com\/es\/decir-adios-es-mas-facil-con-tu-seguro-de-decesos-abc\/#primaryimage"},"image":{"@id":"https:\/\/www.cmalleida.com\/es\/decir-adios-es-mas-facil-con-tu-seguro-de-decesos-abc\/#primaryimage"},"thumbnailUrl":"https:\/\/www.cmalleida.com\/wp-content\/uploads\/cmall-contacta-calendari-3820.jpg","datePublished":"2018-04-20T11:13:41+00:00","breadcrumb":{"@id":"https:\/\/www.cmalleida.com\/es\/decir-adios-es-mas-facil-con-tu-seguro-de-decesos-abc\/#breadcrumb"},"inLanguage":"es","potentialAction":[{"@type":"ReadAction","target":["https:\/\/www.cmalleida.com\/es\/decir-adios-es-mas-facil-con-tu-seguro-de-decesos-abc\/"]}]},{"@type":"ImageObject","inLanguage":"es","@id":"https:\/\/www.cmalleida.com\/es\/decir-adios-es-mas-facil-con-tu-seguro-de-decesos-abc\/#primaryimage","url":"https:\/\/www.cmalleida.com\/wp-content\/uploads\/cmall-contacta-calendari-3820.jpg","contentUrl":"https:\/\/www.cmalleida.com\/wp-content\/uploads\/cmall-contacta-calendari-3820.jpg","width":3840,"height":762,"caption":"cmall-contacta-calendari-3820"},{"@type":"BreadcrumbList","@id":"https:\/\/www.cmalleida.com\/es\/decir-adios-es-mas-facil-con-tu-seguro-de-decesos-abc\/#breadcrumb","itemListElement":[{"@type":"ListItem","position":1,"name":"Inici","item":"https:\/\/www.cmalleida.com\/es\/"},{"@type":"ListItem","position":2,"name":"Decir adi\u00f3s es m\u00e1s f\u00e1cil con tu seguro de decesos (ABC)"}]},{"@type":"WebSite","@id":"https:\/\/www.cmalleida.com\/es\/#website","url":"https:\/\/www.cmalleida.com\/es\/","name":"Col\u00b7legi de Mediadors d&#039;Assegurances de Lleida","description":"Otro sitio realizado con WordPress","publisher":{"@id":"https:\/\/www.cmalleida.com\/es\/#organization"},"potentialAction":[{"@type":"SearchAction","target":{"@type":"EntryPoint","urlTemplate":"https:\/\/www.cmalleida.com\/es\/?s={search_term_string}"},"query-input":{"@type":"PropertyValueSpecification","valueRequired":true,"valueName":"search_term_string"}}],"inLanguage":"es"},{"@type":"Organization","@id":"https:\/\/www.cmalleida.com\/es\/#organization","name":"Col\u00b7legi de Mediadors d'Assegurances de Lleida","url":"https:\/\/www.cmalleida.com\/es\/","logo":{"@type":"ImageObject","inLanguage":"es","@id":"https:\/\/www.cmalleida.com\/es\/#\/schema\/logo\/image\/","url":"","contentUrl":"","caption":"Col\u00b7legi de Mediadors d'Assegurances de Lleida"},"image":{"@id":"https:\/\/www.cmalleida.com\/es\/#\/schema\/logo\/image\/"}},{"@type":"Person","@id":"https:\/\/www.cmalleida.com\/es\/#\/schema\/person\/bc84b7874fa5ac8a15c15a050fb3b79c","name":"Col\u00b7legi Mediadors","image":{"@type":"ImageObject","inLanguage":"es","@id":"https:\/\/secure.gravatar.com\/avatar\/05a66e0aafde4a91aea6f2c243b0b99b03dac1cca78dc84298f5e7e7ad4dfd33?s=96&d=mm&r=g","url":"https:\/\/secure.gravatar.com\/avatar\/05a66e0aafde4a91aea6f2c243b0b99b03dac1cca78dc84298f5e7e7ad4dfd33?s=96&d=mm&r=g","contentUrl":"https:\/\/secure.gravatar.com\/avatar\/05a66e0aafde4a91aea6f2c243b0b99b03dac1cca78dc84298f5e7e7ad4dfd33?s=96&d=mm&r=g","caption":"Col\u00b7legi Mediadors"}}]}},"_links":{"self":[{"href":"https:\/\/www.cmalleida.com\/es\/wp-json\/wp\/v2\/posts\/2181","targetHints":{"allow":["GET"]}}],"collection":[{"href":"https:\/\/www.cmalleida.com\/es\/wp-json\/wp\/v2\/posts"}],"about":[{"href":"https:\/\/www.cmalleida.com\/es\/wp-json\/wp\/v2\/types\/post"}],"author":[{"embeddable":true,"href":"https:\/\/www.cmalleida.com\/es\/wp-json\/wp\/v2\/users\/3"}],"replies":[{"embeddable":true,"href":"https:\/\/www.cmalleida.com\/es\/wp-json\/wp\/v2\/comments?post=2181"}],"version-history":[{"count":1,"href":"https:\/\/www.cmalleida.com\/es\/wp-json\/wp\/v2\/posts\/2181\/revisions"}],"predecessor-version":[{"id":2182,"href":"https:\/\/www.cmalleida.com\/es\/wp-json\/wp\/v2\/posts\/2181\/revisions\/2182"}],"wp:featuredmedia":[{"embeddable":true,"href":"https:\/\/www.cmalleida.com\/es\/wp-json\/wp\/v2\/media\/2017"}],"wp:attachment":[{"href":"https:\/\/www.cmalleida.com\/es\/wp-json\/wp\/v2\/media?parent=2181"}],"wp:term":[{"taxonomy":"category","embeddable":true,"href":"https:\/\/www.cmalleida.com\/es\/wp-json\/wp\/v2\/categories?post=2181"},{"taxonomy":"post_tag","embeddable":true,"href":"https:\/\/www.cmalleida.com\/es\/wp-json\/wp\/v2\/tags?post=2181"}],"curies":[{"name":"wp","href":"https:\/\/api.w.org\/{rel}","templated":true}]}}