{"id":2024,"date":"2018-04-06T09:32:18","date_gmt":"2018-04-06T07:32:18","guid":{"rendered":"https:\/\/www.cmalleida.com\/?p=2024"},"modified":"2018-04-06T09:32:18","modified_gmt":"2018-04-06T07:32:18","slug":"agroseguro-xifra-en-12-milions-el-dany-per-les-gelades-segre-06-04-2018","status":"publish","type":"post","link":"https:\/\/www.cmalleida.com\/es\/agroseguro-xifra-en-12-milions-el-dany-per-les-gelades-segre-06-04-2018\/","title":{"rendered":"Agroseguro xifra en 1,2 milions el dany per les gelades (Segre 06\/04\/2018)"},"content":{"rendered":"<p><em>Reclamacions de p\u00e8rdues pel fred en unes 700 hect\u00e0rees de les comarques de Ponent<\/em><\/p>\n<p>\u2758 LLEIDA \u2758 Agroseguro ha rebut parts per danys per gelades en 700 hect\u00e0rees de fruiters a la prov\u00edncia de Lleida i calcula la valoraci\u00f3 provisional d\u2019indemnitzacions en 1,2 milions d\u2019euros. Segons va explicar ahir el m\u00e0xim responsable d\u2019Agroseguro a Catalunya, Xavier Joana, l\u2019afectaci\u00f3 mitjana de les parcel\u00b7les amb danys a les comarques de Ponent se situa en un 51%.<\/p>\n<p>A m\u00e9s, cal tenir en compte la franqu\u00edcia a aplicar, que \u00e9s d\u2019una mitjana del 25%. Igual com va fer la conselleria d\u2019Agricultura, Agroseguro considera que la caiguda dels term\u00f2metres va causar en bona mesura una aclarida de flors en els arbres, per\u00f2 amb danys puntuals en algunes explotacions.<\/p>\n<p>El primer per\u00edode de gelades del febrer va afectar b\u00e0sicament plantacions d\u2019albercoc i varietats de pr\u00e9ssec i nectarina primerenques tipus, R22, luciana, gardeta o garcica.<\/p>\n<p>La seua localitzaci\u00f3 la situa a la part m\u00e9s sud de la comarca del Segri\u00e0, a la prov\u00edncia de Lleida, i a la Ribera d\u2019Ebre a Tarragona.<\/p>\n<p>El segon per\u00edode de gelades situat en la tercena desena de mar\u00e7 ja va afectar un ventall m\u00e9s ampli de varietats, amb\u00a0 danys a parcel\u00b7les puntuals de pr\u00e9ssec o nectarina que per la ubicaci\u00f3 o aven\u00e7 fenol\u00f2gic se situaven en un per\u00edode m\u00e9s cr\u00edtic a tenir danys.<\/p>\n<p>Les parcel\u00b7les reclamades se situen en quatre zones: la Ribera d\u2019Ebre, la part central del Segri\u00e0 per sobre del terme municipal de Lleida i centrat en Corbins, la franja l\u00edmit amb la Llitera de la prov\u00edncia d\u2019Osca i la zona m\u00e9s sud del Segri\u00e0 centrat en la localitat de Ser\u00f2s.<\/p>\n<p style=\"text-align: center;\"><strong><em>AFECTACI\u00d3<\/em><\/strong><\/p>\n<p style=\"text-align: center;\"><em>Bona part de les afectacions per les caigudes de temperaturas se centren en el Segri\u00e0<\/em><\/p>\n","protected":false},"excerpt":{"rendered":"<p>Reclamacions de p\u00e8rdues pel fred en unes 700 hect\u00e0rees de les comarques de Ponent \u2758 LLEIDA \u2758 Agroseguro ha rebut parts per danys per gelades&#8230; <a href=\"https:\/\/www.cmalleida.com\/es\/agroseguro-xifra-en-12-milions-el-dany-per-les-gelades-segre-06-04-2018\/\" rel=\"nofollow\" class=\"lollegirmes\">Llegeix m\u00e9s<\/a><\/p>\n","protected":false},"author":3,"featured_media":1830,"comment_status":"closed","ping_status":"closed","sticky":false,"template":"","format":"standard","meta":{"_acf_changed":false,"_genesis_hide_title":false,"_genesis_hide_breadcrumbs":false,"_genesis_hide_singular_image":false,"_genesis_hide_footer_widgets":false,"_genesis_custom_body_class":"","_genesis_custom_post_class":"","_genesis_layout":"","footnotes":""},"categories":[61],"tags":[],"class_list":{"0":"post-2024","1":"post","2":"type-post","3":"status-publish","4":"format-standard","5":"has-post-thumbnail","7":"category-sinistres","8":"entry"},"acf":[],"yoast_head":"<!-- This site is optimized with the Yoast SEO plugin v27.2 - https:\/\/yoast.com\/product\/yoast-seo-wordpress\/ -->\n<title>Agroseguro xifra en 1,2 milions el dany per les gelades (Segre 06\/04\/2018) - Col\u00b7legi de Mediadors d&#039;Assegurances de Lleida<\/title>\n<meta name=\"robots\" content=\"index, follow, max-snippet:-1, max-image-preview:large, max-video-preview:-1\" \/>\n<link rel=\"canonical\" href=\"https:\/\/www.cmalleida.com\/es\/agroseguro-xifra-en-12-milions-el-dany-per-les-gelades-segre-06-04-2018\/\" \/>\n<meta property=\"og:locale\" content=\"es_ES\" \/>\n<meta property=\"og:type\" content=\"article\" \/>\n<meta property=\"og:title\" content=\"Agroseguro xifra en 1,2 milions el dany per les gelades (Segre 06\/04\/2018) - Col\u00b7legi de Mediadors d&#039;Assegurances de Lleida\" \/>\n<meta property=\"og:description\" content=\"Reclamacions de p\u00e8rdues pel fred en unes 700 hect\u00e0rees de les comarques de Ponent \u2758 LLEIDA \u2758 Agroseguro ha rebut parts per danys per gelades... Llegeix m\u00e9s\" \/>\n<meta property=\"og:url\" content=\"https:\/\/www.cmalleida.com\/es\/agroseguro-xifra-en-12-milions-el-dany-per-les-gelades-segre-06-04-2018\/\" \/>\n<meta property=\"og:site_name\" content=\"Col\u00b7legi de Mediadors d&#039;Assegurances de Lleida\" \/>\n<meta property=\"article:published_time\" content=\"2018-04-06T07:32:18+00:00\" \/>\n<meta property=\"og:image\" content=\"https:\/\/www.cmalleida.com\/wp-content\/uploads\/cmall-lleida-actualitat-calcula762.jpg\" \/>\n\t<meta property=\"og:image:width\" content=\"762\" \/>\n\t<meta property=\"og:image:height\" content=\"762\" \/>\n\t<meta property=\"og:image:type\" content=\"image\/jpeg\" \/>\n<meta name=\"author\" content=\"Col\u00b7legi Mediadors\" \/>\n<meta name=\"twitter:card\" content=\"summary_large_image\" \/>\n<meta name=\"twitter:label1\" content=\"Written by\" \/>\n\t<meta name=\"twitter:data1\" content=\"Col\u00b7legi Mediadors\" \/>\n\t<meta name=\"twitter:label2\" content=\"Est. reading time\" \/>\n\t<meta name=\"twitter:data2\" content=\"2 minutos\" \/>\n<script type=\"application\/ld+json\" class=\"yoast-schema-graph\">{\"@context\":\"https:\/\/schema.org\",\"@graph\":[{\"@type\":\"Article\",\"@id\":\"https:\/\/www.cmalleida.com\/es\/agroseguro-xifra-en-12-milions-el-dany-per-les-gelades-segre-06-04-2018\/#article\",\"isPartOf\":{\"@id\":\"https:\/\/www.cmalleida.com\/es\/agroseguro-xifra-en-12-milions-el-dany-per-les-gelades-segre-06-04-2018\/\"},\"author\":{\"name\":\"Col\u00b7legi Mediadors\",\"@id\":\"https:\/\/www.cmalleida.com\/es\/#\/schema\/person\/bc84b7874fa5ac8a15c15a050fb3b79c\"},\"headline\":\"Agroseguro xifra en 1,2 milions el dany per les gelades (Segre 06\/04\/2018)\",\"datePublished\":\"2018-04-06T07:32:18+00:00\",\"mainEntityOfPage\":{\"@id\":\"https:\/\/www.cmalleida.com\/es\/agroseguro-xifra-en-12-milions-el-dany-per-les-gelades-segre-06-04-2018\/\"},\"wordCount\":328,\"publisher\":{\"@id\":\"https:\/\/www.cmalleida.com\/es\/#organization\"},\"image\":{\"@id\":\"https:\/\/www.cmalleida.com\/es\/agroseguro-xifra-en-12-milions-el-dany-per-les-gelades-segre-06-04-2018\/#primaryimage\"},\"thumbnailUrl\":\"https:\/\/www.cmalleida.com\/wp-content\/uploads\/cmall-lleida-actualitat-calcula762.jpg\",\"articleSection\":[\"Sinistres\"],\"inLanguage\":\"es\"},{\"@type\":\"WebPage\",\"@id\":\"https:\/\/www.cmalleida.com\/es\/agroseguro-xifra-en-12-milions-el-dany-per-les-gelades-segre-06-04-2018\/\",\"url\":\"https:\/\/www.cmalleida.com\/es\/agroseguro-xifra-en-12-milions-el-dany-per-les-gelades-segre-06-04-2018\/\",\"name\":\"Agroseguro xifra en 1,2 milions el dany per les gelades (Segre 06\/04\/2018) - Col\u00b7legi de Mediadors d&#039;Assegurances de Lleida\",\"isPartOf\":{\"@id\":\"https:\/\/www.cmalleida.com\/es\/#website\"},\"primaryImageOfPage\":{\"@id\":\"https:\/\/www.cmalleida.com\/es\/agroseguro-xifra-en-12-milions-el-dany-per-les-gelades-segre-06-04-2018\/#primaryimage\"},\"image\":{\"@id\":\"https:\/\/www.cmalleida.com\/es\/agroseguro-xifra-en-12-milions-el-dany-per-les-gelades-segre-06-04-2018\/#primaryimage\"},\"thumbnailUrl\":\"https:\/\/www.cmalleida.com\/wp-content\/uploads\/cmall-lleida-actualitat-calcula762.jpg\",\"datePublished\":\"2018-04-06T07:32:18+00:00\",\"breadcrumb\":{\"@id\":\"https:\/\/www.cmalleida.com\/es\/agroseguro-xifra-en-12-milions-el-dany-per-les-gelades-segre-06-04-2018\/#breadcrumb\"},\"inLanguage\":\"es\",\"potentialAction\":[{\"@type\":\"ReadAction\",\"target\":[\"https:\/\/www.cmalleida.com\/es\/agroseguro-xifra-en-12-milions-el-dany-per-les-gelades-segre-06-04-2018\/\"]}]},{\"@type\":\"ImageObject\",\"inLanguage\":\"es\",\"@id\":\"https:\/\/www.cmalleida.com\/es\/agroseguro-xifra-en-12-milions-el-dany-per-les-gelades-segre-06-04-2018\/#primaryimage\",\"url\":\"https:\/\/www.cmalleida.com\/wp-content\/uploads\/cmall-lleida-actualitat-calcula762.jpg\",\"contentUrl\":\"https:\/\/www.cmalleida.com\/wp-content\/uploads\/cmall-lleida-actualitat-calcula762.jpg\",\"width\":762,\"height\":762,\"caption\":\"cmall-lleida-actualitat-calcula762\"},{\"@type\":\"BreadcrumbList\",\"@id\":\"https:\/\/www.cmalleida.com\/es\/agroseguro-xifra-en-12-milions-el-dany-per-les-gelades-segre-06-04-2018\/#breadcrumb\",\"itemListElement\":[{\"@type\":\"ListItem\",\"position\":1,\"name\":\"Inici\",\"item\":\"https:\/\/www.cmalleida.com\/es\/\"},{\"@type\":\"ListItem\",\"position\":2,\"name\":\"Agroseguro xifra en 1,2 milions el dany per les gelades (Segre 06\/04\/2018)\"}]},{\"@type\":\"WebSite\",\"@id\":\"https:\/\/www.cmalleida.com\/es\/#website\",\"url\":\"https:\/\/www.cmalleida.com\/es\/\",\"name\":\"Col\u00b7legi de Mediadors d&#039;Assegurances de Lleida\",\"description\":\"Otro sitio realizado con WordPress\",\"publisher\":{\"@id\":\"https:\/\/www.cmalleida.com\/es\/#organization\"},\"potentialAction\":[{\"@type\":\"SearchAction\",\"target\":{\"@type\":\"EntryPoint\",\"urlTemplate\":\"https:\/\/www.cmalleida.com\/es\/?s={search_term_string}\"},\"query-input\":{\"@type\":\"PropertyValueSpecification\",\"valueRequired\":true,\"valueName\":\"search_term_string\"}}],\"inLanguage\":\"es\"},{\"@type\":\"Organization\",\"@id\":\"https:\/\/www.cmalleida.com\/es\/#organization\",\"name\":\"Col\u00b7legi de Mediadors d'Assegurances de Lleida\",\"url\":\"https:\/\/www.cmalleida.com\/es\/\",\"logo\":{\"@type\":\"ImageObject\",\"inLanguage\":\"es\",\"@id\":\"https:\/\/www.cmalleida.com\/es\/#\/schema\/logo\/image\/\",\"url\":\"\",\"contentUrl\":\"\",\"caption\":\"Col\u00b7legi de Mediadors d'Assegurances de Lleida\"},\"image\":{\"@id\":\"https:\/\/www.cmalleida.com\/es\/#\/schema\/logo\/image\/\"}},{\"@type\":\"Person\",\"@id\":\"https:\/\/www.cmalleida.com\/es\/#\/schema\/person\/bc84b7874fa5ac8a15c15a050fb3b79c\",\"name\":\"Col\u00b7legi Mediadors\",\"image\":{\"@type\":\"ImageObject\",\"inLanguage\":\"es\",\"@id\":\"https:\/\/secure.gravatar.com\/avatar\/05a66e0aafde4a91aea6f2c243b0b99b03dac1cca78dc84298f5e7e7ad4dfd33?s=96&d=mm&r=g\",\"url\":\"https:\/\/secure.gravatar.com\/avatar\/05a66e0aafde4a91aea6f2c243b0b99b03dac1cca78dc84298f5e7e7ad4dfd33?s=96&d=mm&r=g\",\"contentUrl\":\"https:\/\/secure.gravatar.com\/avatar\/05a66e0aafde4a91aea6f2c243b0b99b03dac1cca78dc84298f5e7e7ad4dfd33?s=96&d=mm&r=g\",\"caption\":\"Col\u00b7legi Mediadors\"}}]}<\/script>\n<!-- \/ Yoast SEO plugin. -->","yoast_head_json":{"title":"Agroseguro xifra en 1,2 milions el dany per les gelades (Segre 06\/04\/2018) - Col\u00b7legi de Mediadors d&#039;Assegurances de Lleida","robots":{"index":"index","follow":"follow","max-snippet":"max-snippet:-1","max-image-preview":"max-image-preview:large","max-video-preview":"max-video-preview:-1"},"canonical":"https:\/\/www.cmalleida.com\/es\/agroseguro-xifra-en-12-milions-el-dany-per-les-gelades-segre-06-04-2018\/","og_locale":"es_ES","og_type":"article","og_title":"Agroseguro xifra en 1,2 milions el dany per les gelades (Segre 06\/04\/2018) - Col\u00b7legi de Mediadors d&#039;Assegurances de Lleida","og_description":"Reclamacions de p\u00e8rdues pel fred en unes 700 hect\u00e0rees de les comarques de Ponent \u2758 LLEIDA \u2758 Agroseguro ha rebut parts per danys per gelades... Llegeix m\u00e9s","og_url":"https:\/\/www.cmalleida.com\/es\/agroseguro-xifra-en-12-milions-el-dany-per-les-gelades-segre-06-04-2018\/","og_site_name":"Col\u00b7legi de Mediadors d&#039;Assegurances de Lleida","article_published_time":"2018-04-06T07:32:18+00:00","og_image":[{"width":762,"height":762,"url":"https:\/\/www.cmalleida.com\/wp-content\/uploads\/cmall-lleida-actualitat-calcula762.jpg","type":"image\/jpeg"}],"author":"Col\u00b7legi Mediadors","twitter_card":"summary_large_image","twitter_misc":{"Written by":"Col\u00b7legi Mediadors","Est. reading time":"2 minutos"},"schema":{"@context":"https:\/\/schema.org","@graph":[{"@type":"Article","@id":"https:\/\/www.cmalleida.com\/es\/agroseguro-xifra-en-12-milions-el-dany-per-les-gelades-segre-06-04-2018\/#article","isPartOf":{"@id":"https:\/\/www.cmalleida.com\/es\/agroseguro-xifra-en-12-milions-el-dany-per-les-gelades-segre-06-04-2018\/"},"author":{"name":"Col\u00b7legi Mediadors","@id":"https:\/\/www.cmalleida.com\/es\/#\/schema\/person\/bc84b7874fa5ac8a15c15a050fb3b79c"},"headline":"Agroseguro xifra en 1,2 milions el dany per les gelades (Segre 06\/04\/2018)","datePublished":"2018-04-06T07:32:18+00:00","mainEntityOfPage":{"@id":"https:\/\/www.cmalleida.com\/es\/agroseguro-xifra-en-12-milions-el-dany-per-les-gelades-segre-06-04-2018\/"},"wordCount":328,"publisher":{"@id":"https:\/\/www.cmalleida.com\/es\/#organization"},"image":{"@id":"https:\/\/www.cmalleida.com\/es\/agroseguro-xifra-en-12-milions-el-dany-per-les-gelades-segre-06-04-2018\/#primaryimage"},"thumbnailUrl":"https:\/\/www.cmalleida.com\/wp-content\/uploads\/cmall-lleida-actualitat-calcula762.jpg","articleSection":["Sinistres"],"inLanguage":"es"},{"@type":"WebPage","@id":"https:\/\/www.cmalleida.com\/es\/agroseguro-xifra-en-12-milions-el-dany-per-les-gelades-segre-06-04-2018\/","url":"https:\/\/www.cmalleida.com\/es\/agroseguro-xifra-en-12-milions-el-dany-per-les-gelades-segre-06-04-2018\/","name":"Agroseguro xifra en 1,2 milions el dany per les gelades (Segre 06\/04\/2018) - Col\u00b7legi de Mediadors d&#039;Assegurances de Lleida","isPartOf":{"@id":"https:\/\/www.cmalleida.com\/es\/#website"},"primaryImageOfPage":{"@id":"https:\/\/www.cmalleida.com\/es\/agroseguro-xifra-en-12-milions-el-dany-per-les-gelades-segre-06-04-2018\/#primaryimage"},"image":{"@id":"https:\/\/www.cmalleida.com\/es\/agroseguro-xifra-en-12-milions-el-dany-per-les-gelades-segre-06-04-2018\/#primaryimage"},"thumbnailUrl":"https:\/\/www.cmalleida.com\/wp-content\/uploads\/cmall-lleida-actualitat-calcula762.jpg","datePublished":"2018-04-06T07:32:18+00:00","breadcrumb":{"@id":"https:\/\/www.cmalleida.com\/es\/agroseguro-xifra-en-12-milions-el-dany-per-les-gelades-segre-06-04-2018\/#breadcrumb"},"inLanguage":"es","potentialAction":[{"@type":"ReadAction","target":["https:\/\/www.cmalleida.com\/es\/agroseguro-xifra-en-12-milions-el-dany-per-les-gelades-segre-06-04-2018\/"]}]},{"@type":"ImageObject","inLanguage":"es","@id":"https:\/\/www.cmalleida.com\/es\/agroseguro-xifra-en-12-milions-el-dany-per-les-gelades-segre-06-04-2018\/#primaryimage","url":"https:\/\/www.cmalleida.com\/wp-content\/uploads\/cmall-lleida-actualitat-calcula762.jpg","contentUrl":"https:\/\/www.cmalleida.com\/wp-content\/uploads\/cmall-lleida-actualitat-calcula762.jpg","width":762,"height":762,"caption":"cmall-lleida-actualitat-calcula762"},{"@type":"BreadcrumbList","@id":"https:\/\/www.cmalleida.com\/es\/agroseguro-xifra-en-12-milions-el-dany-per-les-gelades-segre-06-04-2018\/#breadcrumb","itemListElement":[{"@type":"ListItem","position":1,"name":"Inici","item":"https:\/\/www.cmalleida.com\/es\/"},{"@type":"ListItem","position":2,"name":"Agroseguro xifra en 1,2 milions el dany per les gelades (Segre 06\/04\/2018)"}]},{"@type":"WebSite","@id":"https:\/\/www.cmalleida.com\/es\/#website","url":"https:\/\/www.cmalleida.com\/es\/","name":"Col\u00b7legi de Mediadors d&#039;Assegurances de Lleida","description":"Otro sitio realizado con WordPress","publisher":{"@id":"https:\/\/www.cmalleida.com\/es\/#organization"},"potentialAction":[{"@type":"SearchAction","target":{"@type":"EntryPoint","urlTemplate":"https:\/\/www.cmalleida.com\/es\/?s={search_term_string}"},"query-input":{"@type":"PropertyValueSpecification","valueRequired":true,"valueName":"search_term_string"}}],"inLanguage":"es"},{"@type":"Organization","@id":"https:\/\/www.cmalleida.com\/es\/#organization","name":"Col\u00b7legi de Mediadors d'Assegurances de Lleida","url":"https:\/\/www.cmalleida.com\/es\/","logo":{"@type":"ImageObject","inLanguage":"es","@id":"https:\/\/www.cmalleida.com\/es\/#\/schema\/logo\/image\/","url":"","contentUrl":"","caption":"Col\u00b7legi de Mediadors d'Assegurances de Lleida"},"image":{"@id":"https:\/\/www.cmalleida.com\/es\/#\/schema\/logo\/image\/"}},{"@type":"Person","@id":"https:\/\/www.cmalleida.com\/es\/#\/schema\/person\/bc84b7874fa5ac8a15c15a050fb3b79c","name":"Col\u00b7legi Mediadors","image":{"@type":"ImageObject","inLanguage":"es","@id":"https:\/\/secure.gravatar.com\/avatar\/05a66e0aafde4a91aea6f2c243b0b99b03dac1cca78dc84298f5e7e7ad4dfd33?s=96&d=mm&r=g","url":"https:\/\/secure.gravatar.com\/avatar\/05a66e0aafde4a91aea6f2c243b0b99b03dac1cca78dc84298f5e7e7ad4dfd33?s=96&d=mm&r=g","contentUrl":"https:\/\/secure.gravatar.com\/avatar\/05a66e0aafde4a91aea6f2c243b0b99b03dac1cca78dc84298f5e7e7ad4dfd33?s=96&d=mm&r=g","caption":"Col\u00b7legi Mediadors"}}]}},"_links":{"self":[{"href":"https:\/\/www.cmalleida.com\/es\/wp-json\/wp\/v2\/posts\/2024","targetHints":{"allow":["GET"]}}],"collection":[{"href":"https:\/\/www.cmalleida.com\/es\/wp-json\/wp\/v2\/posts"}],"about":[{"href":"https:\/\/www.cmalleida.com\/es\/wp-json\/wp\/v2\/types\/post"}],"author":[{"embeddable":true,"href":"https:\/\/www.cmalleida.com\/es\/wp-json\/wp\/v2\/users\/3"}],"replies":[{"embeddable":true,"href":"https:\/\/www.cmalleida.com\/es\/wp-json\/wp\/v2\/comments?post=2024"}],"version-history":[{"count":1,"href":"https:\/\/www.cmalleida.com\/es\/wp-json\/wp\/v2\/posts\/2024\/revisions"}],"predecessor-version":[{"id":2025,"href":"https:\/\/www.cmalleida.com\/es\/wp-json\/wp\/v2\/posts\/2024\/revisions\/2025"}],"wp:featuredmedia":[{"embeddable":true,"href":"https:\/\/www.cmalleida.com\/es\/wp-json\/wp\/v2\/media\/1830"}],"wp:attachment":[{"href":"https:\/\/www.cmalleida.com\/es\/wp-json\/wp\/v2\/media?parent=2024"}],"wp:term":[{"taxonomy":"category","embeddable":true,"href":"https:\/\/www.cmalleida.com\/es\/wp-json\/wp\/v2\/categories?post=2024"},{"taxonomy":"post_tag","embeddable":true,"href":"https:\/\/www.cmalleida.com\/es\/wp-json\/wp\/v2\/tags?post=2024"}],"curies":[{"name":"wp","href":"https:\/\/api.w.org\/{rel}","templated":true}]}}