{"id":1548,"date":"2017-12-11T10:37:58","date_gmt":"2017-12-11T09:37:58","guid":{"rendered":"https:\/\/www.cmalleida.com\/cubre-el-seguro-del-coche-los-danos-provocados-por-el-temporal\/"},"modified":"2018-03-27T21:22:17","modified_gmt":"2018-03-27T19:22:17","slug":"cubre-el-seguro-del-coche-los-danos-provocados-por-el-temporal","status":"publish","type":"post","link":"https:\/\/www.cmalleida.com\/es\/cubre-el-seguro-del-coche-los-danos-provocados-por-el-temporal\/","title":{"rendered":"\u00bfCubre el seguro del coche los da\u00f1os provocados por el temporal?"},"content":{"rendered":"<p class=\"p1\"><span class=\"s1\">(ABC) <\/span><\/p>\n<p class=\"p1\"><span class=\"s1\">No todas las compa\u00f1\u00edas ofrecen las mismas coberturas, y es probable que tengamos que reclamar al Consorcio de Compensaci\u00f3n de Seguros <\/span><\/p>\n<p class=\"p1\"><span class=\"s1\">El temporal ha dejado numerosos destrozos a su paso. Desde da\u00f1os provocados por la lluvia o granizo, debido al peso de la nieve sobre los coches, o provocados por el desprendimiento de ramas y objetos debido a la fuerza del viento. Por eso es muy importante estudiar la modalidad del seguro del autom\u00f3vil que tenemos suscrita, e incluso la comoa\u00f1\u00eda, porque no todas ofrecen las mismas coberturas. <\/span><\/p>\n<p class=\"p1\"><span class=\"s1\">Siniestros habituales como la ca\u00edda de un \u00e1rbol sobre un coche aparcado o los causados por el desprendimiento de rocas en una zona de riesgo no son responsabilidad de las aseguradoras, sino del Consorcio de Compensaci\u00f3n de Seguros, al igual que otros riesgos extraordinarios como las inundaciones, las tempestades cicl\u00f3nicas at\u00edpicas, los terremotos y los maremotos. <\/span><\/p>\n<p class=\"p1\"><span class=\"s1\">Excepto los da\u00f1os causados por el granizo, que poco a poco est\u00e1 formando parte de las coberturas de las principales compa\u00f1\u00edas aseguradoras, los da\u00f1os en el coche debido a fen\u00f3menos meteorol\u00f3gicos no est\u00e1n cubiertos por el seguro del coche, aunque este sea a todo riesgo. <\/span><\/p>\n<p class=\"p1\"><span class=\"s1\">Si \u00fanicamente contamos con la cobertura obligatoria (seguro a terceros) el veh\u00edculo no estar\u00e1 cubierto ante ning\u00fan fen\u00f3meno natural, a no ser que incluya, al menos, una cobertura de da\u00f1os propios \u2013robo, lunas o incendio\u2013 o que se haya contratado una ampliaci\u00f3n en la p\u00f3liza para incluir este tipo de da\u00f1os. <\/span><\/p>\n<p class=\"p1\"><span class=\"s1\">Un seguro a todo riesgo incluye, adem\u00e1s de los da\u00f1os a terceros, los provocados al veh\u00edculo propio, y con \u00e9l, un conductor est\u00e1 autom\u00e1ticamente asegurado por el Consorcio de Compensaci\u00f3n de Seguro, el cual se har\u00e1 responsable de riesgos extraordinarios como inundaciones y vientos de rachas superiores a 120 km\/h, entre otros. Lo que no incluye el Consorcio es el granizo, la lluvia directa, el peso de la nieve ni los vientos inferiores a 120 Km\/h, por lo que la responsable de la indemnizaci\u00f3n ser\u00e1 la aseguradora siempre que la p\u00f3liza incluya una cobertura contra da\u00f1os meteorol\u00f3gicos. <\/span><\/p>\n<p class=\"p1\"><span class=\"s1\">Desde el 1 de julio de 2016, todos los coches asegurados con una p\u00f3liza de seguro de responsabilidad civil de autom\u00f3viles en Espa\u00f1a pasan a estar cubiertos por el CCS (Consorcio de Compensaci\u00f3n de Seguros) por los da\u00f1os materiales producidos por riesgos extraordinarios, a\u00fan cuando carecieran de cobertura de da\u00f1os propios. El Consorcio es un organismo estatal al que va destinada una parte del dinero de las p\u00f3lizas suscritas. <\/span><\/p>\n<p class=\"p1\"><span class=\"s1\">La comunicaci\u00f3n de da\u00f1os materiales y solicitud de indemnizaci\u00f3n habr\u00e1 de efectuarse lo antes posible, bien mediante llamada telef\u00f3nica o bien on-line, a trav\u00e9s de la web del Consorcio de Compensaci\u00f3n de Seguros.<\/span><\/p>\n<p class=\"p1\"><span class=\"s1\">La solicitud de la indemnizaci\u00f3n al Consorcio, tanto en el caso de da\u00f1os personales como materiales, se puede presentar directamente por el propio asegurado, por el tomador o por sus respectivos representantes, o bien a trav\u00e9s de la entidad aseguradora con la que se contrat\u00f3 la p\u00f3liza o del agente o corredor de seguros que intervino en su contrataci\u00f3n. <\/span><\/p>\n<p class=\"p1\"><span class=\"s1\">En el caso de solicitar indemnizaci\u00f3n por da\u00f1os materiales, la forma m\u00e1s r\u00e1pida y sencilla es presentar la solicitud por una de las siguientes v\u00edas: por tel\u00e9fono, llamando al 902 222 665 o al 952 367 042 o bien on-line, desde la propia p\u00e1gina web del Consorcio de Compensaci\u00f3n de seguros. <\/span><\/p>\n<p class=\"p1\"><span class=\"s1\">Tambi\u00e9n se puede hacer mediante un escrito dirigido a la Delegaci\u00f3n Regional del Consorcio correspondiente (seg\u00fan el lugar de ocurrencia de los da\u00f1os), rellenando la \u00abHoja de Comunicaci\u00f3n de Da\u00f1os\u00bb y enviando la documentaci\u00f3n necesaria. No obstante este m\u00e9todo supone que su tramitaci\u00f3n no podr\u00e1 ser tan r\u00e1pida como en el caso de las v\u00edas telef\u00f3nica e internet, ya que en estas dos \u00faltimas el registro de la solicitud y la asignaci\u00f3n de la misma a perito tasador de da\u00f1os son procesos automatizados. <\/span><\/p>\n<p class=\"p1\"><span class=\"s1\">En el caso de solicitar indemnizaci\u00f3n por da\u00f1os personales, (fallecimiento; invalidez permanente parcial, total o absoluta; o incapacidad temporal) la solicitud se puede presentar por una de las siguientes v\u00edas: por tel\u00e9fono, por correo electronico cumplimentando la \u00abHoja de Comunicaci\u00f3n de Da\u00f1os\u00bb y remiti\u00e9ndola a dpto.siniestros@consorseguros.es junto con la documentaci\u00f3n necesaria, o por correo ordinario a la siguiente direcci\u00f3n postal : <\/span><\/p>\n<p class=\"p1\"><span class=\"s1\">Consorcio de Compensaci\u00f3n de Seguros <\/span><\/p>\n<p class=\"p1\"><span class=\"s1\">Departamento de Siniestros <\/span><\/p>\n<p class=\"p1\"><span class=\"s1\">Paseo de la Castellana, 32 <\/span><\/p>\n<p class=\"p1\"><span class=\"s1\">28046 Madrid <\/span><\/p>\n<p class=\"p1\"><span class=\"s1\">En todos los casos, la solicitud se efectuar\u00e1 lo antes posible: cuanto menos tiempo transcurra entre la ocurrencia de los da\u00f1os y la solicitud de indemnizaci\u00f3n, antes se realizar\u00e1 la tramitaci\u00f3n correspondiente. <\/span><\/p>\n<p class=\"p1\"><span class=\"s1\">En caso de que el granizo provoque da\u00f1os en las lunas del coche, la reparaci\u00f3n est\u00e1 cubierta por la cobertura de lunas ya que, en este caso concreto, las aseguradoras no suelen excluir causas naturales. Si los desperfectos en el coche han sido causados por una rama o un \u00e1rbol que ha caido sobre el coche, la responsabilidad recaer\u00e1 sobre el propietario del terreno donde estaba plantado, lo que es tambi\u00e9n aplicable al suelo municipal (cuya responsabilidad recaer\u00e1 en el ayuntamiento). <\/span><\/p>\n<p class=\"p1\"><span class=\"s1\">Para solicitar la indemnizaci\u00f3n, lo primero que se debe hacer es dar parte a la compa\u00f1\u00eda aseguradora. En este tipo de situaciones, las compa\u00f1\u00edas suelen adelantar el dinero y posteriormente, reclam\u00e1rlo al Consorcio. <\/span><\/p>\n<p class=\"p1\"><span class=\"s1\">Si el veh\u00edculo est\u00e1 asegurado a todo riesgo con franquicia, se puede acudir directamente al Consorcio. El proceso es igual que si se acude a la aseguradora: tras notificar el problema en el plazo aproximado de una semana se recibir\u00e1 la visita de un perito que valorar\u00e1 los da\u00f1os del veh\u00edculo utilizando los datos de empresas especializadas en reparaci\u00f3n de autom\u00f3viles. <\/span><\/p>\n<p class=\"p1\"><span class=\"s1\">Tanto la compa\u00f1\u00eda como el Consorcio, que tiene un l\u00edmite de 21.035 euros por siniestro, abonar\u00e1n la cantidad seg\u00fan lo estipulado en la p\u00f3liza. Aseguradoras como Mapfre, Mutua o Allianz, abonar\u00e1n en importe del coche nuevo si este tiene menos de dos a\u00f1os. A partir de ese plazo, se abona seg\u00fan el precio de mercado, utilizando para ello las tablas de tasaciones de la multinacional Eurotax Glass-s.<\/span><\/p>\n","protected":false},"excerpt":{"rendered":"<p>(ABC) No todas las compa\u00f1\u00edas ofrecen las mismas coberturas, y es probable que tengamos que reclamar al Consorcio de Compensaci\u00f3n de Seguros El temporal ha&#8230; <a href=\"https:\/\/www.cmalleida.com\/es\/cubre-el-seguro-del-coche-los-danos-provocados-por-el-temporal\/\" rel=\"nofollow\" class=\"lollegirmes\">Llegeix m\u00e9s<\/a><\/p>\n","protected":false},"author":153,"featured_media":1869,"comment_status":"closed","ping_status":"closed","sticky":false,"template":"","format":"standard","meta":{"_acf_changed":false,"_genesis_hide_title":false,"_genesis_hide_breadcrumbs":false,"_genesis_hide_singular_image":false,"_genesis_hide_footer_widgets":false,"_genesis_custom_body_class":"","_genesis_custom_post_class":"","_genesis_layout":"","footnotes":""},"categories":[28,62],"tags":[],"class_list":{"0":"post-1548","1":"post","2":"type-post","3":"status-publish","4":"format-standard","5":"has-post-thumbnail","7":"category-actualidad","8":"category-sinistres-es","9":"entry"},"acf":[],"yoast_head":"<!-- This site is optimized with the Yoast SEO plugin v27.2 - https:\/\/yoast.com\/product\/yoast-seo-wordpress\/ -->\n<title>\u00bfCubre el seguro del coche los da\u00f1os provocados por el temporal? - Col\u00b7legi de Mediadors d&#039;Assegurances de Lleida<\/title>\n<meta name=\"robots\" content=\"index, follow, max-snippet:-1, max-image-preview:large, max-video-preview:-1\" \/>\n<link rel=\"canonical\" href=\"https:\/\/www.cmalleida.com\/es\/cubre-el-seguro-del-coche-los-danos-provocados-por-el-temporal\/\" \/>\n<meta property=\"og:locale\" content=\"es_ES\" \/>\n<meta property=\"og:type\" content=\"article\" \/>\n<meta property=\"og:title\" content=\"\u00bfCubre el seguro del coche los da\u00f1os provocados por el temporal? - Col\u00b7legi de Mediadors d&#039;Assegurances de Lleida\" \/>\n<meta property=\"og:description\" content=\"(ABC) No todas las compa\u00f1\u00edas ofrecen las mismas coberturas, y es probable que tengamos que reclamar al Consorcio de Compensaci\u00f3n de Seguros El temporal ha... Llegeix m\u00e9s\" \/>\n<meta property=\"og:url\" content=\"https:\/\/www.cmalleida.com\/es\/cubre-el-seguro-del-coche-los-danos-provocados-por-el-temporal\/\" \/>\n<meta property=\"og:site_name\" content=\"Col\u00b7legi de Mediadors d&#039;Assegurances de Lleida\" \/>\n<meta property=\"article:published_time\" content=\"2017-12-11T09:37:58+00:00\" \/>\n<meta property=\"article:modified_time\" content=\"2018-03-27T19:22:17+00:00\" \/>\n<meta property=\"og:image\" content=\"https:\/\/www.cmalleida.com\/wp-content\/uploads\/cmall-lleida-actualitat-car762.jpg\" \/>\n\t<meta property=\"og:image:width\" content=\"762\" \/>\n\t<meta property=\"og:image:height\" content=\"762\" \/>\n\t<meta property=\"og:image:type\" content=\"image\/jpeg\" \/>\n<meta name=\"author\" content=\"Antonieta Castells\" \/>\n<meta name=\"twitter:card\" content=\"summary_large_image\" \/>\n<meta name=\"twitter:label1\" content=\"Written by\" \/>\n\t<meta name=\"twitter:data1\" content=\"Antonieta Castells\" \/>\n\t<meta name=\"twitter:label2\" content=\"Est. reading time\" \/>\n\t<meta name=\"twitter:data2\" content=\"5 minutos\" \/>\n<script type=\"application\/ld+json\" class=\"yoast-schema-graph\">{\"@context\":\"https:\/\/schema.org\",\"@graph\":[{\"@type\":\"Article\",\"@id\":\"https:\/\/www.cmalleida.com\/es\/cubre-el-seguro-del-coche-los-danos-provocados-por-el-temporal\/#article\",\"isPartOf\":{\"@id\":\"https:\/\/www.cmalleida.com\/es\/cubre-el-seguro-del-coche-los-danos-provocados-por-el-temporal\/\"},\"author\":{\"name\":\"Antonieta Castells\",\"@id\":\"https:\/\/www.cmalleida.com\/es\/#\/schema\/person\/e1c9f546cfe179457fcc9e369de6c974\"},\"headline\":\"\u00bfCubre el seguro del coche los da\u00f1os provocados por el temporal?\",\"datePublished\":\"2017-12-11T09:37:58+00:00\",\"dateModified\":\"2018-03-27T19:22:17+00:00\",\"mainEntityOfPage\":{\"@id\":\"https:\/\/www.cmalleida.com\/es\/cubre-el-seguro-del-coche-los-danos-provocados-por-el-temporal\/\"},\"wordCount\":1091,\"publisher\":{\"@id\":\"https:\/\/www.cmalleida.com\/es\/#organization\"},\"image\":{\"@id\":\"https:\/\/www.cmalleida.com\/es\/cubre-el-seguro-del-coche-los-danos-provocados-por-el-temporal\/#primaryimage\"},\"thumbnailUrl\":\"https:\/\/www.cmalleida.com\/wp-content\/uploads\/cmall-lleida-actualitat-car762.jpg\",\"articleSection\":[\"Actualidad\",\"Sinistres\"],\"inLanguage\":\"es\"},{\"@type\":\"WebPage\",\"@id\":\"https:\/\/www.cmalleida.com\/es\/cubre-el-seguro-del-coche-los-danos-provocados-por-el-temporal\/\",\"url\":\"https:\/\/www.cmalleida.com\/es\/cubre-el-seguro-del-coche-los-danos-provocados-por-el-temporal\/\",\"name\":\"\u00bfCubre el seguro del coche los da\u00f1os provocados por el temporal? - Col\u00b7legi de Mediadors d&#039;Assegurances de Lleida\",\"isPartOf\":{\"@id\":\"https:\/\/www.cmalleida.com\/es\/#website\"},\"primaryImageOfPage\":{\"@id\":\"https:\/\/www.cmalleida.com\/es\/cubre-el-seguro-del-coche-los-danos-provocados-por-el-temporal\/#primaryimage\"},\"image\":{\"@id\":\"https:\/\/www.cmalleida.com\/es\/cubre-el-seguro-del-coche-los-danos-provocados-por-el-temporal\/#primaryimage\"},\"thumbnailUrl\":\"https:\/\/www.cmalleida.com\/wp-content\/uploads\/cmall-lleida-actualitat-car762.jpg\",\"datePublished\":\"2017-12-11T09:37:58+00:00\",\"dateModified\":\"2018-03-27T19:22:17+00:00\",\"breadcrumb\":{\"@id\":\"https:\/\/www.cmalleida.com\/es\/cubre-el-seguro-del-coche-los-danos-provocados-por-el-temporal\/#breadcrumb\"},\"inLanguage\":\"es\",\"potentialAction\":[{\"@type\":\"ReadAction\",\"target\":[\"https:\/\/www.cmalleida.com\/es\/cubre-el-seguro-del-coche-los-danos-provocados-por-el-temporal\/\"]}]},{\"@type\":\"ImageObject\",\"inLanguage\":\"es\",\"@id\":\"https:\/\/www.cmalleida.com\/es\/cubre-el-seguro-del-coche-los-danos-provocados-por-el-temporal\/#primaryimage\",\"url\":\"https:\/\/www.cmalleida.com\/wp-content\/uploads\/cmall-lleida-actualitat-car762.jpg\",\"contentUrl\":\"https:\/\/www.cmalleida.com\/wp-content\/uploads\/cmall-lleida-actualitat-car762.jpg\",\"width\":762,\"height\":762,\"caption\":\"cmall-lleida-actualitat-CAR762\"},{\"@type\":\"BreadcrumbList\",\"@id\":\"https:\/\/www.cmalleida.com\/es\/cubre-el-seguro-del-coche-los-danos-provocados-por-el-temporal\/#breadcrumb\",\"itemListElement\":[{\"@type\":\"ListItem\",\"position\":1,\"name\":\"Inici\",\"item\":\"https:\/\/www.cmalleida.com\/es\/\"},{\"@type\":\"ListItem\",\"position\":2,\"name\":\"\u00bfCubre el seguro del coche los da\u00f1os provocados por el temporal?\"}]},{\"@type\":\"WebSite\",\"@id\":\"https:\/\/www.cmalleida.com\/es\/#website\",\"url\":\"https:\/\/www.cmalleida.com\/es\/\",\"name\":\"Col\u00b7legi de Mediadors d&#039;Assegurances de Lleida\",\"description\":\"Otro sitio realizado con WordPress\",\"publisher\":{\"@id\":\"https:\/\/www.cmalleida.com\/es\/#organization\"},\"potentialAction\":[{\"@type\":\"SearchAction\",\"target\":{\"@type\":\"EntryPoint\",\"urlTemplate\":\"https:\/\/www.cmalleida.com\/es\/?s={search_term_string}\"},\"query-input\":{\"@type\":\"PropertyValueSpecification\",\"valueRequired\":true,\"valueName\":\"search_term_string\"}}],\"inLanguage\":\"es\"},{\"@type\":\"Organization\",\"@id\":\"https:\/\/www.cmalleida.com\/es\/#organization\",\"name\":\"Col\u00b7legi de Mediadors d'Assegurances de Lleida\",\"url\":\"https:\/\/www.cmalleida.com\/es\/\",\"logo\":{\"@type\":\"ImageObject\",\"inLanguage\":\"es\",\"@id\":\"https:\/\/www.cmalleida.com\/es\/#\/schema\/logo\/image\/\",\"url\":\"\",\"contentUrl\":\"\",\"caption\":\"Col\u00b7legi de Mediadors d'Assegurances de Lleida\"},\"image\":{\"@id\":\"https:\/\/www.cmalleida.com\/es\/#\/schema\/logo\/image\/\"}},{\"@type\":\"Person\",\"@id\":\"https:\/\/www.cmalleida.com\/es\/#\/schema\/person\/e1c9f546cfe179457fcc9e369de6c974\",\"name\":\"Antonieta Castells\",\"image\":{\"@type\":\"ImageObject\",\"inLanguage\":\"es\",\"@id\":\"https:\/\/secure.gravatar.com\/avatar\/6a33408caf0083c1a1d091fc795366617f0d68bd52a552f2feac968d883149ab?s=96&d=mm&r=g\",\"url\":\"https:\/\/secure.gravatar.com\/avatar\/6a33408caf0083c1a1d091fc795366617f0d68bd52a552f2feac968d883149ab?s=96&d=mm&r=g\",\"contentUrl\":\"https:\/\/secure.gravatar.com\/avatar\/6a33408caf0083c1a1d091fc795366617f0d68bd52a552f2feac968d883149ab?s=96&d=mm&r=g\",\"caption\":\"Antonieta Castells\"}}]}<\/script>\n<!-- \/ Yoast SEO plugin. -->","yoast_head_json":{"title":"\u00bfCubre el seguro del coche los da\u00f1os provocados por el temporal? - Col\u00b7legi de Mediadors d&#039;Assegurances de Lleida","robots":{"index":"index","follow":"follow","max-snippet":"max-snippet:-1","max-image-preview":"max-image-preview:large","max-video-preview":"max-video-preview:-1"},"canonical":"https:\/\/www.cmalleida.com\/es\/cubre-el-seguro-del-coche-los-danos-provocados-por-el-temporal\/","og_locale":"es_ES","og_type":"article","og_title":"\u00bfCubre el seguro del coche los da\u00f1os provocados por el temporal? - Col\u00b7legi de Mediadors d&#039;Assegurances de Lleida","og_description":"(ABC) No todas las compa\u00f1\u00edas ofrecen las mismas coberturas, y es probable que tengamos que reclamar al Consorcio de Compensaci\u00f3n de Seguros El temporal ha... Llegeix m\u00e9s","og_url":"https:\/\/www.cmalleida.com\/es\/cubre-el-seguro-del-coche-los-danos-provocados-por-el-temporal\/","og_site_name":"Col\u00b7legi de Mediadors d&#039;Assegurances de Lleida","article_published_time":"2017-12-11T09:37:58+00:00","article_modified_time":"2018-03-27T19:22:17+00:00","og_image":[{"width":762,"height":762,"url":"https:\/\/www.cmalleida.com\/wp-content\/uploads\/cmall-lleida-actualitat-car762.jpg","type":"image\/jpeg"}],"author":"Antonieta Castells","twitter_card":"summary_large_image","twitter_misc":{"Written by":"Antonieta Castells","Est. reading time":"5 minutos"},"schema":{"@context":"https:\/\/schema.org","@graph":[{"@type":"Article","@id":"https:\/\/www.cmalleida.com\/es\/cubre-el-seguro-del-coche-los-danos-provocados-por-el-temporal\/#article","isPartOf":{"@id":"https:\/\/www.cmalleida.com\/es\/cubre-el-seguro-del-coche-los-danos-provocados-por-el-temporal\/"},"author":{"name":"Antonieta Castells","@id":"https:\/\/www.cmalleida.com\/es\/#\/schema\/person\/e1c9f546cfe179457fcc9e369de6c974"},"headline":"\u00bfCubre el seguro del coche los da\u00f1os provocados por el temporal?","datePublished":"2017-12-11T09:37:58+00:00","dateModified":"2018-03-27T19:22:17+00:00","mainEntityOfPage":{"@id":"https:\/\/www.cmalleida.com\/es\/cubre-el-seguro-del-coche-los-danos-provocados-por-el-temporal\/"},"wordCount":1091,"publisher":{"@id":"https:\/\/www.cmalleida.com\/es\/#organization"},"image":{"@id":"https:\/\/www.cmalleida.com\/es\/cubre-el-seguro-del-coche-los-danos-provocados-por-el-temporal\/#primaryimage"},"thumbnailUrl":"https:\/\/www.cmalleida.com\/wp-content\/uploads\/cmall-lleida-actualitat-car762.jpg","articleSection":["Actualidad","Sinistres"],"inLanguage":"es"},{"@type":"WebPage","@id":"https:\/\/www.cmalleida.com\/es\/cubre-el-seguro-del-coche-los-danos-provocados-por-el-temporal\/","url":"https:\/\/www.cmalleida.com\/es\/cubre-el-seguro-del-coche-los-danos-provocados-por-el-temporal\/","name":"\u00bfCubre el seguro del coche los da\u00f1os provocados por el temporal? - Col\u00b7legi de Mediadors d&#039;Assegurances de Lleida","isPartOf":{"@id":"https:\/\/www.cmalleida.com\/es\/#website"},"primaryImageOfPage":{"@id":"https:\/\/www.cmalleida.com\/es\/cubre-el-seguro-del-coche-los-danos-provocados-por-el-temporal\/#primaryimage"},"image":{"@id":"https:\/\/www.cmalleida.com\/es\/cubre-el-seguro-del-coche-los-danos-provocados-por-el-temporal\/#primaryimage"},"thumbnailUrl":"https:\/\/www.cmalleida.com\/wp-content\/uploads\/cmall-lleida-actualitat-car762.jpg","datePublished":"2017-12-11T09:37:58+00:00","dateModified":"2018-03-27T19:22:17+00:00","breadcrumb":{"@id":"https:\/\/www.cmalleida.com\/es\/cubre-el-seguro-del-coche-los-danos-provocados-por-el-temporal\/#breadcrumb"},"inLanguage":"es","potentialAction":[{"@type":"ReadAction","target":["https:\/\/www.cmalleida.com\/es\/cubre-el-seguro-del-coche-los-danos-provocados-por-el-temporal\/"]}]},{"@type":"ImageObject","inLanguage":"es","@id":"https:\/\/www.cmalleida.com\/es\/cubre-el-seguro-del-coche-los-danos-provocados-por-el-temporal\/#primaryimage","url":"https:\/\/www.cmalleida.com\/wp-content\/uploads\/cmall-lleida-actualitat-car762.jpg","contentUrl":"https:\/\/www.cmalleida.com\/wp-content\/uploads\/cmall-lleida-actualitat-car762.jpg","width":762,"height":762,"caption":"cmall-lleida-actualitat-CAR762"},{"@type":"BreadcrumbList","@id":"https:\/\/www.cmalleida.com\/es\/cubre-el-seguro-del-coche-los-danos-provocados-por-el-temporal\/#breadcrumb","itemListElement":[{"@type":"ListItem","position":1,"name":"Inici","item":"https:\/\/www.cmalleida.com\/es\/"},{"@type":"ListItem","position":2,"name":"\u00bfCubre el seguro del coche los da\u00f1os provocados por el temporal?"}]},{"@type":"WebSite","@id":"https:\/\/www.cmalleida.com\/es\/#website","url":"https:\/\/www.cmalleida.com\/es\/","name":"Col\u00b7legi de Mediadors d&#039;Assegurances de Lleida","description":"Otro sitio realizado con WordPress","publisher":{"@id":"https:\/\/www.cmalleida.com\/es\/#organization"},"potentialAction":[{"@type":"SearchAction","target":{"@type":"EntryPoint","urlTemplate":"https:\/\/www.cmalleida.com\/es\/?s={search_term_string}"},"query-input":{"@type":"PropertyValueSpecification","valueRequired":true,"valueName":"search_term_string"}}],"inLanguage":"es"},{"@type":"Organization","@id":"https:\/\/www.cmalleida.com\/es\/#organization","name":"Col\u00b7legi de Mediadors d'Assegurances de Lleida","url":"https:\/\/www.cmalleida.com\/es\/","logo":{"@type":"ImageObject","inLanguage":"es","@id":"https:\/\/www.cmalleida.com\/es\/#\/schema\/logo\/image\/","url":"","contentUrl":"","caption":"Col\u00b7legi de Mediadors d'Assegurances de Lleida"},"image":{"@id":"https:\/\/www.cmalleida.com\/es\/#\/schema\/logo\/image\/"}},{"@type":"Person","@id":"https:\/\/www.cmalleida.com\/es\/#\/schema\/person\/e1c9f546cfe179457fcc9e369de6c974","name":"Antonieta Castells","image":{"@type":"ImageObject","inLanguage":"es","@id":"https:\/\/secure.gravatar.com\/avatar\/6a33408caf0083c1a1d091fc795366617f0d68bd52a552f2feac968d883149ab?s=96&d=mm&r=g","url":"https:\/\/secure.gravatar.com\/avatar\/6a33408caf0083c1a1d091fc795366617f0d68bd52a552f2feac968d883149ab?s=96&d=mm&r=g","contentUrl":"https:\/\/secure.gravatar.com\/avatar\/6a33408caf0083c1a1d091fc795366617f0d68bd52a552f2feac968d883149ab?s=96&d=mm&r=g","caption":"Antonieta Castells"}}]}},"_links":{"self":[{"href":"https:\/\/www.cmalleida.com\/es\/wp-json\/wp\/v2\/posts\/1548","targetHints":{"allow":["GET"]}}],"collection":[{"href":"https:\/\/www.cmalleida.com\/es\/wp-json\/wp\/v2\/posts"}],"about":[{"href":"https:\/\/www.cmalleida.com\/es\/wp-json\/wp\/v2\/types\/post"}],"author":[{"embeddable":true,"href":"https:\/\/www.cmalleida.com\/es\/wp-json\/wp\/v2\/users\/153"}],"replies":[{"embeddable":true,"href":"https:\/\/www.cmalleida.com\/es\/wp-json\/wp\/v2\/comments?post=1548"}],"version-history":[{"count":1,"href":"https:\/\/www.cmalleida.com\/es\/wp-json\/wp\/v2\/posts\/1548\/revisions"}],"predecessor-version":[{"id":1898,"href":"https:\/\/www.cmalleida.com\/es\/wp-json\/wp\/v2\/posts\/1548\/revisions\/1898"}],"wp:featuredmedia":[{"embeddable":true,"href":"https:\/\/www.cmalleida.com\/es\/wp-json\/wp\/v2\/media\/1869"}],"wp:attachment":[{"href":"https:\/\/www.cmalleida.com\/es\/wp-json\/wp\/v2\/media?parent=1548"}],"wp:term":[{"taxonomy":"category","embeddable":true,"href":"https:\/\/www.cmalleida.com\/es\/wp-json\/wp\/v2\/categories?post=1548"},{"taxonomy":"post_tag","embeddable":true,"href":"https:\/\/www.cmalleida.com\/es\/wp-json\/wp\/v2\/tags?post=1548"}],"curies":[{"name":"wp","href":"https:\/\/api.w.org\/{rel}","templated":true}]}}