{"id":1546,"date":"2017-12-12T10:58:18","date_gmt":"2017-12-12T09:58:18","guid":{"rendered":"https:\/\/www.cmalleida.com\/alvaro-bas-contratar-una-reparacion-de-coche-desde-el-movil-ya-es-posible\/"},"modified":"2018-03-27T21:23:33","modified_gmt":"2018-03-27T19:23:33","slug":"alvaro-bas-contratar-una-reparacion-de-coche-desde-el-movil-ya-es-posible","status":"publish","type":"post","link":"https:\/\/www.cmalleida.com\/es\/alvaro-bas-contratar-una-reparacion-de-coche-desde-el-movil-ya-es-posible\/","title":{"rendered":"\u00c1lvaro Bas: \u201cContratar una reparaci\u00f3n de coche desde el m\u00f3vil  ya es posible\u201d"},"content":{"rendered":"<p class=\"p1\"><span class=\"s1\">(CincoD\u00edas) <\/span><\/p>\n<p class=\"p1\"><span class=\"s1\">El director de desarrollo de negocio de Rastreator cree que la entrada de los comparadores online ha aportado transparencia al mercado <\/span><\/p>\n<p class=\"p1\"><span class=\"s1\">PALOMA GARC\u00cdA MORENO<span class=\"Apple-converted-space\">\u00a0 <\/span>Madrid<\/span><\/p>\n<p class=\"p1\"><span class=\"s1\">Hace un mes que \u00c1lvaro Bas ha asumido la direcci\u00f3n de las \u00e1reas de telefon\u00eda, finanzas, coches, energ\u00eda y viajes en el comparador online Rastreator, donde lleva cuatro a\u00f1os como responsable financiero y de transformaci\u00f3n digital de la compa\u00f1\u00eda, con s\u00f3lidos conocimientos en el \u00e1rea. Su reto es convertir estos segmentos de negocio en l\u00edderes en Espa\u00f1a. <\/span><\/p>\n<p class=\"p1\"><span class=\"s1\"><b>\u00bfHa afectado negativamente a los talleres de concesionarios la irrupci\u00f3n de los comparadores? <\/b><\/span><\/p>\n<p class=\"p1\"><span class=\"s1\">Su entrada en escena ha aportado transparencia en los mercados, dotando al usuario de herramientas para conocer la oferta y decidir. Conocer la oferta de los de los talleres de su zona, de los concesionarios o multimarca independientes afecta positivamente al sector y al mercado. Actualmente en Rastreator trabajamos para incluir m\u00e1s talleres en nuestro panel, tambi\u00e9n de concesionarios. <\/span><\/p>\n<p class=\"p1\"><span class=\"s1\"><b>\u00bfSeguir\u00e1n bajando los precios de las reparaciones? <\/b><\/span><\/p>\n<p class=\"p1\"><span class=\"s1\">No existe una bajada acusada en el precio de los arreglos, pero con las vicisitudes econ\u00f3micas, todos los mercados deben adaptarse a la ley de la oferta y la demanda, tambi\u00e9n los talleres. <\/span><\/p>\n<p class=\"p1\"><span class=\"s1\"><b>Adem\u00e1s del precio, \u00bfqu\u00e9 beneficios tiene para los consumidores estas herramientas? \u00bfY para los talleres? <\/b><\/span><\/p>\n<p class=\"p1\"><span class=\"s1\">A trav\u00e9s de un comparador, el usuario puede conocer el coste final de una reparaci\u00f3n o mantenimiento desde su casa o desde el m\u00f3vil, sin tener que acudir a diferentes talleres para pedir presupuesto, lo que le permite ahorrar tiempo y dinero. A los talleres les permite llegar a m\u00e1s usuarios y ser m\u00e1s competitivos. <\/span><\/p>\n<p class=\"p1\"><span class=\"s1\"><b>\u00bfQu\u00e9 impuls\u00f3 a Rastreator a entrar en este sector? <\/b><\/span><\/p>\n<p class=\"p1\"><span class=\"s1\">Trabajamos para facilitar un servicio de coche integral. Desde la compra de coches nuevos y de ocasi\u00f3n, neum\u00e1ticos, ITV, hasta seguros.<\/span><\/p>\n","protected":false},"excerpt":{"rendered":"<p>(CincoD\u00edas) El director de desarrollo de negocio de Rastreator cree que la entrada de los comparadores online ha aportado transparencia al mercado PALOMA GARC\u00cdA MORENO\u00a0&#8230; <a href=\"https:\/\/www.cmalleida.com\/es\/alvaro-bas-contratar-una-reparacion-de-coche-desde-el-movil-ya-es-posible\/\" rel=\"nofollow\" class=\"lollegirmes\">Llegeix m\u00e9s<\/a><\/p>\n","protected":false},"author":153,"featured_media":1843,"comment_status":"closed","ping_status":"closed","sticky":false,"template":"","format":"standard","meta":{"_acf_changed":false,"_genesis_hide_title":false,"_genesis_hide_breadcrumbs":false,"_genesis_hide_singular_image":false,"_genesis_hide_footer_widgets":false,"_genesis_custom_body_class":"","_genesis_custom_post_class":"","_genesis_layout":"","footnotes":""},"categories":[28,62],"tags":[],"class_list":{"0":"post-1546","1":"post","2":"type-post","3":"status-publish","4":"format-standard","5":"has-post-thumbnail","7":"category-actualidad","8":"category-sinistres-es","9":"entry"},"acf":[],"yoast_head":"<!-- This site is optimized with the Yoast SEO plugin v27.2 - https:\/\/yoast.com\/product\/yoast-seo-wordpress\/ -->\n<title>\u00c1lvaro Bas: \u201cContratar una reparaci\u00f3n de coche desde el m\u00f3vil ya es posible\u201d - Col\u00b7legi de Mediadors d&#039;Assegurances de Lleida<\/title>\n<meta name=\"robots\" content=\"index, follow, max-snippet:-1, max-image-preview:large, max-video-preview:-1\" \/>\n<link rel=\"canonical\" href=\"https:\/\/www.cmalleida.com\/es\/alvaro-bas-contratar-una-reparacion-de-coche-desde-el-movil-ya-es-posible\/\" \/>\n<meta property=\"og:locale\" content=\"es_ES\" \/>\n<meta property=\"og:type\" content=\"article\" \/>\n<meta property=\"og:title\" content=\"\u00c1lvaro Bas: \u201cContratar una reparaci\u00f3n de coche desde el m\u00f3vil ya es posible\u201d - Col\u00b7legi de Mediadors d&#039;Assegurances de Lleida\" \/>\n<meta property=\"og:description\" content=\"(CincoD\u00edas) El director de desarrollo de negocio de Rastreator cree que la entrada de los comparadores online ha aportado transparencia al mercado PALOMA GARC\u00cdA MORENO\u00a0... Llegeix m\u00e9s\" \/>\n<meta property=\"og:url\" content=\"https:\/\/www.cmalleida.com\/es\/alvaro-bas-contratar-una-reparacion-de-coche-desde-el-movil-ya-es-posible\/\" \/>\n<meta property=\"og:site_name\" content=\"Col\u00b7legi de Mediadors d&#039;Assegurances de Lleida\" \/>\n<meta property=\"article:published_time\" content=\"2017-12-12T09:58:18+00:00\" \/>\n<meta property=\"article:modified_time\" content=\"2018-03-27T19:23:33+00:00\" \/>\n<meta property=\"og:image\" content=\"https:\/\/www.cmalleida.com\/wp-content\/uploads\/cmall-lleida-actualitat-tech762.jpg\" \/>\n\t<meta property=\"og:image:width\" content=\"762\" \/>\n\t<meta property=\"og:image:height\" content=\"762\" \/>\n\t<meta property=\"og:image:type\" content=\"image\/jpeg\" \/>\n<meta name=\"author\" content=\"Antonieta Castells\" \/>\n<meta name=\"twitter:card\" content=\"summary_large_image\" \/>\n<meta name=\"twitter:label1\" content=\"Written by\" \/>\n\t<meta name=\"twitter:data1\" content=\"Antonieta Castells\" \/>\n\t<meta name=\"twitter:label2\" content=\"Est. reading time\" \/>\n\t<meta name=\"twitter:data2\" content=\"2 minutos\" \/>\n<script type=\"application\/ld+json\" class=\"yoast-schema-graph\">{\"@context\":\"https:\/\/schema.org\",\"@graph\":[{\"@type\":\"Article\",\"@id\":\"https:\/\/www.cmalleida.com\/es\/alvaro-bas-contratar-una-reparacion-de-coche-desde-el-movil-ya-es-posible\/#article\",\"isPartOf\":{\"@id\":\"https:\/\/www.cmalleida.com\/es\/alvaro-bas-contratar-una-reparacion-de-coche-desde-el-movil-ya-es-posible\/\"},\"author\":{\"name\":\"Antonieta Castells\",\"@id\":\"https:\/\/www.cmalleida.com\/es\/#\/schema\/person\/e1c9f546cfe179457fcc9e369de6c974\"},\"headline\":\"\u00c1lvaro Bas: \u201cContratar una reparaci\u00f3n de coche desde el m\u00f3vil ya es posible\u201d\",\"datePublished\":\"2017-12-12T09:58:18+00:00\",\"dateModified\":\"2018-03-27T19:23:33+00:00\",\"mainEntityOfPage\":{\"@id\":\"https:\/\/www.cmalleida.com\/es\/alvaro-bas-contratar-una-reparacion-de-coche-desde-el-movil-ya-es-posible\/\"},\"wordCount\":335,\"publisher\":{\"@id\":\"https:\/\/www.cmalleida.com\/es\/#organization\"},\"image\":{\"@id\":\"https:\/\/www.cmalleida.com\/es\/alvaro-bas-contratar-una-reparacion-de-coche-desde-el-movil-ya-es-posible\/#primaryimage\"},\"thumbnailUrl\":\"https:\/\/www.cmalleida.com\/wp-content\/uploads\/cmall-lleida-actualitat-tech762.jpg\",\"articleSection\":[\"Actualidad\",\"Sinistres\"],\"inLanguage\":\"es\"},{\"@type\":\"WebPage\",\"@id\":\"https:\/\/www.cmalleida.com\/es\/alvaro-bas-contratar-una-reparacion-de-coche-desde-el-movil-ya-es-posible\/\",\"url\":\"https:\/\/www.cmalleida.com\/es\/alvaro-bas-contratar-una-reparacion-de-coche-desde-el-movil-ya-es-posible\/\",\"name\":\"\u00c1lvaro Bas: \u201cContratar una reparaci\u00f3n de coche desde el m\u00f3vil ya es posible\u201d - Col\u00b7legi de Mediadors d&#039;Assegurances de Lleida\",\"isPartOf\":{\"@id\":\"https:\/\/www.cmalleida.com\/es\/#website\"},\"primaryImageOfPage\":{\"@id\":\"https:\/\/www.cmalleida.com\/es\/alvaro-bas-contratar-una-reparacion-de-coche-desde-el-movil-ya-es-posible\/#primaryimage\"},\"image\":{\"@id\":\"https:\/\/www.cmalleida.com\/es\/alvaro-bas-contratar-una-reparacion-de-coche-desde-el-movil-ya-es-posible\/#primaryimage\"},\"thumbnailUrl\":\"https:\/\/www.cmalleida.com\/wp-content\/uploads\/cmall-lleida-actualitat-tech762.jpg\",\"datePublished\":\"2017-12-12T09:58:18+00:00\",\"dateModified\":\"2018-03-27T19:23:33+00:00\",\"breadcrumb\":{\"@id\":\"https:\/\/www.cmalleida.com\/es\/alvaro-bas-contratar-una-reparacion-de-coche-desde-el-movil-ya-es-posible\/#breadcrumb\"},\"inLanguage\":\"es\",\"potentialAction\":[{\"@type\":\"ReadAction\",\"target\":[\"https:\/\/www.cmalleida.com\/es\/alvaro-bas-contratar-una-reparacion-de-coche-desde-el-movil-ya-es-posible\/\"]}]},{\"@type\":\"ImageObject\",\"inLanguage\":\"es\",\"@id\":\"https:\/\/www.cmalleida.com\/es\/alvaro-bas-contratar-una-reparacion-de-coche-desde-el-movil-ya-es-posible\/#primaryimage\",\"url\":\"https:\/\/www.cmalleida.com\/wp-content\/uploads\/cmall-lleida-actualitat-tech762.jpg\",\"contentUrl\":\"https:\/\/www.cmalleida.com\/wp-content\/uploads\/cmall-lleida-actualitat-tech762.jpg\",\"width\":762,\"height\":762,\"caption\":\"cmall-lleida-actualitat-tech762\"},{\"@type\":\"BreadcrumbList\",\"@id\":\"https:\/\/www.cmalleida.com\/es\/alvaro-bas-contratar-una-reparacion-de-coche-desde-el-movil-ya-es-posible\/#breadcrumb\",\"itemListElement\":[{\"@type\":\"ListItem\",\"position\":1,\"name\":\"Inici\",\"item\":\"https:\/\/www.cmalleida.com\/es\/\"},{\"@type\":\"ListItem\",\"position\":2,\"name\":\"\u00c1lvaro Bas: \u201cContratar una reparaci\u00f3n de coche desde el m\u00f3vil ya es posible\u201d\"}]},{\"@type\":\"WebSite\",\"@id\":\"https:\/\/www.cmalleida.com\/es\/#website\",\"url\":\"https:\/\/www.cmalleida.com\/es\/\",\"name\":\"Col\u00b7legi de Mediadors d&#039;Assegurances de Lleida\",\"description\":\"Otro sitio realizado con WordPress\",\"publisher\":{\"@id\":\"https:\/\/www.cmalleida.com\/es\/#organization\"},\"potentialAction\":[{\"@type\":\"SearchAction\",\"target\":{\"@type\":\"EntryPoint\",\"urlTemplate\":\"https:\/\/www.cmalleida.com\/es\/?s={search_term_string}\"},\"query-input\":{\"@type\":\"PropertyValueSpecification\",\"valueRequired\":true,\"valueName\":\"search_term_string\"}}],\"inLanguage\":\"es\"},{\"@type\":\"Organization\",\"@id\":\"https:\/\/www.cmalleida.com\/es\/#organization\",\"name\":\"Col\u00b7legi de Mediadors d'Assegurances de Lleida\",\"url\":\"https:\/\/www.cmalleida.com\/es\/\",\"logo\":{\"@type\":\"ImageObject\",\"inLanguage\":\"es\",\"@id\":\"https:\/\/www.cmalleida.com\/es\/#\/schema\/logo\/image\/\",\"url\":\"\",\"contentUrl\":\"\",\"caption\":\"Col\u00b7legi de Mediadors d'Assegurances de Lleida\"},\"image\":{\"@id\":\"https:\/\/www.cmalleida.com\/es\/#\/schema\/logo\/image\/\"}},{\"@type\":\"Person\",\"@id\":\"https:\/\/www.cmalleida.com\/es\/#\/schema\/person\/e1c9f546cfe179457fcc9e369de6c974\",\"name\":\"Antonieta Castells\",\"image\":{\"@type\":\"ImageObject\",\"inLanguage\":\"es\",\"@id\":\"https:\/\/secure.gravatar.com\/avatar\/6a33408caf0083c1a1d091fc795366617f0d68bd52a552f2feac968d883149ab?s=96&d=mm&r=g\",\"url\":\"https:\/\/secure.gravatar.com\/avatar\/6a33408caf0083c1a1d091fc795366617f0d68bd52a552f2feac968d883149ab?s=96&d=mm&r=g\",\"contentUrl\":\"https:\/\/secure.gravatar.com\/avatar\/6a33408caf0083c1a1d091fc795366617f0d68bd52a552f2feac968d883149ab?s=96&d=mm&r=g\",\"caption\":\"Antonieta Castells\"}}]}<\/script>\n<!-- \/ Yoast SEO plugin. -->","yoast_head_json":{"title":"\u00c1lvaro Bas: \u201cContratar una reparaci\u00f3n de coche desde el m\u00f3vil ya es posible\u201d - Col\u00b7legi de Mediadors d&#039;Assegurances de Lleida","robots":{"index":"index","follow":"follow","max-snippet":"max-snippet:-1","max-image-preview":"max-image-preview:large","max-video-preview":"max-video-preview:-1"},"canonical":"https:\/\/www.cmalleida.com\/es\/alvaro-bas-contratar-una-reparacion-de-coche-desde-el-movil-ya-es-posible\/","og_locale":"es_ES","og_type":"article","og_title":"\u00c1lvaro Bas: \u201cContratar una reparaci\u00f3n de coche desde el m\u00f3vil ya es posible\u201d - Col\u00b7legi de Mediadors d&#039;Assegurances de Lleida","og_description":"(CincoD\u00edas) El director de desarrollo de negocio de Rastreator cree que la entrada de los comparadores online ha aportado transparencia al mercado PALOMA GARC\u00cdA MORENO\u00a0... Llegeix m\u00e9s","og_url":"https:\/\/www.cmalleida.com\/es\/alvaro-bas-contratar-una-reparacion-de-coche-desde-el-movil-ya-es-posible\/","og_site_name":"Col\u00b7legi de Mediadors d&#039;Assegurances de Lleida","article_published_time":"2017-12-12T09:58:18+00:00","article_modified_time":"2018-03-27T19:23:33+00:00","og_image":[{"width":762,"height":762,"url":"https:\/\/www.cmalleida.com\/wp-content\/uploads\/cmall-lleida-actualitat-tech762.jpg","type":"image\/jpeg"}],"author":"Antonieta Castells","twitter_card":"summary_large_image","twitter_misc":{"Written by":"Antonieta Castells","Est. reading time":"2 minutos"},"schema":{"@context":"https:\/\/schema.org","@graph":[{"@type":"Article","@id":"https:\/\/www.cmalleida.com\/es\/alvaro-bas-contratar-una-reparacion-de-coche-desde-el-movil-ya-es-posible\/#article","isPartOf":{"@id":"https:\/\/www.cmalleida.com\/es\/alvaro-bas-contratar-una-reparacion-de-coche-desde-el-movil-ya-es-posible\/"},"author":{"name":"Antonieta Castells","@id":"https:\/\/www.cmalleida.com\/es\/#\/schema\/person\/e1c9f546cfe179457fcc9e369de6c974"},"headline":"\u00c1lvaro Bas: \u201cContratar una reparaci\u00f3n de coche desde el m\u00f3vil ya es posible\u201d","datePublished":"2017-12-12T09:58:18+00:00","dateModified":"2018-03-27T19:23:33+00:00","mainEntityOfPage":{"@id":"https:\/\/www.cmalleida.com\/es\/alvaro-bas-contratar-una-reparacion-de-coche-desde-el-movil-ya-es-posible\/"},"wordCount":335,"publisher":{"@id":"https:\/\/www.cmalleida.com\/es\/#organization"},"image":{"@id":"https:\/\/www.cmalleida.com\/es\/alvaro-bas-contratar-una-reparacion-de-coche-desde-el-movil-ya-es-posible\/#primaryimage"},"thumbnailUrl":"https:\/\/www.cmalleida.com\/wp-content\/uploads\/cmall-lleida-actualitat-tech762.jpg","articleSection":["Actualidad","Sinistres"],"inLanguage":"es"},{"@type":"WebPage","@id":"https:\/\/www.cmalleida.com\/es\/alvaro-bas-contratar-una-reparacion-de-coche-desde-el-movil-ya-es-posible\/","url":"https:\/\/www.cmalleida.com\/es\/alvaro-bas-contratar-una-reparacion-de-coche-desde-el-movil-ya-es-posible\/","name":"\u00c1lvaro Bas: \u201cContratar una reparaci\u00f3n de coche desde el m\u00f3vil ya es posible\u201d - Col\u00b7legi de Mediadors d&#039;Assegurances de Lleida","isPartOf":{"@id":"https:\/\/www.cmalleida.com\/es\/#website"},"primaryImageOfPage":{"@id":"https:\/\/www.cmalleida.com\/es\/alvaro-bas-contratar-una-reparacion-de-coche-desde-el-movil-ya-es-posible\/#primaryimage"},"image":{"@id":"https:\/\/www.cmalleida.com\/es\/alvaro-bas-contratar-una-reparacion-de-coche-desde-el-movil-ya-es-posible\/#primaryimage"},"thumbnailUrl":"https:\/\/www.cmalleida.com\/wp-content\/uploads\/cmall-lleida-actualitat-tech762.jpg","datePublished":"2017-12-12T09:58:18+00:00","dateModified":"2018-03-27T19:23:33+00:00","breadcrumb":{"@id":"https:\/\/www.cmalleida.com\/es\/alvaro-bas-contratar-una-reparacion-de-coche-desde-el-movil-ya-es-posible\/#breadcrumb"},"inLanguage":"es","potentialAction":[{"@type":"ReadAction","target":["https:\/\/www.cmalleida.com\/es\/alvaro-bas-contratar-una-reparacion-de-coche-desde-el-movil-ya-es-posible\/"]}]},{"@type":"ImageObject","inLanguage":"es","@id":"https:\/\/www.cmalleida.com\/es\/alvaro-bas-contratar-una-reparacion-de-coche-desde-el-movil-ya-es-posible\/#primaryimage","url":"https:\/\/www.cmalleida.com\/wp-content\/uploads\/cmall-lleida-actualitat-tech762.jpg","contentUrl":"https:\/\/www.cmalleida.com\/wp-content\/uploads\/cmall-lleida-actualitat-tech762.jpg","width":762,"height":762,"caption":"cmall-lleida-actualitat-tech762"},{"@type":"BreadcrumbList","@id":"https:\/\/www.cmalleida.com\/es\/alvaro-bas-contratar-una-reparacion-de-coche-desde-el-movil-ya-es-posible\/#breadcrumb","itemListElement":[{"@type":"ListItem","position":1,"name":"Inici","item":"https:\/\/www.cmalleida.com\/es\/"},{"@type":"ListItem","position":2,"name":"\u00c1lvaro Bas: \u201cContratar una reparaci\u00f3n de coche desde el m\u00f3vil ya es posible\u201d"}]},{"@type":"WebSite","@id":"https:\/\/www.cmalleida.com\/es\/#website","url":"https:\/\/www.cmalleida.com\/es\/","name":"Col\u00b7legi de Mediadors d&#039;Assegurances de Lleida","description":"Otro sitio realizado con WordPress","publisher":{"@id":"https:\/\/www.cmalleida.com\/es\/#organization"},"potentialAction":[{"@type":"SearchAction","target":{"@type":"EntryPoint","urlTemplate":"https:\/\/www.cmalleida.com\/es\/?s={search_term_string}"},"query-input":{"@type":"PropertyValueSpecification","valueRequired":true,"valueName":"search_term_string"}}],"inLanguage":"es"},{"@type":"Organization","@id":"https:\/\/www.cmalleida.com\/es\/#organization","name":"Col\u00b7legi de Mediadors d'Assegurances de Lleida","url":"https:\/\/www.cmalleida.com\/es\/","logo":{"@type":"ImageObject","inLanguage":"es","@id":"https:\/\/www.cmalleida.com\/es\/#\/schema\/logo\/image\/","url":"","contentUrl":"","caption":"Col\u00b7legi de Mediadors d'Assegurances de Lleida"},"image":{"@id":"https:\/\/www.cmalleida.com\/es\/#\/schema\/logo\/image\/"}},{"@type":"Person","@id":"https:\/\/www.cmalleida.com\/es\/#\/schema\/person\/e1c9f546cfe179457fcc9e369de6c974","name":"Antonieta Castells","image":{"@type":"ImageObject","inLanguage":"es","@id":"https:\/\/secure.gravatar.com\/avatar\/6a33408caf0083c1a1d091fc795366617f0d68bd52a552f2feac968d883149ab?s=96&d=mm&r=g","url":"https:\/\/secure.gravatar.com\/avatar\/6a33408caf0083c1a1d091fc795366617f0d68bd52a552f2feac968d883149ab?s=96&d=mm&r=g","contentUrl":"https:\/\/secure.gravatar.com\/avatar\/6a33408caf0083c1a1d091fc795366617f0d68bd52a552f2feac968d883149ab?s=96&d=mm&r=g","caption":"Antonieta Castells"}}]}},"_links":{"self":[{"href":"https:\/\/www.cmalleida.com\/es\/wp-json\/wp\/v2\/posts\/1546","targetHints":{"allow":["GET"]}}],"collection":[{"href":"https:\/\/www.cmalleida.com\/es\/wp-json\/wp\/v2\/posts"}],"about":[{"href":"https:\/\/www.cmalleida.com\/es\/wp-json\/wp\/v2\/types\/post"}],"author":[{"embeddable":true,"href":"https:\/\/www.cmalleida.com\/es\/wp-json\/wp\/v2\/users\/153"}],"replies":[{"embeddable":true,"href":"https:\/\/www.cmalleida.com\/es\/wp-json\/wp\/v2\/comments?post=1546"}],"version-history":[{"count":1,"href":"https:\/\/www.cmalleida.com\/es\/wp-json\/wp\/v2\/posts\/1546\/revisions"}],"predecessor-version":[{"id":1891,"href":"https:\/\/www.cmalleida.com\/es\/wp-json\/wp\/v2\/posts\/1546\/revisions\/1891"}],"wp:featuredmedia":[{"embeddable":true,"href":"https:\/\/www.cmalleida.com\/es\/wp-json\/wp\/v2\/media\/1843"}],"wp:attachment":[{"href":"https:\/\/www.cmalleida.com\/es\/wp-json\/wp\/v2\/media?parent=1546"}],"wp:term":[{"taxonomy":"category","embeddable":true,"href":"https:\/\/www.cmalleida.com\/es\/wp-json\/wp\/v2\/categories?post=1546"},{"taxonomy":"post_tag","embeddable":true,"href":"https:\/\/www.cmalleida.com\/es\/wp-json\/wp\/v2\/tags?post=1546"}],"curies":[{"name":"wp","href":"https:\/\/api.w.org\/{rel}","templated":true}]}}