{"id":1544,"date":"2017-12-13T14:59:25","date_gmt":"2017-12-13T13:59:25","guid":{"rendered":"https:\/\/www.cmalleida.com\/diez-cualidades-que-necesita-el-lider-de-recursos-humanos-en-el-entorno-digital\/"},"modified":"2018-03-27T21:22:51","modified_gmt":"2018-03-27T19:22:51","slug":"diez-cualidades-que-necesita-el-lider-de-recursos-humanos-en-el-entorno-digital","status":"publish","type":"post","link":"https:\/\/www.cmalleida.com\/es\/diez-cualidades-que-necesita-el-lider-de-recursos-humanos-en-el-entorno-digital\/","title":{"rendered":"Diez cualidades que necesita el l\u00edder de recursos humanos en el entorno digital"},"content":{"rendered":"<p class=\"p1\"><span class=\"s1\">(elEconomista)<\/span><\/p>\n<p class=\"p1\"><span class=\"s1\">Los nuevos desaf\u00edos que plantea el mercado laboral obliga a adaptarse<\/span><\/p>\n<p class=\"p1\"><span class=\"s1\">La transformaci\u00f3n digital requiere de un cambio de paradigma en el que se encuentran involucrados todas los empleados y \u00e1reas de una compa\u00f1\u00eda y, sobre todo, sus m\u00e1ximos responsables. Adem\u00e1s, los nuevos desaf\u00edos que plantea este nuevo entorno empresarial obligan a los l\u00edderes de Recursos Humanos a adoptar nuevas habilidades y conocimientos. <\/span><\/p>\n<p class=\"p1\"><span class=\"s1\">Hay diez caracter\u00edsticas fundamentales que los profesionales de RRHH deben asumir para liderar la digitalizaci\u00f3n del talento en sus organizaciones, seg\u00fan revela la &#8216;Gu\u00eda para la digitalizaci\u00f3n del talento&#8217;, elaborada por Meta4 -empresa de gesti\u00f3n y desarrollo de capital humano- e ISDI -escuela especializada en formaci\u00f3n y desarrollo de talento-. Ser\u00edan las siguientes: <\/span><\/p>\n<p class=\"p1\"><span class=\"s1\"><b>1. Pensamiento estrat\u00e9gico<\/b><\/span><\/p>\n<p class=\"p1\"><span class=\"s1\">En la era digital, el talento se ha convertido en un elemento diferenciador para las empresas y clave para el \u00e9xito de sus negocios, por tanto, los l\u00edderes y directivos de RRHH necesitan adoptar una fuerte mentalidad estrat\u00e9gica de cara a captar, retener y desarrollar a los mejores profesionales. <\/span><\/p>\n<p class=\"p1\"><span class=\"s1\"><b>2. Curioso, \u00e1gil y con capacidad de aprendizaje<\/b><\/span><\/p>\n<p class=\"p1\"><span class=\"s1\">A medida que el ritmo tecnol\u00f3gico se transforma y el nivel de innovaci\u00f3n crece, los l\u00edderes de RRHH deben estar constantemente informados para identificar e incorporar tendencias que conduzcan a retos y oportunidades adem\u00e1s de activar y fomentar la investigaci\u00f3n. As\u00ed mismo, debido a la intensa velocidad de los actuales ciclos de vida de producci\u00f3n y entrega de productos y servicios, los procesos de RRHH deber\u00e1n ganar agilidad para adaptarse a esta nueva velocidad. <\/span><\/p>\n<p class=\"p1\"><span class=\"s1\"><b>3. Disposici\u00f3n a asumir riesgos<\/b><\/span><\/p>\n<p class=\"p1\"><span class=\"s1\">La funci\u00f3n actual de los Recursos Humanos traspasa las tareas meramente administrativas para protagonizar las decisiones estrat\u00e9gicas de la compa\u00f1\u00eda, las cuales est\u00e1n sometidas a un mayor riesgo. El l\u00edder de recursos humanos digital tiene que comprender las necesidades del negocio y entregar soluciones de alto valor. <\/span><\/p>\n<p class=\"p1\"><span class=\"s1\"><b>4. Habilitador y no controlador<\/b><\/span><\/p>\n<p class=\"p1\"><span class=\"s1\">La aparici\u00f3n del Cloud Computing y de las herramientas sociales, ha supuesto inicialmente una preocupaci\u00f3n para el \u00e1rea de RRHH. Sin embargo, m\u00e1s all\u00e1 de centrar su papel en el control de los procesos o en cuestiones regulatorias, RRHH debe entender la tecnolog\u00eda como un gran facilitador para conseguir los mejores resultados en sus organizaciones. La implantaci\u00f3n de MOOCs para el aprendizaje flexible, las herramientas de colaboraci\u00f3n on-line o los mecanismos de feed-back, generar\u00e1n enormes beneficios para las empresas. <\/span><\/p>\n<p class=\"p1\"><span class=\"s1\"><b>5. Visi\u00f3n de futuro<\/b><\/span><\/p>\n<p class=\"p1\"><span class=\"s1\">En el mundo digital, los l\u00edderes de recursos humanos desempe\u00f1an un papel clave en la identificaci\u00f3n de oportunidades de futuro, proporcionando a sus organizaciones las herramientas necesarias para cubrir las necesidades que demandar\u00e1 el mercado. Fomentar la relaci\u00f3n de las compa\u00f1\u00edas con sus potenciales candidatos \u00abpool de talento\u00bb previamente a que se inicie el proceso de selecci\u00f3n o disponer de planes de sucesi\u00f3n, ser\u00e1n cuestiones fundamentales de cara a reducir la p\u00e9rdida de oportunidades cuando los puestos cr\u00edticos queden vacantes. <\/span><\/p>\n<p class=\"p1\"><span class=\"s1\"><b>6. Alineado con los objetivos de negocio<\/b><\/span><\/p>\n<p class=\"p1\"><span class=\"s1\">La incorporaci\u00f3n del Director de Recursos Humanos en los comit\u00e9s de direcci\u00f3n resulta un aspecto cada vez m\u00e1s estrat\u00e9gico de cara al cumplimento de los objetivos de negocio de las organizaciones. No obstante, muchos l\u00edderes de RRHH \u00abfallan\u00bb en este aspecto, dando lugar a que los CEOS incorporen cada vez m\u00e1s a profesionales de otras \u00e1reas del negocio para desempe\u00f1ar el rol de CHRO. <\/span><\/p>\n<p class=\"p1\"><span class=\"s1\"><b>7. Pensamiento anal\u00edtico<\/b><\/span><\/p>\n<p class=\"p1\"><span class=\"s1\">El l\u00edder digital de RRHH debe tener conocimientos tecnol\u00f3gicos y anal\u00edticos para aprovechar el enorme potencial que suponen los datos de los empleados de su organizaci\u00f3n. El disponer de un pensamiento anal\u00edtico resultar\u00e1 clave para superar muchos de los retos relacionados con el compromiso, liderazgo, aprendizaje, y selecci\u00f3n a los que tendr\u00e1 que hacer frente en los pr\u00f3ximos a\u00f1os. <\/span><\/p>\n<p class=\"p1\"><span class=\"s1\"><b>8. Transparencia y autenticidad<\/b><\/span><\/p>\n<p class=\"p1\"><span class=\"s1\">En la era digital, todos disponemos de acceso a informaci\u00f3n sobre cualquier empresa o producto, lo que nos lleva a la necesidad de validar la autenticidad de aquellos que nos lideran. <\/span><\/p>\n<p class=\"p1\"><span class=\"s1\"><b>9. Emp\u00e1tico<\/b><\/span><\/p>\n<p class=\"p1\"><span class=\"s1\">Como pioneros en la era digital, los l\u00edderes de RRHH deben aportar humanidad y sensibilidad a las empresas para favorecer el equilibrio entre el mundo digital y el mundo real. Tiene que ser capaz de hacer el trabajo m\u00e1s humano, racional y simple poniendo en marcha pol\u00edticas enfocadas al cuidado y bienestar de los empleados. <\/span><\/p>\n<p class=\"p1\"><span class=\"s1\"><b>10. Capacidad de negociaci\u00f3n<\/b><\/span><\/p>\n<p class=\"p1\"><span class=\"s1\">Finalmente, los l\u00edderes digitales de RRHH necesitan utilizar habilidades pol\u00edticas y de negociaci\u00f3n para asegurarse los recursos necesarios que les permitan desarrollar el talento de sus organizaciones. La inversi\u00f3n en planes de formaci\u00f3n y liderazgo, as\u00ed como en soluciones tecnol\u00f3gicas de Recursos Humanos, ser\u00e1n aspectos cr\u00edticos para la evoluci\u00f3n de las compa\u00f1\u00edas.<\/span><\/p>\n","protected":false},"excerpt":{"rendered":"<p>(elEconomista) Los nuevos desaf\u00edos que plantea el mercado laboral obliga a adaptarse La transformaci\u00f3n digital requiere de un cambio de paradigma en el que se&#8230; <a href=\"https:\/\/www.cmalleida.com\/es\/diez-cualidades-que-necesita-el-lider-de-recursos-humanos-en-el-entorno-digital\/\" rel=\"nofollow\" class=\"lollegirmes\">Llegeix m\u00e9s<\/a><\/p>\n","protected":false},"author":153,"featured_media":1890,"comment_status":"closed","ping_status":"closed","sticky":false,"template":"","format":"standard","meta":{"_acf_changed":false,"_genesis_hide_title":false,"_genesis_hide_breadcrumbs":false,"_genesis_hide_singular_image":false,"_genesis_hide_footer_widgets":false,"_genesis_custom_body_class":"","_genesis_custom_post_class":"","_genesis_layout":"","footnotes":""},"categories":[28,56],"tags":[],"class_list":{"0":"post-1544","1":"post","2":"type-post","3":"status-publish","4":"format-standard","5":"has-post-thumbnail","7":"category-actualidad","8":"category-laboral-es","9":"entry"},"acf":[],"yoast_head":"<!-- This site is optimized with the Yoast SEO plugin v27.2 - https:\/\/yoast.com\/product\/yoast-seo-wordpress\/ -->\n<title>Diez cualidades que necesita el l\u00edder de recursos humanos en el entorno digital - Col\u00b7legi de Mediadors d&#039;Assegurances de Lleida<\/title>\n<meta name=\"robots\" content=\"index, follow, max-snippet:-1, max-image-preview:large, max-video-preview:-1\" \/>\n<link rel=\"canonical\" href=\"https:\/\/www.cmalleida.com\/es\/diez-cualidades-que-necesita-el-lider-de-recursos-humanos-en-el-entorno-digital\/\" \/>\n<meta property=\"og:locale\" content=\"es_ES\" \/>\n<meta property=\"og:type\" content=\"article\" \/>\n<meta property=\"og:title\" content=\"Diez cualidades que necesita el l\u00edder de recursos humanos en el entorno digital - Col\u00b7legi de Mediadors d&#039;Assegurances de Lleida\" \/>\n<meta property=\"og:description\" content=\"(elEconomista) Los nuevos desaf\u00edos que plantea el mercado laboral obliga a adaptarse La transformaci\u00f3n digital requiere de un cambio de paradigma en el que se... Llegeix m\u00e9s\" \/>\n<meta property=\"og:url\" content=\"https:\/\/www.cmalleida.com\/es\/diez-cualidades-que-necesita-el-lider-de-recursos-humanos-en-el-entorno-digital\/\" \/>\n<meta property=\"og:site_name\" content=\"Col\u00b7legi de Mediadors d&#039;Assegurances de Lleida\" \/>\n<meta property=\"article:published_time\" content=\"2017-12-13T13:59:25+00:00\" \/>\n<meta property=\"article:modified_time\" content=\"2018-03-27T19:22:51+00:00\" \/>\n<meta property=\"og:image\" content=\"https:\/\/www.cmalleida.com\/wp-content\/uploads\/cmall-lleida-actualitat-runio762.jpg\" \/>\n\t<meta property=\"og:image:width\" content=\"762\" \/>\n\t<meta property=\"og:image:height\" content=\"762\" \/>\n\t<meta property=\"og:image:type\" content=\"image\/jpeg\" \/>\n<meta name=\"author\" content=\"Antonieta Castells\" \/>\n<meta name=\"twitter:card\" content=\"summary_large_image\" \/>\n<meta name=\"twitter:label1\" content=\"Written by\" \/>\n\t<meta name=\"twitter:data1\" content=\"Antonieta Castells\" \/>\n\t<meta name=\"twitter:label2\" content=\"Est. reading time\" \/>\n\t<meta name=\"twitter:data2\" content=\"4 minutos\" \/>\n<script type=\"application\/ld+json\" class=\"yoast-schema-graph\">{\"@context\":\"https:\/\/schema.org\",\"@graph\":[{\"@type\":\"Article\",\"@id\":\"https:\/\/www.cmalleida.com\/es\/diez-cualidades-que-necesita-el-lider-de-recursos-humanos-en-el-entorno-digital\/#article\",\"isPartOf\":{\"@id\":\"https:\/\/www.cmalleida.com\/es\/diez-cualidades-que-necesita-el-lider-de-recursos-humanos-en-el-entorno-digital\/\"},\"author\":{\"name\":\"Antonieta Castells\",\"@id\":\"https:\/\/www.cmalleida.com\/es\/#\/schema\/person\/e1c9f546cfe179457fcc9e369de6c974\"},\"headline\":\"Diez cualidades que necesita el l\u00edder de recursos humanos en el entorno digital\",\"datePublished\":\"2017-12-13T13:59:25+00:00\",\"dateModified\":\"2018-03-27T19:22:51+00:00\",\"mainEntityOfPage\":{\"@id\":\"https:\/\/www.cmalleida.com\/es\/diez-cualidades-que-necesita-el-lider-de-recursos-humanos-en-el-entorno-digital\/\"},\"wordCount\":838,\"publisher\":{\"@id\":\"https:\/\/www.cmalleida.com\/es\/#organization\"},\"image\":{\"@id\":\"https:\/\/www.cmalleida.com\/es\/diez-cualidades-que-necesita-el-lider-de-recursos-humanos-en-el-entorno-digital\/#primaryimage\"},\"thumbnailUrl\":\"https:\/\/www.cmalleida.com\/wp-content\/uploads\/cmall-lleida-actualitat-runio762.jpg\",\"articleSection\":[\"Actualidad\",\"Laboral\"],\"inLanguage\":\"es\"},{\"@type\":\"WebPage\",\"@id\":\"https:\/\/www.cmalleida.com\/es\/diez-cualidades-que-necesita-el-lider-de-recursos-humanos-en-el-entorno-digital\/\",\"url\":\"https:\/\/www.cmalleida.com\/es\/diez-cualidades-que-necesita-el-lider-de-recursos-humanos-en-el-entorno-digital\/\",\"name\":\"Diez cualidades que necesita el l\u00edder de recursos humanos en el entorno digital - Col\u00b7legi de Mediadors d&#039;Assegurances de Lleida\",\"isPartOf\":{\"@id\":\"https:\/\/www.cmalleida.com\/es\/#website\"},\"primaryImageOfPage\":{\"@id\":\"https:\/\/www.cmalleida.com\/es\/diez-cualidades-que-necesita-el-lider-de-recursos-humanos-en-el-entorno-digital\/#primaryimage\"},\"image\":{\"@id\":\"https:\/\/www.cmalleida.com\/es\/diez-cualidades-que-necesita-el-lider-de-recursos-humanos-en-el-entorno-digital\/#primaryimage\"},\"thumbnailUrl\":\"https:\/\/www.cmalleida.com\/wp-content\/uploads\/cmall-lleida-actualitat-runio762.jpg\",\"datePublished\":\"2017-12-13T13:59:25+00:00\",\"dateModified\":\"2018-03-27T19:22:51+00:00\",\"breadcrumb\":{\"@id\":\"https:\/\/www.cmalleida.com\/es\/diez-cualidades-que-necesita-el-lider-de-recursos-humanos-en-el-entorno-digital\/#breadcrumb\"},\"inLanguage\":\"es\",\"potentialAction\":[{\"@type\":\"ReadAction\",\"target\":[\"https:\/\/www.cmalleida.com\/es\/diez-cualidades-que-necesita-el-lider-de-recursos-humanos-en-el-entorno-digital\/\"]}]},{\"@type\":\"ImageObject\",\"inLanguage\":\"es\",\"@id\":\"https:\/\/www.cmalleida.com\/es\/diez-cualidades-que-necesita-el-lider-de-recursos-humanos-en-el-entorno-digital\/#primaryimage\",\"url\":\"https:\/\/www.cmalleida.com\/wp-content\/uploads\/cmall-lleida-actualitat-runio762.jpg\",\"contentUrl\":\"https:\/\/www.cmalleida.com\/wp-content\/uploads\/cmall-lleida-actualitat-runio762.jpg\",\"width\":762,\"height\":762,\"caption\":\"cmall-lleida-actualitat-RUNIO762\"},{\"@type\":\"BreadcrumbList\",\"@id\":\"https:\/\/www.cmalleida.com\/es\/diez-cualidades-que-necesita-el-lider-de-recursos-humanos-en-el-entorno-digital\/#breadcrumb\",\"itemListElement\":[{\"@type\":\"ListItem\",\"position\":1,\"name\":\"Inici\",\"item\":\"https:\/\/www.cmalleida.com\/es\/\"},{\"@type\":\"ListItem\",\"position\":2,\"name\":\"Diez cualidades que necesita el l\u00edder de recursos humanos en el entorno digital\"}]},{\"@type\":\"WebSite\",\"@id\":\"https:\/\/www.cmalleida.com\/es\/#website\",\"url\":\"https:\/\/www.cmalleida.com\/es\/\",\"name\":\"Col\u00b7legi de Mediadors d&#039;Assegurances de Lleida\",\"description\":\"Otro sitio realizado con WordPress\",\"publisher\":{\"@id\":\"https:\/\/www.cmalleida.com\/es\/#organization\"},\"potentialAction\":[{\"@type\":\"SearchAction\",\"target\":{\"@type\":\"EntryPoint\",\"urlTemplate\":\"https:\/\/www.cmalleida.com\/es\/?s={search_term_string}\"},\"query-input\":{\"@type\":\"PropertyValueSpecification\",\"valueRequired\":true,\"valueName\":\"search_term_string\"}}],\"inLanguage\":\"es\"},{\"@type\":\"Organization\",\"@id\":\"https:\/\/www.cmalleida.com\/es\/#organization\",\"name\":\"Col\u00b7legi de Mediadors d'Assegurances de Lleida\",\"url\":\"https:\/\/www.cmalleida.com\/es\/\",\"logo\":{\"@type\":\"ImageObject\",\"inLanguage\":\"es\",\"@id\":\"https:\/\/www.cmalleida.com\/es\/#\/schema\/logo\/image\/\",\"url\":\"\",\"contentUrl\":\"\",\"caption\":\"Col\u00b7legi de Mediadors d'Assegurances de Lleida\"},\"image\":{\"@id\":\"https:\/\/www.cmalleida.com\/es\/#\/schema\/logo\/image\/\"}},{\"@type\":\"Person\",\"@id\":\"https:\/\/www.cmalleida.com\/es\/#\/schema\/person\/e1c9f546cfe179457fcc9e369de6c974\",\"name\":\"Antonieta Castells\",\"image\":{\"@type\":\"ImageObject\",\"inLanguage\":\"es\",\"@id\":\"https:\/\/secure.gravatar.com\/avatar\/6a33408caf0083c1a1d091fc795366617f0d68bd52a552f2feac968d883149ab?s=96&d=mm&r=g\",\"url\":\"https:\/\/secure.gravatar.com\/avatar\/6a33408caf0083c1a1d091fc795366617f0d68bd52a552f2feac968d883149ab?s=96&d=mm&r=g\",\"contentUrl\":\"https:\/\/secure.gravatar.com\/avatar\/6a33408caf0083c1a1d091fc795366617f0d68bd52a552f2feac968d883149ab?s=96&d=mm&r=g\",\"caption\":\"Antonieta Castells\"}}]}<\/script>\n<!-- \/ Yoast SEO plugin. -->","yoast_head_json":{"title":"Diez cualidades que necesita el l\u00edder de recursos humanos en el entorno digital - Col\u00b7legi de Mediadors d&#039;Assegurances de Lleida","robots":{"index":"index","follow":"follow","max-snippet":"max-snippet:-1","max-image-preview":"max-image-preview:large","max-video-preview":"max-video-preview:-1"},"canonical":"https:\/\/www.cmalleida.com\/es\/diez-cualidades-que-necesita-el-lider-de-recursos-humanos-en-el-entorno-digital\/","og_locale":"es_ES","og_type":"article","og_title":"Diez cualidades que necesita el l\u00edder de recursos humanos en el entorno digital - Col\u00b7legi de Mediadors d&#039;Assegurances de Lleida","og_description":"(elEconomista) Los nuevos desaf\u00edos que plantea el mercado laboral obliga a adaptarse La transformaci\u00f3n digital requiere de un cambio de paradigma en el que se... Llegeix m\u00e9s","og_url":"https:\/\/www.cmalleida.com\/es\/diez-cualidades-que-necesita-el-lider-de-recursos-humanos-en-el-entorno-digital\/","og_site_name":"Col\u00b7legi de Mediadors d&#039;Assegurances de Lleida","article_published_time":"2017-12-13T13:59:25+00:00","article_modified_time":"2018-03-27T19:22:51+00:00","og_image":[{"width":762,"height":762,"url":"https:\/\/www.cmalleida.com\/wp-content\/uploads\/cmall-lleida-actualitat-runio762.jpg","type":"image\/jpeg"}],"author":"Antonieta Castells","twitter_card":"summary_large_image","twitter_misc":{"Written by":"Antonieta Castells","Est. reading time":"4 minutos"},"schema":{"@context":"https:\/\/schema.org","@graph":[{"@type":"Article","@id":"https:\/\/www.cmalleida.com\/es\/diez-cualidades-que-necesita-el-lider-de-recursos-humanos-en-el-entorno-digital\/#article","isPartOf":{"@id":"https:\/\/www.cmalleida.com\/es\/diez-cualidades-que-necesita-el-lider-de-recursos-humanos-en-el-entorno-digital\/"},"author":{"name":"Antonieta Castells","@id":"https:\/\/www.cmalleida.com\/es\/#\/schema\/person\/e1c9f546cfe179457fcc9e369de6c974"},"headline":"Diez cualidades que necesita el l\u00edder de recursos humanos en el entorno digital","datePublished":"2017-12-13T13:59:25+00:00","dateModified":"2018-03-27T19:22:51+00:00","mainEntityOfPage":{"@id":"https:\/\/www.cmalleida.com\/es\/diez-cualidades-que-necesita-el-lider-de-recursos-humanos-en-el-entorno-digital\/"},"wordCount":838,"publisher":{"@id":"https:\/\/www.cmalleida.com\/es\/#organization"},"image":{"@id":"https:\/\/www.cmalleida.com\/es\/diez-cualidades-que-necesita-el-lider-de-recursos-humanos-en-el-entorno-digital\/#primaryimage"},"thumbnailUrl":"https:\/\/www.cmalleida.com\/wp-content\/uploads\/cmall-lleida-actualitat-runio762.jpg","articleSection":["Actualidad","Laboral"],"inLanguage":"es"},{"@type":"WebPage","@id":"https:\/\/www.cmalleida.com\/es\/diez-cualidades-que-necesita-el-lider-de-recursos-humanos-en-el-entorno-digital\/","url":"https:\/\/www.cmalleida.com\/es\/diez-cualidades-que-necesita-el-lider-de-recursos-humanos-en-el-entorno-digital\/","name":"Diez cualidades que necesita el l\u00edder de recursos humanos en el entorno digital - Col\u00b7legi de Mediadors d&#039;Assegurances de Lleida","isPartOf":{"@id":"https:\/\/www.cmalleida.com\/es\/#website"},"primaryImageOfPage":{"@id":"https:\/\/www.cmalleida.com\/es\/diez-cualidades-que-necesita-el-lider-de-recursos-humanos-en-el-entorno-digital\/#primaryimage"},"image":{"@id":"https:\/\/www.cmalleida.com\/es\/diez-cualidades-que-necesita-el-lider-de-recursos-humanos-en-el-entorno-digital\/#primaryimage"},"thumbnailUrl":"https:\/\/www.cmalleida.com\/wp-content\/uploads\/cmall-lleida-actualitat-runio762.jpg","datePublished":"2017-12-13T13:59:25+00:00","dateModified":"2018-03-27T19:22:51+00:00","breadcrumb":{"@id":"https:\/\/www.cmalleida.com\/es\/diez-cualidades-que-necesita-el-lider-de-recursos-humanos-en-el-entorno-digital\/#breadcrumb"},"inLanguage":"es","potentialAction":[{"@type":"ReadAction","target":["https:\/\/www.cmalleida.com\/es\/diez-cualidades-que-necesita-el-lider-de-recursos-humanos-en-el-entorno-digital\/"]}]},{"@type":"ImageObject","inLanguage":"es","@id":"https:\/\/www.cmalleida.com\/es\/diez-cualidades-que-necesita-el-lider-de-recursos-humanos-en-el-entorno-digital\/#primaryimage","url":"https:\/\/www.cmalleida.com\/wp-content\/uploads\/cmall-lleida-actualitat-runio762.jpg","contentUrl":"https:\/\/www.cmalleida.com\/wp-content\/uploads\/cmall-lleida-actualitat-runio762.jpg","width":762,"height":762,"caption":"cmall-lleida-actualitat-RUNIO762"},{"@type":"BreadcrumbList","@id":"https:\/\/www.cmalleida.com\/es\/diez-cualidades-que-necesita-el-lider-de-recursos-humanos-en-el-entorno-digital\/#breadcrumb","itemListElement":[{"@type":"ListItem","position":1,"name":"Inici","item":"https:\/\/www.cmalleida.com\/es\/"},{"@type":"ListItem","position":2,"name":"Diez cualidades que necesita el l\u00edder de recursos humanos en el entorno digital"}]},{"@type":"WebSite","@id":"https:\/\/www.cmalleida.com\/es\/#website","url":"https:\/\/www.cmalleida.com\/es\/","name":"Col\u00b7legi de Mediadors d&#039;Assegurances de Lleida","description":"Otro sitio realizado con WordPress","publisher":{"@id":"https:\/\/www.cmalleida.com\/es\/#organization"},"potentialAction":[{"@type":"SearchAction","target":{"@type":"EntryPoint","urlTemplate":"https:\/\/www.cmalleida.com\/es\/?s={search_term_string}"},"query-input":{"@type":"PropertyValueSpecification","valueRequired":true,"valueName":"search_term_string"}}],"inLanguage":"es"},{"@type":"Organization","@id":"https:\/\/www.cmalleida.com\/es\/#organization","name":"Col\u00b7legi de Mediadors d'Assegurances de Lleida","url":"https:\/\/www.cmalleida.com\/es\/","logo":{"@type":"ImageObject","inLanguage":"es","@id":"https:\/\/www.cmalleida.com\/es\/#\/schema\/logo\/image\/","url":"","contentUrl":"","caption":"Col\u00b7legi de Mediadors d'Assegurances de Lleida"},"image":{"@id":"https:\/\/www.cmalleida.com\/es\/#\/schema\/logo\/image\/"}},{"@type":"Person","@id":"https:\/\/www.cmalleida.com\/es\/#\/schema\/person\/e1c9f546cfe179457fcc9e369de6c974","name":"Antonieta Castells","image":{"@type":"ImageObject","inLanguage":"es","@id":"https:\/\/secure.gravatar.com\/avatar\/6a33408caf0083c1a1d091fc795366617f0d68bd52a552f2feac968d883149ab?s=96&d=mm&r=g","url":"https:\/\/secure.gravatar.com\/avatar\/6a33408caf0083c1a1d091fc795366617f0d68bd52a552f2feac968d883149ab?s=96&d=mm&r=g","contentUrl":"https:\/\/secure.gravatar.com\/avatar\/6a33408caf0083c1a1d091fc795366617f0d68bd52a552f2feac968d883149ab?s=96&d=mm&r=g","caption":"Antonieta Castells"}}]}},"_links":{"self":[{"href":"https:\/\/www.cmalleida.com\/es\/wp-json\/wp\/v2\/posts\/1544","targetHints":{"allow":["GET"]}}],"collection":[{"href":"https:\/\/www.cmalleida.com\/es\/wp-json\/wp\/v2\/posts"}],"about":[{"href":"https:\/\/www.cmalleida.com\/es\/wp-json\/wp\/v2\/types\/post"}],"author":[{"embeddable":true,"href":"https:\/\/www.cmalleida.com\/es\/wp-json\/wp\/v2\/users\/153"}],"replies":[{"embeddable":true,"href":"https:\/\/www.cmalleida.com\/es\/wp-json\/wp\/v2\/comments?post=1544"}],"version-history":[{"count":1,"href":"https:\/\/www.cmalleida.com\/es\/wp-json\/wp\/v2\/posts\/1544\/revisions"}],"predecessor-version":[{"id":1615,"href":"https:\/\/www.cmalleida.com\/es\/wp-json\/wp\/v2\/posts\/1544\/revisions\/1615"}],"wp:featuredmedia":[{"embeddable":true,"href":"https:\/\/www.cmalleida.com\/es\/wp-json\/wp\/v2\/media\/1890"}],"wp:attachment":[{"href":"https:\/\/www.cmalleida.com\/es\/wp-json\/wp\/v2\/media?parent=1544"}],"wp:term":[{"taxonomy":"category","embeddable":true,"href":"https:\/\/www.cmalleida.com\/es\/wp-json\/wp\/v2\/categories?post=1544"},{"taxonomy":"post_tag","embeddable":true,"href":"https:\/\/www.cmalleida.com\/es\/wp-json\/wp\/v2\/tags?post=1544"}],"curies":[{"name":"wp","href":"https:\/\/api.w.org\/{rel}","templated":true}]}}