{"id":15037,"date":"2026-01-26T18:47:32","date_gmt":"2026-01-26T17:47:32","guid":{"rendered":"https:\/\/www.cmalleida.com\/?p=15037"},"modified":"2026-01-26T18:47:32","modified_gmt":"2026-01-26T17:47:32","slug":"el-consejo-general-lleva-a-europa-el-estudio-sobre-herramientas-digitales-para-agentes-de-seguros","status":"publish","type":"post","link":"https:\/\/www.cmalleida.com\/es\/el-consejo-general-lleva-a-europa-el-estudio-sobre-herramientas-digitales-para-agentes-de-seguros\/","title":{"rendered":"El Consejo General lleva a Europa el estudio sobre herramientas digitales para agentes de seguros"},"content":{"rendered":"<p>El Consejo General ha presentado en la asamblea de\u00a0BIPAR, la Federaci\u00f3n Europea de Intermediarios de Seguros, el estudio \u201cProcesos y uso de herramientas digitales en el colectivo de agentes de seguros\u201d, elaborado en colaboraci\u00f3n con Accenture.<\/p>\n<p>El estudio, hasta ahora s\u00f3lo presentado en Espa\u00f1a, refleja el nivel de utilidad y adaptaci\u00f3n a la realidad de las herramientas que facilitan las aseguradoras a los agentes para su trabajo. La presentaci\u00f3n ha tenido lugar en el marco de la Comisi\u00f3n de Agentes de BIPAR, en Viena, y ha contado con la presencia de Javier Barber\u00e1, presidente del Consejo General de Mediadores de Seguros y del Colegio de Lleida, y Jos\u00e9 Manuel Dom\u00ednguez, Senior Manager de Accenture.<\/p>\n<p>Para Barber\u00e1, \u00abse trata del primer estudio de estas caracter\u00edsticas que se ha realizado en Europa y refuerza el peso de la Mediaci\u00f3n espa\u00f1ola entre las principales organizaciones del continente. Adem\u00e1s, traslada una fotograf\u00eda de una parte importante del proceso de digitalizaci\u00f3n en las agencias de seguros de nuestro pa\u00eds, uno de los mercados m\u00e1s importantes y competitivos.\u00bb<\/p>\n<p>BIPAR\u00a0(Bureau\u00a0International des Producteurs\u00a0de Asuranzas\u00a0et de\u00a0R\u00e9assurances)\u00a0es la organizaci\u00f3n que representa a las asociaciones nacionales de mediadores de seguros y financieros de 32 pa\u00edses europeos, siendo el interlocutor institucional reconocido ante las instituciones comunitarias y un referente clave para la instituciones comunitarias y un referente clave para la defensa.<\/p>\n<p>&nbsp;<\/p>\n","protected":false},"excerpt":{"rendered":"<p>El Consejo General ha presentado en la asamblea de\u00a0BIPAR, la Federaci\u00f3n Europea de Intermediarios de Seguros, el estudio \u201cProcesos y uso de herramientas digitales en&#8230; <a href=\"https:\/\/www.cmalleida.com\/es\/el-consejo-general-lleva-a-europa-el-estudio-sobre-herramientas-digitales-para-agentes-de-seguros\/\" rel=\"nofollow\" class=\"lollegirmes\">Llegeix m\u00e9s<\/a><\/p>\n","protected":false},"author":149,"featured_media":15035,"comment_status":"closed","ping_status":"closed","sticky":false,"template":"","format":"standard","meta":{"_acf_changed":false,"_genesis_hide_title":false,"_genesis_hide_breadcrumbs":false,"_genesis_hide_singular_image":false,"_genesis_hide_footer_widgets":false,"_genesis_custom_body_class":"","_genesis_custom_post_class":"","_genesis_layout":"","footnotes":""},"categories":[28,139,60,101],"tags":[],"class_list":{"0":"post-15037","1":"post","2":"type-post","3":"status-publish","4":"format-standard","5":"has-post-thumbnail","7":"category-actualidad","8":"category-institucions-organismes-es","9":"category-noticias-colegiales","10":"category-recortes-de-prensa","11":"entry"},"acf":[],"yoast_head":"<!-- This site is optimized with the Yoast SEO plugin v27.2 - https:\/\/yoast.com\/product\/yoast-seo-wordpress\/ -->\n<title>El Consejo General lleva a Europa el estudio sobre herramientas digitales para agentes de seguros - Col\u00b7legi de Mediadors d&#039;Assegurances de Lleida<\/title>\n<meta name=\"robots\" content=\"index, follow, max-snippet:-1, max-image-preview:large, max-video-preview:-1\" \/>\n<link rel=\"canonical\" href=\"https:\/\/www.cmalleida.com\/es\/el-consejo-general-lleva-a-europa-el-estudio-sobre-herramientas-digitales-para-agentes-de-seguros\/\" \/>\n<meta property=\"og:locale\" content=\"es_ES\" \/>\n<meta property=\"og:type\" content=\"article\" \/>\n<meta property=\"og:title\" content=\"El Consejo General lleva a Europa el estudio sobre herramientas digitales para agentes de seguros - Col\u00b7legi de Mediadors d&#039;Assegurances de Lleida\" \/>\n<meta property=\"og:description\" content=\"El Consejo General ha presentado en la asamblea de\u00a0BIPAR, la Federaci\u00f3n Europea de Intermediarios de Seguros, el estudio \u201cProcesos y uso de herramientas digitales en... Llegeix m\u00e9s\" \/>\n<meta property=\"og:url\" content=\"https:\/\/www.cmalleida.com\/es\/el-consejo-general-lleva-a-europa-el-estudio-sobre-herramientas-digitales-para-agentes-de-seguros\/\" \/>\n<meta property=\"og:site_name\" content=\"Col\u00b7legi de Mediadors d&#039;Assegurances de Lleida\" \/>\n<meta property=\"article:published_time\" content=\"2026-01-26T17:47:32+00:00\" \/>\n<meta property=\"og:image\" content=\"https:\/\/www.cmalleida.com\/wp-content\/uploads\/jean-francois-mossino-y-javier-barebera-web.jpeg\" \/>\n\t<meta property=\"og:image:width\" content=\"700\" \/>\n\t<meta property=\"og:image:height\" content=\"400\" \/>\n\t<meta property=\"og:image:type\" content=\"image\/jpeg\" \/>\n<meta name=\"author\" content=\"Antonieta Castells Dolcet\" \/>\n<meta name=\"twitter:card\" content=\"summary_large_image\" \/>\n<meta name=\"twitter:label1\" content=\"Written by\" \/>\n\t<meta name=\"twitter:data1\" content=\"Antonieta Castells Dolcet\" \/>\n\t<meta name=\"twitter:label2\" content=\"Est. reading time\" \/>\n\t<meta name=\"twitter:data2\" content=\"1 minuto\" \/>\n<script type=\"application\/ld+json\" class=\"yoast-schema-graph\">{\"@context\":\"https:\/\/schema.org\",\"@graph\":[{\"@type\":\"Article\",\"@id\":\"https:\/\/www.cmalleida.com\/es\/el-consejo-general-lleva-a-europa-el-estudio-sobre-herramientas-digitales-para-agentes-de-seguros\/#article\",\"isPartOf\":{\"@id\":\"https:\/\/www.cmalleida.com\/es\/el-consejo-general-lleva-a-europa-el-estudio-sobre-herramientas-digitales-para-agentes-de-seguros\/\"},\"author\":{\"name\":\"Antonieta Castells Dolcet\",\"@id\":\"https:\/\/www.cmalleida.com\/es\/#\/schema\/person\/7461453022a0d6ce41c1e530eb4443b4\"},\"headline\":\"El Consejo General lleva a Europa el estudio sobre herramientas digitales para agentes de seguros\",\"datePublished\":\"2026-01-26T17:47:32+00:00\",\"mainEntityOfPage\":{\"@id\":\"https:\/\/www.cmalleida.com\/es\/el-consejo-general-lleva-a-europa-el-estudio-sobre-herramientas-digitales-para-agentes-de-seguros\/\"},\"wordCount\":260,\"publisher\":{\"@id\":\"https:\/\/www.cmalleida.com\/es\/#organization\"},\"image\":{\"@id\":\"https:\/\/www.cmalleida.com\/es\/el-consejo-general-lleva-a-europa-el-estudio-sobre-herramientas-digitales-para-agentes-de-seguros\/#primaryimage\"},\"thumbnailUrl\":\"https:\/\/www.cmalleida.com\/wp-content\/uploads\/jean-francois-mossino-y-javier-barebera-web.jpeg\",\"articleSection\":[\"Actualidad\",\"Institucions\/Organismes\",\"Noticias Colegiales\",\"Recopilaciones de Prensa\"],\"inLanguage\":\"es\"},{\"@type\":\"WebPage\",\"@id\":\"https:\/\/www.cmalleida.com\/es\/el-consejo-general-lleva-a-europa-el-estudio-sobre-herramientas-digitales-para-agentes-de-seguros\/\",\"url\":\"https:\/\/www.cmalleida.com\/es\/el-consejo-general-lleva-a-europa-el-estudio-sobre-herramientas-digitales-para-agentes-de-seguros\/\",\"name\":\"El Consejo General lleva a Europa el estudio sobre herramientas digitales para agentes de seguros - Col\u00b7legi de Mediadors d&#039;Assegurances de Lleida\",\"isPartOf\":{\"@id\":\"https:\/\/www.cmalleida.com\/es\/#website\"},\"primaryImageOfPage\":{\"@id\":\"https:\/\/www.cmalleida.com\/es\/el-consejo-general-lleva-a-europa-el-estudio-sobre-herramientas-digitales-para-agentes-de-seguros\/#primaryimage\"},\"image\":{\"@id\":\"https:\/\/www.cmalleida.com\/es\/el-consejo-general-lleva-a-europa-el-estudio-sobre-herramientas-digitales-para-agentes-de-seguros\/#primaryimage\"},\"thumbnailUrl\":\"https:\/\/www.cmalleida.com\/wp-content\/uploads\/jean-francois-mossino-y-javier-barebera-web.jpeg\",\"datePublished\":\"2026-01-26T17:47:32+00:00\",\"breadcrumb\":{\"@id\":\"https:\/\/www.cmalleida.com\/es\/el-consejo-general-lleva-a-europa-el-estudio-sobre-herramientas-digitales-para-agentes-de-seguros\/#breadcrumb\"},\"inLanguage\":\"es\",\"potentialAction\":[{\"@type\":\"ReadAction\",\"target\":[\"https:\/\/www.cmalleida.com\/es\/el-consejo-general-lleva-a-europa-el-estudio-sobre-herramientas-digitales-para-agentes-de-seguros\/\"]}]},{\"@type\":\"ImageObject\",\"inLanguage\":\"es\",\"@id\":\"https:\/\/www.cmalleida.com\/es\/el-consejo-general-lleva-a-europa-el-estudio-sobre-herramientas-digitales-para-agentes-de-seguros\/#primaryimage\",\"url\":\"https:\/\/www.cmalleida.com\/wp-content\/uploads\/jean-francois-mossino-y-javier-barebera-web.jpeg\",\"contentUrl\":\"https:\/\/www.cmalleida.com\/wp-content\/uploads\/jean-francois-mossino-y-javier-barebera-web.jpeg\",\"width\":700,\"height\":400,\"caption\":\"Jean-Francois-Mossino-y-Javier-Barebera-web\"},{\"@type\":\"BreadcrumbList\",\"@id\":\"https:\/\/www.cmalleida.com\/es\/el-consejo-general-lleva-a-europa-el-estudio-sobre-herramientas-digitales-para-agentes-de-seguros\/#breadcrumb\",\"itemListElement\":[{\"@type\":\"ListItem\",\"position\":1,\"name\":\"Inici\",\"item\":\"https:\/\/www.cmalleida.com\/es\/\"},{\"@type\":\"ListItem\",\"position\":2,\"name\":\"El Consejo General lleva a Europa el estudio sobre herramientas digitales para agentes de seguros\"}]},{\"@type\":\"WebSite\",\"@id\":\"https:\/\/www.cmalleida.com\/es\/#website\",\"url\":\"https:\/\/www.cmalleida.com\/es\/\",\"name\":\"Col\u00b7legi de Mediadors d&#039;Assegurances de Lleida\",\"description\":\"Otro sitio realizado con WordPress\",\"publisher\":{\"@id\":\"https:\/\/www.cmalleida.com\/es\/#organization\"},\"potentialAction\":[{\"@type\":\"SearchAction\",\"target\":{\"@type\":\"EntryPoint\",\"urlTemplate\":\"https:\/\/www.cmalleida.com\/es\/?s={search_term_string}\"},\"query-input\":{\"@type\":\"PropertyValueSpecification\",\"valueRequired\":true,\"valueName\":\"search_term_string\"}}],\"inLanguage\":\"es\"},{\"@type\":\"Organization\",\"@id\":\"https:\/\/www.cmalleida.com\/es\/#organization\",\"name\":\"Col\u00b7legi de Mediadors d'Assegurances de Lleida\",\"url\":\"https:\/\/www.cmalleida.com\/es\/\",\"logo\":{\"@type\":\"ImageObject\",\"inLanguage\":\"es\",\"@id\":\"https:\/\/www.cmalleida.com\/es\/#\/schema\/logo\/image\/\",\"url\":\"\",\"contentUrl\":\"\",\"caption\":\"Col\u00b7legi de Mediadors d'Assegurances de Lleida\"},\"image\":{\"@id\":\"https:\/\/www.cmalleida.com\/es\/#\/schema\/logo\/image\/\"}},{\"@type\":\"Person\",\"@id\":\"https:\/\/www.cmalleida.com\/es\/#\/schema\/person\/7461453022a0d6ce41c1e530eb4443b4\",\"name\":\"Antonieta Castells Dolcet\",\"image\":{\"@type\":\"ImageObject\",\"inLanguage\":\"es\",\"@id\":\"https:\/\/secure.gravatar.com\/avatar\/7738df9a8ff2d12e8b37d088ff0e3e36016e57ab29e5db27ba4fb758a81ea3cb?s=96&d=mm&r=g\",\"url\":\"https:\/\/secure.gravatar.com\/avatar\/7738df9a8ff2d12e8b37d088ff0e3e36016e57ab29e5db27ba4fb758a81ea3cb?s=96&d=mm&r=g\",\"contentUrl\":\"https:\/\/secure.gravatar.com\/avatar\/7738df9a8ff2d12e8b37d088ff0e3e36016e57ab29e5db27ba4fb758a81ea3cb?s=96&d=mm&r=g\",\"caption\":\"Antonieta Castells Dolcet\"},\"sameAs\":[\"http:\/\/www.cmalleida.com\"]}]}<\/script>\n<!-- \/ Yoast SEO plugin. -->","yoast_head_json":{"title":"El Consejo General lleva a Europa el estudio sobre herramientas digitales para agentes de seguros - Col\u00b7legi de Mediadors d&#039;Assegurances de Lleida","robots":{"index":"index","follow":"follow","max-snippet":"max-snippet:-1","max-image-preview":"max-image-preview:large","max-video-preview":"max-video-preview:-1"},"canonical":"https:\/\/www.cmalleida.com\/es\/el-consejo-general-lleva-a-europa-el-estudio-sobre-herramientas-digitales-para-agentes-de-seguros\/","og_locale":"es_ES","og_type":"article","og_title":"El Consejo General lleva a Europa el estudio sobre herramientas digitales para agentes de seguros - Col\u00b7legi de Mediadors d&#039;Assegurances de Lleida","og_description":"El Consejo General ha presentado en la asamblea de\u00a0BIPAR, la Federaci\u00f3n Europea de Intermediarios de Seguros, el estudio \u201cProcesos y uso de herramientas digitales en... Llegeix m\u00e9s","og_url":"https:\/\/www.cmalleida.com\/es\/el-consejo-general-lleva-a-europa-el-estudio-sobre-herramientas-digitales-para-agentes-de-seguros\/","og_site_name":"Col\u00b7legi de Mediadors d&#039;Assegurances de Lleida","article_published_time":"2026-01-26T17:47:32+00:00","og_image":[{"width":700,"height":400,"url":"https:\/\/www.cmalleida.com\/wp-content\/uploads\/jean-francois-mossino-y-javier-barebera-web.jpeg","type":"image\/jpeg"}],"author":"Antonieta Castells Dolcet","twitter_card":"summary_large_image","twitter_misc":{"Written by":"Antonieta Castells Dolcet","Est. reading time":"1 minuto"},"schema":{"@context":"https:\/\/schema.org","@graph":[{"@type":"Article","@id":"https:\/\/www.cmalleida.com\/es\/el-consejo-general-lleva-a-europa-el-estudio-sobre-herramientas-digitales-para-agentes-de-seguros\/#article","isPartOf":{"@id":"https:\/\/www.cmalleida.com\/es\/el-consejo-general-lleva-a-europa-el-estudio-sobre-herramientas-digitales-para-agentes-de-seguros\/"},"author":{"name":"Antonieta Castells Dolcet","@id":"https:\/\/www.cmalleida.com\/es\/#\/schema\/person\/7461453022a0d6ce41c1e530eb4443b4"},"headline":"El Consejo General lleva a Europa el estudio sobre herramientas digitales para agentes de seguros","datePublished":"2026-01-26T17:47:32+00:00","mainEntityOfPage":{"@id":"https:\/\/www.cmalleida.com\/es\/el-consejo-general-lleva-a-europa-el-estudio-sobre-herramientas-digitales-para-agentes-de-seguros\/"},"wordCount":260,"publisher":{"@id":"https:\/\/www.cmalleida.com\/es\/#organization"},"image":{"@id":"https:\/\/www.cmalleida.com\/es\/el-consejo-general-lleva-a-europa-el-estudio-sobre-herramientas-digitales-para-agentes-de-seguros\/#primaryimage"},"thumbnailUrl":"https:\/\/www.cmalleida.com\/wp-content\/uploads\/jean-francois-mossino-y-javier-barebera-web.jpeg","articleSection":["Actualidad","Institucions\/Organismes","Noticias Colegiales","Recopilaciones de Prensa"],"inLanguage":"es"},{"@type":"WebPage","@id":"https:\/\/www.cmalleida.com\/es\/el-consejo-general-lleva-a-europa-el-estudio-sobre-herramientas-digitales-para-agentes-de-seguros\/","url":"https:\/\/www.cmalleida.com\/es\/el-consejo-general-lleva-a-europa-el-estudio-sobre-herramientas-digitales-para-agentes-de-seguros\/","name":"El Consejo General lleva a Europa el estudio sobre herramientas digitales para agentes de seguros - Col\u00b7legi de Mediadors d&#039;Assegurances de Lleida","isPartOf":{"@id":"https:\/\/www.cmalleida.com\/es\/#website"},"primaryImageOfPage":{"@id":"https:\/\/www.cmalleida.com\/es\/el-consejo-general-lleva-a-europa-el-estudio-sobre-herramientas-digitales-para-agentes-de-seguros\/#primaryimage"},"image":{"@id":"https:\/\/www.cmalleida.com\/es\/el-consejo-general-lleva-a-europa-el-estudio-sobre-herramientas-digitales-para-agentes-de-seguros\/#primaryimage"},"thumbnailUrl":"https:\/\/www.cmalleida.com\/wp-content\/uploads\/jean-francois-mossino-y-javier-barebera-web.jpeg","datePublished":"2026-01-26T17:47:32+00:00","breadcrumb":{"@id":"https:\/\/www.cmalleida.com\/es\/el-consejo-general-lleva-a-europa-el-estudio-sobre-herramientas-digitales-para-agentes-de-seguros\/#breadcrumb"},"inLanguage":"es","potentialAction":[{"@type":"ReadAction","target":["https:\/\/www.cmalleida.com\/es\/el-consejo-general-lleva-a-europa-el-estudio-sobre-herramientas-digitales-para-agentes-de-seguros\/"]}]},{"@type":"ImageObject","inLanguage":"es","@id":"https:\/\/www.cmalleida.com\/es\/el-consejo-general-lleva-a-europa-el-estudio-sobre-herramientas-digitales-para-agentes-de-seguros\/#primaryimage","url":"https:\/\/www.cmalleida.com\/wp-content\/uploads\/jean-francois-mossino-y-javier-barebera-web.jpeg","contentUrl":"https:\/\/www.cmalleida.com\/wp-content\/uploads\/jean-francois-mossino-y-javier-barebera-web.jpeg","width":700,"height":400,"caption":"Jean-Francois-Mossino-y-Javier-Barebera-web"},{"@type":"BreadcrumbList","@id":"https:\/\/www.cmalleida.com\/es\/el-consejo-general-lleva-a-europa-el-estudio-sobre-herramientas-digitales-para-agentes-de-seguros\/#breadcrumb","itemListElement":[{"@type":"ListItem","position":1,"name":"Inici","item":"https:\/\/www.cmalleida.com\/es\/"},{"@type":"ListItem","position":2,"name":"El Consejo General lleva a Europa el estudio sobre herramientas digitales para agentes de seguros"}]},{"@type":"WebSite","@id":"https:\/\/www.cmalleida.com\/es\/#website","url":"https:\/\/www.cmalleida.com\/es\/","name":"Col\u00b7legi de Mediadors d&#039;Assegurances de Lleida","description":"Otro sitio realizado con WordPress","publisher":{"@id":"https:\/\/www.cmalleida.com\/es\/#organization"},"potentialAction":[{"@type":"SearchAction","target":{"@type":"EntryPoint","urlTemplate":"https:\/\/www.cmalleida.com\/es\/?s={search_term_string}"},"query-input":{"@type":"PropertyValueSpecification","valueRequired":true,"valueName":"search_term_string"}}],"inLanguage":"es"},{"@type":"Organization","@id":"https:\/\/www.cmalleida.com\/es\/#organization","name":"Col\u00b7legi de Mediadors d'Assegurances de Lleida","url":"https:\/\/www.cmalleida.com\/es\/","logo":{"@type":"ImageObject","inLanguage":"es","@id":"https:\/\/www.cmalleida.com\/es\/#\/schema\/logo\/image\/","url":"","contentUrl":"","caption":"Col\u00b7legi de Mediadors d'Assegurances de Lleida"},"image":{"@id":"https:\/\/www.cmalleida.com\/es\/#\/schema\/logo\/image\/"}},{"@type":"Person","@id":"https:\/\/www.cmalleida.com\/es\/#\/schema\/person\/7461453022a0d6ce41c1e530eb4443b4","name":"Antonieta Castells Dolcet","image":{"@type":"ImageObject","inLanguage":"es","@id":"https:\/\/secure.gravatar.com\/avatar\/7738df9a8ff2d12e8b37d088ff0e3e36016e57ab29e5db27ba4fb758a81ea3cb?s=96&d=mm&r=g","url":"https:\/\/secure.gravatar.com\/avatar\/7738df9a8ff2d12e8b37d088ff0e3e36016e57ab29e5db27ba4fb758a81ea3cb?s=96&d=mm&r=g","contentUrl":"https:\/\/secure.gravatar.com\/avatar\/7738df9a8ff2d12e8b37d088ff0e3e36016e57ab29e5db27ba4fb758a81ea3cb?s=96&d=mm&r=g","caption":"Antonieta Castells Dolcet"},"sameAs":["http:\/\/www.cmalleida.com"]}]}},"_links":{"self":[{"href":"https:\/\/www.cmalleida.com\/es\/wp-json\/wp\/v2\/posts\/15037","targetHints":{"allow":["GET"]}}],"collection":[{"href":"https:\/\/www.cmalleida.com\/es\/wp-json\/wp\/v2\/posts"}],"about":[{"href":"https:\/\/www.cmalleida.com\/es\/wp-json\/wp\/v2\/types\/post"}],"author":[{"embeddable":true,"href":"https:\/\/www.cmalleida.com\/es\/wp-json\/wp\/v2\/users\/149"}],"replies":[{"embeddable":true,"href":"https:\/\/www.cmalleida.com\/es\/wp-json\/wp\/v2\/comments?post=15037"}],"version-history":[{"count":1,"href":"https:\/\/www.cmalleida.com\/es\/wp-json\/wp\/v2\/posts\/15037\/revisions"}],"predecessor-version":[{"id":15038,"href":"https:\/\/www.cmalleida.com\/es\/wp-json\/wp\/v2\/posts\/15037\/revisions\/15038"}],"wp:featuredmedia":[{"embeddable":true,"href":"https:\/\/www.cmalleida.com\/es\/wp-json\/wp\/v2\/media\/15035"}],"wp:attachment":[{"href":"https:\/\/www.cmalleida.com\/es\/wp-json\/wp\/v2\/media?parent=15037"}],"wp:term":[{"taxonomy":"category","embeddable":true,"href":"https:\/\/www.cmalleida.com\/es\/wp-json\/wp\/v2\/categories?post=15037"},{"taxonomy":"post_tag","embeddable":true,"href":"https:\/\/www.cmalleida.com\/es\/wp-json\/wp\/v2\/tags?post=15037"}],"curies":[{"name":"wp","href":"https:\/\/api.w.org\/{rel}","templated":true}]}}