{"id":13763,"date":"2024-10-11T13:07:17","date_gmt":"2024-10-11T11:07:17","guid":{"rendered":"https:\/\/www.cmalleida.com\/?p=13763"},"modified":"2024-10-11T13:07:17","modified_gmt":"2024-10-11T11:07:17","slug":"la-veritat-que-amaga-el-nostre-client","status":"publish","type":"post","link":"https:\/\/www.cmalleida.com\/es\/la-veritat-que-amaga-el-nostre-client\/","title":{"rendered":"La veritat que amaga el nostre client"},"content":{"rendered":"<p><img loading=\"lazy\" decoding=\"async\" class=\"alignnone size-medium wp-image-13760\" src=\"https:\/\/www.cmalleida.com\/wp-content\/uploads\/\/dsc-0011-1-300x201.jpg\" alt=\"DSC_0011\" width=\"300\" height=\"201\" srcset=\"https:\/\/www.cmalleida.com\/wp-content\/uploads\/dsc-0011-1-300x201.jpg 300w, https:\/\/www.cmalleida.com\/wp-content\/uploads\/dsc-0011-1-1024x684.jpg 1024w, https:\/\/www.cmalleida.com\/wp-content\/uploads\/dsc-0011-1-768x513.jpg 768w, https:\/\/www.cmalleida.com\/wp-content\/uploads\/dsc-0011-1-1536x1027.jpg 1536w, https:\/\/www.cmalleida.com\/wp-content\/uploads\/dsc-0011-1-2048x1369.jpg 2048w\" sizes=\"auto, (max-width: 300px) 100vw, 300px\" \/><\/p>\n<p>10 de octubre &#8211; <strong>Joan Sebasti\u00e0 Rodriguez<\/strong>, t\u00e9cnico consultor formador de FIATC, entidad colaboradora con el Colegio, imparti\u00f3 el taller La verdad que esconde nuestro cliente donde dio a conocer las principales formas de la comunicaci\u00f3n. Explic\u00f3 c\u00f3mo diferenciar las comunicaciones verbales, paraverbales y corporales.<\/p>\n<p>Igualmente centr\u00f3 sus explicaciones en el lenguaje No verbal, proxem\u00eda y kinesia y se habl\u00f3 de los principales gestos de nuestros clientes. Los ejercicios pr\u00e1cticos que se llevaron a cabo sirvieron para poner en pr\u00e1ctica el aprendizaje durante las explicaciones del ponente.<\/p>\n<p>Seguidamente y v\u00eda web camp, los asistentes conocieron los nuevos productos de salud, las nuevas garant\u00edas y se present\u00f3 la campa\u00f1a de salud 2024-2025.<\/p>\n<p>Finaliz\u00f3 la sesi\u00f3n con el coloquio habitual en el que el ponente resolvi\u00f3 las dudas que los asistentes preguntaron. Se cont\u00f3 con la asistencia del director de la oficina de L\u00e9rida, <strong>Anton L\u00f3pez<\/strong> y <strong>Joan Xavier Sole<\/strong>, comercial de Fiatc en L\u00e9rida.<\/p>\n","protected":false},"excerpt":{"rendered":"<p>10 de octubre &#8211; Joan Sebasti\u00e0 Rodriguez, t\u00e9cnico consultor formador de FIATC, entidad colaboradora con el Colegio, imparti\u00f3 el taller La verdad que esconde nuestro&#8230; <a href=\"https:\/\/www.cmalleida.com\/es\/la-veritat-que-amaga-el-nostre-client\/\" rel=\"nofollow\" class=\"lollegirmes\">Llegeix m\u00e9s<\/a><\/p>\n","protected":false},"author":149,"featured_media":13759,"comment_status":"closed","ping_status":"closed","sticky":false,"template":"","format":"standard","meta":{"_acf_changed":false,"_genesis_hide_title":false,"_genesis_hide_breadcrumbs":false,"_genesis_hide_singular_image":false,"_genesis_hide_footer_widgets":false,"_genesis_custom_body_class":"","_genesis_custom_post_class":"","_genesis_layout":"","footnotes":""},"categories":[91,28,60,101],"tags":[],"class_list":{"0":"post-13763","1":"post","2":"type-post","3":"status-publish","4":"format-standard","5":"has-post-thumbnail","7":"category-accion-formativa","8":"category-actualidad","9":"category-noticias-colegiales","10":"category-recortes-de-prensa","11":"entry"},"acf":[],"yoast_head":"<!-- This site is optimized with the Yoast SEO plugin v27.2 - https:\/\/yoast.com\/product\/yoast-seo-wordpress\/ -->\n<title>La veritat que amaga el nostre client - Col\u00b7legi de Mediadors d&#039;Assegurances de Lleida<\/title>\n<meta name=\"robots\" content=\"index, follow, max-snippet:-1, max-image-preview:large, max-video-preview:-1\" \/>\n<link rel=\"canonical\" href=\"https:\/\/www.cmalleida.com\/es\/la-veritat-que-amaga-el-nostre-client\/\" \/>\n<meta property=\"og:locale\" content=\"es_ES\" \/>\n<meta property=\"og:type\" content=\"article\" \/>\n<meta property=\"og:title\" content=\"La veritat que amaga el nostre client - Col\u00b7legi de Mediadors d&#039;Assegurances de Lleida\" \/>\n<meta property=\"og:description\" content=\"10 de octubre &#8211; Joan Sebasti\u00e0 Rodriguez, t\u00e9cnico consultor formador de FIATC, entidad colaboradora con el Colegio, imparti\u00f3 el taller La verdad que esconde nuestro... Llegeix m\u00e9s\" \/>\n<meta property=\"og:url\" content=\"https:\/\/www.cmalleida.com\/es\/la-veritat-que-amaga-el-nostre-client\/\" \/>\n<meta property=\"og:site_name\" content=\"Col\u00b7legi de Mediadors d&#039;Assegurances de Lleida\" \/>\n<meta property=\"article:published_time\" content=\"2024-10-11T11:07:17+00:00\" \/>\n<meta property=\"og:image\" content=\"https:\/\/www.cmalleida.com\/wp-content\/uploads\/dsc-0005-8-1024x684.jpg\" \/>\n\t<meta property=\"og:image:width\" content=\"1024\" \/>\n\t<meta property=\"og:image:height\" content=\"684\" \/>\n\t<meta property=\"og:image:type\" content=\"image\/jpeg\" \/>\n<meta name=\"author\" content=\"Antonieta Castells Dolcet\" \/>\n<meta name=\"twitter:card\" content=\"summary_large_image\" \/>\n<meta name=\"twitter:label1\" content=\"Written by\" \/>\n\t<meta name=\"twitter:data1\" content=\"Antonieta Castells Dolcet\" \/>\n\t<meta name=\"twitter:label2\" content=\"Est. reading time\" \/>\n\t<meta name=\"twitter:data2\" content=\"1 minuto\" \/>\n<script type=\"application\/ld+json\" class=\"yoast-schema-graph\">{\"@context\":\"https:\/\/schema.org\",\"@graph\":[{\"@type\":\"Article\",\"@id\":\"https:\/\/www.cmalleida.com\/es\/la-veritat-que-amaga-el-nostre-client\/#article\",\"isPartOf\":{\"@id\":\"https:\/\/www.cmalleida.com\/es\/la-veritat-que-amaga-el-nostre-client\/\"},\"author\":{\"name\":\"Antonieta Castells Dolcet\",\"@id\":\"https:\/\/www.cmalleida.com\/es\/#\/schema\/person\/7461453022a0d6ce41c1e530eb4443b4\"},\"headline\":\"La veritat que amaga el nostre client\",\"datePublished\":\"2024-10-11T11:07:17+00:00\",\"mainEntityOfPage\":{\"@id\":\"https:\/\/www.cmalleida.com\/es\/la-veritat-que-amaga-el-nostre-client\/\"},\"wordCount\":172,\"publisher\":{\"@id\":\"https:\/\/www.cmalleida.com\/es\/#organization\"},\"image\":{\"@id\":\"https:\/\/www.cmalleida.com\/es\/la-veritat-que-amaga-el-nostre-client\/#primaryimage\"},\"thumbnailUrl\":\"https:\/\/www.cmalleida.com\/wp-content\/uploads\/dsc-0005-8.jpg\",\"articleSection\":[\"Acci\u00f3n formativa\",\"Actualidad\",\"Noticias Colegiales\",\"Recopilaciones de Prensa\"],\"inLanguage\":\"es\"},{\"@type\":\"WebPage\",\"@id\":\"https:\/\/www.cmalleida.com\/es\/la-veritat-que-amaga-el-nostre-client\/\",\"url\":\"https:\/\/www.cmalleida.com\/es\/la-veritat-que-amaga-el-nostre-client\/\",\"name\":\"La veritat que amaga el nostre client - Col\u00b7legi de Mediadors d&#039;Assegurances de Lleida\",\"isPartOf\":{\"@id\":\"https:\/\/www.cmalleida.com\/es\/#website\"},\"primaryImageOfPage\":{\"@id\":\"https:\/\/www.cmalleida.com\/es\/la-veritat-que-amaga-el-nostre-client\/#primaryimage\"},\"image\":{\"@id\":\"https:\/\/www.cmalleida.com\/es\/la-veritat-que-amaga-el-nostre-client\/#primaryimage\"},\"thumbnailUrl\":\"https:\/\/www.cmalleida.com\/wp-content\/uploads\/dsc-0005-8.jpg\",\"datePublished\":\"2024-10-11T11:07:17+00:00\",\"breadcrumb\":{\"@id\":\"https:\/\/www.cmalleida.com\/es\/la-veritat-que-amaga-el-nostre-client\/#breadcrumb\"},\"inLanguage\":\"es\",\"potentialAction\":[{\"@type\":\"ReadAction\",\"target\":[\"https:\/\/www.cmalleida.com\/es\/la-veritat-que-amaga-el-nostre-client\/\"]}]},{\"@type\":\"ImageObject\",\"inLanguage\":\"es\",\"@id\":\"https:\/\/www.cmalleida.com\/es\/la-veritat-que-amaga-el-nostre-client\/#primaryimage\",\"url\":\"https:\/\/www.cmalleida.com\/wp-content\/uploads\/dsc-0005-8.jpg\",\"contentUrl\":\"https:\/\/www.cmalleida.com\/wp-content\/uploads\/dsc-0005-8.jpg\",\"width\":2560,\"height\":1711,\"caption\":\"DSC_0005\"},{\"@type\":\"BreadcrumbList\",\"@id\":\"https:\/\/www.cmalleida.com\/es\/la-veritat-que-amaga-el-nostre-client\/#breadcrumb\",\"itemListElement\":[{\"@type\":\"ListItem\",\"position\":1,\"name\":\"Inici\",\"item\":\"https:\/\/www.cmalleida.com\/es\/\"},{\"@type\":\"ListItem\",\"position\":2,\"name\":\"La veritat que amaga el nostre client\"}]},{\"@type\":\"WebSite\",\"@id\":\"https:\/\/www.cmalleida.com\/es\/#website\",\"url\":\"https:\/\/www.cmalleida.com\/es\/\",\"name\":\"Col\u00b7legi de Mediadors d&#039;Assegurances de Lleida\",\"description\":\"Otro sitio realizado con WordPress\",\"publisher\":{\"@id\":\"https:\/\/www.cmalleida.com\/es\/#organization\"},\"potentialAction\":[{\"@type\":\"SearchAction\",\"target\":{\"@type\":\"EntryPoint\",\"urlTemplate\":\"https:\/\/www.cmalleida.com\/es\/?s={search_term_string}\"},\"query-input\":{\"@type\":\"PropertyValueSpecification\",\"valueRequired\":true,\"valueName\":\"search_term_string\"}}],\"inLanguage\":\"es\"},{\"@type\":\"Organization\",\"@id\":\"https:\/\/www.cmalleida.com\/es\/#organization\",\"name\":\"Col\u00b7legi de Mediadors d'Assegurances de Lleida\",\"url\":\"https:\/\/www.cmalleida.com\/es\/\",\"logo\":{\"@type\":\"ImageObject\",\"inLanguage\":\"es\",\"@id\":\"https:\/\/www.cmalleida.com\/es\/#\/schema\/logo\/image\/\",\"url\":\"\",\"contentUrl\":\"\",\"caption\":\"Col\u00b7legi de Mediadors d'Assegurances de Lleida\"},\"image\":{\"@id\":\"https:\/\/www.cmalleida.com\/es\/#\/schema\/logo\/image\/\"}},{\"@type\":\"Person\",\"@id\":\"https:\/\/www.cmalleida.com\/es\/#\/schema\/person\/7461453022a0d6ce41c1e530eb4443b4\",\"name\":\"Antonieta Castells Dolcet\",\"image\":{\"@type\":\"ImageObject\",\"inLanguage\":\"es\",\"@id\":\"https:\/\/secure.gravatar.com\/avatar\/7738df9a8ff2d12e8b37d088ff0e3e36016e57ab29e5db27ba4fb758a81ea3cb?s=96&d=mm&r=g\",\"url\":\"https:\/\/secure.gravatar.com\/avatar\/7738df9a8ff2d12e8b37d088ff0e3e36016e57ab29e5db27ba4fb758a81ea3cb?s=96&d=mm&r=g\",\"contentUrl\":\"https:\/\/secure.gravatar.com\/avatar\/7738df9a8ff2d12e8b37d088ff0e3e36016e57ab29e5db27ba4fb758a81ea3cb?s=96&d=mm&r=g\",\"caption\":\"Antonieta Castells Dolcet\"},\"sameAs\":[\"http:\/\/www.cmalleida.com\"]}]}<\/script>\n<!-- \/ Yoast SEO plugin. -->","yoast_head_json":{"title":"La veritat que amaga el nostre client - Col\u00b7legi de Mediadors d&#039;Assegurances de Lleida","robots":{"index":"index","follow":"follow","max-snippet":"max-snippet:-1","max-image-preview":"max-image-preview:large","max-video-preview":"max-video-preview:-1"},"canonical":"https:\/\/www.cmalleida.com\/es\/la-veritat-que-amaga-el-nostre-client\/","og_locale":"es_ES","og_type":"article","og_title":"La veritat que amaga el nostre client - Col\u00b7legi de Mediadors d&#039;Assegurances de Lleida","og_description":"10 de octubre &#8211; Joan Sebasti\u00e0 Rodriguez, t\u00e9cnico consultor formador de FIATC, entidad colaboradora con el Colegio, imparti\u00f3 el taller La verdad que esconde nuestro... Llegeix m\u00e9s","og_url":"https:\/\/www.cmalleida.com\/es\/la-veritat-que-amaga-el-nostre-client\/","og_site_name":"Col\u00b7legi de Mediadors d&#039;Assegurances de Lleida","article_published_time":"2024-10-11T11:07:17+00:00","og_image":[{"width":1024,"height":684,"url":"https:\/\/www.cmalleida.com\/wp-content\/uploads\/dsc-0005-8-1024x684.jpg","type":"image\/jpeg"}],"author":"Antonieta Castells Dolcet","twitter_card":"summary_large_image","twitter_misc":{"Written by":"Antonieta Castells Dolcet","Est. reading time":"1 minuto"},"schema":{"@context":"https:\/\/schema.org","@graph":[{"@type":"Article","@id":"https:\/\/www.cmalleida.com\/es\/la-veritat-que-amaga-el-nostre-client\/#article","isPartOf":{"@id":"https:\/\/www.cmalleida.com\/es\/la-veritat-que-amaga-el-nostre-client\/"},"author":{"name":"Antonieta Castells Dolcet","@id":"https:\/\/www.cmalleida.com\/es\/#\/schema\/person\/7461453022a0d6ce41c1e530eb4443b4"},"headline":"La veritat que amaga el nostre client","datePublished":"2024-10-11T11:07:17+00:00","mainEntityOfPage":{"@id":"https:\/\/www.cmalleida.com\/es\/la-veritat-que-amaga-el-nostre-client\/"},"wordCount":172,"publisher":{"@id":"https:\/\/www.cmalleida.com\/es\/#organization"},"image":{"@id":"https:\/\/www.cmalleida.com\/es\/la-veritat-que-amaga-el-nostre-client\/#primaryimage"},"thumbnailUrl":"https:\/\/www.cmalleida.com\/wp-content\/uploads\/dsc-0005-8.jpg","articleSection":["Acci\u00f3n formativa","Actualidad","Noticias Colegiales","Recopilaciones de Prensa"],"inLanguage":"es"},{"@type":"WebPage","@id":"https:\/\/www.cmalleida.com\/es\/la-veritat-que-amaga-el-nostre-client\/","url":"https:\/\/www.cmalleida.com\/es\/la-veritat-que-amaga-el-nostre-client\/","name":"La veritat que amaga el nostre client - Col\u00b7legi de Mediadors d&#039;Assegurances de Lleida","isPartOf":{"@id":"https:\/\/www.cmalleida.com\/es\/#website"},"primaryImageOfPage":{"@id":"https:\/\/www.cmalleida.com\/es\/la-veritat-que-amaga-el-nostre-client\/#primaryimage"},"image":{"@id":"https:\/\/www.cmalleida.com\/es\/la-veritat-que-amaga-el-nostre-client\/#primaryimage"},"thumbnailUrl":"https:\/\/www.cmalleida.com\/wp-content\/uploads\/dsc-0005-8.jpg","datePublished":"2024-10-11T11:07:17+00:00","breadcrumb":{"@id":"https:\/\/www.cmalleida.com\/es\/la-veritat-que-amaga-el-nostre-client\/#breadcrumb"},"inLanguage":"es","potentialAction":[{"@type":"ReadAction","target":["https:\/\/www.cmalleida.com\/es\/la-veritat-que-amaga-el-nostre-client\/"]}]},{"@type":"ImageObject","inLanguage":"es","@id":"https:\/\/www.cmalleida.com\/es\/la-veritat-que-amaga-el-nostre-client\/#primaryimage","url":"https:\/\/www.cmalleida.com\/wp-content\/uploads\/dsc-0005-8.jpg","contentUrl":"https:\/\/www.cmalleida.com\/wp-content\/uploads\/dsc-0005-8.jpg","width":2560,"height":1711,"caption":"DSC_0005"},{"@type":"BreadcrumbList","@id":"https:\/\/www.cmalleida.com\/es\/la-veritat-que-amaga-el-nostre-client\/#breadcrumb","itemListElement":[{"@type":"ListItem","position":1,"name":"Inici","item":"https:\/\/www.cmalleida.com\/es\/"},{"@type":"ListItem","position":2,"name":"La veritat que amaga el nostre client"}]},{"@type":"WebSite","@id":"https:\/\/www.cmalleida.com\/es\/#website","url":"https:\/\/www.cmalleida.com\/es\/","name":"Col\u00b7legi de Mediadors d&#039;Assegurances de Lleida","description":"Otro sitio realizado con WordPress","publisher":{"@id":"https:\/\/www.cmalleida.com\/es\/#organization"},"potentialAction":[{"@type":"SearchAction","target":{"@type":"EntryPoint","urlTemplate":"https:\/\/www.cmalleida.com\/es\/?s={search_term_string}"},"query-input":{"@type":"PropertyValueSpecification","valueRequired":true,"valueName":"search_term_string"}}],"inLanguage":"es"},{"@type":"Organization","@id":"https:\/\/www.cmalleida.com\/es\/#organization","name":"Col\u00b7legi de Mediadors d'Assegurances de Lleida","url":"https:\/\/www.cmalleida.com\/es\/","logo":{"@type":"ImageObject","inLanguage":"es","@id":"https:\/\/www.cmalleida.com\/es\/#\/schema\/logo\/image\/","url":"","contentUrl":"","caption":"Col\u00b7legi de Mediadors d'Assegurances de Lleida"},"image":{"@id":"https:\/\/www.cmalleida.com\/es\/#\/schema\/logo\/image\/"}},{"@type":"Person","@id":"https:\/\/www.cmalleida.com\/es\/#\/schema\/person\/7461453022a0d6ce41c1e530eb4443b4","name":"Antonieta Castells Dolcet","image":{"@type":"ImageObject","inLanguage":"es","@id":"https:\/\/secure.gravatar.com\/avatar\/7738df9a8ff2d12e8b37d088ff0e3e36016e57ab29e5db27ba4fb758a81ea3cb?s=96&d=mm&r=g","url":"https:\/\/secure.gravatar.com\/avatar\/7738df9a8ff2d12e8b37d088ff0e3e36016e57ab29e5db27ba4fb758a81ea3cb?s=96&d=mm&r=g","contentUrl":"https:\/\/secure.gravatar.com\/avatar\/7738df9a8ff2d12e8b37d088ff0e3e36016e57ab29e5db27ba4fb758a81ea3cb?s=96&d=mm&r=g","caption":"Antonieta Castells Dolcet"},"sameAs":["http:\/\/www.cmalleida.com"]}]}},"_links":{"self":[{"href":"https:\/\/www.cmalleida.com\/es\/wp-json\/wp\/v2\/posts\/13763","targetHints":{"allow":["GET"]}}],"collection":[{"href":"https:\/\/www.cmalleida.com\/es\/wp-json\/wp\/v2\/posts"}],"about":[{"href":"https:\/\/www.cmalleida.com\/es\/wp-json\/wp\/v2\/types\/post"}],"author":[{"embeddable":true,"href":"https:\/\/www.cmalleida.com\/es\/wp-json\/wp\/v2\/users\/149"}],"replies":[{"embeddable":true,"href":"https:\/\/www.cmalleida.com\/es\/wp-json\/wp\/v2\/comments?post=13763"}],"version-history":[{"count":1,"href":"https:\/\/www.cmalleida.com\/es\/wp-json\/wp\/v2\/posts\/13763\/revisions"}],"predecessor-version":[{"id":13764,"href":"https:\/\/www.cmalleida.com\/es\/wp-json\/wp\/v2\/posts\/13763\/revisions\/13764"}],"wp:featuredmedia":[{"embeddable":true,"href":"https:\/\/www.cmalleida.com\/es\/wp-json\/wp\/v2\/media\/13759"}],"wp:attachment":[{"href":"https:\/\/www.cmalleida.com\/es\/wp-json\/wp\/v2\/media?parent=13763"}],"wp:term":[{"taxonomy":"category","embeddable":true,"href":"https:\/\/www.cmalleida.com\/es\/wp-json\/wp\/v2\/categories?post=13763"},{"taxonomy":"post_tag","embeddable":true,"href":"https:\/\/www.cmalleida.com\/es\/wp-json\/wp\/v2\/tags?post=13763"}],"curies":[{"name":"wp","href":"https:\/\/api.w.org\/{rel}","templated":true}]}}