{"id":12297,"date":"2023-07-12T11:26:47","date_gmt":"2023-07-12T09:26:47","guid":{"rendered":"https:\/\/www.cmalleida.com\/?p=12297"},"modified":"2023-07-12T11:26:47","modified_gmt":"2023-07-12T09:26:47","slug":"firmamos-con-mapfre-la-colaboracion-anual","status":"publish","type":"post","link":"https:\/\/www.cmalleida.com\/es\/firmamos-con-mapfre-la-colaboracion-anual\/","title":{"rendered":"Firmamos con MAPFRE la colaboraci\u00f3n anual"},"content":{"rendered":"<p><img loading=\"lazy\" decoding=\"async\" class=\"alignnone size-medium wp-image-12286\" src=\"https:\/\/www.cmalleida.com\/wp-content\/uploads\/\/mapfre-firma-300x200.jpeg\" alt=\"mapfre firma\" width=\"300\" height=\"200\" srcset=\"https:\/\/www.cmalleida.com\/wp-content\/uploads\/mapfre-firma-300x200.jpeg 300w, https:\/\/www.cmalleida.com\/wp-content\/uploads\/mapfre-firma-1024x684.jpeg 1024w, https:\/\/www.cmalleida.com\/wp-content\/uploads\/mapfre-firma-768x513.jpeg 768w, https:\/\/www.cmalleida.com\/wp-content\/uploads\/mapfre-firma-1536x1026.jpeg 1536w, https:\/\/www.cmalleida.com\/wp-content\/uploads\/mapfre-firma.jpeg 1600w\" sizes=\"auto, (max-width: 300px) 100vw, 300px\" \/><\/p>\n<p>Esta semana hemos recibido en la sede colegial de Lleida la visita de los representantes de Mapfre, entidad colaboradora del Colegio de Mediadores de Seguros de Lleida. En este encuentro hemos firmado el protocolo colaborativo; por parte del Colegio de Lleida ha sido el presidente Javier Barber\u00e1 el encargado de oficializar el v\u00ednculo y por parte de Mapfre ha sido Javier Raga, director territorial de Catalu\u00f1a de la entidad. Adem\u00e1s, tambi\u00e9n nos han acompa\u00f1ado Joaquin Mir\u00f3, director general territorial de Catalu\u00f1a y Jordi de Bergua, responsable de corredores en Lleida de Mapfre.<\/p>\n<p>Estos acuerdos con entidades aseguradoras suponen para el Colegio dar un plus en su servicio hacia los mediadores colegiados facilitarles informaci\u00f3n de primera mano, formaci\u00f3n relevante y actual, y herramientas para la mejora de su d\u00eda a d\u00eda laboral, entre otros beneficios.<\/p>\n","protected":false},"excerpt":{"rendered":"<p>Esta semana hemos recibido en la sede colegial de Lleida la visita de los representantes de Mapfre, entidad colaboradora del Colegio de Mediadores de Seguros&#8230; <a href=\"https:\/\/www.cmalleida.com\/es\/firmamos-con-mapfre-la-colaboracion-anual\/\" rel=\"nofollow\" class=\"lollegirmes\">Llegeix m\u00e9s<\/a><\/p>\n","protected":false},"author":149,"featured_media":12289,"comment_status":"closed","ping_status":"closed","sticky":false,"template":"","format":"standard","meta":{"_acf_changed":false,"_genesis_hide_title":false,"_genesis_hide_breadcrumbs":false,"_genesis_hide_singular_image":false,"_genesis_hide_footer_widgets":false,"_genesis_custom_body_class":"","_genesis_custom_post_class":"","_genesis_layout":"","footnotes":""},"categories":[28,60,101],"tags":[],"class_list":{"0":"post-12297","1":"post","2":"type-post","3":"status-publish","4":"format-standard","5":"has-post-thumbnail","7":"category-actualidad","8":"category-noticias-colegiales","9":"category-recortes-de-prensa","10":"entry"},"acf":[],"yoast_head":"<!-- This site is optimized with the Yoast SEO plugin v27.2 - https:\/\/yoast.com\/product\/yoast-seo-wordpress\/ -->\n<title>Firmamos con MAPFRE la colaboraci\u00f3n anual - Col\u00b7legi de Mediadors d&#039;Assegurances de Lleida<\/title>\n<meta name=\"robots\" content=\"index, follow, max-snippet:-1, max-image-preview:large, max-video-preview:-1\" \/>\n<link rel=\"canonical\" href=\"https:\/\/www.cmalleida.com\/es\/firmamos-con-mapfre-la-colaboracion-anual\/\" \/>\n<meta property=\"og:locale\" content=\"es_ES\" \/>\n<meta property=\"og:type\" content=\"article\" \/>\n<meta property=\"og:title\" content=\"Firmamos con MAPFRE la colaboraci\u00f3n anual - Col\u00b7legi de Mediadors d&#039;Assegurances de Lleida\" \/>\n<meta property=\"og:description\" content=\"Esta semana hemos recibido en la sede colegial de Lleida la visita de los representantes de Mapfre, entidad colaboradora del Colegio de Mediadores de Seguros... Llegeix m\u00e9s\" \/>\n<meta property=\"og:url\" content=\"https:\/\/www.cmalleida.com\/es\/firmamos-con-mapfre-la-colaboracion-anual\/\" \/>\n<meta property=\"og:site_name\" content=\"Col\u00b7legi de Mediadors d&#039;Assegurances de Lleida\" \/>\n<meta property=\"article:published_time\" content=\"2023-07-12T09:26:47+00:00\" \/>\n<meta property=\"og:image\" content=\"https:\/\/www.cmalleida.com\/wp-content\/uploads\/mapfre.jpeg\" \/>\n\t<meta property=\"og:image:width\" content=\"1600\" \/>\n\t<meta property=\"og:image:height\" content=\"1070\" \/>\n\t<meta property=\"og:image:type\" content=\"image\/jpeg\" \/>\n<meta name=\"author\" content=\"Antonieta Castells Dolcet\" \/>\n<meta name=\"twitter:card\" content=\"summary_large_image\" \/>\n<meta name=\"twitter:label1\" content=\"Written by\" \/>\n\t<meta name=\"twitter:data1\" content=\"Antonieta Castells Dolcet\" \/>\n\t<meta name=\"twitter:label2\" content=\"Est. reading time\" \/>\n\t<meta name=\"twitter:data2\" content=\"1 minuto\" \/>\n<script type=\"application\/ld+json\" class=\"yoast-schema-graph\">{\"@context\":\"https:\/\/schema.org\",\"@graph\":[{\"@type\":\"Article\",\"@id\":\"https:\/\/www.cmalleida.com\/es\/firmamos-con-mapfre-la-colaboracion-anual\/#article\",\"isPartOf\":{\"@id\":\"https:\/\/www.cmalleida.com\/es\/firmamos-con-mapfre-la-colaboracion-anual\/\"},\"author\":{\"name\":\"Antonieta Castells Dolcet\",\"@id\":\"https:\/\/www.cmalleida.com\/es\/#\/schema\/person\/7461453022a0d6ce41c1e530eb4443b4\"},\"headline\":\"Firmamos con MAPFRE la colaboraci\u00f3n anual\",\"datePublished\":\"2023-07-12T09:26:47+00:00\",\"mainEntityOfPage\":{\"@id\":\"https:\/\/www.cmalleida.com\/es\/firmamos-con-mapfre-la-colaboracion-anual\/\"},\"wordCount\":151,\"publisher\":{\"@id\":\"https:\/\/www.cmalleida.com\/es\/#organization\"},\"image\":{\"@id\":\"https:\/\/www.cmalleida.com\/es\/firmamos-con-mapfre-la-colaboracion-anual\/#primaryimage\"},\"thumbnailUrl\":\"https:\/\/www.cmalleida.com\/wp-content\/uploads\/mapfre.jpeg\",\"articleSection\":[\"Actualidad\",\"Noticias Colegiales\",\"Recopilaciones de Prensa\"],\"inLanguage\":\"es\"},{\"@type\":\"WebPage\",\"@id\":\"https:\/\/www.cmalleida.com\/es\/firmamos-con-mapfre-la-colaboracion-anual\/\",\"url\":\"https:\/\/www.cmalleida.com\/es\/firmamos-con-mapfre-la-colaboracion-anual\/\",\"name\":\"Firmamos con MAPFRE la colaboraci\u00f3n anual - Col\u00b7legi de Mediadors d&#039;Assegurances de Lleida\",\"isPartOf\":{\"@id\":\"https:\/\/www.cmalleida.com\/es\/#website\"},\"primaryImageOfPage\":{\"@id\":\"https:\/\/www.cmalleida.com\/es\/firmamos-con-mapfre-la-colaboracion-anual\/#primaryimage\"},\"image\":{\"@id\":\"https:\/\/www.cmalleida.com\/es\/firmamos-con-mapfre-la-colaboracion-anual\/#primaryimage\"},\"thumbnailUrl\":\"https:\/\/www.cmalleida.com\/wp-content\/uploads\/mapfre.jpeg\",\"datePublished\":\"2023-07-12T09:26:47+00:00\",\"breadcrumb\":{\"@id\":\"https:\/\/www.cmalleida.com\/es\/firmamos-con-mapfre-la-colaboracion-anual\/#breadcrumb\"},\"inLanguage\":\"es\",\"potentialAction\":[{\"@type\":\"ReadAction\",\"target\":[\"https:\/\/www.cmalleida.com\/es\/firmamos-con-mapfre-la-colaboracion-anual\/\"]}]},{\"@type\":\"ImageObject\",\"inLanguage\":\"es\",\"@id\":\"https:\/\/www.cmalleida.com\/es\/firmamos-con-mapfre-la-colaboracion-anual\/#primaryimage\",\"url\":\"https:\/\/www.cmalleida.com\/wp-content\/uploads\/mapfre.jpeg\",\"contentUrl\":\"https:\/\/www.cmalleida.com\/wp-content\/uploads\/mapfre.jpeg\",\"width\":1600,\"height\":1070,\"caption\":\"mapfre\"},{\"@type\":\"BreadcrumbList\",\"@id\":\"https:\/\/www.cmalleida.com\/es\/firmamos-con-mapfre-la-colaboracion-anual\/#breadcrumb\",\"itemListElement\":[{\"@type\":\"ListItem\",\"position\":1,\"name\":\"Inici\",\"item\":\"https:\/\/www.cmalleida.com\/es\/\"},{\"@type\":\"ListItem\",\"position\":2,\"name\":\"Firmamos con MAPFRE la colaboraci\u00f3n anual\"}]},{\"@type\":\"WebSite\",\"@id\":\"https:\/\/www.cmalleida.com\/es\/#website\",\"url\":\"https:\/\/www.cmalleida.com\/es\/\",\"name\":\"Col\u00b7legi de Mediadors d&#039;Assegurances de Lleida\",\"description\":\"Otro sitio realizado con WordPress\",\"publisher\":{\"@id\":\"https:\/\/www.cmalleida.com\/es\/#organization\"},\"potentialAction\":[{\"@type\":\"SearchAction\",\"target\":{\"@type\":\"EntryPoint\",\"urlTemplate\":\"https:\/\/www.cmalleida.com\/es\/?s={search_term_string}\"},\"query-input\":{\"@type\":\"PropertyValueSpecification\",\"valueRequired\":true,\"valueName\":\"search_term_string\"}}],\"inLanguage\":\"es\"},{\"@type\":\"Organization\",\"@id\":\"https:\/\/www.cmalleida.com\/es\/#organization\",\"name\":\"Col\u00b7legi de Mediadors d'Assegurances de Lleida\",\"url\":\"https:\/\/www.cmalleida.com\/es\/\",\"logo\":{\"@type\":\"ImageObject\",\"inLanguage\":\"es\",\"@id\":\"https:\/\/www.cmalleida.com\/es\/#\/schema\/logo\/image\/\",\"url\":\"\",\"contentUrl\":\"\",\"caption\":\"Col\u00b7legi de Mediadors d'Assegurances de Lleida\"},\"image\":{\"@id\":\"https:\/\/www.cmalleida.com\/es\/#\/schema\/logo\/image\/\"}},{\"@type\":\"Person\",\"@id\":\"https:\/\/www.cmalleida.com\/es\/#\/schema\/person\/7461453022a0d6ce41c1e530eb4443b4\",\"name\":\"Antonieta Castells Dolcet\",\"image\":{\"@type\":\"ImageObject\",\"inLanguage\":\"es\",\"@id\":\"https:\/\/secure.gravatar.com\/avatar\/7738df9a8ff2d12e8b37d088ff0e3e36016e57ab29e5db27ba4fb758a81ea3cb?s=96&d=mm&r=g\",\"url\":\"https:\/\/secure.gravatar.com\/avatar\/7738df9a8ff2d12e8b37d088ff0e3e36016e57ab29e5db27ba4fb758a81ea3cb?s=96&d=mm&r=g\",\"contentUrl\":\"https:\/\/secure.gravatar.com\/avatar\/7738df9a8ff2d12e8b37d088ff0e3e36016e57ab29e5db27ba4fb758a81ea3cb?s=96&d=mm&r=g\",\"caption\":\"Antonieta Castells Dolcet\"},\"sameAs\":[\"http:\/\/www.cmalleida.com\"]}]}<\/script>\n<!-- \/ Yoast SEO plugin. -->","yoast_head_json":{"title":"Firmamos con MAPFRE la colaboraci\u00f3n anual - Col\u00b7legi de Mediadors d&#039;Assegurances de Lleida","robots":{"index":"index","follow":"follow","max-snippet":"max-snippet:-1","max-image-preview":"max-image-preview:large","max-video-preview":"max-video-preview:-1"},"canonical":"https:\/\/www.cmalleida.com\/es\/firmamos-con-mapfre-la-colaboracion-anual\/","og_locale":"es_ES","og_type":"article","og_title":"Firmamos con MAPFRE la colaboraci\u00f3n anual - Col\u00b7legi de Mediadors d&#039;Assegurances de Lleida","og_description":"Esta semana hemos recibido en la sede colegial de Lleida la visita de los representantes de Mapfre, entidad colaboradora del Colegio de Mediadores de Seguros... Llegeix m\u00e9s","og_url":"https:\/\/www.cmalleida.com\/es\/firmamos-con-mapfre-la-colaboracion-anual\/","og_site_name":"Col\u00b7legi de Mediadors d&#039;Assegurances de Lleida","article_published_time":"2023-07-12T09:26:47+00:00","og_image":[{"width":1600,"height":1070,"url":"https:\/\/www.cmalleida.com\/wp-content\/uploads\/mapfre.jpeg","type":"image\/jpeg"}],"author":"Antonieta Castells Dolcet","twitter_card":"summary_large_image","twitter_misc":{"Written by":"Antonieta Castells Dolcet","Est. reading time":"1 minuto"},"schema":{"@context":"https:\/\/schema.org","@graph":[{"@type":"Article","@id":"https:\/\/www.cmalleida.com\/es\/firmamos-con-mapfre-la-colaboracion-anual\/#article","isPartOf":{"@id":"https:\/\/www.cmalleida.com\/es\/firmamos-con-mapfre-la-colaboracion-anual\/"},"author":{"name":"Antonieta Castells Dolcet","@id":"https:\/\/www.cmalleida.com\/es\/#\/schema\/person\/7461453022a0d6ce41c1e530eb4443b4"},"headline":"Firmamos con MAPFRE la colaboraci\u00f3n anual","datePublished":"2023-07-12T09:26:47+00:00","mainEntityOfPage":{"@id":"https:\/\/www.cmalleida.com\/es\/firmamos-con-mapfre-la-colaboracion-anual\/"},"wordCount":151,"publisher":{"@id":"https:\/\/www.cmalleida.com\/es\/#organization"},"image":{"@id":"https:\/\/www.cmalleida.com\/es\/firmamos-con-mapfre-la-colaboracion-anual\/#primaryimage"},"thumbnailUrl":"https:\/\/www.cmalleida.com\/wp-content\/uploads\/mapfre.jpeg","articleSection":["Actualidad","Noticias Colegiales","Recopilaciones de Prensa"],"inLanguage":"es"},{"@type":"WebPage","@id":"https:\/\/www.cmalleida.com\/es\/firmamos-con-mapfre-la-colaboracion-anual\/","url":"https:\/\/www.cmalleida.com\/es\/firmamos-con-mapfre-la-colaboracion-anual\/","name":"Firmamos con MAPFRE la colaboraci\u00f3n anual - Col\u00b7legi de Mediadors d&#039;Assegurances de Lleida","isPartOf":{"@id":"https:\/\/www.cmalleida.com\/es\/#website"},"primaryImageOfPage":{"@id":"https:\/\/www.cmalleida.com\/es\/firmamos-con-mapfre-la-colaboracion-anual\/#primaryimage"},"image":{"@id":"https:\/\/www.cmalleida.com\/es\/firmamos-con-mapfre-la-colaboracion-anual\/#primaryimage"},"thumbnailUrl":"https:\/\/www.cmalleida.com\/wp-content\/uploads\/mapfre.jpeg","datePublished":"2023-07-12T09:26:47+00:00","breadcrumb":{"@id":"https:\/\/www.cmalleida.com\/es\/firmamos-con-mapfre-la-colaboracion-anual\/#breadcrumb"},"inLanguage":"es","potentialAction":[{"@type":"ReadAction","target":["https:\/\/www.cmalleida.com\/es\/firmamos-con-mapfre-la-colaboracion-anual\/"]}]},{"@type":"ImageObject","inLanguage":"es","@id":"https:\/\/www.cmalleida.com\/es\/firmamos-con-mapfre-la-colaboracion-anual\/#primaryimage","url":"https:\/\/www.cmalleida.com\/wp-content\/uploads\/mapfre.jpeg","contentUrl":"https:\/\/www.cmalleida.com\/wp-content\/uploads\/mapfre.jpeg","width":1600,"height":1070,"caption":"mapfre"},{"@type":"BreadcrumbList","@id":"https:\/\/www.cmalleida.com\/es\/firmamos-con-mapfre-la-colaboracion-anual\/#breadcrumb","itemListElement":[{"@type":"ListItem","position":1,"name":"Inici","item":"https:\/\/www.cmalleida.com\/es\/"},{"@type":"ListItem","position":2,"name":"Firmamos con MAPFRE la colaboraci\u00f3n anual"}]},{"@type":"WebSite","@id":"https:\/\/www.cmalleida.com\/es\/#website","url":"https:\/\/www.cmalleida.com\/es\/","name":"Col\u00b7legi de Mediadors d&#039;Assegurances de Lleida","description":"Otro sitio realizado con WordPress","publisher":{"@id":"https:\/\/www.cmalleida.com\/es\/#organization"},"potentialAction":[{"@type":"SearchAction","target":{"@type":"EntryPoint","urlTemplate":"https:\/\/www.cmalleida.com\/es\/?s={search_term_string}"},"query-input":{"@type":"PropertyValueSpecification","valueRequired":true,"valueName":"search_term_string"}}],"inLanguage":"es"},{"@type":"Organization","@id":"https:\/\/www.cmalleida.com\/es\/#organization","name":"Col\u00b7legi de Mediadors d'Assegurances de Lleida","url":"https:\/\/www.cmalleida.com\/es\/","logo":{"@type":"ImageObject","inLanguage":"es","@id":"https:\/\/www.cmalleida.com\/es\/#\/schema\/logo\/image\/","url":"","contentUrl":"","caption":"Col\u00b7legi de Mediadors d'Assegurances de Lleida"},"image":{"@id":"https:\/\/www.cmalleida.com\/es\/#\/schema\/logo\/image\/"}},{"@type":"Person","@id":"https:\/\/www.cmalleida.com\/es\/#\/schema\/person\/7461453022a0d6ce41c1e530eb4443b4","name":"Antonieta Castells Dolcet","image":{"@type":"ImageObject","inLanguage":"es","@id":"https:\/\/secure.gravatar.com\/avatar\/7738df9a8ff2d12e8b37d088ff0e3e36016e57ab29e5db27ba4fb758a81ea3cb?s=96&d=mm&r=g","url":"https:\/\/secure.gravatar.com\/avatar\/7738df9a8ff2d12e8b37d088ff0e3e36016e57ab29e5db27ba4fb758a81ea3cb?s=96&d=mm&r=g","contentUrl":"https:\/\/secure.gravatar.com\/avatar\/7738df9a8ff2d12e8b37d088ff0e3e36016e57ab29e5db27ba4fb758a81ea3cb?s=96&d=mm&r=g","caption":"Antonieta Castells Dolcet"},"sameAs":["http:\/\/www.cmalleida.com"]}]}},"_links":{"self":[{"href":"https:\/\/www.cmalleida.com\/es\/wp-json\/wp\/v2\/posts\/12297","targetHints":{"allow":["GET"]}}],"collection":[{"href":"https:\/\/www.cmalleida.com\/es\/wp-json\/wp\/v2\/posts"}],"about":[{"href":"https:\/\/www.cmalleida.com\/es\/wp-json\/wp\/v2\/types\/post"}],"author":[{"embeddable":true,"href":"https:\/\/www.cmalleida.com\/es\/wp-json\/wp\/v2\/users\/149"}],"replies":[{"embeddable":true,"href":"https:\/\/www.cmalleida.com\/es\/wp-json\/wp\/v2\/comments?post=12297"}],"version-history":[{"count":1,"href":"https:\/\/www.cmalleida.com\/es\/wp-json\/wp\/v2\/posts\/12297\/revisions"}],"predecessor-version":[{"id":12298,"href":"https:\/\/www.cmalleida.com\/es\/wp-json\/wp\/v2\/posts\/12297\/revisions\/12298"}],"wp:featuredmedia":[{"embeddable":true,"href":"https:\/\/www.cmalleida.com\/es\/wp-json\/wp\/v2\/media\/12289"}],"wp:attachment":[{"href":"https:\/\/www.cmalleida.com\/es\/wp-json\/wp\/v2\/media?parent=12297"}],"wp:term":[{"taxonomy":"category","embeddable":true,"href":"https:\/\/www.cmalleida.com\/es\/wp-json\/wp\/v2\/categories?post=12297"},{"taxonomy":"post_tag","embeddable":true,"href":"https:\/\/www.cmalleida.com\/es\/wp-json\/wp\/v2\/tags?post=12297"}],"curies":[{"name":"wp","href":"https:\/\/api.w.org\/{rel}","templated":true}]}}