{"id":11913,"date":"2023-03-31T09:30:16","date_gmt":"2023-03-31T07:30:16","guid":{"rendered":"https:\/\/www.cmalleida.com\/?p=11913"},"modified":"2023-03-31T09:30:16","modified_gmt":"2023-03-31T07:30:16","slug":"los-mediadores-ven-un-desproposito-que-se-deba-afrontar-un-pago-previo-de-250e-por-cada-reclamacion","status":"publish","type":"post","link":"https:\/\/www.cmalleida.com\/es\/los-mediadores-ven-un-desproposito-que-se-deba-afrontar-un-pago-previo-de-250e-por-cada-reclamacion\/","title":{"rendered":"Los Mediadores ven un desprop\u00f3sito que se deba afrontar un pago previo de 250\u20ac por cada reclamaci\u00f3n"},"content":{"rendered":"<p>Autoridad de Defensa del Cliente Financiero<\/p>\n<p><strong>Los Mediadores ven un desprop\u00f3sito que se deba afrontar un pago previo de 250\u20ac por cada reclamaci\u00f3n <\/strong><\/p>\n<ul>\n<li><strong>\u00a0<\/strong>Consideran que perjudica a los peque\u00f1os negocios y podr\u00eda disparar las quejas al margen de su veracidad<\/li>\n<\/ul>\n<p><strong>30\/3\/2023<\/strong>. La creaci\u00f3n de la nueva figura de Autoridad de Defensa del Cliente Financiero <em>\u201cpuede ser acertada en tanto que supondr\u00e1 una simplificaci\u00f3n del proceso de reclamaciones y permitir\u00e1 resolver litigios antes de llegar a los juzgados, sin embargo, es un desprop\u00f3sito que, en nuestro caso, el mediador afronte un pago de 250 euros por cada reclamaci\u00f3n que le afecte y se reciba en la futura autoridad, independientemente de su resoluci\u00f3n<\/em>\u201d. As\u00ed lo ha puesto de manifiesto Javier Barber\u00e1, presidente del Consejo General de Mediadores, durante su intervenci\u00f3n en la 9\u00aa Edici\u00f3n del Observatorio Europeo de Mediadores de Seguros organizada por CGPA Europe.<\/p>\n<p>Para el presidente de los Mediadores, <em>\u201cla tasa que se quiere imponer culpabiliza a la empresa desde el momento en que tiene que pagar d\u00e1ndose por buena una denuncia antes de demostrar su veracidad<\/em>\u201d. La creaci\u00f3n de la nueva figura del Defensor del Cliente Financiero <em>\u201cpuede acabar convirti\u00e9ndose en un arma arrojadiza, que, adem\u00e1s, no garantiza que el caso acabe finalmente en los tribunales\u201d<\/em>, ha a\u00f1adido.<\/p>\n<p>En opini\u00f3n de Javier Barber\u00e1 \u201c<em>es una paradoja que la Administraci\u00f3n sea en muchos casos incapaz de perseguir las infracciones graves a la Ley, que afectan a todo el sector y se ponga especial cuidado en gravar econ\u00f3micamente al que recibe la reclamaci\u00f3n<\/em>\u201d.<\/p>\n<p>Durante su intervenci\u00f3n, el presidente del Consejo General ha se\u00f1alado <em>que \u201cpara poder ganar en eficiencia y equidad en la resoluci\u00f3n de conflictos es necesario que la nueva figura cuente con medios suficientes; diligencia para procesar en el menor plazo posible las reclamaciones e independencia, un activo cada vez m\u00e1s valioso\u201d<\/em>. A este respecto, Barber\u00e1 ha mostrado <em>\u201cdudas sobre su futuro, desde la convicci\u00f3n de que un paso m\u00e1s de apoyo a un usuario que no tiene como enfrentarse en muchos casos a la mala praxis\u201d.<\/em><\/p>\n","protected":false},"excerpt":{"rendered":"<p>Autoridad de Defensa del Cliente Financiero Los Mediadores ven un desprop\u00f3sito que se deba afrontar un pago previo de 250\u20ac por cada reclamaci\u00f3n \u00a0Consideran que&#8230; <a href=\"https:\/\/www.cmalleida.com\/es\/los-mediadores-ven-un-desproposito-que-se-deba-afrontar-un-pago-previo-de-250e-por-cada-reclamacion\/\" rel=\"nofollow\" class=\"lollegirmes\">Llegeix m\u00e9s<\/a><\/p>\n","protected":false},"author":149,"featured_media":11572,"comment_status":"closed","ping_status":"closed","sticky":false,"template":"","format":"standard","meta":{"_acf_changed":false,"_genesis_hide_title":false,"_genesis_hide_breadcrumbs":false,"_genesis_hide_singular_image":false,"_genesis_hide_footer_widgets":false,"_genesis_custom_body_class":"","_genesis_custom_post_class":"","_genesis_layout":"","footnotes":""},"categories":[28,139,101],"tags":[],"class_list":{"0":"post-11913","1":"post","2":"type-post","3":"status-publish","4":"format-standard","5":"has-post-thumbnail","7":"category-actualidad","8":"category-institucions-organismes-es","9":"category-recortes-de-prensa","10":"entry"},"acf":[],"yoast_head":"<!-- This site is optimized with the Yoast SEO plugin v27.2 - https:\/\/yoast.com\/product\/yoast-seo-wordpress\/ -->\n<title>Los Mediadores ven un desprop\u00f3sito que se deba afrontar un pago previo de 250\u20ac por cada reclamaci\u00f3n - Col\u00b7legi de Mediadors d&#039;Assegurances de Lleida<\/title>\n<meta name=\"robots\" content=\"index, follow, max-snippet:-1, max-image-preview:large, max-video-preview:-1\" \/>\n<link rel=\"canonical\" href=\"https:\/\/www.cmalleida.com\/es\/los-mediadores-ven-un-desproposito-que-se-deba-afrontar-un-pago-previo-de-250e-por-cada-reclamacion\/\" \/>\n<meta property=\"og:locale\" content=\"es_ES\" \/>\n<meta property=\"og:type\" content=\"article\" \/>\n<meta property=\"og:title\" content=\"Los Mediadores ven un desprop\u00f3sito que se deba afrontar un pago previo de 250\u20ac por cada reclamaci\u00f3n - Col\u00b7legi de Mediadors d&#039;Assegurances de Lleida\" \/>\n<meta property=\"og:description\" content=\"Autoridad de Defensa del Cliente Financiero Los Mediadores ven un desprop\u00f3sito que se deba afrontar un pago previo de 250\u20ac por cada reclamaci\u00f3n \u00a0Consideran que... Llegeix m\u00e9s\" \/>\n<meta property=\"og:url\" content=\"https:\/\/www.cmalleida.com\/es\/los-mediadores-ven-un-desproposito-que-se-deba-afrontar-un-pago-previo-de-250e-por-cada-reclamacion\/\" \/>\n<meta property=\"og:site_name\" content=\"Col\u00b7legi de Mediadors d&#039;Assegurances de Lleida\" \/>\n<meta property=\"article:published_time\" content=\"2023-03-31T07:30:16+00:00\" \/>\n<meta property=\"og:image\" content=\"https:\/\/www.cmalleida.com\/wp-content\/uploads\/captura-79.png\" \/>\n\t<meta property=\"og:image:width\" content=\"644\" \/>\n\t<meta property=\"og:image:height\" content=\"652\" \/>\n\t<meta property=\"og:image:type\" content=\"image\/png\" \/>\n<meta name=\"author\" content=\"Antonieta Castells Dolcet\" \/>\n<meta name=\"twitter:card\" content=\"summary_large_image\" \/>\n<meta name=\"twitter:label1\" content=\"Written by\" \/>\n\t<meta name=\"twitter:data1\" content=\"Antonieta Castells Dolcet\" \/>\n\t<meta name=\"twitter:label2\" content=\"Est. reading time\" \/>\n\t<meta name=\"twitter:data2\" content=\"2 minutos\" \/>\n<script type=\"application\/ld+json\" class=\"yoast-schema-graph\">{\"@context\":\"https:\/\/schema.org\",\"@graph\":[{\"@type\":\"Article\",\"@id\":\"https:\/\/www.cmalleida.com\/es\/los-mediadores-ven-un-desproposito-que-se-deba-afrontar-un-pago-previo-de-250e-por-cada-reclamacion\/#article\",\"isPartOf\":{\"@id\":\"https:\/\/www.cmalleida.com\/es\/los-mediadores-ven-un-desproposito-que-se-deba-afrontar-un-pago-previo-de-250e-por-cada-reclamacion\/\"},\"author\":{\"name\":\"Antonieta Castells Dolcet\",\"@id\":\"https:\/\/www.cmalleida.com\/es\/#\/schema\/person\/7461453022a0d6ce41c1e530eb4443b4\"},\"headline\":\"Los Mediadores ven un desprop\u00f3sito que se deba afrontar un pago previo de 250\u20ac por cada reclamaci\u00f3n\",\"datePublished\":\"2023-03-31T07:30:16+00:00\",\"mainEntityOfPage\":{\"@id\":\"https:\/\/www.cmalleida.com\/es\/los-mediadores-ven-un-desproposito-que-se-deba-afrontar-un-pago-previo-de-250e-por-cada-reclamacion\/\"},\"wordCount\":378,\"publisher\":{\"@id\":\"https:\/\/www.cmalleida.com\/es\/#organization\"},\"image\":{\"@id\":\"https:\/\/www.cmalleida.com\/es\/los-mediadores-ven-un-desproposito-que-se-deba-afrontar-un-pago-previo-de-250e-por-cada-reclamacion\/#primaryimage\"},\"thumbnailUrl\":\"https:\/\/www.cmalleida.com\/wp-content\/uploads\/captura-79.png\",\"articleSection\":[\"Actualidad\",\"Institucions\/Organismes\",\"Recopilaciones de Prensa\"],\"inLanguage\":\"es\"},{\"@type\":\"WebPage\",\"@id\":\"https:\/\/www.cmalleida.com\/es\/los-mediadores-ven-un-desproposito-que-se-deba-afrontar-un-pago-previo-de-250e-por-cada-reclamacion\/\",\"url\":\"https:\/\/www.cmalleida.com\/es\/los-mediadores-ven-un-desproposito-que-se-deba-afrontar-un-pago-previo-de-250e-por-cada-reclamacion\/\",\"name\":\"Los Mediadores ven un desprop\u00f3sito que se deba afrontar un pago previo de 250\u20ac por cada reclamaci\u00f3n - Col\u00b7legi de Mediadors d&#039;Assegurances de Lleida\",\"isPartOf\":{\"@id\":\"https:\/\/www.cmalleida.com\/es\/#website\"},\"primaryImageOfPage\":{\"@id\":\"https:\/\/www.cmalleida.com\/es\/los-mediadores-ven-un-desproposito-que-se-deba-afrontar-un-pago-previo-de-250e-por-cada-reclamacion\/#primaryimage\"},\"image\":{\"@id\":\"https:\/\/www.cmalleida.com\/es\/los-mediadores-ven-un-desproposito-que-se-deba-afrontar-un-pago-previo-de-250e-por-cada-reclamacion\/#primaryimage\"},\"thumbnailUrl\":\"https:\/\/www.cmalleida.com\/wp-content\/uploads\/captura-79.png\",\"datePublished\":\"2023-03-31T07:30:16+00:00\",\"breadcrumb\":{\"@id\":\"https:\/\/www.cmalleida.com\/es\/los-mediadores-ven-un-desproposito-que-se-deba-afrontar-un-pago-previo-de-250e-por-cada-reclamacion\/#breadcrumb\"},\"inLanguage\":\"es\",\"potentialAction\":[{\"@type\":\"ReadAction\",\"target\":[\"https:\/\/www.cmalleida.com\/es\/los-mediadores-ven-un-desproposito-que-se-deba-afrontar-un-pago-previo-de-250e-por-cada-reclamacion\/\"]}]},{\"@type\":\"ImageObject\",\"inLanguage\":\"es\",\"@id\":\"https:\/\/www.cmalleida.com\/es\/los-mediadores-ven-un-desproposito-que-se-deba-afrontar-un-pago-previo-de-250e-por-cada-reclamacion\/#primaryimage\",\"url\":\"https:\/\/www.cmalleida.com\/wp-content\/uploads\/captura-79.png\",\"contentUrl\":\"https:\/\/www.cmalleida.com\/wp-content\/uploads\/captura-79.png\",\"width\":644,\"height\":652,\"caption\":\"Captura\"},{\"@type\":\"BreadcrumbList\",\"@id\":\"https:\/\/www.cmalleida.com\/es\/los-mediadores-ven-un-desproposito-que-se-deba-afrontar-un-pago-previo-de-250e-por-cada-reclamacion\/#breadcrumb\",\"itemListElement\":[{\"@type\":\"ListItem\",\"position\":1,\"name\":\"Inici\",\"item\":\"https:\/\/www.cmalleida.com\/es\/\"},{\"@type\":\"ListItem\",\"position\":2,\"name\":\"Los Mediadores ven un desprop\u00f3sito que se deba afrontar un pago previo de 250\u20ac por cada reclamaci\u00f3n\"}]},{\"@type\":\"WebSite\",\"@id\":\"https:\/\/www.cmalleida.com\/es\/#website\",\"url\":\"https:\/\/www.cmalleida.com\/es\/\",\"name\":\"Col\u00b7legi de Mediadors d&#039;Assegurances de Lleida\",\"description\":\"Otro sitio realizado con WordPress\",\"publisher\":{\"@id\":\"https:\/\/www.cmalleida.com\/es\/#organization\"},\"potentialAction\":[{\"@type\":\"SearchAction\",\"target\":{\"@type\":\"EntryPoint\",\"urlTemplate\":\"https:\/\/www.cmalleida.com\/es\/?s={search_term_string}\"},\"query-input\":{\"@type\":\"PropertyValueSpecification\",\"valueRequired\":true,\"valueName\":\"search_term_string\"}}],\"inLanguage\":\"es\"},{\"@type\":\"Organization\",\"@id\":\"https:\/\/www.cmalleida.com\/es\/#organization\",\"name\":\"Col\u00b7legi de Mediadors d'Assegurances de Lleida\",\"url\":\"https:\/\/www.cmalleida.com\/es\/\",\"logo\":{\"@type\":\"ImageObject\",\"inLanguage\":\"es\",\"@id\":\"https:\/\/www.cmalleida.com\/es\/#\/schema\/logo\/image\/\",\"url\":\"\",\"contentUrl\":\"\",\"caption\":\"Col\u00b7legi de Mediadors d'Assegurances de Lleida\"},\"image\":{\"@id\":\"https:\/\/www.cmalleida.com\/es\/#\/schema\/logo\/image\/\"}},{\"@type\":\"Person\",\"@id\":\"https:\/\/www.cmalleida.com\/es\/#\/schema\/person\/7461453022a0d6ce41c1e530eb4443b4\",\"name\":\"Antonieta Castells Dolcet\",\"image\":{\"@type\":\"ImageObject\",\"inLanguage\":\"es\",\"@id\":\"https:\/\/secure.gravatar.com\/avatar\/7738df9a8ff2d12e8b37d088ff0e3e36016e57ab29e5db27ba4fb758a81ea3cb?s=96&d=mm&r=g\",\"url\":\"https:\/\/secure.gravatar.com\/avatar\/7738df9a8ff2d12e8b37d088ff0e3e36016e57ab29e5db27ba4fb758a81ea3cb?s=96&d=mm&r=g\",\"contentUrl\":\"https:\/\/secure.gravatar.com\/avatar\/7738df9a8ff2d12e8b37d088ff0e3e36016e57ab29e5db27ba4fb758a81ea3cb?s=96&d=mm&r=g\",\"caption\":\"Antonieta Castells Dolcet\"},\"sameAs\":[\"http:\/\/www.cmalleida.com\"]}]}<\/script>\n<!-- \/ Yoast SEO plugin. -->","yoast_head_json":{"title":"Los Mediadores ven un desprop\u00f3sito que se deba afrontar un pago previo de 250\u20ac por cada reclamaci\u00f3n - Col\u00b7legi de Mediadors d&#039;Assegurances de Lleida","robots":{"index":"index","follow":"follow","max-snippet":"max-snippet:-1","max-image-preview":"max-image-preview:large","max-video-preview":"max-video-preview:-1"},"canonical":"https:\/\/www.cmalleida.com\/es\/los-mediadores-ven-un-desproposito-que-se-deba-afrontar-un-pago-previo-de-250e-por-cada-reclamacion\/","og_locale":"es_ES","og_type":"article","og_title":"Los Mediadores ven un desprop\u00f3sito que se deba afrontar un pago previo de 250\u20ac por cada reclamaci\u00f3n - Col\u00b7legi de Mediadors d&#039;Assegurances de Lleida","og_description":"Autoridad de Defensa del Cliente Financiero Los Mediadores ven un desprop\u00f3sito que se deba afrontar un pago previo de 250\u20ac por cada reclamaci\u00f3n \u00a0Consideran que... Llegeix m\u00e9s","og_url":"https:\/\/www.cmalleida.com\/es\/los-mediadores-ven-un-desproposito-que-se-deba-afrontar-un-pago-previo-de-250e-por-cada-reclamacion\/","og_site_name":"Col\u00b7legi de Mediadors d&#039;Assegurances de Lleida","article_published_time":"2023-03-31T07:30:16+00:00","og_image":[{"width":644,"height":652,"url":"https:\/\/www.cmalleida.com\/wp-content\/uploads\/captura-79.png","type":"image\/png"}],"author":"Antonieta Castells Dolcet","twitter_card":"summary_large_image","twitter_misc":{"Written by":"Antonieta Castells Dolcet","Est. reading time":"2 minutos"},"schema":{"@context":"https:\/\/schema.org","@graph":[{"@type":"Article","@id":"https:\/\/www.cmalleida.com\/es\/los-mediadores-ven-un-desproposito-que-se-deba-afrontar-un-pago-previo-de-250e-por-cada-reclamacion\/#article","isPartOf":{"@id":"https:\/\/www.cmalleida.com\/es\/los-mediadores-ven-un-desproposito-que-se-deba-afrontar-un-pago-previo-de-250e-por-cada-reclamacion\/"},"author":{"name":"Antonieta Castells Dolcet","@id":"https:\/\/www.cmalleida.com\/es\/#\/schema\/person\/7461453022a0d6ce41c1e530eb4443b4"},"headline":"Los Mediadores ven un desprop\u00f3sito que se deba afrontar un pago previo de 250\u20ac por cada reclamaci\u00f3n","datePublished":"2023-03-31T07:30:16+00:00","mainEntityOfPage":{"@id":"https:\/\/www.cmalleida.com\/es\/los-mediadores-ven-un-desproposito-que-se-deba-afrontar-un-pago-previo-de-250e-por-cada-reclamacion\/"},"wordCount":378,"publisher":{"@id":"https:\/\/www.cmalleida.com\/es\/#organization"},"image":{"@id":"https:\/\/www.cmalleida.com\/es\/los-mediadores-ven-un-desproposito-que-se-deba-afrontar-un-pago-previo-de-250e-por-cada-reclamacion\/#primaryimage"},"thumbnailUrl":"https:\/\/www.cmalleida.com\/wp-content\/uploads\/captura-79.png","articleSection":["Actualidad","Institucions\/Organismes","Recopilaciones de Prensa"],"inLanguage":"es"},{"@type":"WebPage","@id":"https:\/\/www.cmalleida.com\/es\/los-mediadores-ven-un-desproposito-que-se-deba-afrontar-un-pago-previo-de-250e-por-cada-reclamacion\/","url":"https:\/\/www.cmalleida.com\/es\/los-mediadores-ven-un-desproposito-que-se-deba-afrontar-un-pago-previo-de-250e-por-cada-reclamacion\/","name":"Los Mediadores ven un desprop\u00f3sito que se deba afrontar un pago previo de 250\u20ac por cada reclamaci\u00f3n - Col\u00b7legi de Mediadors d&#039;Assegurances de Lleida","isPartOf":{"@id":"https:\/\/www.cmalleida.com\/es\/#website"},"primaryImageOfPage":{"@id":"https:\/\/www.cmalleida.com\/es\/los-mediadores-ven-un-desproposito-que-se-deba-afrontar-un-pago-previo-de-250e-por-cada-reclamacion\/#primaryimage"},"image":{"@id":"https:\/\/www.cmalleida.com\/es\/los-mediadores-ven-un-desproposito-que-se-deba-afrontar-un-pago-previo-de-250e-por-cada-reclamacion\/#primaryimage"},"thumbnailUrl":"https:\/\/www.cmalleida.com\/wp-content\/uploads\/captura-79.png","datePublished":"2023-03-31T07:30:16+00:00","breadcrumb":{"@id":"https:\/\/www.cmalleida.com\/es\/los-mediadores-ven-un-desproposito-que-se-deba-afrontar-un-pago-previo-de-250e-por-cada-reclamacion\/#breadcrumb"},"inLanguage":"es","potentialAction":[{"@type":"ReadAction","target":["https:\/\/www.cmalleida.com\/es\/los-mediadores-ven-un-desproposito-que-se-deba-afrontar-un-pago-previo-de-250e-por-cada-reclamacion\/"]}]},{"@type":"ImageObject","inLanguage":"es","@id":"https:\/\/www.cmalleida.com\/es\/los-mediadores-ven-un-desproposito-que-se-deba-afrontar-un-pago-previo-de-250e-por-cada-reclamacion\/#primaryimage","url":"https:\/\/www.cmalleida.com\/wp-content\/uploads\/captura-79.png","contentUrl":"https:\/\/www.cmalleida.com\/wp-content\/uploads\/captura-79.png","width":644,"height":652,"caption":"Captura"},{"@type":"BreadcrumbList","@id":"https:\/\/www.cmalleida.com\/es\/los-mediadores-ven-un-desproposito-que-se-deba-afrontar-un-pago-previo-de-250e-por-cada-reclamacion\/#breadcrumb","itemListElement":[{"@type":"ListItem","position":1,"name":"Inici","item":"https:\/\/www.cmalleida.com\/es\/"},{"@type":"ListItem","position":2,"name":"Los Mediadores ven un desprop\u00f3sito que se deba afrontar un pago previo de 250\u20ac por cada reclamaci\u00f3n"}]},{"@type":"WebSite","@id":"https:\/\/www.cmalleida.com\/es\/#website","url":"https:\/\/www.cmalleida.com\/es\/","name":"Col\u00b7legi de Mediadors d&#039;Assegurances de Lleida","description":"Otro sitio realizado con WordPress","publisher":{"@id":"https:\/\/www.cmalleida.com\/es\/#organization"},"potentialAction":[{"@type":"SearchAction","target":{"@type":"EntryPoint","urlTemplate":"https:\/\/www.cmalleida.com\/es\/?s={search_term_string}"},"query-input":{"@type":"PropertyValueSpecification","valueRequired":true,"valueName":"search_term_string"}}],"inLanguage":"es"},{"@type":"Organization","@id":"https:\/\/www.cmalleida.com\/es\/#organization","name":"Col\u00b7legi de Mediadors d'Assegurances de Lleida","url":"https:\/\/www.cmalleida.com\/es\/","logo":{"@type":"ImageObject","inLanguage":"es","@id":"https:\/\/www.cmalleida.com\/es\/#\/schema\/logo\/image\/","url":"","contentUrl":"","caption":"Col\u00b7legi de Mediadors d'Assegurances de Lleida"},"image":{"@id":"https:\/\/www.cmalleida.com\/es\/#\/schema\/logo\/image\/"}},{"@type":"Person","@id":"https:\/\/www.cmalleida.com\/es\/#\/schema\/person\/7461453022a0d6ce41c1e530eb4443b4","name":"Antonieta Castells Dolcet","image":{"@type":"ImageObject","inLanguage":"es","@id":"https:\/\/secure.gravatar.com\/avatar\/7738df9a8ff2d12e8b37d088ff0e3e36016e57ab29e5db27ba4fb758a81ea3cb?s=96&d=mm&r=g","url":"https:\/\/secure.gravatar.com\/avatar\/7738df9a8ff2d12e8b37d088ff0e3e36016e57ab29e5db27ba4fb758a81ea3cb?s=96&d=mm&r=g","contentUrl":"https:\/\/secure.gravatar.com\/avatar\/7738df9a8ff2d12e8b37d088ff0e3e36016e57ab29e5db27ba4fb758a81ea3cb?s=96&d=mm&r=g","caption":"Antonieta Castells Dolcet"},"sameAs":["http:\/\/www.cmalleida.com"]}]}},"_links":{"self":[{"href":"https:\/\/www.cmalleida.com\/es\/wp-json\/wp\/v2\/posts\/11913","targetHints":{"allow":["GET"]}}],"collection":[{"href":"https:\/\/www.cmalleida.com\/es\/wp-json\/wp\/v2\/posts"}],"about":[{"href":"https:\/\/www.cmalleida.com\/es\/wp-json\/wp\/v2\/types\/post"}],"author":[{"embeddable":true,"href":"https:\/\/www.cmalleida.com\/es\/wp-json\/wp\/v2\/users\/149"}],"replies":[{"embeddable":true,"href":"https:\/\/www.cmalleida.com\/es\/wp-json\/wp\/v2\/comments?post=11913"}],"version-history":[{"count":1,"href":"https:\/\/www.cmalleida.com\/es\/wp-json\/wp\/v2\/posts\/11913\/revisions"}],"predecessor-version":[{"id":11914,"href":"https:\/\/www.cmalleida.com\/es\/wp-json\/wp\/v2\/posts\/11913\/revisions\/11914"}],"wp:featuredmedia":[{"embeddable":true,"href":"https:\/\/www.cmalleida.com\/es\/wp-json\/wp\/v2\/media\/11572"}],"wp:attachment":[{"href":"https:\/\/www.cmalleida.com\/es\/wp-json\/wp\/v2\/media?parent=11913"}],"wp:term":[{"taxonomy":"category","embeddable":true,"href":"https:\/\/www.cmalleida.com\/es\/wp-json\/wp\/v2\/categories?post=11913"},{"taxonomy":"post_tag","embeddable":true,"href":"https:\/\/www.cmalleida.com\/es\/wp-json\/wp\/v2\/tags?post=11913"}],"curies":[{"name":"wp","href":"https:\/\/api.w.org\/{rel}","templated":true}]}}