{"id":11908,"date":"2023-03-28T18:14:40","date_gmt":"2023-03-28T16:14:40","guid":{"rendered":"https:\/\/www.cmalleida.com\/?p=11908"},"modified":"2023-03-28T18:14:40","modified_gmt":"2023-03-28T16:14:40","slug":"asistimos-a-la-jornada-del-consell-de-collegis-sobre-los-retos-del-futuro-de-la-mediacion-profesional","status":"publish","type":"post","link":"https:\/\/www.cmalleida.com\/es\/asistimos-a-la-jornada-del-consell-de-collegis-sobre-los-retos-del-futuro-de-la-mediacion-profesional\/","title":{"rendered":"Asistimos a la Jornada del Consell de Col\u00b7legis sobre Los retos del futuro de la mediaci\u00f3n profesional"},"content":{"rendered":"<p><img loading=\"lazy\" decoding=\"async\" class=\"alignnone size-medium wp-image-11905\" src=\"https:\/\/www.cmalleida.com\/wp-content\/uploads\/\/y175477-collegi23-230323-srgb-baja-smart-fotoayocabrera-300x200.jpg\" alt=\"_Y175477_COLLEGI23_230323_SRGB_BAJA_SMART_FOTOAYOCABRERA\" width=\"300\" height=\"200\" srcset=\"https:\/\/www.cmalleida.com\/wp-content\/uploads\/y175477-collegi23-230323-srgb-baja-smart-fotoayocabrera-300x200.jpg 300w, https:\/\/www.cmalleida.com\/wp-content\/uploads\/y175477-collegi23-230323-srgb-baja-smart-fotoayocabrera-768x512.jpg 768w, https:\/\/www.cmalleida.com\/wp-content\/uploads\/y175477-collegi23-230323-srgb-baja-smart-fotoayocabrera.jpg 1000w\" sizes=\"auto, (max-width: 300px) 100vw, 300px\" \/><\/p>\n<p>Un total de 15 mediadores colegiados de Lleida asistieron el pasado 23 de marzo a la Jornada organizada por el Consejo de Colegios de Mediaci\u00f3n de Seguros de Catalu\u00f1a, representado por los cuatro Colegios catalanes.<\/p>\n<p>El acto, que tuvo lugar en el Campus de La Salle &#8211; Universidad Ramon Llull, reuni\u00f3 a m\u00e1s de 250 profesionales del sector en un evento que gir\u00f3 en torno a los retos que marcar\u00e1n el futuro de la mediaci\u00f3n profesional.<\/p>\n<p>Las ponencias giraron en torno a los cambios de los \u00faltimos a\u00f1os y la crisis financiera que est\u00e1 impactando en el sector asegurador, los modelos de crecimiento de las empresas familiares en procesos de absorci\u00f3n, colaboraci\u00f3n y fusi\u00f3n, el papel de los inversores, o las nuevas tecnolog\u00edas del mercado que est\u00e1n transformando los negocios de la mediaci\u00f3n.<\/p>\n","protected":false},"excerpt":{"rendered":"<p>Un total de 15 mediadores colegiados de Lleida asistieron el pasado 23 de marzo a la Jornada organizada por el Consejo de Colegios de Mediaci\u00f3n&#8230; <a href=\"https:\/\/www.cmalleida.com\/es\/asistimos-a-la-jornada-del-consell-de-collegis-sobre-los-retos-del-futuro-de-la-mediacion-profesional\/\" rel=\"nofollow\" class=\"lollegirmes\">Llegeix m\u00e9s<\/a><\/p>\n","protected":false},"author":149,"featured_media":11904,"comment_status":"closed","ping_status":"closed","sticky":false,"template":"","format":"standard","meta":{"_acf_changed":false,"_genesis_hide_title":false,"_genesis_hide_breadcrumbs":false,"_genesis_hide_singular_image":false,"_genesis_hide_footer_widgets":false,"_genesis_custom_body_class":"","_genesis_custom_post_class":"","_genesis_layout":"","footnotes":""},"categories":[28,125,139,60,101],"tags":[],"class_list":{"0":"post-11908","1":"post","2":"type-post","3":"status-publish","4":"format-standard","5":"has-post-thumbnail","7":"category-actualidad","8":"category-assegurances-es","9":"category-institucions-organismes-es","10":"category-noticias-colegiales","11":"category-recortes-de-prensa","12":"entry"},"acf":[],"yoast_head":"<!-- This site is optimized with the Yoast SEO plugin v27.2 - https:\/\/yoast.com\/product\/yoast-seo-wordpress\/ -->\n<title>Asistimos a la Jornada del Consell de Col\u00b7legis sobre Los retos del futuro de la mediaci\u00f3n profesional - Col\u00b7legi de Mediadors d&#039;Assegurances de Lleida<\/title>\n<meta name=\"robots\" content=\"index, follow, max-snippet:-1, max-image-preview:large, max-video-preview:-1\" \/>\n<link rel=\"canonical\" href=\"https:\/\/www.cmalleida.com\/es\/asistimos-a-la-jornada-del-consell-de-collegis-sobre-los-retos-del-futuro-de-la-mediacion-profesional\/\" \/>\n<meta property=\"og:locale\" content=\"es_ES\" \/>\n<meta property=\"og:type\" content=\"article\" \/>\n<meta property=\"og:title\" content=\"Asistimos a la Jornada del Consell de Col\u00b7legis sobre Los retos del futuro de la mediaci\u00f3n profesional - Col\u00b7legi de Mediadors d&#039;Assegurances de Lleida\" \/>\n<meta property=\"og:description\" content=\"Un total de 15 mediadores colegiados de Lleida asistieron el pasado 23 de marzo a la Jornada organizada por el Consejo de Colegios de Mediaci\u00f3n... Llegeix m\u00e9s\" \/>\n<meta property=\"og:url\" content=\"https:\/\/www.cmalleida.com\/es\/asistimos-a-la-jornada-del-consell-de-collegis-sobre-los-retos-del-futuro-de-la-mediacion-profesional\/\" \/>\n<meta property=\"og:site_name\" content=\"Col\u00b7legi de Mediadors d&#039;Assegurances de Lleida\" \/>\n<meta property=\"article:published_time\" content=\"2023-03-28T16:14:40+00:00\" \/>\n<meta property=\"og:image\" content=\"https:\/\/www.cmalleida.com\/wp-content\/uploads\/y175070-collegi23-230323-srgb-baja-smart-fotoayocabrera.jpg\" \/>\n\t<meta property=\"og:image:width\" content=\"1000\" \/>\n\t<meta property=\"og:image:height\" content=\"667\" \/>\n\t<meta property=\"og:image:type\" content=\"image\/jpeg\" \/>\n<meta name=\"author\" content=\"Antonieta Castells Dolcet\" \/>\n<meta name=\"twitter:card\" content=\"summary_large_image\" \/>\n<meta name=\"twitter:label1\" content=\"Written by\" \/>\n\t<meta name=\"twitter:data1\" content=\"Antonieta Castells Dolcet\" \/>\n\t<meta name=\"twitter:label2\" content=\"Est. reading time\" \/>\n\t<meta name=\"twitter:data2\" content=\"1 minuto\" \/>\n<script type=\"application\/ld+json\" class=\"yoast-schema-graph\">{\"@context\":\"https:\/\/schema.org\",\"@graph\":[{\"@type\":\"Article\",\"@id\":\"https:\/\/www.cmalleida.com\/es\/asistimos-a-la-jornada-del-consell-de-collegis-sobre-los-retos-del-futuro-de-la-mediacion-profesional\/#article\",\"isPartOf\":{\"@id\":\"https:\/\/www.cmalleida.com\/es\/asistimos-a-la-jornada-del-consell-de-collegis-sobre-los-retos-del-futuro-de-la-mediacion-profesional\/\"},\"author\":{\"name\":\"Antonieta Castells Dolcet\",\"@id\":\"https:\/\/www.cmalleida.com\/es\/#\/schema\/person\/7461453022a0d6ce41c1e530eb4443b4\"},\"headline\":\"Asistimos a la Jornada del Consell de Col\u00b7legis sobre Los retos del futuro de la mediaci\u00f3n profesional\",\"datePublished\":\"2023-03-28T16:14:40+00:00\",\"mainEntityOfPage\":{\"@id\":\"https:\/\/www.cmalleida.com\/es\/asistimos-a-la-jornada-del-consell-de-collegis-sobre-los-retos-del-futuro-de-la-mediacion-profesional\/\"},\"wordCount\":161,\"publisher\":{\"@id\":\"https:\/\/www.cmalleida.com\/es\/#organization\"},\"image\":{\"@id\":\"https:\/\/www.cmalleida.com\/es\/asistimos-a-la-jornada-del-consell-de-collegis-sobre-los-retos-del-futuro-de-la-mediacion-profesional\/#primaryimage\"},\"thumbnailUrl\":\"https:\/\/www.cmalleida.com\/wp-content\/uploads\/y175070-collegi23-230323-srgb-baja-smart-fotoayocabrera.jpg\",\"articleSection\":[\"Actualidad\",\"Assegurances\",\"Institucions\/Organismes\",\"Noticias Colegiales\",\"Recopilaciones de Prensa\"],\"inLanguage\":\"es\"},{\"@type\":\"WebPage\",\"@id\":\"https:\/\/www.cmalleida.com\/es\/asistimos-a-la-jornada-del-consell-de-collegis-sobre-los-retos-del-futuro-de-la-mediacion-profesional\/\",\"url\":\"https:\/\/www.cmalleida.com\/es\/asistimos-a-la-jornada-del-consell-de-collegis-sobre-los-retos-del-futuro-de-la-mediacion-profesional\/\",\"name\":\"Asistimos a la Jornada del Consell de Col\u00b7legis sobre Los retos del futuro de la mediaci\u00f3n profesional - Col\u00b7legi de Mediadors d&#039;Assegurances de Lleida\",\"isPartOf\":{\"@id\":\"https:\/\/www.cmalleida.com\/es\/#website\"},\"primaryImageOfPage\":{\"@id\":\"https:\/\/www.cmalleida.com\/es\/asistimos-a-la-jornada-del-consell-de-collegis-sobre-los-retos-del-futuro-de-la-mediacion-profesional\/#primaryimage\"},\"image\":{\"@id\":\"https:\/\/www.cmalleida.com\/es\/asistimos-a-la-jornada-del-consell-de-collegis-sobre-los-retos-del-futuro-de-la-mediacion-profesional\/#primaryimage\"},\"thumbnailUrl\":\"https:\/\/www.cmalleida.com\/wp-content\/uploads\/y175070-collegi23-230323-srgb-baja-smart-fotoayocabrera.jpg\",\"datePublished\":\"2023-03-28T16:14:40+00:00\",\"breadcrumb\":{\"@id\":\"https:\/\/www.cmalleida.com\/es\/asistimos-a-la-jornada-del-consell-de-collegis-sobre-los-retos-del-futuro-de-la-mediacion-profesional\/#breadcrumb\"},\"inLanguage\":\"es\",\"potentialAction\":[{\"@type\":\"ReadAction\",\"target\":[\"https:\/\/www.cmalleida.com\/es\/asistimos-a-la-jornada-del-consell-de-collegis-sobre-los-retos-del-futuro-de-la-mediacion-profesional\/\"]}]},{\"@type\":\"ImageObject\",\"inLanguage\":\"es\",\"@id\":\"https:\/\/www.cmalleida.com\/es\/asistimos-a-la-jornada-del-consell-de-collegis-sobre-los-retos-del-futuro-de-la-mediacion-profesional\/#primaryimage\",\"url\":\"https:\/\/www.cmalleida.com\/wp-content\/uploads\/y175070-collegi23-230323-srgb-baja-smart-fotoayocabrera.jpg\",\"contentUrl\":\"https:\/\/www.cmalleida.com\/wp-content\/uploads\/y175070-collegi23-230323-srgb-baja-smart-fotoayocabrera.jpg\",\"width\":1000,\"height\":667,\"caption\":\"_Y175070_COLLEGI23_230323_SRGB_BAJA_SMART_FOTOAYOCABRERA\"},{\"@type\":\"BreadcrumbList\",\"@id\":\"https:\/\/www.cmalleida.com\/es\/asistimos-a-la-jornada-del-consell-de-collegis-sobre-los-retos-del-futuro-de-la-mediacion-profesional\/#breadcrumb\",\"itemListElement\":[{\"@type\":\"ListItem\",\"position\":1,\"name\":\"Inici\",\"item\":\"https:\/\/www.cmalleida.com\/es\/\"},{\"@type\":\"ListItem\",\"position\":2,\"name\":\"Asistimos a la Jornada del Consell de Col\u00b7legis sobre Los retos del futuro de la mediaci\u00f3n profesional\"}]},{\"@type\":\"WebSite\",\"@id\":\"https:\/\/www.cmalleida.com\/es\/#website\",\"url\":\"https:\/\/www.cmalleida.com\/es\/\",\"name\":\"Col\u00b7legi de Mediadors d&#039;Assegurances de Lleida\",\"description\":\"Otro sitio realizado con WordPress\",\"publisher\":{\"@id\":\"https:\/\/www.cmalleida.com\/es\/#organization\"},\"potentialAction\":[{\"@type\":\"SearchAction\",\"target\":{\"@type\":\"EntryPoint\",\"urlTemplate\":\"https:\/\/www.cmalleida.com\/es\/?s={search_term_string}\"},\"query-input\":{\"@type\":\"PropertyValueSpecification\",\"valueRequired\":true,\"valueName\":\"search_term_string\"}}],\"inLanguage\":\"es\"},{\"@type\":\"Organization\",\"@id\":\"https:\/\/www.cmalleida.com\/es\/#organization\",\"name\":\"Col\u00b7legi de Mediadors d'Assegurances de Lleida\",\"url\":\"https:\/\/www.cmalleida.com\/es\/\",\"logo\":{\"@type\":\"ImageObject\",\"inLanguage\":\"es\",\"@id\":\"https:\/\/www.cmalleida.com\/es\/#\/schema\/logo\/image\/\",\"url\":\"\",\"contentUrl\":\"\",\"caption\":\"Col\u00b7legi de Mediadors d'Assegurances de Lleida\"},\"image\":{\"@id\":\"https:\/\/www.cmalleida.com\/es\/#\/schema\/logo\/image\/\"}},{\"@type\":\"Person\",\"@id\":\"https:\/\/www.cmalleida.com\/es\/#\/schema\/person\/7461453022a0d6ce41c1e530eb4443b4\",\"name\":\"Antonieta Castells Dolcet\",\"image\":{\"@type\":\"ImageObject\",\"inLanguage\":\"es\",\"@id\":\"https:\/\/secure.gravatar.com\/avatar\/7738df9a8ff2d12e8b37d088ff0e3e36016e57ab29e5db27ba4fb758a81ea3cb?s=96&d=mm&r=g\",\"url\":\"https:\/\/secure.gravatar.com\/avatar\/7738df9a8ff2d12e8b37d088ff0e3e36016e57ab29e5db27ba4fb758a81ea3cb?s=96&d=mm&r=g\",\"contentUrl\":\"https:\/\/secure.gravatar.com\/avatar\/7738df9a8ff2d12e8b37d088ff0e3e36016e57ab29e5db27ba4fb758a81ea3cb?s=96&d=mm&r=g\",\"caption\":\"Antonieta Castells Dolcet\"},\"sameAs\":[\"http:\/\/www.cmalleida.com\"]}]}<\/script>\n<!-- \/ Yoast SEO plugin. -->","yoast_head_json":{"title":"Asistimos a la Jornada del Consell de Col\u00b7legis sobre Los retos del futuro de la mediaci\u00f3n profesional - Col\u00b7legi de Mediadors d&#039;Assegurances de Lleida","robots":{"index":"index","follow":"follow","max-snippet":"max-snippet:-1","max-image-preview":"max-image-preview:large","max-video-preview":"max-video-preview:-1"},"canonical":"https:\/\/www.cmalleida.com\/es\/asistimos-a-la-jornada-del-consell-de-collegis-sobre-los-retos-del-futuro-de-la-mediacion-profesional\/","og_locale":"es_ES","og_type":"article","og_title":"Asistimos a la Jornada del Consell de Col\u00b7legis sobre Los retos del futuro de la mediaci\u00f3n profesional - Col\u00b7legi de Mediadors d&#039;Assegurances de Lleida","og_description":"Un total de 15 mediadores colegiados de Lleida asistieron el pasado 23 de marzo a la Jornada organizada por el Consejo de Colegios de Mediaci\u00f3n... Llegeix m\u00e9s","og_url":"https:\/\/www.cmalleida.com\/es\/asistimos-a-la-jornada-del-consell-de-collegis-sobre-los-retos-del-futuro-de-la-mediacion-profesional\/","og_site_name":"Col\u00b7legi de Mediadors d&#039;Assegurances de Lleida","article_published_time":"2023-03-28T16:14:40+00:00","og_image":[{"width":1000,"height":667,"url":"https:\/\/www.cmalleida.com\/wp-content\/uploads\/y175070-collegi23-230323-srgb-baja-smart-fotoayocabrera.jpg","type":"image\/jpeg"}],"author":"Antonieta Castells Dolcet","twitter_card":"summary_large_image","twitter_misc":{"Written by":"Antonieta Castells Dolcet","Est. reading time":"1 minuto"},"schema":{"@context":"https:\/\/schema.org","@graph":[{"@type":"Article","@id":"https:\/\/www.cmalleida.com\/es\/asistimos-a-la-jornada-del-consell-de-collegis-sobre-los-retos-del-futuro-de-la-mediacion-profesional\/#article","isPartOf":{"@id":"https:\/\/www.cmalleida.com\/es\/asistimos-a-la-jornada-del-consell-de-collegis-sobre-los-retos-del-futuro-de-la-mediacion-profesional\/"},"author":{"name":"Antonieta Castells Dolcet","@id":"https:\/\/www.cmalleida.com\/es\/#\/schema\/person\/7461453022a0d6ce41c1e530eb4443b4"},"headline":"Asistimos a la Jornada del Consell de Col\u00b7legis sobre Los retos del futuro de la mediaci\u00f3n profesional","datePublished":"2023-03-28T16:14:40+00:00","mainEntityOfPage":{"@id":"https:\/\/www.cmalleida.com\/es\/asistimos-a-la-jornada-del-consell-de-collegis-sobre-los-retos-del-futuro-de-la-mediacion-profesional\/"},"wordCount":161,"publisher":{"@id":"https:\/\/www.cmalleida.com\/es\/#organization"},"image":{"@id":"https:\/\/www.cmalleida.com\/es\/asistimos-a-la-jornada-del-consell-de-collegis-sobre-los-retos-del-futuro-de-la-mediacion-profesional\/#primaryimage"},"thumbnailUrl":"https:\/\/www.cmalleida.com\/wp-content\/uploads\/y175070-collegi23-230323-srgb-baja-smart-fotoayocabrera.jpg","articleSection":["Actualidad","Assegurances","Institucions\/Organismes","Noticias Colegiales","Recopilaciones de Prensa"],"inLanguage":"es"},{"@type":"WebPage","@id":"https:\/\/www.cmalleida.com\/es\/asistimos-a-la-jornada-del-consell-de-collegis-sobre-los-retos-del-futuro-de-la-mediacion-profesional\/","url":"https:\/\/www.cmalleida.com\/es\/asistimos-a-la-jornada-del-consell-de-collegis-sobre-los-retos-del-futuro-de-la-mediacion-profesional\/","name":"Asistimos a la Jornada del Consell de Col\u00b7legis sobre Los retos del futuro de la mediaci\u00f3n profesional - Col\u00b7legi de Mediadors d&#039;Assegurances de Lleida","isPartOf":{"@id":"https:\/\/www.cmalleida.com\/es\/#website"},"primaryImageOfPage":{"@id":"https:\/\/www.cmalleida.com\/es\/asistimos-a-la-jornada-del-consell-de-collegis-sobre-los-retos-del-futuro-de-la-mediacion-profesional\/#primaryimage"},"image":{"@id":"https:\/\/www.cmalleida.com\/es\/asistimos-a-la-jornada-del-consell-de-collegis-sobre-los-retos-del-futuro-de-la-mediacion-profesional\/#primaryimage"},"thumbnailUrl":"https:\/\/www.cmalleida.com\/wp-content\/uploads\/y175070-collegi23-230323-srgb-baja-smart-fotoayocabrera.jpg","datePublished":"2023-03-28T16:14:40+00:00","breadcrumb":{"@id":"https:\/\/www.cmalleida.com\/es\/asistimos-a-la-jornada-del-consell-de-collegis-sobre-los-retos-del-futuro-de-la-mediacion-profesional\/#breadcrumb"},"inLanguage":"es","potentialAction":[{"@type":"ReadAction","target":["https:\/\/www.cmalleida.com\/es\/asistimos-a-la-jornada-del-consell-de-collegis-sobre-los-retos-del-futuro-de-la-mediacion-profesional\/"]}]},{"@type":"ImageObject","inLanguage":"es","@id":"https:\/\/www.cmalleida.com\/es\/asistimos-a-la-jornada-del-consell-de-collegis-sobre-los-retos-del-futuro-de-la-mediacion-profesional\/#primaryimage","url":"https:\/\/www.cmalleida.com\/wp-content\/uploads\/y175070-collegi23-230323-srgb-baja-smart-fotoayocabrera.jpg","contentUrl":"https:\/\/www.cmalleida.com\/wp-content\/uploads\/y175070-collegi23-230323-srgb-baja-smart-fotoayocabrera.jpg","width":1000,"height":667,"caption":"_Y175070_COLLEGI23_230323_SRGB_BAJA_SMART_FOTOAYOCABRERA"},{"@type":"BreadcrumbList","@id":"https:\/\/www.cmalleida.com\/es\/asistimos-a-la-jornada-del-consell-de-collegis-sobre-los-retos-del-futuro-de-la-mediacion-profesional\/#breadcrumb","itemListElement":[{"@type":"ListItem","position":1,"name":"Inici","item":"https:\/\/www.cmalleida.com\/es\/"},{"@type":"ListItem","position":2,"name":"Asistimos a la Jornada del Consell de Col\u00b7legis sobre Los retos del futuro de la mediaci\u00f3n profesional"}]},{"@type":"WebSite","@id":"https:\/\/www.cmalleida.com\/es\/#website","url":"https:\/\/www.cmalleida.com\/es\/","name":"Col\u00b7legi de Mediadors d&#039;Assegurances de Lleida","description":"Otro sitio realizado con WordPress","publisher":{"@id":"https:\/\/www.cmalleida.com\/es\/#organization"},"potentialAction":[{"@type":"SearchAction","target":{"@type":"EntryPoint","urlTemplate":"https:\/\/www.cmalleida.com\/es\/?s={search_term_string}"},"query-input":{"@type":"PropertyValueSpecification","valueRequired":true,"valueName":"search_term_string"}}],"inLanguage":"es"},{"@type":"Organization","@id":"https:\/\/www.cmalleida.com\/es\/#organization","name":"Col\u00b7legi de Mediadors d'Assegurances de Lleida","url":"https:\/\/www.cmalleida.com\/es\/","logo":{"@type":"ImageObject","inLanguage":"es","@id":"https:\/\/www.cmalleida.com\/es\/#\/schema\/logo\/image\/","url":"","contentUrl":"","caption":"Col\u00b7legi de Mediadors d'Assegurances de Lleida"},"image":{"@id":"https:\/\/www.cmalleida.com\/es\/#\/schema\/logo\/image\/"}},{"@type":"Person","@id":"https:\/\/www.cmalleida.com\/es\/#\/schema\/person\/7461453022a0d6ce41c1e530eb4443b4","name":"Antonieta Castells Dolcet","image":{"@type":"ImageObject","inLanguage":"es","@id":"https:\/\/secure.gravatar.com\/avatar\/7738df9a8ff2d12e8b37d088ff0e3e36016e57ab29e5db27ba4fb758a81ea3cb?s=96&d=mm&r=g","url":"https:\/\/secure.gravatar.com\/avatar\/7738df9a8ff2d12e8b37d088ff0e3e36016e57ab29e5db27ba4fb758a81ea3cb?s=96&d=mm&r=g","contentUrl":"https:\/\/secure.gravatar.com\/avatar\/7738df9a8ff2d12e8b37d088ff0e3e36016e57ab29e5db27ba4fb758a81ea3cb?s=96&d=mm&r=g","caption":"Antonieta Castells Dolcet"},"sameAs":["http:\/\/www.cmalleida.com"]}]}},"_links":{"self":[{"href":"https:\/\/www.cmalleida.com\/es\/wp-json\/wp\/v2\/posts\/11908","targetHints":{"allow":["GET"]}}],"collection":[{"href":"https:\/\/www.cmalleida.com\/es\/wp-json\/wp\/v2\/posts"}],"about":[{"href":"https:\/\/www.cmalleida.com\/es\/wp-json\/wp\/v2\/types\/post"}],"author":[{"embeddable":true,"href":"https:\/\/www.cmalleida.com\/es\/wp-json\/wp\/v2\/users\/149"}],"replies":[{"embeddable":true,"href":"https:\/\/www.cmalleida.com\/es\/wp-json\/wp\/v2\/comments?post=11908"}],"version-history":[{"count":1,"href":"https:\/\/www.cmalleida.com\/es\/wp-json\/wp\/v2\/posts\/11908\/revisions"}],"predecessor-version":[{"id":11909,"href":"https:\/\/www.cmalleida.com\/es\/wp-json\/wp\/v2\/posts\/11908\/revisions\/11909"}],"wp:featuredmedia":[{"embeddable":true,"href":"https:\/\/www.cmalleida.com\/es\/wp-json\/wp\/v2\/media\/11904"}],"wp:attachment":[{"href":"https:\/\/www.cmalleida.com\/es\/wp-json\/wp\/v2\/media?parent=11908"}],"wp:term":[{"taxonomy":"category","embeddable":true,"href":"https:\/\/www.cmalleida.com\/es\/wp-json\/wp\/v2\/categories?post=11908"},{"taxonomy":"post_tag","embeddable":true,"href":"https:\/\/www.cmalleida.com\/es\/wp-json\/wp\/v2\/tags?post=11908"}],"curies":[{"name":"wp","href":"https:\/\/api.w.org\/{rel}","templated":true}]}}