{"id":11811,"date":"2023-03-10T10:00:09","date_gmt":"2023-03-10T09:00:09","guid":{"rendered":"https:\/\/www.cmalleida.com\/?p=11811"},"modified":"2023-03-10T10:00:09","modified_gmt":"2023-03-10T09:00:09","slug":"mirenchu-del-valle-unespa-queremos-una-supervision-especializada-e-independiente-seguros-news","status":"publish","type":"post","link":"https:\/\/www.cmalleida.com\/es\/mirenchu-del-valle-unespa-queremos-una-supervision-especializada-e-independiente-seguros-news\/","title":{"rendered":"Mirenchu del Valle (Unespa): \u201cQueremos una supervisi\u00f3n especializada e independiente\u201d (Seguros News)"},"content":{"rendered":"<figure class=\"post-image \"><span class=\"author-name\"><span class=\"author vcard\"><a class=\"url fn n\" href=\"https:\/\/segurosnews.com\/author\/carlos\" rel=\"author\">Redacci\u00f3n<\/a><\/span><\/span>\u00a0<time class=\"post-date entry-date updated\" datetime=\"2023-03-10\">10 de marzo de 2023<\/time><\/figure>\n<div class=\"post-content\">\n<div class=\"before-content-widget\"><strong>Mirenchu del Valle<\/strong>, secretaria general de\u00a0<strong>Unespa<\/strong>, particip\u00f3 ayer en el III Observatorio de las finanzas, organizado por Invertia y\u00a0 El Espa\u00f1ol. La representante de la patronal aseguradora analiz\u00f3 el estado actual del sector asegurador espa\u00f1ol.<\/div>\n<div class=\"entry-content\">\n<p>En ese sentido, Del Valle resalt\u00f3 que el sector facturo 65.000 millones de euros en 2022, el equivalente al\u00a0<strong>5% del PIB<\/strong>, y puso de relieve que protege un volumen de activos 14 veces el PIB, \u201cdato pone m\u00e1s en valor al seguro\u201d. A\u00f1adi\u00f3 que el principal componente es el seguro de Vida (Ahorro), \u201cmuy vinculado a la jubilaci\u00f3n. De hecho, el sector asegurador es el primer gestor de ahorro finalista en Espa\u00f1a\u201d<\/p>\n<p>La secretaria general de Unespa tambi\u00e9n se refiri\u00f3 al\u00a0<strong>componente social del seguro<\/strong>. Aqu\u00ed, en alusi\u00f3n al cambio clim\u00e1tico, destac\u00f3 que \u201cen Espa\u00f1a desde hace m\u00e1s de 70 a\u00f1os se cubren los\u00a0<strong>riesgos catastr\u00f3ficos<\/strong>, estando en manos de las aseguradoras privadas el 70% de las indemnizaciones por eventos clim\u00e1ticos\u201d. Al igual, record\u00f3 el papel del seguro como\u00a0<strong>inversor institucional<\/strong>\u00a0de primer nivel, \u201csiendo un aliado necesario hacia una econom\u00eda m\u00e1s justa y sostenible\u201d. Tambi\u00e9n coment\u00f3\u00a0 que \u201csomos un sector con una\u00a0<strong>plantilla \u2018bastante paritaria\u2019<\/strong>, donde el 60% de los trabajadores son mujeres y un 30% est\u00e1 en puestos de direcci\u00f3n\u201d.<\/p>\n<p>Del sector financiero, a\u00f1adi\u00f3, \u201c<strong>nos distingue la prestaci\u00f3n de servicios<\/strong>, as\u00ed como la red de proveedores de servicios que permite atender a los asegurados en cualquier rinc\u00f3n de la geograf\u00eda espa\u00f1ola\u201d.<\/p>\n<p>En materia de digitalizaci\u00f3n, Del Valle Sector afirma que \u201cel asegurador es un sector innovador y capaz de gestionar el cambio.\u00a0<strong>La digitalizaci\u00f3n no es una amenaza, platea riesgos pero es una oportunidad\u201d<\/strong>. Y explic\u00f3 que \u201ctratar el dato va a generar oportunidades para nuestros clientes (mejora de coberturas y servicios) y para los empleados, que podr\u00e1n aportar m\u00e1s valor a\u00f1adido a su trabajo\u201d.<\/p>\n<h4><strong><em>Legislaci\u00f3n<\/em><\/strong><\/h4>\n<p>En el \u00e1mbito normativo, la secretaria general de Unespa se\u00f1al\u00f3 que \u201cestamos en plena ebullici\u00f3n Pensamos que se tiene que\u00a0<strong>sacralizar de alguna forma el principio de que el cliente es el propietario de los datos el cliente<\/strong>; es quien tiene la llave para compartir los datos\u201d. Para nosotros, a\u00f1adi\u00f3,\u00a0<strong>\u201cplantea oportunidades en el \u00e1mbito de la movilidad\u201d<\/strong>. En IA, apunt\u00f3, \u201cnecesitamos un equilibrio para evitar sesgos no deseados y que no se pongan obst\u00e1culos a la innovaci\u00f3n\u201d. Aqu\u00ed, \u201cnos preocupa que en el Parlamento Europeo se hable de actividades del \u00e1mbito asegurador que deber\u00edan ser calificadas de alto riesgo\u201d.<\/p>\n<p>Del Valle tambi\u00e9n habl\u00f3 de sostenibilidad, del\u00a0<strong>apetito por los productos verdes<\/strong>, \u201cterreno en el que el riesgo va por delante de la legislaci\u00f3n\u201d, por lo que, \u201cdemandamos cierta seguridad jur\u00eddica. Claramente\u00a0<strong>hay que definir las reglas del juego para poder desarrollar productos\u201d<\/strong>. En definitiva, afirm\u00f3: \u201cUna sociedad m\u00e1s asegurada ser\u00e1 una sociedad m\u00e1s sostenible\u201d.<\/p>\n<h4><strong><em>Supervisor independiente<\/em><\/strong><\/h4>\n<p>Hablando de legislaci\u00f3n, puso de manifiesto que \u201ctenemos m\u00e1s de 70 normas nuevas cada a\u00f1o encima de la mesa\u201d. En ese sentido, se\u00f1al\u00f3 que \u201cintentamos dialogar con el legislador en beneficio de la industria y de los clientes para evitar solapamientos, duplicidades\u2026\u201d. Y subray\u00f3 que \u201cnecesitamos de una supervisi\u00f3n que nos acompa\u00f1e;\u00a0<strong>queremos una supervisi\u00f3n especializada, profesional e independiente<\/strong>. Pensamos que no hay ning\u00fan elemento que justifique que la supervisi\u00f3n bancaria sea independiente y la de seguros no.\u00a0<strong>Queremos un modelo de supervisi\u00f3n igual al que esta instaurado ahora en Europa<\/strong>\u00a0con las tres instituciones europeas; formamos parte de un mercado \u00fanico, donde compiten tambi\u00e9n los supervisores\u201d.<\/p>\n<\/div>\n<\/div>\n","protected":false},"excerpt":{"rendered":"<p>Redacci\u00f3n\u00a010 de marzo de 2023 Mirenchu del Valle, secretaria general de\u00a0Unespa, particip\u00f3 ayer en el III Observatorio de las finanzas, organizado por Invertia y\u00a0 El&#8230; <a href=\"https:\/\/www.cmalleida.com\/es\/mirenchu-del-valle-unespa-queremos-una-supervision-especializada-e-independiente-seguros-news\/\" rel=\"nofollow\" class=\"lollegirmes\">Llegeix m\u00e9s<\/a><\/p>\n","protected":false},"author":149,"featured_media":7872,"comment_status":"closed","ping_status":"closed","sticky":false,"template":"","format":"standard","meta":{"_acf_changed":false,"_genesis_hide_title":false,"_genesis_hide_breadcrumbs":false,"_genesis_hide_singular_image":false,"_genesis_hide_footer_widgets":false,"_genesis_custom_body_class":"","_genesis_custom_post_class":"","_genesis_layout":"","footnotes":""},"categories":[28,125,139],"tags":[],"class_list":{"0":"post-11811","1":"post","2":"type-post","3":"status-publish","4":"format-standard","5":"has-post-thumbnail","7":"category-actualidad","8":"category-assegurances-es","9":"category-institucions-organismes-es","10":"entry"},"acf":[],"yoast_head":"<!-- This site is optimized with the Yoast SEO plugin v27.2 - https:\/\/yoast.com\/product\/yoast-seo-wordpress\/ -->\n<title>Mirenchu del Valle (Unespa): \u201cQueremos una supervisi\u00f3n especializada e independiente\u201d (Seguros News) - Col\u00b7legi de Mediadors d&#039;Assegurances de Lleida<\/title>\n<meta name=\"robots\" content=\"index, follow, max-snippet:-1, max-image-preview:large, max-video-preview:-1\" \/>\n<link rel=\"canonical\" href=\"https:\/\/www.cmalleida.com\/es\/mirenchu-del-valle-unespa-queremos-una-supervision-especializada-e-independiente-seguros-news\/\" \/>\n<meta property=\"og:locale\" content=\"es_ES\" \/>\n<meta property=\"og:type\" content=\"article\" \/>\n<meta property=\"og:title\" content=\"Mirenchu del Valle (Unespa): \u201cQueremos una supervisi\u00f3n especializada e independiente\u201d (Seguros News) - Col\u00b7legi de Mediadors d&#039;Assegurances de Lleida\" \/>\n<meta property=\"og:description\" content=\"Redacci\u00f3n\u00a010 de marzo de 2023 Mirenchu del Valle, secretaria general de\u00a0Unespa, particip\u00f3 ayer en el III Observatorio de las finanzas, organizado por Invertia y\u00a0 El... Llegeix m\u00e9s\" \/>\n<meta property=\"og:url\" content=\"https:\/\/www.cmalleida.com\/es\/mirenchu-del-valle-unespa-queremos-una-supervision-especializada-e-independiente-seguros-news\/\" \/>\n<meta property=\"og:site_name\" content=\"Col\u00b7legi de Mediadors d&#039;Assegurances de Lleida\" \/>\n<meta property=\"article:published_time\" content=\"2023-03-10T09:00:09+00:00\" \/>\n<meta property=\"og:image\" content=\"https:\/\/www.cmalleida.com\/wp-content\/uploads\/descarga-1.png\" \/>\n\t<meta property=\"og:image:width\" content=\"225\" \/>\n\t<meta property=\"og:image:height\" content=\"225\" \/>\n\t<meta property=\"og:image:type\" content=\"image\/png\" \/>\n<meta name=\"author\" content=\"Antonieta Castells Dolcet\" \/>\n<meta name=\"twitter:card\" content=\"summary_large_image\" \/>\n<meta name=\"twitter:label1\" content=\"Written by\" \/>\n\t<meta name=\"twitter:data1\" content=\"Antonieta Castells Dolcet\" \/>\n\t<meta name=\"twitter:label2\" content=\"Est. reading time\" \/>\n\t<meta name=\"twitter:data2\" content=\"3 minutos\" \/>\n<script type=\"application\/ld+json\" class=\"yoast-schema-graph\">{\"@context\":\"https:\/\/schema.org\",\"@graph\":[{\"@type\":\"Article\",\"@id\":\"https:\/\/www.cmalleida.com\/es\/mirenchu-del-valle-unespa-queremos-una-supervision-especializada-e-independiente-seguros-news\/#article\",\"isPartOf\":{\"@id\":\"https:\/\/www.cmalleida.com\/es\/mirenchu-del-valle-unespa-queremos-una-supervision-especializada-e-independiente-seguros-news\/\"},\"author\":{\"name\":\"Antonieta Castells Dolcet\",\"@id\":\"https:\/\/www.cmalleida.com\/es\/#\/schema\/person\/7461453022a0d6ce41c1e530eb4443b4\"},\"headline\":\"Mirenchu del Valle (Unespa): \u201cQueremos una supervisi\u00f3n especializada e independiente\u201d (Seguros News)\",\"datePublished\":\"2023-03-10T09:00:09+00:00\",\"mainEntityOfPage\":{\"@id\":\"https:\/\/www.cmalleida.com\/es\/mirenchu-del-valle-unespa-queremos-una-supervision-especializada-e-independiente-seguros-news\/\"},\"wordCount\":629,\"publisher\":{\"@id\":\"https:\/\/www.cmalleida.com\/es\/#organization\"},\"image\":{\"@id\":\"https:\/\/www.cmalleida.com\/es\/mirenchu-del-valle-unespa-queremos-una-supervision-especializada-e-independiente-seguros-news\/#primaryimage\"},\"thumbnailUrl\":\"https:\/\/www.cmalleida.com\/wp-content\/uploads\/descarga-1.png\",\"articleSection\":[\"Actualidad\",\"Assegurances\",\"Institucions\/Organismes\"],\"inLanguage\":\"es\"},{\"@type\":\"WebPage\",\"@id\":\"https:\/\/www.cmalleida.com\/es\/mirenchu-del-valle-unespa-queremos-una-supervision-especializada-e-independiente-seguros-news\/\",\"url\":\"https:\/\/www.cmalleida.com\/es\/mirenchu-del-valle-unespa-queremos-una-supervision-especializada-e-independiente-seguros-news\/\",\"name\":\"Mirenchu del Valle (Unespa): \u201cQueremos una supervisi\u00f3n especializada e independiente\u201d (Seguros News) - Col\u00b7legi de Mediadors d&#039;Assegurances de Lleida\",\"isPartOf\":{\"@id\":\"https:\/\/www.cmalleida.com\/es\/#website\"},\"primaryImageOfPage\":{\"@id\":\"https:\/\/www.cmalleida.com\/es\/mirenchu-del-valle-unespa-queremos-una-supervision-especializada-e-independiente-seguros-news\/#primaryimage\"},\"image\":{\"@id\":\"https:\/\/www.cmalleida.com\/es\/mirenchu-del-valle-unespa-queremos-una-supervision-especializada-e-independiente-seguros-news\/#primaryimage\"},\"thumbnailUrl\":\"https:\/\/www.cmalleida.com\/wp-content\/uploads\/descarga-1.png\",\"datePublished\":\"2023-03-10T09:00:09+00:00\",\"breadcrumb\":{\"@id\":\"https:\/\/www.cmalleida.com\/es\/mirenchu-del-valle-unespa-queremos-una-supervision-especializada-e-independiente-seguros-news\/#breadcrumb\"},\"inLanguage\":\"es\",\"potentialAction\":[{\"@type\":\"ReadAction\",\"target\":[\"https:\/\/www.cmalleida.com\/es\/mirenchu-del-valle-unespa-queremos-una-supervision-especializada-e-independiente-seguros-news\/\"]}]},{\"@type\":\"ImageObject\",\"inLanguage\":\"es\",\"@id\":\"https:\/\/www.cmalleida.com\/es\/mirenchu-del-valle-unespa-queremos-una-supervision-especializada-e-independiente-seguros-news\/#primaryimage\",\"url\":\"https:\/\/www.cmalleida.com\/wp-content\/uploads\/descarga-1.png\",\"contentUrl\":\"https:\/\/www.cmalleida.com\/wp-content\/uploads\/descarga-1.png\",\"width\":225,\"height\":225,\"caption\":\"descarga (1)\"},{\"@type\":\"BreadcrumbList\",\"@id\":\"https:\/\/www.cmalleida.com\/es\/mirenchu-del-valle-unespa-queremos-una-supervision-especializada-e-independiente-seguros-news\/#breadcrumb\",\"itemListElement\":[{\"@type\":\"ListItem\",\"position\":1,\"name\":\"Inici\",\"item\":\"https:\/\/www.cmalleida.com\/es\/\"},{\"@type\":\"ListItem\",\"position\":2,\"name\":\"Mirenchu del Valle (Unespa): \u201cQueremos una supervisi\u00f3n especializada e independiente\u201d (Seguros News)\"}]},{\"@type\":\"WebSite\",\"@id\":\"https:\/\/www.cmalleida.com\/es\/#website\",\"url\":\"https:\/\/www.cmalleida.com\/es\/\",\"name\":\"Col\u00b7legi de Mediadors d&#039;Assegurances de Lleida\",\"description\":\"Otro sitio realizado con WordPress\",\"publisher\":{\"@id\":\"https:\/\/www.cmalleida.com\/es\/#organization\"},\"potentialAction\":[{\"@type\":\"SearchAction\",\"target\":{\"@type\":\"EntryPoint\",\"urlTemplate\":\"https:\/\/www.cmalleida.com\/es\/?s={search_term_string}\"},\"query-input\":{\"@type\":\"PropertyValueSpecification\",\"valueRequired\":true,\"valueName\":\"search_term_string\"}}],\"inLanguage\":\"es\"},{\"@type\":\"Organization\",\"@id\":\"https:\/\/www.cmalleida.com\/es\/#organization\",\"name\":\"Col\u00b7legi de Mediadors d'Assegurances de Lleida\",\"url\":\"https:\/\/www.cmalleida.com\/es\/\",\"logo\":{\"@type\":\"ImageObject\",\"inLanguage\":\"es\",\"@id\":\"https:\/\/www.cmalleida.com\/es\/#\/schema\/logo\/image\/\",\"url\":\"\",\"contentUrl\":\"\",\"caption\":\"Col\u00b7legi de Mediadors d'Assegurances de Lleida\"},\"image\":{\"@id\":\"https:\/\/www.cmalleida.com\/es\/#\/schema\/logo\/image\/\"}},{\"@type\":\"Person\",\"@id\":\"https:\/\/www.cmalleida.com\/es\/#\/schema\/person\/7461453022a0d6ce41c1e530eb4443b4\",\"name\":\"Antonieta Castells Dolcet\",\"image\":{\"@type\":\"ImageObject\",\"inLanguage\":\"es\",\"@id\":\"https:\/\/secure.gravatar.com\/avatar\/7738df9a8ff2d12e8b37d088ff0e3e36016e57ab29e5db27ba4fb758a81ea3cb?s=96&d=mm&r=g\",\"url\":\"https:\/\/secure.gravatar.com\/avatar\/7738df9a8ff2d12e8b37d088ff0e3e36016e57ab29e5db27ba4fb758a81ea3cb?s=96&d=mm&r=g\",\"contentUrl\":\"https:\/\/secure.gravatar.com\/avatar\/7738df9a8ff2d12e8b37d088ff0e3e36016e57ab29e5db27ba4fb758a81ea3cb?s=96&d=mm&r=g\",\"caption\":\"Antonieta Castells Dolcet\"},\"sameAs\":[\"http:\/\/www.cmalleida.com\"]}]}<\/script>\n<!-- \/ Yoast SEO plugin. -->","yoast_head_json":{"title":"Mirenchu del Valle (Unespa): \u201cQueremos una supervisi\u00f3n especializada e independiente\u201d (Seguros News) - Col\u00b7legi de Mediadors d&#039;Assegurances de Lleida","robots":{"index":"index","follow":"follow","max-snippet":"max-snippet:-1","max-image-preview":"max-image-preview:large","max-video-preview":"max-video-preview:-1"},"canonical":"https:\/\/www.cmalleida.com\/es\/mirenchu-del-valle-unespa-queremos-una-supervision-especializada-e-independiente-seguros-news\/","og_locale":"es_ES","og_type":"article","og_title":"Mirenchu del Valle (Unespa): \u201cQueremos una supervisi\u00f3n especializada e independiente\u201d (Seguros News) - Col\u00b7legi de Mediadors d&#039;Assegurances de Lleida","og_description":"Redacci\u00f3n\u00a010 de marzo de 2023 Mirenchu del Valle, secretaria general de\u00a0Unespa, particip\u00f3 ayer en el III Observatorio de las finanzas, organizado por Invertia y\u00a0 El... Llegeix m\u00e9s","og_url":"https:\/\/www.cmalleida.com\/es\/mirenchu-del-valle-unespa-queremos-una-supervision-especializada-e-independiente-seguros-news\/","og_site_name":"Col\u00b7legi de Mediadors d&#039;Assegurances de Lleida","article_published_time":"2023-03-10T09:00:09+00:00","og_image":[{"width":225,"height":225,"url":"https:\/\/www.cmalleida.com\/wp-content\/uploads\/descarga-1.png","type":"image\/png"}],"author":"Antonieta Castells Dolcet","twitter_card":"summary_large_image","twitter_misc":{"Written by":"Antonieta Castells Dolcet","Est. reading time":"3 minutos"},"schema":{"@context":"https:\/\/schema.org","@graph":[{"@type":"Article","@id":"https:\/\/www.cmalleida.com\/es\/mirenchu-del-valle-unespa-queremos-una-supervision-especializada-e-independiente-seguros-news\/#article","isPartOf":{"@id":"https:\/\/www.cmalleida.com\/es\/mirenchu-del-valle-unespa-queremos-una-supervision-especializada-e-independiente-seguros-news\/"},"author":{"name":"Antonieta Castells Dolcet","@id":"https:\/\/www.cmalleida.com\/es\/#\/schema\/person\/7461453022a0d6ce41c1e530eb4443b4"},"headline":"Mirenchu del Valle (Unespa): \u201cQueremos una supervisi\u00f3n especializada e independiente\u201d (Seguros News)","datePublished":"2023-03-10T09:00:09+00:00","mainEntityOfPage":{"@id":"https:\/\/www.cmalleida.com\/es\/mirenchu-del-valle-unespa-queremos-una-supervision-especializada-e-independiente-seguros-news\/"},"wordCount":629,"publisher":{"@id":"https:\/\/www.cmalleida.com\/es\/#organization"},"image":{"@id":"https:\/\/www.cmalleida.com\/es\/mirenchu-del-valle-unespa-queremos-una-supervision-especializada-e-independiente-seguros-news\/#primaryimage"},"thumbnailUrl":"https:\/\/www.cmalleida.com\/wp-content\/uploads\/descarga-1.png","articleSection":["Actualidad","Assegurances","Institucions\/Organismes"],"inLanguage":"es"},{"@type":"WebPage","@id":"https:\/\/www.cmalleida.com\/es\/mirenchu-del-valle-unespa-queremos-una-supervision-especializada-e-independiente-seguros-news\/","url":"https:\/\/www.cmalleida.com\/es\/mirenchu-del-valle-unespa-queremos-una-supervision-especializada-e-independiente-seguros-news\/","name":"Mirenchu del Valle (Unespa): \u201cQueremos una supervisi\u00f3n especializada e independiente\u201d (Seguros News) - Col\u00b7legi de Mediadors d&#039;Assegurances de Lleida","isPartOf":{"@id":"https:\/\/www.cmalleida.com\/es\/#website"},"primaryImageOfPage":{"@id":"https:\/\/www.cmalleida.com\/es\/mirenchu-del-valle-unespa-queremos-una-supervision-especializada-e-independiente-seguros-news\/#primaryimage"},"image":{"@id":"https:\/\/www.cmalleida.com\/es\/mirenchu-del-valle-unespa-queremos-una-supervision-especializada-e-independiente-seguros-news\/#primaryimage"},"thumbnailUrl":"https:\/\/www.cmalleida.com\/wp-content\/uploads\/descarga-1.png","datePublished":"2023-03-10T09:00:09+00:00","breadcrumb":{"@id":"https:\/\/www.cmalleida.com\/es\/mirenchu-del-valle-unespa-queremos-una-supervision-especializada-e-independiente-seguros-news\/#breadcrumb"},"inLanguage":"es","potentialAction":[{"@type":"ReadAction","target":["https:\/\/www.cmalleida.com\/es\/mirenchu-del-valle-unespa-queremos-una-supervision-especializada-e-independiente-seguros-news\/"]}]},{"@type":"ImageObject","inLanguage":"es","@id":"https:\/\/www.cmalleida.com\/es\/mirenchu-del-valle-unespa-queremos-una-supervision-especializada-e-independiente-seguros-news\/#primaryimage","url":"https:\/\/www.cmalleida.com\/wp-content\/uploads\/descarga-1.png","contentUrl":"https:\/\/www.cmalleida.com\/wp-content\/uploads\/descarga-1.png","width":225,"height":225,"caption":"descarga (1)"},{"@type":"BreadcrumbList","@id":"https:\/\/www.cmalleida.com\/es\/mirenchu-del-valle-unespa-queremos-una-supervision-especializada-e-independiente-seguros-news\/#breadcrumb","itemListElement":[{"@type":"ListItem","position":1,"name":"Inici","item":"https:\/\/www.cmalleida.com\/es\/"},{"@type":"ListItem","position":2,"name":"Mirenchu del Valle (Unespa): \u201cQueremos una supervisi\u00f3n especializada e independiente\u201d (Seguros News)"}]},{"@type":"WebSite","@id":"https:\/\/www.cmalleida.com\/es\/#website","url":"https:\/\/www.cmalleida.com\/es\/","name":"Col\u00b7legi de Mediadors d&#039;Assegurances de Lleida","description":"Otro sitio realizado con WordPress","publisher":{"@id":"https:\/\/www.cmalleida.com\/es\/#organization"},"potentialAction":[{"@type":"SearchAction","target":{"@type":"EntryPoint","urlTemplate":"https:\/\/www.cmalleida.com\/es\/?s={search_term_string}"},"query-input":{"@type":"PropertyValueSpecification","valueRequired":true,"valueName":"search_term_string"}}],"inLanguage":"es"},{"@type":"Organization","@id":"https:\/\/www.cmalleida.com\/es\/#organization","name":"Col\u00b7legi de Mediadors d'Assegurances de Lleida","url":"https:\/\/www.cmalleida.com\/es\/","logo":{"@type":"ImageObject","inLanguage":"es","@id":"https:\/\/www.cmalleida.com\/es\/#\/schema\/logo\/image\/","url":"","contentUrl":"","caption":"Col\u00b7legi de Mediadors d'Assegurances de Lleida"},"image":{"@id":"https:\/\/www.cmalleida.com\/es\/#\/schema\/logo\/image\/"}},{"@type":"Person","@id":"https:\/\/www.cmalleida.com\/es\/#\/schema\/person\/7461453022a0d6ce41c1e530eb4443b4","name":"Antonieta Castells Dolcet","image":{"@type":"ImageObject","inLanguage":"es","@id":"https:\/\/secure.gravatar.com\/avatar\/7738df9a8ff2d12e8b37d088ff0e3e36016e57ab29e5db27ba4fb758a81ea3cb?s=96&d=mm&r=g","url":"https:\/\/secure.gravatar.com\/avatar\/7738df9a8ff2d12e8b37d088ff0e3e36016e57ab29e5db27ba4fb758a81ea3cb?s=96&d=mm&r=g","contentUrl":"https:\/\/secure.gravatar.com\/avatar\/7738df9a8ff2d12e8b37d088ff0e3e36016e57ab29e5db27ba4fb758a81ea3cb?s=96&d=mm&r=g","caption":"Antonieta Castells Dolcet"},"sameAs":["http:\/\/www.cmalleida.com"]}]}},"_links":{"self":[{"href":"https:\/\/www.cmalleida.com\/es\/wp-json\/wp\/v2\/posts\/11811","targetHints":{"allow":["GET"]}}],"collection":[{"href":"https:\/\/www.cmalleida.com\/es\/wp-json\/wp\/v2\/posts"}],"about":[{"href":"https:\/\/www.cmalleida.com\/es\/wp-json\/wp\/v2\/types\/post"}],"author":[{"embeddable":true,"href":"https:\/\/www.cmalleida.com\/es\/wp-json\/wp\/v2\/users\/149"}],"replies":[{"embeddable":true,"href":"https:\/\/www.cmalleida.com\/es\/wp-json\/wp\/v2\/comments?post=11811"}],"version-history":[{"count":1,"href":"https:\/\/www.cmalleida.com\/es\/wp-json\/wp\/v2\/posts\/11811\/revisions"}],"predecessor-version":[{"id":11812,"href":"https:\/\/www.cmalleida.com\/es\/wp-json\/wp\/v2\/posts\/11811\/revisions\/11812"}],"wp:featuredmedia":[{"embeddable":true,"href":"https:\/\/www.cmalleida.com\/es\/wp-json\/wp\/v2\/media\/7872"}],"wp:attachment":[{"href":"https:\/\/www.cmalleida.com\/es\/wp-json\/wp\/v2\/media?parent=11811"}],"wp:term":[{"taxonomy":"category","embeddable":true,"href":"https:\/\/www.cmalleida.com\/es\/wp-json\/wp\/v2\/categories?post=11811"},{"taxonomy":"post_tag","embeddable":true,"href":"https:\/\/www.cmalleida.com\/es\/wp-json\/wp\/v2\/tags?post=11811"}],"curies":[{"name":"wp","href":"https:\/\/api.w.org\/{rel}","templated":true}]}}