{"id":11477,"date":"2022-12-02T10:35:52","date_gmt":"2022-12-02T09:35:52","guid":{"rendered":"https:\/\/www.cmalleida.com\/?p=11477"},"modified":"2022-12-02T10:35:52","modified_gmt":"2022-12-02T09:35:52","slug":"la-dgsfp-prohibe-a-los-colaboradores-externos-tener-sus-propios-colaboradores-segurosnews","status":"publish","type":"post","link":"https:\/\/www.cmalleida.com\/es\/la-dgsfp-prohibe-a-los-colaboradores-externos-tener-sus-propios-colaboradores-segurosnews\/","title":{"rendered":"La DGSFP proh\u00edbe a los colaboradores externos tener sus propios colaboradores (SegurosNews)"},"content":{"rendered":"<p>l Departamento de Compliance de\u00a0<strong>Inade<\/strong>\u00a0curs\u00f3 en julio a la DGSFP una consulta sobre la posibilidad de que los colaboradores externos de los mediadores de seguros puedan a su vez<strong>\u00a0celebrar contratos con otros colaboradores<\/strong>\u00a0para desarrollar su actividad de distribuci\u00f3n de seguros.<\/p>\n<p>En respuesta a esta consulta, la DGSFP, teniendo en cuenta el principio de la IDD que persigue que todos los consumidores tengan el mismo nivel de protecci\u00f3n a pesar de las diferencias entre canales, y asegurar una competencia entre dichos canales, ha concluido en una contestaci\u00f3n emitida el pasado 3 de noviembre que los\u00a0<strong>colaboradores externos de los mediadores no pueden celebrar contratos con personas f\u00edsicas o jur\u00eddicas que les ayuden a realizar la actividad de distribuci\u00f3n de seguros<\/strong>.<\/p>\n<h4><strong><em>Responsable el corredor<\/em><\/strong><\/h4>\n<p>En caso de incumplimiento de este precepto, el\u00a0<strong>responsable ser\u00eda el mediador de seguros del que dependa el colaborador externo<\/strong>, en concreto, la persona o personas que ejerzan las funciones de responsable de la actividad de distribuci\u00f3n de seguros.<\/p>\n<p>Seg\u00fan explic\u00f3\u00a0<strong>Adolfo Campos,<\/strong>\u00a0director general de Inade, en rueda de prensa, \u00abla\u00a0<strong>IDD no regula la actividad de los colaboradores externos,<\/strong>\u00a0por lo que\u00a0<strong>no existe en otros pa\u00edses de la Uni\u00f3n Europea<\/strong>. En el momento en que Espa\u00f1a transpuso la IDD a trav\u00e9s del Real Decreto-ley 3\/2020, regul\u00f3 su actividad en el\u00a0<strong>art\u00edculo 137,\u00a0<\/strong>permitiendo que los mediadores puedan celebrar contratos mercantiles con personas f\u00edsicas o jur\u00eddicas, que adquieren la condici\u00f3n de colaboradores externos y que realizan la actividad de distribuci\u00f3n por cuenta del mediador con el que han celebrado el contrato,\u00a0<strong>sin que \u00e9stos adquieran la condici\u00f3n de mediador<\/strong>\u00ab.<\/p>\n<p>Para celebrar este contrato, el\u00a0<strong>colaborador externo debe reunir una serie de requisitos:<\/strong>\u00a0\u00abPor un lado, debe disponer de\u00a0<strong>honorabilidad comercial y profesional<\/strong>, requisito que se exige a todo el personal relevante, as\u00ed como a todos los administradores (en caso de personas jur\u00eddicas). Por otro, el personal relevante debe cumplir un\u00a0<strong>requisito formativo<\/strong>, de\u00a0<strong>25 horas anuales en caso de que asesoren, 15 en caso de que solamente informen<\/strong>. En el momento en que se celebre el contrato de colaboraci\u00f3n, el mediador tiene la\u00a0<strong>obligaci\u00f3n de registrarlo en su libro de colaboradores externos<\/strong>. La actividad de distribuci\u00f3n que realiza el colaborador siempre se desarrollar\u00e1 bajo la direcci\u00f3n, r\u00e9gimen de responsabilidad administrativa, civil profesional y de capacidad financiera del mediador para el que act\u00faen\u00bb.<\/p>\n<h4><strong><em>35% del negocio de los corredores<\/em><\/strong><\/h4>\n<p>Inade recuerda que, aunque la DGSFP a trav\u00e9s de la DEC conoce el volumen de negocio que distribuyen los colaboradores externos, no ha reflejado en su \u00faltima memoria anual este dato. Inade estima que el\u00a0<strong>35% del negocio que gestionan los corredores de seguros y los agentes vinculados en Espa\u00f1a ha sido captado por sus colaboradores<\/strong>\u00a0externos.<\/p>\n<h4><strong><em>Tema importante en integraciones de corredur\u00edas<\/em><\/strong><\/h4>\n<p>Campos ha resaltado que este tema es particularmente importante para el sector de corredur\u00edas, ya que vive inmerso en un proceso de concentraci\u00f3n, \u00aben el que los\u00a0<strong>fondos de inversi\u00f3n extranjeros est\u00e1n integrando corredur\u00edas de m\u00e1s de un mill\u00f3n<\/strong>\u00a0de euros de comisiones; y las m\u00e1s\u00a0<strong>peque\u00f1as se est\u00e1n fusionando<\/strong>\u00a0o llegando a acuerdos entre ellas, societarios o de distribuci\u00f3n. En una integraci\u00f3n, el corredor debe tener todo su desarrollo operativo adaptado a la normativa, como es en el caso de los colaboradores\u00bb.<\/p>\n<p>Aunque Campos no cree que la supervisi\u00f3n e inspecci\u00f3n de este tema por parte de la\u00a0<strong>DGSFP vaya a ser una prioridad<\/strong>\u00a0del \u00f3rgano de control, considera que \u00abes una responsabilidad de los corredores tener adaptados sus sistemas a la legislaci\u00f3n vigente\u00bb.<\/p>\n<p>Ante el inter\u00e9s de este tema para los mediadores, Inade ha mantenido durante esta semana reuniones de trabajo con diferentes\u00a0<strong>corredur\u00edas que mantienen en vigor un elevado n\u00famero de contratos con colaboradores<\/strong>\u00a0externos, para informarles de las consecuencias de este escrito. Adem\u00e1s, esta\u00a0 ha celebrado una webinar con empleados, responsables de la actividad de distribuci\u00f3n y colaboradores externos de corredur\u00edas, en las que se ha abordado este tema, con la asistencia de 200 personas.<\/p>\n","protected":false},"excerpt":{"rendered":"<p>l Departamento de Compliance de\u00a0Inade\u00a0curs\u00f3 en julio a la DGSFP una consulta sobre la posibilidad de que los colaboradores externos de los mediadores de seguros&#8230; <a href=\"https:\/\/www.cmalleida.com\/es\/la-dgsfp-prohibe-a-los-colaboradores-externos-tener-sus-propios-colaboradores-segurosnews\/\" rel=\"nofollow\" class=\"lollegirmes\">Llegeix m\u00e9s<\/a><\/p>\n","protected":false},"author":149,"featured_media":1847,"comment_status":"closed","ping_status":"closed","sticky":false,"template":"","format":"standard","meta":{"_acf_changed":false,"_genesis_hide_title":false,"_genesis_hide_breadcrumbs":false,"_genesis_hide_singular_image":false,"_genesis_hide_footer_widgets":false,"_genesis_custom_body_class":"","_genesis_custom_post_class":"","_genesis_layout":"","footnotes":""},"categories":[28,125,139],"tags":[],"class_list":{"0":"post-11477","1":"post","2":"type-post","3":"status-publish","4":"format-standard","5":"has-post-thumbnail","7":"category-actualidad","8":"category-assegurances-es","9":"category-institucions-organismes-es","10":"entry"},"acf":[],"yoast_head":"<!-- This site is optimized with the Yoast SEO plugin v27.2 - https:\/\/yoast.com\/product\/yoast-seo-wordpress\/ -->\n<title>La DGSFP proh\u00edbe a los colaboradores externos tener sus propios colaboradores (SegurosNews) - Col\u00b7legi de Mediadors d&#039;Assegurances de Lleida<\/title>\n<meta name=\"robots\" content=\"index, follow, max-snippet:-1, max-image-preview:large, max-video-preview:-1\" \/>\n<link rel=\"canonical\" href=\"https:\/\/www.cmalleida.com\/es\/la-dgsfp-prohibe-a-los-colaboradores-externos-tener-sus-propios-colaboradores-segurosnews\/\" \/>\n<meta property=\"og:locale\" content=\"es_ES\" \/>\n<meta property=\"og:type\" content=\"article\" \/>\n<meta property=\"og:title\" content=\"La DGSFP proh\u00edbe a los colaboradores externos tener sus propios colaboradores (SegurosNews) - Col\u00b7legi de Mediadors d&#039;Assegurances de Lleida\" \/>\n<meta property=\"og:description\" content=\"l Departamento de Compliance de\u00a0Inade\u00a0curs\u00f3 en julio a la DGSFP una consulta sobre la posibilidad de que los colaboradores externos de los mediadores de seguros... Llegeix m\u00e9s\" \/>\n<meta property=\"og:url\" content=\"https:\/\/www.cmalleida.com\/es\/la-dgsfp-prohibe-a-los-colaboradores-externos-tener-sus-propios-colaboradores-segurosnews\/\" \/>\n<meta property=\"og:site_name\" content=\"Col\u00b7legi de Mediadors d&#039;Assegurances de Lleida\" \/>\n<meta property=\"article:published_time\" content=\"2022-12-02T09:35:52+00:00\" \/>\n<meta property=\"og:image\" content=\"https:\/\/www.cmalleida.com\/wp-content\/uploads\/cmall-lleida-treballadors762.jpg\" \/>\n\t<meta property=\"og:image:width\" content=\"762\" \/>\n\t<meta property=\"og:image:height\" content=\"762\" \/>\n\t<meta property=\"og:image:type\" content=\"image\/jpeg\" \/>\n<meta name=\"author\" content=\"Antonieta Castells Dolcet\" \/>\n<meta name=\"twitter:card\" content=\"summary_large_image\" \/>\n<meta name=\"twitter:label1\" content=\"Written by\" \/>\n\t<meta name=\"twitter:data1\" content=\"Antonieta Castells Dolcet\" \/>\n\t<meta name=\"twitter:label2\" content=\"Est. reading time\" \/>\n\t<meta name=\"twitter:data2\" content=\"4 minutos\" \/>\n<script type=\"application\/ld+json\" class=\"yoast-schema-graph\">{\"@context\":\"https:\/\/schema.org\",\"@graph\":[{\"@type\":\"Article\",\"@id\":\"https:\/\/www.cmalleida.com\/es\/la-dgsfp-prohibe-a-los-colaboradores-externos-tener-sus-propios-colaboradores-segurosnews\/#article\",\"isPartOf\":{\"@id\":\"https:\/\/www.cmalleida.com\/es\/la-dgsfp-prohibe-a-los-colaboradores-externos-tener-sus-propios-colaboradores-segurosnews\/\"},\"author\":{\"name\":\"Antonieta Castells Dolcet\",\"@id\":\"https:\/\/www.cmalleida.com\/es\/#\/schema\/person\/7461453022a0d6ce41c1e530eb4443b4\"},\"headline\":\"La DGSFP proh\u00edbe a los colaboradores externos tener sus propios colaboradores (SegurosNews)\",\"datePublished\":\"2022-12-02T09:35:52+00:00\",\"mainEntityOfPage\":{\"@id\":\"https:\/\/www.cmalleida.com\/es\/la-dgsfp-prohibe-a-los-colaboradores-externos-tener-sus-propios-colaboradores-segurosnews\/\"},\"wordCount\":713,\"publisher\":{\"@id\":\"https:\/\/www.cmalleida.com\/es\/#organization\"},\"image\":{\"@id\":\"https:\/\/www.cmalleida.com\/es\/la-dgsfp-prohibe-a-los-colaboradores-externos-tener-sus-propios-colaboradores-segurosnews\/#primaryimage\"},\"thumbnailUrl\":\"https:\/\/www.cmalleida.com\/wp-content\/uploads\/cmall-lleida-treballadors762.jpg\",\"articleSection\":[\"Actualidad\",\"Assegurances\",\"Institucions\/Organismes\"],\"inLanguage\":\"es\"},{\"@type\":\"WebPage\",\"@id\":\"https:\/\/www.cmalleida.com\/es\/la-dgsfp-prohibe-a-los-colaboradores-externos-tener-sus-propios-colaboradores-segurosnews\/\",\"url\":\"https:\/\/www.cmalleida.com\/es\/la-dgsfp-prohibe-a-los-colaboradores-externos-tener-sus-propios-colaboradores-segurosnews\/\",\"name\":\"La DGSFP proh\u00edbe a los colaboradores externos tener sus propios colaboradores (SegurosNews) - Col\u00b7legi de Mediadors d&#039;Assegurances de Lleida\",\"isPartOf\":{\"@id\":\"https:\/\/www.cmalleida.com\/es\/#website\"},\"primaryImageOfPage\":{\"@id\":\"https:\/\/www.cmalleida.com\/es\/la-dgsfp-prohibe-a-los-colaboradores-externos-tener-sus-propios-colaboradores-segurosnews\/#primaryimage\"},\"image\":{\"@id\":\"https:\/\/www.cmalleida.com\/es\/la-dgsfp-prohibe-a-los-colaboradores-externos-tener-sus-propios-colaboradores-segurosnews\/#primaryimage\"},\"thumbnailUrl\":\"https:\/\/www.cmalleida.com\/wp-content\/uploads\/cmall-lleida-treballadors762.jpg\",\"datePublished\":\"2022-12-02T09:35:52+00:00\",\"breadcrumb\":{\"@id\":\"https:\/\/www.cmalleida.com\/es\/la-dgsfp-prohibe-a-los-colaboradores-externos-tener-sus-propios-colaboradores-segurosnews\/#breadcrumb\"},\"inLanguage\":\"es\",\"potentialAction\":[{\"@type\":\"ReadAction\",\"target\":[\"https:\/\/www.cmalleida.com\/es\/la-dgsfp-prohibe-a-los-colaboradores-externos-tener-sus-propios-colaboradores-segurosnews\/\"]}]},{\"@type\":\"ImageObject\",\"inLanguage\":\"es\",\"@id\":\"https:\/\/www.cmalleida.com\/es\/la-dgsfp-prohibe-a-los-colaboradores-externos-tener-sus-propios-colaboradores-segurosnews\/#primaryimage\",\"url\":\"https:\/\/www.cmalleida.com\/wp-content\/uploads\/cmall-lleida-treballadors762.jpg\",\"contentUrl\":\"https:\/\/www.cmalleida.com\/wp-content\/uploads\/cmall-lleida-treballadors762.jpg\",\"width\":762,\"height\":762,\"caption\":\"cmall-lleida-treballadors762\"},{\"@type\":\"BreadcrumbList\",\"@id\":\"https:\/\/www.cmalleida.com\/es\/la-dgsfp-prohibe-a-los-colaboradores-externos-tener-sus-propios-colaboradores-segurosnews\/#breadcrumb\",\"itemListElement\":[{\"@type\":\"ListItem\",\"position\":1,\"name\":\"Inici\",\"item\":\"https:\/\/www.cmalleida.com\/es\/\"},{\"@type\":\"ListItem\",\"position\":2,\"name\":\"La DGSFP proh\u00edbe a los colaboradores externos tener sus propios colaboradores (SegurosNews)\"}]},{\"@type\":\"WebSite\",\"@id\":\"https:\/\/www.cmalleida.com\/es\/#website\",\"url\":\"https:\/\/www.cmalleida.com\/es\/\",\"name\":\"Col\u00b7legi de Mediadors d&#039;Assegurances de Lleida\",\"description\":\"Otro sitio realizado con WordPress\",\"publisher\":{\"@id\":\"https:\/\/www.cmalleida.com\/es\/#organization\"},\"potentialAction\":[{\"@type\":\"SearchAction\",\"target\":{\"@type\":\"EntryPoint\",\"urlTemplate\":\"https:\/\/www.cmalleida.com\/es\/?s={search_term_string}\"},\"query-input\":{\"@type\":\"PropertyValueSpecification\",\"valueRequired\":true,\"valueName\":\"search_term_string\"}}],\"inLanguage\":\"es\"},{\"@type\":\"Organization\",\"@id\":\"https:\/\/www.cmalleida.com\/es\/#organization\",\"name\":\"Col\u00b7legi de Mediadors d'Assegurances de Lleida\",\"url\":\"https:\/\/www.cmalleida.com\/es\/\",\"logo\":{\"@type\":\"ImageObject\",\"inLanguage\":\"es\",\"@id\":\"https:\/\/www.cmalleida.com\/es\/#\/schema\/logo\/image\/\",\"url\":\"\",\"contentUrl\":\"\",\"caption\":\"Col\u00b7legi de Mediadors d'Assegurances de Lleida\"},\"image\":{\"@id\":\"https:\/\/www.cmalleida.com\/es\/#\/schema\/logo\/image\/\"}},{\"@type\":\"Person\",\"@id\":\"https:\/\/www.cmalleida.com\/es\/#\/schema\/person\/7461453022a0d6ce41c1e530eb4443b4\",\"name\":\"Antonieta Castells Dolcet\",\"image\":{\"@type\":\"ImageObject\",\"inLanguage\":\"es\",\"@id\":\"https:\/\/secure.gravatar.com\/avatar\/7738df9a8ff2d12e8b37d088ff0e3e36016e57ab29e5db27ba4fb758a81ea3cb?s=96&d=mm&r=g\",\"url\":\"https:\/\/secure.gravatar.com\/avatar\/7738df9a8ff2d12e8b37d088ff0e3e36016e57ab29e5db27ba4fb758a81ea3cb?s=96&d=mm&r=g\",\"contentUrl\":\"https:\/\/secure.gravatar.com\/avatar\/7738df9a8ff2d12e8b37d088ff0e3e36016e57ab29e5db27ba4fb758a81ea3cb?s=96&d=mm&r=g\",\"caption\":\"Antonieta Castells Dolcet\"},\"sameAs\":[\"http:\/\/www.cmalleida.com\"]}]}<\/script>\n<!-- \/ Yoast SEO plugin. -->","yoast_head_json":{"title":"La DGSFP proh\u00edbe a los colaboradores externos tener sus propios colaboradores (SegurosNews) - Col\u00b7legi de Mediadors d&#039;Assegurances de Lleida","robots":{"index":"index","follow":"follow","max-snippet":"max-snippet:-1","max-image-preview":"max-image-preview:large","max-video-preview":"max-video-preview:-1"},"canonical":"https:\/\/www.cmalleida.com\/es\/la-dgsfp-prohibe-a-los-colaboradores-externos-tener-sus-propios-colaboradores-segurosnews\/","og_locale":"es_ES","og_type":"article","og_title":"La DGSFP proh\u00edbe a los colaboradores externos tener sus propios colaboradores (SegurosNews) - Col\u00b7legi de Mediadors d&#039;Assegurances de Lleida","og_description":"l Departamento de Compliance de\u00a0Inade\u00a0curs\u00f3 en julio a la DGSFP una consulta sobre la posibilidad de que los colaboradores externos de los mediadores de seguros... Llegeix m\u00e9s","og_url":"https:\/\/www.cmalleida.com\/es\/la-dgsfp-prohibe-a-los-colaboradores-externos-tener-sus-propios-colaboradores-segurosnews\/","og_site_name":"Col\u00b7legi de Mediadors d&#039;Assegurances de Lleida","article_published_time":"2022-12-02T09:35:52+00:00","og_image":[{"width":762,"height":762,"url":"https:\/\/www.cmalleida.com\/wp-content\/uploads\/cmall-lleida-treballadors762.jpg","type":"image\/jpeg"}],"author":"Antonieta Castells Dolcet","twitter_card":"summary_large_image","twitter_misc":{"Written by":"Antonieta Castells Dolcet","Est. reading time":"4 minutos"},"schema":{"@context":"https:\/\/schema.org","@graph":[{"@type":"Article","@id":"https:\/\/www.cmalleida.com\/es\/la-dgsfp-prohibe-a-los-colaboradores-externos-tener-sus-propios-colaboradores-segurosnews\/#article","isPartOf":{"@id":"https:\/\/www.cmalleida.com\/es\/la-dgsfp-prohibe-a-los-colaboradores-externos-tener-sus-propios-colaboradores-segurosnews\/"},"author":{"name":"Antonieta Castells Dolcet","@id":"https:\/\/www.cmalleida.com\/es\/#\/schema\/person\/7461453022a0d6ce41c1e530eb4443b4"},"headline":"La DGSFP proh\u00edbe a los colaboradores externos tener sus propios colaboradores (SegurosNews)","datePublished":"2022-12-02T09:35:52+00:00","mainEntityOfPage":{"@id":"https:\/\/www.cmalleida.com\/es\/la-dgsfp-prohibe-a-los-colaboradores-externos-tener-sus-propios-colaboradores-segurosnews\/"},"wordCount":713,"publisher":{"@id":"https:\/\/www.cmalleida.com\/es\/#organization"},"image":{"@id":"https:\/\/www.cmalleida.com\/es\/la-dgsfp-prohibe-a-los-colaboradores-externos-tener-sus-propios-colaboradores-segurosnews\/#primaryimage"},"thumbnailUrl":"https:\/\/www.cmalleida.com\/wp-content\/uploads\/cmall-lleida-treballadors762.jpg","articleSection":["Actualidad","Assegurances","Institucions\/Organismes"],"inLanguage":"es"},{"@type":"WebPage","@id":"https:\/\/www.cmalleida.com\/es\/la-dgsfp-prohibe-a-los-colaboradores-externos-tener-sus-propios-colaboradores-segurosnews\/","url":"https:\/\/www.cmalleida.com\/es\/la-dgsfp-prohibe-a-los-colaboradores-externos-tener-sus-propios-colaboradores-segurosnews\/","name":"La DGSFP proh\u00edbe a los colaboradores externos tener sus propios colaboradores (SegurosNews) - Col\u00b7legi de Mediadors d&#039;Assegurances de Lleida","isPartOf":{"@id":"https:\/\/www.cmalleida.com\/es\/#website"},"primaryImageOfPage":{"@id":"https:\/\/www.cmalleida.com\/es\/la-dgsfp-prohibe-a-los-colaboradores-externos-tener-sus-propios-colaboradores-segurosnews\/#primaryimage"},"image":{"@id":"https:\/\/www.cmalleida.com\/es\/la-dgsfp-prohibe-a-los-colaboradores-externos-tener-sus-propios-colaboradores-segurosnews\/#primaryimage"},"thumbnailUrl":"https:\/\/www.cmalleida.com\/wp-content\/uploads\/cmall-lleida-treballadors762.jpg","datePublished":"2022-12-02T09:35:52+00:00","breadcrumb":{"@id":"https:\/\/www.cmalleida.com\/es\/la-dgsfp-prohibe-a-los-colaboradores-externos-tener-sus-propios-colaboradores-segurosnews\/#breadcrumb"},"inLanguage":"es","potentialAction":[{"@type":"ReadAction","target":["https:\/\/www.cmalleida.com\/es\/la-dgsfp-prohibe-a-los-colaboradores-externos-tener-sus-propios-colaboradores-segurosnews\/"]}]},{"@type":"ImageObject","inLanguage":"es","@id":"https:\/\/www.cmalleida.com\/es\/la-dgsfp-prohibe-a-los-colaboradores-externos-tener-sus-propios-colaboradores-segurosnews\/#primaryimage","url":"https:\/\/www.cmalleida.com\/wp-content\/uploads\/cmall-lleida-treballadors762.jpg","contentUrl":"https:\/\/www.cmalleida.com\/wp-content\/uploads\/cmall-lleida-treballadors762.jpg","width":762,"height":762,"caption":"cmall-lleida-treballadors762"},{"@type":"BreadcrumbList","@id":"https:\/\/www.cmalleida.com\/es\/la-dgsfp-prohibe-a-los-colaboradores-externos-tener-sus-propios-colaboradores-segurosnews\/#breadcrumb","itemListElement":[{"@type":"ListItem","position":1,"name":"Inici","item":"https:\/\/www.cmalleida.com\/es\/"},{"@type":"ListItem","position":2,"name":"La DGSFP proh\u00edbe a los colaboradores externos tener sus propios colaboradores (SegurosNews)"}]},{"@type":"WebSite","@id":"https:\/\/www.cmalleida.com\/es\/#website","url":"https:\/\/www.cmalleida.com\/es\/","name":"Col\u00b7legi de Mediadors d&#039;Assegurances de Lleida","description":"Otro sitio realizado con WordPress","publisher":{"@id":"https:\/\/www.cmalleida.com\/es\/#organization"},"potentialAction":[{"@type":"SearchAction","target":{"@type":"EntryPoint","urlTemplate":"https:\/\/www.cmalleida.com\/es\/?s={search_term_string}"},"query-input":{"@type":"PropertyValueSpecification","valueRequired":true,"valueName":"search_term_string"}}],"inLanguage":"es"},{"@type":"Organization","@id":"https:\/\/www.cmalleida.com\/es\/#organization","name":"Col\u00b7legi de Mediadors d'Assegurances de Lleida","url":"https:\/\/www.cmalleida.com\/es\/","logo":{"@type":"ImageObject","inLanguage":"es","@id":"https:\/\/www.cmalleida.com\/es\/#\/schema\/logo\/image\/","url":"","contentUrl":"","caption":"Col\u00b7legi de Mediadors d'Assegurances de Lleida"},"image":{"@id":"https:\/\/www.cmalleida.com\/es\/#\/schema\/logo\/image\/"}},{"@type":"Person","@id":"https:\/\/www.cmalleida.com\/es\/#\/schema\/person\/7461453022a0d6ce41c1e530eb4443b4","name":"Antonieta Castells Dolcet","image":{"@type":"ImageObject","inLanguage":"es","@id":"https:\/\/secure.gravatar.com\/avatar\/7738df9a8ff2d12e8b37d088ff0e3e36016e57ab29e5db27ba4fb758a81ea3cb?s=96&d=mm&r=g","url":"https:\/\/secure.gravatar.com\/avatar\/7738df9a8ff2d12e8b37d088ff0e3e36016e57ab29e5db27ba4fb758a81ea3cb?s=96&d=mm&r=g","contentUrl":"https:\/\/secure.gravatar.com\/avatar\/7738df9a8ff2d12e8b37d088ff0e3e36016e57ab29e5db27ba4fb758a81ea3cb?s=96&d=mm&r=g","caption":"Antonieta Castells Dolcet"},"sameAs":["http:\/\/www.cmalleida.com"]}]}},"_links":{"self":[{"href":"https:\/\/www.cmalleida.com\/es\/wp-json\/wp\/v2\/posts\/11477","targetHints":{"allow":["GET"]}}],"collection":[{"href":"https:\/\/www.cmalleida.com\/es\/wp-json\/wp\/v2\/posts"}],"about":[{"href":"https:\/\/www.cmalleida.com\/es\/wp-json\/wp\/v2\/types\/post"}],"author":[{"embeddable":true,"href":"https:\/\/www.cmalleida.com\/es\/wp-json\/wp\/v2\/users\/149"}],"replies":[{"embeddable":true,"href":"https:\/\/www.cmalleida.com\/es\/wp-json\/wp\/v2\/comments?post=11477"}],"version-history":[{"count":1,"href":"https:\/\/www.cmalleida.com\/es\/wp-json\/wp\/v2\/posts\/11477\/revisions"}],"predecessor-version":[{"id":11478,"href":"https:\/\/www.cmalleida.com\/es\/wp-json\/wp\/v2\/posts\/11477\/revisions\/11478"}],"wp:featuredmedia":[{"embeddable":true,"href":"https:\/\/www.cmalleida.com\/es\/wp-json\/wp\/v2\/media\/1847"}],"wp:attachment":[{"href":"https:\/\/www.cmalleida.com\/es\/wp-json\/wp\/v2\/media?parent=11477"}],"wp:term":[{"taxonomy":"category","embeddable":true,"href":"https:\/\/www.cmalleida.com\/es\/wp-json\/wp\/v2\/categories?post=11477"},{"taxonomy":"post_tag","embeddable":true,"href":"https:\/\/www.cmalleida.com\/es\/wp-json\/wp\/v2\/tags?post=11477"}],"curies":[{"name":"wp","href":"https:\/\/api.w.org\/{rel}","templated":true}]}}