{"id":11377,"date":"2022-11-11T10:52:47","date_gmt":"2022-11-11T09:52:47","guid":{"rendered":"https:\/\/www.cmalleida.com\/?p=11377"},"modified":"2022-11-11T10:52:59","modified_gmt":"2022-11-11T09:52:59","slug":"es-accidente-laboral-la-caida-del-teletrabajador-cuando-va-al-bano-en-su-propia-casa-eleconomista","status":"publish","type":"post","link":"https:\/\/www.cmalleida.com\/es\/es-accidente-laboral-la-caida-del-teletrabajador-cuando-va-al-bano-en-su-propia-casa-eleconomista\/","title":{"rendered":"Es accidente laboral la ca\u00edda del teletrabajador cuando va al ba\u00f1o en su propia casa (elEconomista)"},"content":{"rendered":"<div id=\"cuerpo_noticia\" class=\"articleZone cuerpo_noticia\">\n<div class=\"row no-gutters\">\n<div class=\"article-main main-content col-lg-12 col-md-12 col-12 d-flex justify-content-start flex-wrap\">\n<div class=\"col-lg-8 col-md-12 col-12 no-gutters-sm no-gutters-md order-lg-1 order-md-1 order-1\">\n<div class=\"header_ArticleRelated\">\n<div class=\"header_ArticleRelatedContent\">\n<ul>\n<li>La situaci\u00f3n se asimila a la del empleado de una f\u00e1brica en esas circunstancias<\/li>\n<li>No tiene la misma valoraci\u00f3n un corte accidental con el uso de un cuchillo<\/li>\n<\/ul>\n<\/div>\n<\/div>\n<div class=\"row div-author d-lg-flex align-items-center mt-4 mb-2 text-lg-left text-center\">\n<div class=\"row no-gutters author-info-container d-flex col-lg-10 col-12\">\n<div class=\"Article__authors col-12\">\n<div class=\"authors_Name d-inline-flex\">\n<ol class=\"breadcrumb\">\n<li class=\"breadcrumb-item\"><a href=\"https:\/\/www.eleconomista.es\/autor\/Xavier-Gil-Pecharroman\">Xavier Gil Pecharrom\u00e1n<\/a><\/li>\n<\/ol>\n<\/div>\n<\/div>\n<div class=\"Article_time col-12 p-0 m-0\"><time class=\"timestamp\">6:00 &#8211; 8\/11\/2022<\/time><\/div>\n<div><\/div>\n<\/div>\n<\/div>\n<div class=\"row\">\n<div class=\"articleInfo col-lg-2 col-md-12 col-12\">\n<div class=\"row\">Se considera accidente de trabajo la ca\u00edda que sufrida por un trabajador por cuenta ajena en su casa mientras teletrabajaba, seg\u00fan determina el Juzgado de lo Social n\u00famero 1 de C\u00e1ceres, en una sentencia pionera sobre la materia, de 26 de octubre de 2022.<\/div>\n<\/div>\n<div class=\"Article__paragraphGroup col-lg-10 col-md-12 col-12\">\n<p>El ponente, el magistrado Mecerreyes Jim\u00e9nez, considera probado que una trabajadora que acudi\u00f3 al ba\u00f1o de su domicilio y al salir, para retomar su tarea, tropez\u00f3 en el pasillo, cayendo al suelo, sufriendo un traumatismo en el codo y el costado derecho.<\/p>\n<p>La mutua alegaba que al no haberse producido el accidente estando sentada ante el ordenador de su domicilio\u00a0<b>no se pod\u00eda hablar de lugar de trabajo, y por tanto no se encontraba protegida por la normativa.<\/b> El trabajo desarrollado por la empleada, consist\u00eda en estar sentada delante de un ordenador desarrollando su labor.<\/p>\n<p>La sentencia, por el contrario, determina que en estas situaciones no se da \u00abuna clara interrupci\u00f3n del nexo causal, y pone de ejemplo de interrupci\u00f3n la situaci\u00f3n de qui\u00e9n, en tiempo de trabajo, estando en la cocina de su domicilio, se cortara accidentalmente con un cuchillo\u00bb.<\/p>\n<p>En este caso, razona Mecerreyes Jim\u00e9nez que \u00abnadie pondr\u00eda en tela de juicio la oportunidad de considerar accidente de trabajo el sufrido por un empleado en\u00a0<b>id\u00e9ntica circunstancia si trabajase en una f\u00e1brica, oficina o tienda\u00bb.<\/b><\/p>\n<p>En este sentido indica que \u00abla obligada visita al aseo para atender una necesidad fisiol\u00f3gica, constante el desempe\u00f1o de la jornada laboral, no puede enervar la presunci\u00f3n legal\u00bb y concluye \u00abno se trata aqu\u00ed de hacer mejor condici\u00f3n a quien teletrabaja, al contrario, se busca evitar su desprotecci\u00f3n\u00bb.<\/p>\n<p>El concepto legal del accidente de trabajo alude a\u00a0<b>\u00abtoda lesi\u00f3n corporal que el trabajador sufra con ocasi\u00f3n o por consecuencia del trabajo que ejecute por cuenta ajena\u00bb, art\u00edculo 156. 1 Ley General de la Seguridad Social (LGSS)<\/b>. De ello resulta la concurrencia de tres elementos: lesi\u00f3n, trabajo por cuenta ajena y relaci\u00f3n entre lesi\u00f3n y trabajo, elementos generosamente interpretados desde antiguo por la jurisprudencia del Tribunal Supremo y la doctrina del extinto Tribunal Central de Trabajo, en aras a la m\u00e1xima protecci\u00f3n del trabajador.<\/p>\n<p>Y rechaza el magistrado que No enerve lo razonado el precedente que invoca la defensa de la mutua, en la sentencia del\u00a0<b>TSJ de Galicia de 25 de febrero de 2022<\/b>, pues all\u00ed, la pretensi\u00f3n del demandante que teletrabajaba no prosper\u00f3 porque la lesi\u00f3n que sufri\u00f3 en el hombro al coger una pantalla de ordenador no se demostr\u00f3 que fuera en el tiempo y en el lugar de trabajo.<\/p>\n<div class=\"teads-inread sm-screen\">\n<div><\/div>\n<\/div>\n<p>La sentencia no es firme y contra la misma cabe recurso de suplicaci\u00f3n ante la Sala Social del Tribunal Superior de Justicia de Extremadura.<\/p>\n<\/div>\n<\/div>\n<\/div>\n<\/div>\n<\/div>\n<\/div>\n","protected":false},"excerpt":{"rendered":"<p>La situaci\u00f3n se asimila a la del empleado de una f\u00e1brica en esas circunstancias No tiene la misma valoraci\u00f3n un corte accidental con el uso&#8230; <a href=\"https:\/\/www.cmalleida.com\/es\/es-accidente-laboral-la-caida-del-teletrabajador-cuando-va-al-bano-en-su-propia-casa-eleconomista\/\" rel=\"nofollow\" class=\"lollegirmes\">Llegeix m\u00e9s<\/a><\/p>\n","protected":false},"author":149,"featured_media":1837,"comment_status":"closed","ping_status":"closed","sticky":false,"template":"","format":"standard","meta":{"_acf_changed":false,"_genesis_hide_title":false,"_genesis_hide_breadcrumbs":false,"_genesis_hide_singular_image":false,"_genesis_hide_footer_widgets":false,"_genesis_custom_body_class":"","_genesis_custom_post_class":"","_genesis_layout":"","footnotes":""},"categories":[28,56,59],"tags":[],"class_list":{"0":"post-11377","1":"post","2":"type-post","3":"status-publish","4":"format-standard","5":"has-post-thumbnail","7":"category-actualidad","8":"category-laboral-es","9":"category-sentencia-es","10":"entry"},"acf":[],"yoast_head":"<!-- This site is optimized with the Yoast SEO plugin v27.2 - https:\/\/yoast.com\/product\/yoast-seo-wordpress\/ -->\n<title>Es accidente laboral la ca\u00edda del teletrabajador cuando va al ba\u00f1o en su propia casa (elEconomista) - Col\u00b7legi de Mediadors d&#039;Assegurances de Lleida<\/title>\n<meta name=\"robots\" content=\"index, follow, max-snippet:-1, max-image-preview:large, max-video-preview:-1\" \/>\n<link rel=\"canonical\" href=\"https:\/\/www.cmalleida.com\/es\/es-accidente-laboral-la-caida-del-teletrabajador-cuando-va-al-bano-en-su-propia-casa-eleconomista\/\" \/>\n<meta property=\"og:locale\" content=\"es_ES\" \/>\n<meta property=\"og:type\" content=\"article\" \/>\n<meta property=\"og:title\" content=\"Es accidente laboral la ca\u00edda del teletrabajador cuando va al ba\u00f1o en su propia casa (elEconomista) - Col\u00b7legi de Mediadors d&#039;Assegurances de Lleida\" \/>\n<meta property=\"og:description\" content=\"La situaci\u00f3n se asimila a la del empleado de una f\u00e1brica en esas circunstancias No tiene la misma valoraci\u00f3n un corte accidental con el uso... Llegeix m\u00e9s\" \/>\n<meta property=\"og:url\" content=\"https:\/\/www.cmalleida.com\/es\/es-accidente-laboral-la-caida-del-teletrabajador-cuando-va-al-bano-en-su-propia-casa-eleconomista\/\" \/>\n<meta property=\"og:site_name\" content=\"Col\u00b7legi de Mediadors d&#039;Assegurances de Lleida\" \/>\n<meta property=\"article:published_time\" content=\"2022-11-11T09:52:47+00:00\" \/>\n<meta property=\"article:modified_time\" content=\"2022-11-11T09:52:59+00:00\" \/>\n<meta property=\"og:image\" content=\"https:\/\/www.cmalleida.com\/wp-content\/uploads\/cmall-lleida-actualitat-legal762.jpg\" \/>\n\t<meta property=\"og:image:width\" content=\"762\" \/>\n\t<meta property=\"og:image:height\" content=\"762\" \/>\n\t<meta property=\"og:image:type\" content=\"image\/jpeg\" \/>\n<meta name=\"author\" content=\"Antonieta Castells Dolcet\" \/>\n<meta name=\"twitter:card\" content=\"summary_large_image\" \/>\n<meta name=\"twitter:label1\" content=\"Written by\" \/>\n\t<meta name=\"twitter:data1\" content=\"Antonieta Castells Dolcet\" \/>\n\t<meta name=\"twitter:label2\" content=\"Est. reading time\" \/>\n\t<meta name=\"twitter:data2\" content=\"3 minutos\" \/>\n<script type=\"application\/ld+json\" class=\"yoast-schema-graph\">{\"@context\":\"https:\/\/schema.org\",\"@graph\":[{\"@type\":\"Article\",\"@id\":\"https:\/\/www.cmalleida.com\/es\/es-accidente-laboral-la-caida-del-teletrabajador-cuando-va-al-bano-en-su-propia-casa-eleconomista\/#article\",\"isPartOf\":{\"@id\":\"https:\/\/www.cmalleida.com\/es\/es-accidente-laboral-la-caida-del-teletrabajador-cuando-va-al-bano-en-su-propia-casa-eleconomista\/\"},\"author\":{\"name\":\"Antonieta Castells Dolcet\",\"@id\":\"https:\/\/www.cmalleida.com\/es\/#\/schema\/person\/7461453022a0d6ce41c1e530eb4443b4\"},\"headline\":\"Es accidente laboral la ca\u00edda del teletrabajador cuando va al ba\u00f1o en su propia casa (elEconomista)\",\"datePublished\":\"2022-11-11T09:52:47+00:00\",\"dateModified\":\"2022-11-11T09:52:59+00:00\",\"mainEntityOfPage\":{\"@id\":\"https:\/\/www.cmalleida.com\/es\/es-accidente-laboral-la-caida-del-teletrabajador-cuando-va-al-bano-en-su-propia-casa-eleconomista\/\"},\"wordCount\":526,\"publisher\":{\"@id\":\"https:\/\/www.cmalleida.com\/es\/#organization\"},\"image\":{\"@id\":\"https:\/\/www.cmalleida.com\/es\/es-accidente-laboral-la-caida-del-teletrabajador-cuando-va-al-bano-en-su-propia-casa-eleconomista\/#primaryimage\"},\"thumbnailUrl\":\"https:\/\/www.cmalleida.com\/wp-content\/uploads\/cmall-lleida-actualitat-legal762.jpg\",\"articleSection\":[\"Actualidad\",\"Laboral\",\"Sentencia\"],\"inLanguage\":\"es\"},{\"@type\":\"WebPage\",\"@id\":\"https:\/\/www.cmalleida.com\/es\/es-accidente-laboral-la-caida-del-teletrabajador-cuando-va-al-bano-en-su-propia-casa-eleconomista\/\",\"url\":\"https:\/\/www.cmalleida.com\/es\/es-accidente-laboral-la-caida-del-teletrabajador-cuando-va-al-bano-en-su-propia-casa-eleconomista\/\",\"name\":\"Es accidente laboral la ca\u00edda del teletrabajador cuando va al ba\u00f1o en su propia casa (elEconomista) - Col\u00b7legi de Mediadors d&#039;Assegurances de Lleida\",\"isPartOf\":{\"@id\":\"https:\/\/www.cmalleida.com\/es\/#website\"},\"primaryImageOfPage\":{\"@id\":\"https:\/\/www.cmalleida.com\/es\/es-accidente-laboral-la-caida-del-teletrabajador-cuando-va-al-bano-en-su-propia-casa-eleconomista\/#primaryimage\"},\"image\":{\"@id\":\"https:\/\/www.cmalleida.com\/es\/es-accidente-laboral-la-caida-del-teletrabajador-cuando-va-al-bano-en-su-propia-casa-eleconomista\/#primaryimage\"},\"thumbnailUrl\":\"https:\/\/www.cmalleida.com\/wp-content\/uploads\/cmall-lleida-actualitat-legal762.jpg\",\"datePublished\":\"2022-11-11T09:52:47+00:00\",\"dateModified\":\"2022-11-11T09:52:59+00:00\",\"breadcrumb\":{\"@id\":\"https:\/\/www.cmalleida.com\/es\/es-accidente-laboral-la-caida-del-teletrabajador-cuando-va-al-bano-en-su-propia-casa-eleconomista\/#breadcrumb\"},\"inLanguage\":\"es\",\"potentialAction\":[{\"@type\":\"ReadAction\",\"target\":[\"https:\/\/www.cmalleida.com\/es\/es-accidente-laboral-la-caida-del-teletrabajador-cuando-va-al-bano-en-su-propia-casa-eleconomista\/\"]}]},{\"@type\":\"ImageObject\",\"inLanguage\":\"es\",\"@id\":\"https:\/\/www.cmalleida.com\/es\/es-accidente-laboral-la-caida-del-teletrabajador-cuando-va-al-bano-en-su-propia-casa-eleconomista\/#primaryimage\",\"url\":\"https:\/\/www.cmalleida.com\/wp-content\/uploads\/cmall-lleida-actualitat-legal762.jpg\",\"contentUrl\":\"https:\/\/www.cmalleida.com\/wp-content\/uploads\/cmall-lleida-actualitat-legal762.jpg\",\"width\":762,\"height\":762,\"caption\":\"cmall-lleida-actualitat-legal762\"},{\"@type\":\"BreadcrumbList\",\"@id\":\"https:\/\/www.cmalleida.com\/es\/es-accidente-laboral-la-caida-del-teletrabajador-cuando-va-al-bano-en-su-propia-casa-eleconomista\/#breadcrumb\",\"itemListElement\":[{\"@type\":\"ListItem\",\"position\":1,\"name\":\"Inici\",\"item\":\"https:\/\/www.cmalleida.com\/es\/\"},{\"@type\":\"ListItem\",\"position\":2,\"name\":\"Es accidente laboral la ca\u00edda del teletrabajador cuando va al ba\u00f1o en su propia casa (elEconomista)\"}]},{\"@type\":\"WebSite\",\"@id\":\"https:\/\/www.cmalleida.com\/es\/#website\",\"url\":\"https:\/\/www.cmalleida.com\/es\/\",\"name\":\"Col\u00b7legi de Mediadors d&#039;Assegurances de Lleida\",\"description\":\"Otro sitio realizado con WordPress\",\"publisher\":{\"@id\":\"https:\/\/www.cmalleida.com\/es\/#organization\"},\"potentialAction\":[{\"@type\":\"SearchAction\",\"target\":{\"@type\":\"EntryPoint\",\"urlTemplate\":\"https:\/\/www.cmalleida.com\/es\/?s={search_term_string}\"},\"query-input\":{\"@type\":\"PropertyValueSpecification\",\"valueRequired\":true,\"valueName\":\"search_term_string\"}}],\"inLanguage\":\"es\"},{\"@type\":\"Organization\",\"@id\":\"https:\/\/www.cmalleida.com\/es\/#organization\",\"name\":\"Col\u00b7legi de Mediadors d'Assegurances de Lleida\",\"url\":\"https:\/\/www.cmalleida.com\/es\/\",\"logo\":{\"@type\":\"ImageObject\",\"inLanguage\":\"es\",\"@id\":\"https:\/\/www.cmalleida.com\/es\/#\/schema\/logo\/image\/\",\"url\":\"\",\"contentUrl\":\"\",\"caption\":\"Col\u00b7legi de Mediadors d'Assegurances de Lleida\"},\"image\":{\"@id\":\"https:\/\/www.cmalleida.com\/es\/#\/schema\/logo\/image\/\"}},{\"@type\":\"Person\",\"@id\":\"https:\/\/www.cmalleida.com\/es\/#\/schema\/person\/7461453022a0d6ce41c1e530eb4443b4\",\"name\":\"Antonieta Castells Dolcet\",\"image\":{\"@type\":\"ImageObject\",\"inLanguage\":\"es\",\"@id\":\"https:\/\/secure.gravatar.com\/avatar\/7738df9a8ff2d12e8b37d088ff0e3e36016e57ab29e5db27ba4fb758a81ea3cb?s=96&d=mm&r=g\",\"url\":\"https:\/\/secure.gravatar.com\/avatar\/7738df9a8ff2d12e8b37d088ff0e3e36016e57ab29e5db27ba4fb758a81ea3cb?s=96&d=mm&r=g\",\"contentUrl\":\"https:\/\/secure.gravatar.com\/avatar\/7738df9a8ff2d12e8b37d088ff0e3e36016e57ab29e5db27ba4fb758a81ea3cb?s=96&d=mm&r=g\",\"caption\":\"Antonieta Castells Dolcet\"},\"sameAs\":[\"http:\/\/www.cmalleida.com\"]}]}<\/script>\n<!-- \/ Yoast SEO plugin. -->","yoast_head_json":{"title":"Es accidente laboral la ca\u00edda del teletrabajador cuando va al ba\u00f1o en su propia casa (elEconomista) - Col\u00b7legi de Mediadors d&#039;Assegurances de Lleida","robots":{"index":"index","follow":"follow","max-snippet":"max-snippet:-1","max-image-preview":"max-image-preview:large","max-video-preview":"max-video-preview:-1"},"canonical":"https:\/\/www.cmalleida.com\/es\/es-accidente-laboral-la-caida-del-teletrabajador-cuando-va-al-bano-en-su-propia-casa-eleconomista\/","og_locale":"es_ES","og_type":"article","og_title":"Es accidente laboral la ca\u00edda del teletrabajador cuando va al ba\u00f1o en su propia casa (elEconomista) - Col\u00b7legi de Mediadors d&#039;Assegurances de Lleida","og_description":"La situaci\u00f3n se asimila a la del empleado de una f\u00e1brica en esas circunstancias No tiene la misma valoraci\u00f3n un corte accidental con el uso... Llegeix m\u00e9s","og_url":"https:\/\/www.cmalleida.com\/es\/es-accidente-laboral-la-caida-del-teletrabajador-cuando-va-al-bano-en-su-propia-casa-eleconomista\/","og_site_name":"Col\u00b7legi de Mediadors d&#039;Assegurances de Lleida","article_published_time":"2022-11-11T09:52:47+00:00","article_modified_time":"2022-11-11T09:52:59+00:00","og_image":[{"width":762,"height":762,"url":"https:\/\/www.cmalleida.com\/wp-content\/uploads\/cmall-lleida-actualitat-legal762.jpg","type":"image\/jpeg"}],"author":"Antonieta Castells Dolcet","twitter_card":"summary_large_image","twitter_misc":{"Written by":"Antonieta Castells Dolcet","Est. reading time":"3 minutos"},"schema":{"@context":"https:\/\/schema.org","@graph":[{"@type":"Article","@id":"https:\/\/www.cmalleida.com\/es\/es-accidente-laboral-la-caida-del-teletrabajador-cuando-va-al-bano-en-su-propia-casa-eleconomista\/#article","isPartOf":{"@id":"https:\/\/www.cmalleida.com\/es\/es-accidente-laboral-la-caida-del-teletrabajador-cuando-va-al-bano-en-su-propia-casa-eleconomista\/"},"author":{"name":"Antonieta Castells Dolcet","@id":"https:\/\/www.cmalleida.com\/es\/#\/schema\/person\/7461453022a0d6ce41c1e530eb4443b4"},"headline":"Es accidente laboral la ca\u00edda del teletrabajador cuando va al ba\u00f1o en su propia casa (elEconomista)","datePublished":"2022-11-11T09:52:47+00:00","dateModified":"2022-11-11T09:52:59+00:00","mainEntityOfPage":{"@id":"https:\/\/www.cmalleida.com\/es\/es-accidente-laboral-la-caida-del-teletrabajador-cuando-va-al-bano-en-su-propia-casa-eleconomista\/"},"wordCount":526,"publisher":{"@id":"https:\/\/www.cmalleida.com\/es\/#organization"},"image":{"@id":"https:\/\/www.cmalleida.com\/es\/es-accidente-laboral-la-caida-del-teletrabajador-cuando-va-al-bano-en-su-propia-casa-eleconomista\/#primaryimage"},"thumbnailUrl":"https:\/\/www.cmalleida.com\/wp-content\/uploads\/cmall-lleida-actualitat-legal762.jpg","articleSection":["Actualidad","Laboral","Sentencia"],"inLanguage":"es"},{"@type":"WebPage","@id":"https:\/\/www.cmalleida.com\/es\/es-accidente-laboral-la-caida-del-teletrabajador-cuando-va-al-bano-en-su-propia-casa-eleconomista\/","url":"https:\/\/www.cmalleida.com\/es\/es-accidente-laboral-la-caida-del-teletrabajador-cuando-va-al-bano-en-su-propia-casa-eleconomista\/","name":"Es accidente laboral la ca\u00edda del teletrabajador cuando va al ba\u00f1o en su propia casa (elEconomista) - Col\u00b7legi de Mediadors d&#039;Assegurances de Lleida","isPartOf":{"@id":"https:\/\/www.cmalleida.com\/es\/#website"},"primaryImageOfPage":{"@id":"https:\/\/www.cmalleida.com\/es\/es-accidente-laboral-la-caida-del-teletrabajador-cuando-va-al-bano-en-su-propia-casa-eleconomista\/#primaryimage"},"image":{"@id":"https:\/\/www.cmalleida.com\/es\/es-accidente-laboral-la-caida-del-teletrabajador-cuando-va-al-bano-en-su-propia-casa-eleconomista\/#primaryimage"},"thumbnailUrl":"https:\/\/www.cmalleida.com\/wp-content\/uploads\/cmall-lleida-actualitat-legal762.jpg","datePublished":"2022-11-11T09:52:47+00:00","dateModified":"2022-11-11T09:52:59+00:00","breadcrumb":{"@id":"https:\/\/www.cmalleida.com\/es\/es-accidente-laboral-la-caida-del-teletrabajador-cuando-va-al-bano-en-su-propia-casa-eleconomista\/#breadcrumb"},"inLanguage":"es","potentialAction":[{"@type":"ReadAction","target":["https:\/\/www.cmalleida.com\/es\/es-accidente-laboral-la-caida-del-teletrabajador-cuando-va-al-bano-en-su-propia-casa-eleconomista\/"]}]},{"@type":"ImageObject","inLanguage":"es","@id":"https:\/\/www.cmalleida.com\/es\/es-accidente-laboral-la-caida-del-teletrabajador-cuando-va-al-bano-en-su-propia-casa-eleconomista\/#primaryimage","url":"https:\/\/www.cmalleida.com\/wp-content\/uploads\/cmall-lleida-actualitat-legal762.jpg","contentUrl":"https:\/\/www.cmalleida.com\/wp-content\/uploads\/cmall-lleida-actualitat-legal762.jpg","width":762,"height":762,"caption":"cmall-lleida-actualitat-legal762"},{"@type":"BreadcrumbList","@id":"https:\/\/www.cmalleida.com\/es\/es-accidente-laboral-la-caida-del-teletrabajador-cuando-va-al-bano-en-su-propia-casa-eleconomista\/#breadcrumb","itemListElement":[{"@type":"ListItem","position":1,"name":"Inici","item":"https:\/\/www.cmalleida.com\/es\/"},{"@type":"ListItem","position":2,"name":"Es accidente laboral la ca\u00edda del teletrabajador cuando va al ba\u00f1o en su propia casa (elEconomista)"}]},{"@type":"WebSite","@id":"https:\/\/www.cmalleida.com\/es\/#website","url":"https:\/\/www.cmalleida.com\/es\/","name":"Col\u00b7legi de Mediadors d&#039;Assegurances de Lleida","description":"Otro sitio realizado con WordPress","publisher":{"@id":"https:\/\/www.cmalleida.com\/es\/#organization"},"potentialAction":[{"@type":"SearchAction","target":{"@type":"EntryPoint","urlTemplate":"https:\/\/www.cmalleida.com\/es\/?s={search_term_string}"},"query-input":{"@type":"PropertyValueSpecification","valueRequired":true,"valueName":"search_term_string"}}],"inLanguage":"es"},{"@type":"Organization","@id":"https:\/\/www.cmalleida.com\/es\/#organization","name":"Col\u00b7legi de Mediadors d'Assegurances de Lleida","url":"https:\/\/www.cmalleida.com\/es\/","logo":{"@type":"ImageObject","inLanguage":"es","@id":"https:\/\/www.cmalleida.com\/es\/#\/schema\/logo\/image\/","url":"","contentUrl":"","caption":"Col\u00b7legi de Mediadors d'Assegurances de Lleida"},"image":{"@id":"https:\/\/www.cmalleida.com\/es\/#\/schema\/logo\/image\/"}},{"@type":"Person","@id":"https:\/\/www.cmalleida.com\/es\/#\/schema\/person\/7461453022a0d6ce41c1e530eb4443b4","name":"Antonieta Castells Dolcet","image":{"@type":"ImageObject","inLanguage":"es","@id":"https:\/\/secure.gravatar.com\/avatar\/7738df9a8ff2d12e8b37d088ff0e3e36016e57ab29e5db27ba4fb758a81ea3cb?s=96&d=mm&r=g","url":"https:\/\/secure.gravatar.com\/avatar\/7738df9a8ff2d12e8b37d088ff0e3e36016e57ab29e5db27ba4fb758a81ea3cb?s=96&d=mm&r=g","contentUrl":"https:\/\/secure.gravatar.com\/avatar\/7738df9a8ff2d12e8b37d088ff0e3e36016e57ab29e5db27ba4fb758a81ea3cb?s=96&d=mm&r=g","caption":"Antonieta Castells Dolcet"},"sameAs":["http:\/\/www.cmalleida.com"]}]}},"_links":{"self":[{"href":"https:\/\/www.cmalleida.com\/es\/wp-json\/wp\/v2\/posts\/11377","targetHints":{"allow":["GET"]}}],"collection":[{"href":"https:\/\/www.cmalleida.com\/es\/wp-json\/wp\/v2\/posts"}],"about":[{"href":"https:\/\/www.cmalleida.com\/es\/wp-json\/wp\/v2\/types\/post"}],"author":[{"embeddable":true,"href":"https:\/\/www.cmalleida.com\/es\/wp-json\/wp\/v2\/users\/149"}],"replies":[{"embeddable":true,"href":"https:\/\/www.cmalleida.com\/es\/wp-json\/wp\/v2\/comments?post=11377"}],"version-history":[{"count":2,"href":"https:\/\/www.cmalleida.com\/es\/wp-json\/wp\/v2\/posts\/11377\/revisions"}],"predecessor-version":[{"id":11379,"href":"https:\/\/www.cmalleida.com\/es\/wp-json\/wp\/v2\/posts\/11377\/revisions\/11379"}],"wp:featuredmedia":[{"embeddable":true,"href":"https:\/\/www.cmalleida.com\/es\/wp-json\/wp\/v2\/media\/1837"}],"wp:attachment":[{"href":"https:\/\/www.cmalleida.com\/es\/wp-json\/wp\/v2\/media?parent=11377"}],"wp:term":[{"taxonomy":"category","embeddable":true,"href":"https:\/\/www.cmalleida.com\/es\/wp-json\/wp\/v2\/categories?post=11377"},{"taxonomy":"post_tag","embeddable":true,"href":"https:\/\/www.cmalleida.com\/es\/wp-json\/wp\/v2\/tags?post=11377"}],"curies":[{"name":"wp","href":"https:\/\/api.w.org\/{rel}","templated":true}]}}