{"id":11338,"date":"2022-10-28T10:46:54","date_gmt":"2022-10-28T08:46:54","guid":{"rendered":"https:\/\/www.cmalleida.com\/?p=11338"},"modified":"2022-10-28T11:06:55","modified_gmt":"2022-10-28T09:06:55","slug":"el-gobierno-eleva-las-indemnizaciones-por-accidente-de-circulacion-eleconomista","status":"publish","type":"post","link":"https:\/\/www.cmalleida.com\/es\/el-gobierno-eleva-las-indemnizaciones-por-accidente-de-circulacion-eleconomista\/","title":{"rendered":"El Gobierno eleva las indemnizaciones por accidente de circulaci\u00f3n (elEconomista)"},"content":{"rendered":"<div id=\"cuerpo_noticia\" class=\"articleZone cuerpo_noticia\">\n<div class=\"row no-gutters\">\n<div class=\"article-main main-content col-lg-12 col-md-12 col-12 d-flex justify-content-start flex-wrap\">\n<div class=\"col-lg-8 col-md-12 col-12 no-gutters-sm no-gutters-md order-lg-1 order-md-1 order-1\">\n<div class=\"header_ArticleRelated\">\n<div class=\"header_ArticleRelatedContent\">\n<ul>\n<li>Trabaja en transponer la Directiva de Responsabilidad Civil y Seguro de Circulaci\u00f3n<\/li>\n<\/ul>\n<\/div>\n<\/div>\n<div class=\"row div-author d-lg-flex align-items-center mt-4 mb-2 text-lg-left text-center\">\n<div class=\"row no-gutters author-info-container d-flex col-lg-10 col-12\">\n<div class=\"Article__authors col-12\">\n<div class=\"authors_Name d-inline-flex\">\n<ol class=\"breadcrumb\">\n<li class=\"breadcrumb-item\"><a href=\"https:\/\/www.eleconomista.es\/autor\/Xavier-Gil-Pecharroman\">Xavier Gil Pecharrom\u00e1n<\/a><\/li>\n<\/ol>\n<\/div>\n<\/div>\n<div class=\"Article_time col-12 p-0 m-0\">\n<address class=\"d-inline\">Madrid<\/address>\n<p>\u00a0<time class=\"timestamp\">6:00 &#8211; 26\/10\/2022<\/time><\/p>\n<\/div>\n<\/div>\n<\/div>\n<div class=\"row\">\n<div class=\"articleInfo col-lg-2 col-md-12 col-12\">\n<div class=\"row\">El Gobierno aprob\u00f3 ayer un Real Decreto <strong><a href=\"https:\/\/www.cmalleida.com\/wp-content\/uploads\/boe-a-2022-17597.pdf\">BOE-A-2022-17597<\/a> \u00a0<\/strong> que incrementa las indemnizaciones para los afectados por accidentes de circulaci\u00f3n, tanto en el caso de las personas que dependen econ\u00f3micamente de la v\u00edctima en caso de fallecimiento, como las que recibir\u00eda el propio lesionado en caso de incapacidad permanente.<\/div>\n<\/div>\n<div class=\"Article__paragraphGroup col-lg-10 col-md-12 col-12\">\n<p>La Ley sobre Responsabilidad Civil y Seguro en la circulaci\u00f3n de veh\u00edculos a motor recoge el c\u00e1lculo para las cuant\u00edas de las indemnizaciones, cuya actualizaci\u00f3n en el caso de las indemnizaciones b\u00e1sicas es autom\u00e1tica. Para lesionados m\u00e1s graves es precisa la actualizaci\u00f3n peri\u00f3dica, que es la que se regula en el RD, para adaptarlas a la evoluci\u00f3n socio econ\u00f3mica, incluyendo la reparaci\u00f3n econ\u00f3mica de las v\u00edctimas.<\/p>\n<div id=\"contentbox1\" class=\"sunmedia\">\n<div id=\"contentbox-inline\">De forma espec\u00edfica, <b>se incrementan las indemnizaciones por lucro cesante<\/b>, aumentando las cuant\u00edas que percibir\u00edan tanto las personas que dependen econ\u00f3micamente de la v\u00edctima en caso de fallecimiento en accidente de circulaci\u00f3n (c\u00f3nyuge, hijos, padre, hermanos, abuelos, nietos y allegados), como las que recibir\u00eda el lesionado si el accidente le causara\u00a0<b>incapacidad permanente.<\/b>\u00a0Asimismo, se actualizan e incrementan las indemnizaciones si el accidentado requiere la ayuda de terceras personas por el siniestro.<\/div>\n<\/div>\n<\/div>\n<div><\/div>\n<\/div>\n<\/div>\n<\/div>\n<\/div>\n<\/div>\n","protected":false},"excerpt":{"rendered":"<p>Trabaja en transponer la Directiva de Responsabilidad Civil y Seguro de Circulaci\u00f3n Xavier Gil Pecharrom\u00e1n Madrid \u00a06:00 &#8211; 26\/10\/2022 El Gobierno aprob\u00f3 ayer un Real&#8230; <a href=\"https:\/\/www.cmalleida.com\/es\/el-gobierno-eleva-las-indemnizaciones-por-accidente-de-circulacion-eleconomista\/\" rel=\"nofollow\" class=\"lollegirmes\">Llegeix m\u00e9s<\/a><\/p>\n","protected":false},"author":149,"featured_media":1869,"comment_status":"closed","ping_status":"closed","sticky":false,"template":"","format":"standard","meta":{"_acf_changed":false,"_genesis_hide_title":false,"_genesis_hide_breadcrumbs":false,"_genesis_hide_singular_image":false,"_genesis_hide_footer_widgets":false,"_genesis_custom_body_class":"","_genesis_custom_post_class":"","_genesis_layout":"","footnotes":""},"categories":[28,125,126,64],"tags":[],"class_list":{"0":"post-11338","1":"post","2":"type-post","3":"status-publish","4":"format-standard","5":"has-post-thumbnail","7":"category-actualidad","8":"category-assegurances-es","9":"category-indemnitzacions-es","10":"category-legislacion","11":"entry"},"acf":[],"yoast_head":"<!-- This site is optimized with the Yoast SEO plugin v27.2 - https:\/\/yoast.com\/product\/yoast-seo-wordpress\/ -->\n<title>El Gobierno eleva las indemnizaciones por accidente de circulaci\u00f3n (elEconomista) - Col\u00b7legi de Mediadors d&#039;Assegurances de Lleida<\/title>\n<meta name=\"robots\" content=\"index, follow, max-snippet:-1, max-image-preview:large, max-video-preview:-1\" \/>\n<link rel=\"canonical\" href=\"https:\/\/www.cmalleida.com\/es\/el-gobierno-eleva-las-indemnizaciones-por-accidente-de-circulacion-eleconomista\/\" \/>\n<meta property=\"og:locale\" content=\"es_ES\" \/>\n<meta property=\"og:type\" content=\"article\" \/>\n<meta property=\"og:title\" content=\"El Gobierno eleva las indemnizaciones por accidente de circulaci\u00f3n (elEconomista) - Col\u00b7legi de Mediadors d&#039;Assegurances de Lleida\" \/>\n<meta property=\"og:description\" content=\"Trabaja en transponer la Directiva de Responsabilidad Civil y Seguro de Circulaci\u00f3n Xavier Gil Pecharrom\u00e1n Madrid \u00a06:00 &#8211; 26\/10\/2022 El Gobierno aprob\u00f3 ayer un Real... Llegeix m\u00e9s\" \/>\n<meta property=\"og:url\" content=\"https:\/\/www.cmalleida.com\/es\/el-gobierno-eleva-las-indemnizaciones-por-accidente-de-circulacion-eleconomista\/\" \/>\n<meta property=\"og:site_name\" content=\"Col\u00b7legi de Mediadors d&#039;Assegurances de Lleida\" \/>\n<meta property=\"article:published_time\" content=\"2022-10-28T08:46:54+00:00\" \/>\n<meta property=\"article:modified_time\" content=\"2022-10-28T09:06:55+00:00\" \/>\n<meta property=\"og:image\" content=\"https:\/\/www.cmalleida.com\/wp-content\/uploads\/cmall-lleida-actualitat-car762.jpg\" \/>\n\t<meta property=\"og:image:width\" content=\"762\" \/>\n\t<meta property=\"og:image:height\" content=\"762\" \/>\n\t<meta property=\"og:image:type\" content=\"image\/jpeg\" \/>\n<meta name=\"author\" content=\"Antonieta Castells Dolcet\" \/>\n<meta name=\"twitter:card\" content=\"summary_large_image\" \/>\n<meta name=\"twitter:label1\" content=\"Written by\" \/>\n\t<meta name=\"twitter:data1\" content=\"Antonieta Castells Dolcet\" \/>\n\t<meta name=\"twitter:label2\" content=\"Est. reading time\" \/>\n\t<meta name=\"twitter:data2\" content=\"1 minuto\" \/>\n<script type=\"application\/ld+json\" class=\"yoast-schema-graph\">{\"@context\":\"https:\/\/schema.org\",\"@graph\":[{\"@type\":\"Article\",\"@id\":\"https:\/\/www.cmalleida.com\/es\/el-gobierno-eleva-las-indemnizaciones-por-accidente-de-circulacion-eleconomista\/#article\",\"isPartOf\":{\"@id\":\"https:\/\/www.cmalleida.com\/es\/el-gobierno-eleva-las-indemnizaciones-por-accidente-de-circulacion-eleconomista\/\"},\"author\":{\"name\":\"Antonieta Castells Dolcet\",\"@id\":\"https:\/\/www.cmalleida.com\/es\/#\/schema\/person\/7461453022a0d6ce41c1e530eb4443b4\"},\"headline\":\"El Gobierno eleva las indemnizaciones por accidente de circulaci\u00f3n (elEconomista)\",\"datePublished\":\"2022-10-28T08:46:54+00:00\",\"dateModified\":\"2022-10-28T09:06:55+00:00\",\"mainEntityOfPage\":{\"@id\":\"https:\/\/www.cmalleida.com\/es\/el-gobierno-eleva-las-indemnizaciones-por-accidente-de-circulacion-eleconomista\/\"},\"wordCount\":244,\"publisher\":{\"@id\":\"https:\/\/www.cmalleida.com\/es\/#organization\"},\"image\":{\"@id\":\"https:\/\/www.cmalleida.com\/es\/el-gobierno-eleva-las-indemnizaciones-por-accidente-de-circulacion-eleconomista\/#primaryimage\"},\"thumbnailUrl\":\"https:\/\/www.cmalleida.com\/wp-content\/uploads\/cmall-lleida-actualitat-car762.jpg\",\"articleSection\":[\"Actualidad\",\"Assegurances\",\"Indemnitzacions\",\"Legislaci\u00f3n\"],\"inLanguage\":\"es\"},{\"@type\":\"WebPage\",\"@id\":\"https:\/\/www.cmalleida.com\/es\/el-gobierno-eleva-las-indemnizaciones-por-accidente-de-circulacion-eleconomista\/\",\"url\":\"https:\/\/www.cmalleida.com\/es\/el-gobierno-eleva-las-indemnizaciones-por-accidente-de-circulacion-eleconomista\/\",\"name\":\"El Gobierno eleva las indemnizaciones por accidente de circulaci\u00f3n (elEconomista) - Col\u00b7legi de Mediadors d&#039;Assegurances de Lleida\",\"isPartOf\":{\"@id\":\"https:\/\/www.cmalleida.com\/es\/#website\"},\"primaryImageOfPage\":{\"@id\":\"https:\/\/www.cmalleida.com\/es\/el-gobierno-eleva-las-indemnizaciones-por-accidente-de-circulacion-eleconomista\/#primaryimage\"},\"image\":{\"@id\":\"https:\/\/www.cmalleida.com\/es\/el-gobierno-eleva-las-indemnizaciones-por-accidente-de-circulacion-eleconomista\/#primaryimage\"},\"thumbnailUrl\":\"https:\/\/www.cmalleida.com\/wp-content\/uploads\/cmall-lleida-actualitat-car762.jpg\",\"datePublished\":\"2022-10-28T08:46:54+00:00\",\"dateModified\":\"2022-10-28T09:06:55+00:00\",\"breadcrumb\":{\"@id\":\"https:\/\/www.cmalleida.com\/es\/el-gobierno-eleva-las-indemnizaciones-por-accidente-de-circulacion-eleconomista\/#breadcrumb\"},\"inLanguage\":\"es\",\"potentialAction\":[{\"@type\":\"ReadAction\",\"target\":[\"https:\/\/www.cmalleida.com\/es\/el-gobierno-eleva-las-indemnizaciones-por-accidente-de-circulacion-eleconomista\/\"]}]},{\"@type\":\"ImageObject\",\"inLanguage\":\"es\",\"@id\":\"https:\/\/www.cmalleida.com\/es\/el-gobierno-eleva-las-indemnizaciones-por-accidente-de-circulacion-eleconomista\/#primaryimage\",\"url\":\"https:\/\/www.cmalleida.com\/wp-content\/uploads\/cmall-lleida-actualitat-car762.jpg\",\"contentUrl\":\"https:\/\/www.cmalleida.com\/wp-content\/uploads\/cmall-lleida-actualitat-car762.jpg\",\"width\":762,\"height\":762,\"caption\":\"cmall-lleida-actualitat-CAR762\"},{\"@type\":\"BreadcrumbList\",\"@id\":\"https:\/\/www.cmalleida.com\/es\/el-gobierno-eleva-las-indemnizaciones-por-accidente-de-circulacion-eleconomista\/#breadcrumb\",\"itemListElement\":[{\"@type\":\"ListItem\",\"position\":1,\"name\":\"Inici\",\"item\":\"https:\/\/www.cmalleida.com\/es\/\"},{\"@type\":\"ListItem\",\"position\":2,\"name\":\"El Gobierno eleva las indemnizaciones por accidente de circulaci\u00f3n (elEconomista)\"}]},{\"@type\":\"WebSite\",\"@id\":\"https:\/\/www.cmalleida.com\/es\/#website\",\"url\":\"https:\/\/www.cmalleida.com\/es\/\",\"name\":\"Col\u00b7legi de Mediadors d&#039;Assegurances de Lleida\",\"description\":\"Otro sitio realizado con WordPress\",\"publisher\":{\"@id\":\"https:\/\/www.cmalleida.com\/es\/#organization\"},\"potentialAction\":[{\"@type\":\"SearchAction\",\"target\":{\"@type\":\"EntryPoint\",\"urlTemplate\":\"https:\/\/www.cmalleida.com\/es\/?s={search_term_string}\"},\"query-input\":{\"@type\":\"PropertyValueSpecification\",\"valueRequired\":true,\"valueName\":\"search_term_string\"}}],\"inLanguage\":\"es\"},{\"@type\":\"Organization\",\"@id\":\"https:\/\/www.cmalleida.com\/es\/#organization\",\"name\":\"Col\u00b7legi de Mediadors d'Assegurances de Lleida\",\"url\":\"https:\/\/www.cmalleida.com\/es\/\",\"logo\":{\"@type\":\"ImageObject\",\"inLanguage\":\"es\",\"@id\":\"https:\/\/www.cmalleida.com\/es\/#\/schema\/logo\/image\/\",\"url\":\"\",\"contentUrl\":\"\",\"caption\":\"Col\u00b7legi de Mediadors d'Assegurances de Lleida\"},\"image\":{\"@id\":\"https:\/\/www.cmalleida.com\/es\/#\/schema\/logo\/image\/\"}},{\"@type\":\"Person\",\"@id\":\"https:\/\/www.cmalleida.com\/es\/#\/schema\/person\/7461453022a0d6ce41c1e530eb4443b4\",\"name\":\"Antonieta Castells Dolcet\",\"image\":{\"@type\":\"ImageObject\",\"inLanguage\":\"es\",\"@id\":\"https:\/\/secure.gravatar.com\/avatar\/7738df9a8ff2d12e8b37d088ff0e3e36016e57ab29e5db27ba4fb758a81ea3cb?s=96&d=mm&r=g\",\"url\":\"https:\/\/secure.gravatar.com\/avatar\/7738df9a8ff2d12e8b37d088ff0e3e36016e57ab29e5db27ba4fb758a81ea3cb?s=96&d=mm&r=g\",\"contentUrl\":\"https:\/\/secure.gravatar.com\/avatar\/7738df9a8ff2d12e8b37d088ff0e3e36016e57ab29e5db27ba4fb758a81ea3cb?s=96&d=mm&r=g\",\"caption\":\"Antonieta Castells Dolcet\"},\"sameAs\":[\"http:\/\/www.cmalleida.com\"]}]}<\/script>\n<!-- \/ Yoast SEO plugin. -->","yoast_head_json":{"title":"El Gobierno eleva las indemnizaciones por accidente de circulaci\u00f3n (elEconomista) - Col\u00b7legi de Mediadors d&#039;Assegurances de Lleida","robots":{"index":"index","follow":"follow","max-snippet":"max-snippet:-1","max-image-preview":"max-image-preview:large","max-video-preview":"max-video-preview:-1"},"canonical":"https:\/\/www.cmalleida.com\/es\/el-gobierno-eleva-las-indemnizaciones-por-accidente-de-circulacion-eleconomista\/","og_locale":"es_ES","og_type":"article","og_title":"El Gobierno eleva las indemnizaciones por accidente de circulaci\u00f3n (elEconomista) - Col\u00b7legi de Mediadors d&#039;Assegurances de Lleida","og_description":"Trabaja en transponer la Directiva de Responsabilidad Civil y Seguro de Circulaci\u00f3n Xavier Gil Pecharrom\u00e1n Madrid \u00a06:00 &#8211; 26\/10\/2022 El Gobierno aprob\u00f3 ayer un Real... Llegeix m\u00e9s","og_url":"https:\/\/www.cmalleida.com\/es\/el-gobierno-eleva-las-indemnizaciones-por-accidente-de-circulacion-eleconomista\/","og_site_name":"Col\u00b7legi de Mediadors d&#039;Assegurances de Lleida","article_published_time":"2022-10-28T08:46:54+00:00","article_modified_time":"2022-10-28T09:06:55+00:00","og_image":[{"width":762,"height":762,"url":"https:\/\/www.cmalleida.com\/wp-content\/uploads\/cmall-lleida-actualitat-car762.jpg","type":"image\/jpeg"}],"author":"Antonieta Castells Dolcet","twitter_card":"summary_large_image","twitter_misc":{"Written by":"Antonieta Castells Dolcet","Est. reading time":"1 minuto"},"schema":{"@context":"https:\/\/schema.org","@graph":[{"@type":"Article","@id":"https:\/\/www.cmalleida.com\/es\/el-gobierno-eleva-las-indemnizaciones-por-accidente-de-circulacion-eleconomista\/#article","isPartOf":{"@id":"https:\/\/www.cmalleida.com\/es\/el-gobierno-eleva-las-indemnizaciones-por-accidente-de-circulacion-eleconomista\/"},"author":{"name":"Antonieta Castells Dolcet","@id":"https:\/\/www.cmalleida.com\/es\/#\/schema\/person\/7461453022a0d6ce41c1e530eb4443b4"},"headline":"El Gobierno eleva las indemnizaciones por accidente de circulaci\u00f3n (elEconomista)","datePublished":"2022-10-28T08:46:54+00:00","dateModified":"2022-10-28T09:06:55+00:00","mainEntityOfPage":{"@id":"https:\/\/www.cmalleida.com\/es\/el-gobierno-eleva-las-indemnizaciones-por-accidente-de-circulacion-eleconomista\/"},"wordCount":244,"publisher":{"@id":"https:\/\/www.cmalleida.com\/es\/#organization"},"image":{"@id":"https:\/\/www.cmalleida.com\/es\/el-gobierno-eleva-las-indemnizaciones-por-accidente-de-circulacion-eleconomista\/#primaryimage"},"thumbnailUrl":"https:\/\/www.cmalleida.com\/wp-content\/uploads\/cmall-lleida-actualitat-car762.jpg","articleSection":["Actualidad","Assegurances","Indemnitzacions","Legislaci\u00f3n"],"inLanguage":"es"},{"@type":"WebPage","@id":"https:\/\/www.cmalleida.com\/es\/el-gobierno-eleva-las-indemnizaciones-por-accidente-de-circulacion-eleconomista\/","url":"https:\/\/www.cmalleida.com\/es\/el-gobierno-eleva-las-indemnizaciones-por-accidente-de-circulacion-eleconomista\/","name":"El Gobierno eleva las indemnizaciones por accidente de circulaci\u00f3n (elEconomista) - Col\u00b7legi de Mediadors d&#039;Assegurances de Lleida","isPartOf":{"@id":"https:\/\/www.cmalleida.com\/es\/#website"},"primaryImageOfPage":{"@id":"https:\/\/www.cmalleida.com\/es\/el-gobierno-eleva-las-indemnizaciones-por-accidente-de-circulacion-eleconomista\/#primaryimage"},"image":{"@id":"https:\/\/www.cmalleida.com\/es\/el-gobierno-eleva-las-indemnizaciones-por-accidente-de-circulacion-eleconomista\/#primaryimage"},"thumbnailUrl":"https:\/\/www.cmalleida.com\/wp-content\/uploads\/cmall-lleida-actualitat-car762.jpg","datePublished":"2022-10-28T08:46:54+00:00","dateModified":"2022-10-28T09:06:55+00:00","breadcrumb":{"@id":"https:\/\/www.cmalleida.com\/es\/el-gobierno-eleva-las-indemnizaciones-por-accidente-de-circulacion-eleconomista\/#breadcrumb"},"inLanguage":"es","potentialAction":[{"@type":"ReadAction","target":["https:\/\/www.cmalleida.com\/es\/el-gobierno-eleva-las-indemnizaciones-por-accidente-de-circulacion-eleconomista\/"]}]},{"@type":"ImageObject","inLanguage":"es","@id":"https:\/\/www.cmalleida.com\/es\/el-gobierno-eleva-las-indemnizaciones-por-accidente-de-circulacion-eleconomista\/#primaryimage","url":"https:\/\/www.cmalleida.com\/wp-content\/uploads\/cmall-lleida-actualitat-car762.jpg","contentUrl":"https:\/\/www.cmalleida.com\/wp-content\/uploads\/cmall-lleida-actualitat-car762.jpg","width":762,"height":762,"caption":"cmall-lleida-actualitat-CAR762"},{"@type":"BreadcrumbList","@id":"https:\/\/www.cmalleida.com\/es\/el-gobierno-eleva-las-indemnizaciones-por-accidente-de-circulacion-eleconomista\/#breadcrumb","itemListElement":[{"@type":"ListItem","position":1,"name":"Inici","item":"https:\/\/www.cmalleida.com\/es\/"},{"@type":"ListItem","position":2,"name":"El Gobierno eleva las indemnizaciones por accidente de circulaci\u00f3n (elEconomista)"}]},{"@type":"WebSite","@id":"https:\/\/www.cmalleida.com\/es\/#website","url":"https:\/\/www.cmalleida.com\/es\/","name":"Col\u00b7legi de Mediadors d&#039;Assegurances de Lleida","description":"Otro sitio realizado con WordPress","publisher":{"@id":"https:\/\/www.cmalleida.com\/es\/#organization"},"potentialAction":[{"@type":"SearchAction","target":{"@type":"EntryPoint","urlTemplate":"https:\/\/www.cmalleida.com\/es\/?s={search_term_string}"},"query-input":{"@type":"PropertyValueSpecification","valueRequired":true,"valueName":"search_term_string"}}],"inLanguage":"es"},{"@type":"Organization","@id":"https:\/\/www.cmalleida.com\/es\/#organization","name":"Col\u00b7legi de Mediadors d'Assegurances de Lleida","url":"https:\/\/www.cmalleida.com\/es\/","logo":{"@type":"ImageObject","inLanguage":"es","@id":"https:\/\/www.cmalleida.com\/es\/#\/schema\/logo\/image\/","url":"","contentUrl":"","caption":"Col\u00b7legi de Mediadors d'Assegurances de Lleida"},"image":{"@id":"https:\/\/www.cmalleida.com\/es\/#\/schema\/logo\/image\/"}},{"@type":"Person","@id":"https:\/\/www.cmalleida.com\/es\/#\/schema\/person\/7461453022a0d6ce41c1e530eb4443b4","name":"Antonieta Castells Dolcet","image":{"@type":"ImageObject","inLanguage":"es","@id":"https:\/\/secure.gravatar.com\/avatar\/7738df9a8ff2d12e8b37d088ff0e3e36016e57ab29e5db27ba4fb758a81ea3cb?s=96&d=mm&r=g","url":"https:\/\/secure.gravatar.com\/avatar\/7738df9a8ff2d12e8b37d088ff0e3e36016e57ab29e5db27ba4fb758a81ea3cb?s=96&d=mm&r=g","contentUrl":"https:\/\/secure.gravatar.com\/avatar\/7738df9a8ff2d12e8b37d088ff0e3e36016e57ab29e5db27ba4fb758a81ea3cb?s=96&d=mm&r=g","caption":"Antonieta Castells Dolcet"},"sameAs":["http:\/\/www.cmalleida.com"]}]}},"_links":{"self":[{"href":"https:\/\/www.cmalleida.com\/es\/wp-json\/wp\/v2\/posts\/11338","targetHints":{"allow":["GET"]}}],"collection":[{"href":"https:\/\/www.cmalleida.com\/es\/wp-json\/wp\/v2\/posts"}],"about":[{"href":"https:\/\/www.cmalleida.com\/es\/wp-json\/wp\/v2\/types\/post"}],"author":[{"embeddable":true,"href":"https:\/\/www.cmalleida.com\/es\/wp-json\/wp\/v2\/users\/149"}],"replies":[{"embeddable":true,"href":"https:\/\/www.cmalleida.com\/es\/wp-json\/wp\/v2\/comments?post=11338"}],"version-history":[{"count":3,"href":"https:\/\/www.cmalleida.com\/es\/wp-json\/wp\/v2\/posts\/11338\/revisions"}],"predecessor-version":[{"id":11345,"href":"https:\/\/www.cmalleida.com\/es\/wp-json\/wp\/v2\/posts\/11338\/revisions\/11345"}],"wp:featuredmedia":[{"embeddable":true,"href":"https:\/\/www.cmalleida.com\/es\/wp-json\/wp\/v2\/media\/1869"}],"wp:attachment":[{"href":"https:\/\/www.cmalleida.com\/es\/wp-json\/wp\/v2\/media?parent=11338"}],"wp:term":[{"taxonomy":"category","embeddable":true,"href":"https:\/\/www.cmalleida.com\/es\/wp-json\/wp\/v2\/categories?post=11338"},{"taxonomy":"post_tag","embeddable":true,"href":"https:\/\/www.cmalleida.com\/es\/wp-json\/wp\/v2\/tags?post=11338"}],"curies":[{"name":"wp","href":"https:\/\/api.w.org\/{rel}","templated":true}]}}