{"id":11267,"date":"2022-10-21T10:00:22","date_gmt":"2022-10-21T08:00:22","guid":{"rendered":"https:\/\/www.cmalleida.com\/?p=11267"},"modified":"2022-10-21T11:04:31","modified_gmt":"2022-10-21T09:04:31","slug":"mirenchu-del-valle-en-la-jornada-formativa-club-cecas","status":"publish","type":"post","link":"https:\/\/www.cmalleida.com\/es\/mirenchu-del-valle-en-la-jornada-formativa-club-cecas\/","title":{"rendered":"Mirenchu del Valle, en la Jornada formativa Club CECAS"},"content":{"rendered":"<h4>\u201cNecesitamos de est\u00edmulo fiscal para potenciar el ahorro a largo plazo y, parece, que no vamos en la direcci\u00f3n correcta\u201d<\/h4>\n<p>\u2022 Cerca de 500 alumnos del Curso Nivel 1 y colegiados se han dado cita en la jornada online con la secretaria general de UNESPA<\/p>\n<p>18\/10\/2022. La secretaria general de UNESPA ha hecho un llamamiento a la necesidad de reforzar los sistemas de previsi\u00f3n social individual para garantizar un bienestar social y econ\u00f3mico llegado el momento de la jubilaci\u00f3n. \u201cNecesitamos de un est\u00edmulo fiscal para potenciar el ahorro a largo plazo y, parece, que no vamos en la direcci\u00f3n correcta\u201d, as\u00ed lo ha remarcado durante su participaci\u00f3n en una clase magistral organizada por la Escuela de Negocios de Seguros, CECAS con motivo de la inauguraci\u00f3n de una nueva edici\u00f3n del Curso Nivel 1.<\/p>\n<p>Para del Valle, se trata de \u201cuna de las asignaturas pendientes de nuestro pa\u00eds y donde el seguro puede contribuir notablemente para que los ciudadanos, en el momento de su jubilaci\u00f3n, puedan complementar la pensi\u00f3n p\u00fablica con determinado ahorro que les permita, de alguna manera, vivir mejor, m\u00e1s teniendo en cuenta que pueden plantearse situaciones sobrevenidas como enfermedades o dependencia que pueden requerir de un mayor uso de recursos\u201d.<\/p>\n<p>Durante su intervenci\u00f3n, en la que han participado cerca de 500 alumnos y colegiados, la secretaria general de UNESPA se ha referido a pa\u00edses de nuestro entorno destacando que \u201ctodos los pa\u00edses que tienen tasas de ahorro interesantes son pa\u00edses en los que se ha producido una decidida apuesta de los poderes p\u00fablicos en pro del ahorro-previsi\u00f3n que en Espa\u00f1a ha faltado\u201d. En los \u00faltimos dos a\u00f1os, en nuestro pa\u00eds, se ha reducido de 8.000 a 1.500 euros el l\u00edmite de las aportaciones a los planes individuales con derecho a desgravaci\u00f3n en el IRPF.<\/p>\n<p>Del Valle ha reconocido que hay un compromiso por parte de la administraci\u00f3n para el desarrollo de la previsi\u00f3n social en el marco de las empresas (segundo pilar), pero \u201cesto no deber\u00eda implicar limitar la posibilidad de aportaciones a nivel individual (tercer pilar)\u201d, por lo menos, mientras no se haya desarrollado adecuadamente el segundo pilar.<\/p>\n<p>La secretaria general de UNESPA tambi\u00e9n ha aprovechado para realizar un an\u00e1lisis de c\u00f3mo ha sido el proceso de transformaci\u00f3n del sector durante los \u00faltimos a\u00f1os y c\u00f3mo la situaci\u00f3n actual de incertidumbre -guerra de Rusia en Ucrania, crisis energ\u00e9tica, inflaci\u00f3n, cambio clim\u00e1tico- puede afectar a un sector de \u201ccar\u00e1cter contrac\u00edclico\u201d.<\/p>\n<p>Del Valle ha destacado tambi\u00e9n la importancia de la figura del mediador tanto por su capacidad de asesoramiento y acompa\u00f1amiento, como por su conocimiento y, capacidad de formaci\u00f3n continuada y, especialmente, por su capilaridad y capacidad para llegar a cualquier punto de la geograf\u00eda espa\u00f1ola.<\/p>\n","protected":false},"excerpt":{"rendered":"<p>\u201cNecesitamos de est\u00edmulo fiscal para potenciar el ahorro a largo plazo y, parece, que no vamos en la direcci\u00f3n correcta\u201d \u2022 Cerca de 500 alumnos&#8230; <a href=\"https:\/\/www.cmalleida.com\/es\/mirenchu-del-valle-en-la-jornada-formativa-club-cecas\/\" rel=\"nofollow\" class=\"lollegirmes\">Llegeix m\u00e9s<\/a><\/p>\n","protected":false},"author":149,"featured_media":11265,"comment_status":"closed","ping_status":"closed","sticky":false,"template":"","format":"standard","meta":{"_acf_changed":false,"_genesis_hide_title":false,"_genesis_hide_breadcrumbs":false,"_genesis_hide_singular_image":false,"_genesis_hide_footer_widgets":false,"_genesis_custom_body_class":"","_genesis_custom_post_class":"","_genesis_layout":"","footnotes":""},"categories":[28,139],"tags":[],"class_list":{"0":"post-11267","1":"post","2":"type-post","3":"status-publish","4":"format-standard","5":"has-post-thumbnail","7":"category-actualidad","8":"category-institucions-organismes-es","9":"entry"},"acf":[],"yoast_head":"<!-- This site is optimized with the Yoast SEO plugin v27.2 - https:\/\/yoast.com\/product\/yoast-seo-wordpress\/ -->\n<title>Mirenchu del Valle, en la Jornada formativa Club CECAS - Col\u00b7legi de Mediadors d&#039;Assegurances de Lleida<\/title>\n<meta name=\"robots\" content=\"index, follow, max-snippet:-1, max-image-preview:large, max-video-preview:-1\" \/>\n<link rel=\"canonical\" href=\"https:\/\/www.cmalleida.com\/es\/mirenchu-del-valle-en-la-jornada-formativa-club-cecas\/\" \/>\n<meta property=\"og:locale\" content=\"es_ES\" \/>\n<meta property=\"og:type\" content=\"article\" \/>\n<meta property=\"og:title\" content=\"Mirenchu del Valle, en la Jornada formativa Club CECAS - Col\u00b7legi de Mediadors d&#039;Assegurances de Lleida\" \/>\n<meta property=\"og:description\" content=\"\u201cNecesitamos de est\u00edmulo fiscal para potenciar el ahorro a largo plazo y, parece, que no vamos en la direcci\u00f3n correcta\u201d \u2022 Cerca de 500 alumnos... Llegeix m\u00e9s\" \/>\n<meta property=\"og:url\" content=\"https:\/\/www.cmalleida.com\/es\/mirenchu-del-valle-en-la-jornada-formativa-club-cecas\/\" \/>\n<meta property=\"og:site_name\" content=\"Col\u00b7legi de Mediadors d&#039;Assegurances de Lleida\" \/>\n<meta property=\"article:published_time\" content=\"2022-10-21T08:00:22+00:00\" \/>\n<meta property=\"article:modified_time\" content=\"2022-10-21T09:04:31+00:00\" \/>\n<meta property=\"og:image\" content=\"https:\/\/www.cmalleida.com\/wp-content\/uploads\/prevision-social-ahorro-pensiones.jpg\" \/>\n\t<meta property=\"og:image:width\" content=\"1200\" \/>\n\t<meta property=\"og:image:height\" content=\"913\" \/>\n\t<meta property=\"og:image:type\" content=\"image\/jpeg\" \/>\n<meta name=\"author\" content=\"Antonieta Castells Dolcet\" \/>\n<meta name=\"twitter:card\" content=\"summary_large_image\" \/>\n<meta name=\"twitter:label1\" content=\"Written by\" \/>\n\t<meta name=\"twitter:data1\" content=\"Antonieta Castells Dolcet\" \/>\n\t<meta name=\"twitter:label2\" content=\"Est. reading time\" \/>\n\t<meta name=\"twitter:data2\" content=\"2 minutos\" \/>\n<script type=\"application\/ld+json\" class=\"yoast-schema-graph\">{\"@context\":\"https:\/\/schema.org\",\"@graph\":[{\"@type\":\"Article\",\"@id\":\"https:\/\/www.cmalleida.com\/es\/mirenchu-del-valle-en-la-jornada-formativa-club-cecas\/#article\",\"isPartOf\":{\"@id\":\"https:\/\/www.cmalleida.com\/es\/mirenchu-del-valle-en-la-jornada-formativa-club-cecas\/\"},\"author\":{\"name\":\"Antonieta Castells Dolcet\",\"@id\":\"https:\/\/www.cmalleida.com\/es\/#\/schema\/person\/7461453022a0d6ce41c1e530eb4443b4\"},\"headline\":\"Mirenchu del Valle, en la Jornada formativa Club CECAS\",\"datePublished\":\"2022-10-21T08:00:22+00:00\",\"dateModified\":\"2022-10-21T09:04:31+00:00\",\"mainEntityOfPage\":{\"@id\":\"https:\/\/www.cmalleida.com\/es\/mirenchu-del-valle-en-la-jornada-formativa-club-cecas\/\"},\"wordCount\":494,\"publisher\":{\"@id\":\"https:\/\/www.cmalleida.com\/es\/#organization\"},\"image\":{\"@id\":\"https:\/\/www.cmalleida.com\/es\/mirenchu-del-valle-en-la-jornada-formativa-club-cecas\/#primaryimage\"},\"thumbnailUrl\":\"https:\/\/www.cmalleida.com\/wp-content\/uploads\/prevision-social-ahorro-pensiones.jpg\",\"articleSection\":[\"Actualidad\",\"Institucions\/Organismes\"],\"inLanguage\":\"es\"},{\"@type\":\"WebPage\",\"@id\":\"https:\/\/www.cmalleida.com\/es\/mirenchu-del-valle-en-la-jornada-formativa-club-cecas\/\",\"url\":\"https:\/\/www.cmalleida.com\/es\/mirenchu-del-valle-en-la-jornada-formativa-club-cecas\/\",\"name\":\"Mirenchu del Valle, en la Jornada formativa Club CECAS - Col\u00b7legi de Mediadors d&#039;Assegurances de Lleida\",\"isPartOf\":{\"@id\":\"https:\/\/www.cmalleida.com\/es\/#website\"},\"primaryImageOfPage\":{\"@id\":\"https:\/\/www.cmalleida.com\/es\/mirenchu-del-valle-en-la-jornada-formativa-club-cecas\/#primaryimage\"},\"image\":{\"@id\":\"https:\/\/www.cmalleida.com\/es\/mirenchu-del-valle-en-la-jornada-formativa-club-cecas\/#primaryimage\"},\"thumbnailUrl\":\"https:\/\/www.cmalleida.com\/wp-content\/uploads\/prevision-social-ahorro-pensiones.jpg\",\"datePublished\":\"2022-10-21T08:00:22+00:00\",\"dateModified\":\"2022-10-21T09:04:31+00:00\",\"breadcrumb\":{\"@id\":\"https:\/\/www.cmalleida.com\/es\/mirenchu-del-valle-en-la-jornada-formativa-club-cecas\/#breadcrumb\"},\"inLanguage\":\"es\",\"potentialAction\":[{\"@type\":\"ReadAction\",\"target\":[\"https:\/\/www.cmalleida.com\/es\/mirenchu-del-valle-en-la-jornada-formativa-club-cecas\/\"]}]},{\"@type\":\"ImageObject\",\"inLanguage\":\"es\",\"@id\":\"https:\/\/www.cmalleida.com\/es\/mirenchu-del-valle-en-la-jornada-formativa-club-cecas\/#primaryimage\",\"url\":\"https:\/\/www.cmalleida.com\/wp-content\/uploads\/prevision-social-ahorro-pensiones.jpg\",\"contentUrl\":\"https:\/\/www.cmalleida.com\/wp-content\/uploads\/prevision-social-ahorro-pensiones.jpg\",\"width\":1200,\"height\":913,\"caption\":\"Previsi\u00f3n social ahorro pensiones\"},{\"@type\":\"BreadcrumbList\",\"@id\":\"https:\/\/www.cmalleida.com\/es\/mirenchu-del-valle-en-la-jornada-formativa-club-cecas\/#breadcrumb\",\"itemListElement\":[{\"@type\":\"ListItem\",\"position\":1,\"name\":\"Inici\",\"item\":\"https:\/\/www.cmalleida.com\/es\/\"},{\"@type\":\"ListItem\",\"position\":2,\"name\":\"Mirenchu del Valle, en la Jornada formativa Club CECAS\"}]},{\"@type\":\"WebSite\",\"@id\":\"https:\/\/www.cmalleida.com\/es\/#website\",\"url\":\"https:\/\/www.cmalleida.com\/es\/\",\"name\":\"Col\u00b7legi de Mediadors d&#039;Assegurances de Lleida\",\"description\":\"Otro sitio realizado con WordPress\",\"publisher\":{\"@id\":\"https:\/\/www.cmalleida.com\/es\/#organization\"},\"potentialAction\":[{\"@type\":\"SearchAction\",\"target\":{\"@type\":\"EntryPoint\",\"urlTemplate\":\"https:\/\/www.cmalleida.com\/es\/?s={search_term_string}\"},\"query-input\":{\"@type\":\"PropertyValueSpecification\",\"valueRequired\":true,\"valueName\":\"search_term_string\"}}],\"inLanguage\":\"es\"},{\"@type\":\"Organization\",\"@id\":\"https:\/\/www.cmalleida.com\/es\/#organization\",\"name\":\"Col\u00b7legi de Mediadors d'Assegurances de Lleida\",\"url\":\"https:\/\/www.cmalleida.com\/es\/\",\"logo\":{\"@type\":\"ImageObject\",\"inLanguage\":\"es\",\"@id\":\"https:\/\/www.cmalleida.com\/es\/#\/schema\/logo\/image\/\",\"url\":\"\",\"contentUrl\":\"\",\"caption\":\"Col\u00b7legi de Mediadors d'Assegurances de Lleida\"},\"image\":{\"@id\":\"https:\/\/www.cmalleida.com\/es\/#\/schema\/logo\/image\/\"}},{\"@type\":\"Person\",\"@id\":\"https:\/\/www.cmalleida.com\/es\/#\/schema\/person\/7461453022a0d6ce41c1e530eb4443b4\",\"name\":\"Antonieta Castells Dolcet\",\"image\":{\"@type\":\"ImageObject\",\"inLanguage\":\"es\",\"@id\":\"https:\/\/secure.gravatar.com\/avatar\/7738df9a8ff2d12e8b37d088ff0e3e36016e57ab29e5db27ba4fb758a81ea3cb?s=96&d=mm&r=g\",\"url\":\"https:\/\/secure.gravatar.com\/avatar\/7738df9a8ff2d12e8b37d088ff0e3e36016e57ab29e5db27ba4fb758a81ea3cb?s=96&d=mm&r=g\",\"contentUrl\":\"https:\/\/secure.gravatar.com\/avatar\/7738df9a8ff2d12e8b37d088ff0e3e36016e57ab29e5db27ba4fb758a81ea3cb?s=96&d=mm&r=g\",\"caption\":\"Antonieta Castells Dolcet\"},\"sameAs\":[\"http:\/\/www.cmalleida.com\"]}]}<\/script>\n<!-- \/ Yoast SEO plugin. -->","yoast_head_json":{"title":"Mirenchu del Valle, en la Jornada formativa Club CECAS - Col\u00b7legi de Mediadors d&#039;Assegurances de Lleida","robots":{"index":"index","follow":"follow","max-snippet":"max-snippet:-1","max-image-preview":"max-image-preview:large","max-video-preview":"max-video-preview:-1"},"canonical":"https:\/\/www.cmalleida.com\/es\/mirenchu-del-valle-en-la-jornada-formativa-club-cecas\/","og_locale":"es_ES","og_type":"article","og_title":"Mirenchu del Valle, en la Jornada formativa Club CECAS - Col\u00b7legi de Mediadors d&#039;Assegurances de Lleida","og_description":"\u201cNecesitamos de est\u00edmulo fiscal para potenciar el ahorro a largo plazo y, parece, que no vamos en la direcci\u00f3n correcta\u201d \u2022 Cerca de 500 alumnos... Llegeix m\u00e9s","og_url":"https:\/\/www.cmalleida.com\/es\/mirenchu-del-valle-en-la-jornada-formativa-club-cecas\/","og_site_name":"Col\u00b7legi de Mediadors d&#039;Assegurances de Lleida","article_published_time":"2022-10-21T08:00:22+00:00","article_modified_time":"2022-10-21T09:04:31+00:00","og_image":[{"width":1200,"height":913,"url":"https:\/\/www.cmalleida.com\/wp-content\/uploads\/prevision-social-ahorro-pensiones.jpg","type":"image\/jpeg"}],"author":"Antonieta Castells Dolcet","twitter_card":"summary_large_image","twitter_misc":{"Written by":"Antonieta Castells Dolcet","Est. reading time":"2 minutos"},"schema":{"@context":"https:\/\/schema.org","@graph":[{"@type":"Article","@id":"https:\/\/www.cmalleida.com\/es\/mirenchu-del-valle-en-la-jornada-formativa-club-cecas\/#article","isPartOf":{"@id":"https:\/\/www.cmalleida.com\/es\/mirenchu-del-valle-en-la-jornada-formativa-club-cecas\/"},"author":{"name":"Antonieta Castells Dolcet","@id":"https:\/\/www.cmalleida.com\/es\/#\/schema\/person\/7461453022a0d6ce41c1e530eb4443b4"},"headline":"Mirenchu del Valle, en la Jornada formativa Club CECAS","datePublished":"2022-10-21T08:00:22+00:00","dateModified":"2022-10-21T09:04:31+00:00","mainEntityOfPage":{"@id":"https:\/\/www.cmalleida.com\/es\/mirenchu-del-valle-en-la-jornada-formativa-club-cecas\/"},"wordCount":494,"publisher":{"@id":"https:\/\/www.cmalleida.com\/es\/#organization"},"image":{"@id":"https:\/\/www.cmalleida.com\/es\/mirenchu-del-valle-en-la-jornada-formativa-club-cecas\/#primaryimage"},"thumbnailUrl":"https:\/\/www.cmalleida.com\/wp-content\/uploads\/prevision-social-ahorro-pensiones.jpg","articleSection":["Actualidad","Institucions\/Organismes"],"inLanguage":"es"},{"@type":"WebPage","@id":"https:\/\/www.cmalleida.com\/es\/mirenchu-del-valle-en-la-jornada-formativa-club-cecas\/","url":"https:\/\/www.cmalleida.com\/es\/mirenchu-del-valle-en-la-jornada-formativa-club-cecas\/","name":"Mirenchu del Valle, en la Jornada formativa Club CECAS - Col\u00b7legi de Mediadors d&#039;Assegurances de Lleida","isPartOf":{"@id":"https:\/\/www.cmalleida.com\/es\/#website"},"primaryImageOfPage":{"@id":"https:\/\/www.cmalleida.com\/es\/mirenchu-del-valle-en-la-jornada-formativa-club-cecas\/#primaryimage"},"image":{"@id":"https:\/\/www.cmalleida.com\/es\/mirenchu-del-valle-en-la-jornada-formativa-club-cecas\/#primaryimage"},"thumbnailUrl":"https:\/\/www.cmalleida.com\/wp-content\/uploads\/prevision-social-ahorro-pensiones.jpg","datePublished":"2022-10-21T08:00:22+00:00","dateModified":"2022-10-21T09:04:31+00:00","breadcrumb":{"@id":"https:\/\/www.cmalleida.com\/es\/mirenchu-del-valle-en-la-jornada-formativa-club-cecas\/#breadcrumb"},"inLanguage":"es","potentialAction":[{"@type":"ReadAction","target":["https:\/\/www.cmalleida.com\/es\/mirenchu-del-valle-en-la-jornada-formativa-club-cecas\/"]}]},{"@type":"ImageObject","inLanguage":"es","@id":"https:\/\/www.cmalleida.com\/es\/mirenchu-del-valle-en-la-jornada-formativa-club-cecas\/#primaryimage","url":"https:\/\/www.cmalleida.com\/wp-content\/uploads\/prevision-social-ahorro-pensiones.jpg","contentUrl":"https:\/\/www.cmalleida.com\/wp-content\/uploads\/prevision-social-ahorro-pensiones.jpg","width":1200,"height":913,"caption":"Previsi\u00f3n social ahorro pensiones"},{"@type":"BreadcrumbList","@id":"https:\/\/www.cmalleida.com\/es\/mirenchu-del-valle-en-la-jornada-formativa-club-cecas\/#breadcrumb","itemListElement":[{"@type":"ListItem","position":1,"name":"Inici","item":"https:\/\/www.cmalleida.com\/es\/"},{"@type":"ListItem","position":2,"name":"Mirenchu del Valle, en la Jornada formativa Club CECAS"}]},{"@type":"WebSite","@id":"https:\/\/www.cmalleida.com\/es\/#website","url":"https:\/\/www.cmalleida.com\/es\/","name":"Col\u00b7legi de Mediadors d&#039;Assegurances de Lleida","description":"Otro sitio realizado con WordPress","publisher":{"@id":"https:\/\/www.cmalleida.com\/es\/#organization"},"potentialAction":[{"@type":"SearchAction","target":{"@type":"EntryPoint","urlTemplate":"https:\/\/www.cmalleida.com\/es\/?s={search_term_string}"},"query-input":{"@type":"PropertyValueSpecification","valueRequired":true,"valueName":"search_term_string"}}],"inLanguage":"es"},{"@type":"Organization","@id":"https:\/\/www.cmalleida.com\/es\/#organization","name":"Col\u00b7legi de Mediadors d'Assegurances de Lleida","url":"https:\/\/www.cmalleida.com\/es\/","logo":{"@type":"ImageObject","inLanguage":"es","@id":"https:\/\/www.cmalleida.com\/es\/#\/schema\/logo\/image\/","url":"","contentUrl":"","caption":"Col\u00b7legi de Mediadors d'Assegurances de Lleida"},"image":{"@id":"https:\/\/www.cmalleida.com\/es\/#\/schema\/logo\/image\/"}},{"@type":"Person","@id":"https:\/\/www.cmalleida.com\/es\/#\/schema\/person\/7461453022a0d6ce41c1e530eb4443b4","name":"Antonieta Castells Dolcet","image":{"@type":"ImageObject","inLanguage":"es","@id":"https:\/\/secure.gravatar.com\/avatar\/7738df9a8ff2d12e8b37d088ff0e3e36016e57ab29e5db27ba4fb758a81ea3cb?s=96&d=mm&r=g","url":"https:\/\/secure.gravatar.com\/avatar\/7738df9a8ff2d12e8b37d088ff0e3e36016e57ab29e5db27ba4fb758a81ea3cb?s=96&d=mm&r=g","contentUrl":"https:\/\/secure.gravatar.com\/avatar\/7738df9a8ff2d12e8b37d088ff0e3e36016e57ab29e5db27ba4fb758a81ea3cb?s=96&d=mm&r=g","caption":"Antonieta Castells Dolcet"},"sameAs":["http:\/\/www.cmalleida.com"]}]}},"_links":{"self":[{"href":"https:\/\/www.cmalleida.com\/es\/wp-json\/wp\/v2\/posts\/11267","targetHints":{"allow":["GET"]}}],"collection":[{"href":"https:\/\/www.cmalleida.com\/es\/wp-json\/wp\/v2\/posts"}],"about":[{"href":"https:\/\/www.cmalleida.com\/es\/wp-json\/wp\/v2\/types\/post"}],"author":[{"embeddable":true,"href":"https:\/\/www.cmalleida.com\/es\/wp-json\/wp\/v2\/users\/149"}],"replies":[{"embeddable":true,"href":"https:\/\/www.cmalleida.com\/es\/wp-json\/wp\/v2\/comments?post=11267"}],"version-history":[{"count":1,"href":"https:\/\/www.cmalleida.com\/es\/wp-json\/wp\/v2\/posts\/11267\/revisions"}],"predecessor-version":[{"id":11268,"href":"https:\/\/www.cmalleida.com\/es\/wp-json\/wp\/v2\/posts\/11267\/revisions\/11268"}],"wp:featuredmedia":[{"embeddable":true,"href":"https:\/\/www.cmalleida.com\/es\/wp-json\/wp\/v2\/media\/11265"}],"wp:attachment":[{"href":"https:\/\/www.cmalleida.com\/es\/wp-json\/wp\/v2\/media?parent=11267"}],"wp:term":[{"taxonomy":"category","embeddable":true,"href":"https:\/\/www.cmalleida.com\/es\/wp-json\/wp\/v2\/categories?post=11267"},{"taxonomy":"post_tag","embeddable":true,"href":"https:\/\/www.cmalleida.com\/es\/wp-json\/wp\/v2\/tags?post=11267"}],"curies":[{"name":"wp","href":"https:\/\/api.w.org\/{rel}","templated":true}]}}