{"id":11225,"date":"2022-10-14T12:27:59","date_gmt":"2022-10-14T10:27:59","guid":{"rendered":"https:\/\/www.cmalleida.com\/?p=11225"},"modified":"2022-10-14T12:26:34","modified_gmt":"2022-10-14T10:26:34","slug":"javier-barbera-defiende-la-figura-del-mediador-como-la-alternativa-mas-atractiva-para-el-ahorrador-y-el-inversor","status":"publish","type":"post","link":"https:\/\/www.cmalleida.com\/es\/javier-barbera-defiende-la-figura-del-mediador-como-la-alternativa-mas-atractiva-para-el-ahorrador-y-el-inversor\/","title":{"rendered":"Javier Barber\u00e1 defiende la figura del mediador como la alternativa m\u00e1s atractiva para el ahorrador y el inversor"},"content":{"rendered":"<ul>\n<li>El presidente de los mediadores hace un llamamiento a la profesi\u00f3n para formarse y aumentar el peso de la asesor\u00eda financiera en sus negocios<\/li>\n<\/ul>\n<p><strong>11\/10\/2022<\/strong>. El presidente del Consejo General de Mediadores ha participado en el acto de clausura del d\u00eda de la patrona del Colegio de Valencia donde ha hecho un llamamiento a la profesi\u00f3n para aprovechar la oportunidad que da la asesor\u00eda financiera para mejorar el negocio y captar nuevos clientes.<\/p>\n<p>Durante su intervenci\u00f3n, Javier Barber\u00e1 ha afirmado que <em>\u201choy se han incrementado las exigencias, no solo las que hacen referencia al control administrativo sino las que se refieren a las nuevas oportunidades de negocio y a las nuevas capacidades que exige nuestra actividad\u201d.<\/em><\/p>\n<p><em>\u201cEn nuestro tiempo, <\/em>seg\u00fan Barber\u00e1,<em> la sola posesi\u00f3n de una cartera ya no es suficiente ni justifica el derecho a dirigir un negocio, aunque sea la pieza fundamental. \u00danicamente la cualificaci\u00f3n y el servicio otorgan el derecho a resolver las necesidades que los clientes nos plantean\u201d<\/em>.<\/p>\n<p>El cambio de las premisas para la eficacia de nuestra actividad va acompa\u00f1ado de un cambio radical en la postura del mediador ante su trabajo profesional. <em>\u201cMe refiero especialmente, <\/em>ha remarcado Barber\u00e1<em>, a nuestra labor como asesores y, en este momento crucial, como asesores financieros. El valor de la mediaci\u00f3n va a ser determinante para un usuario que necesita soluciones aseguradoras y de rentabilidad\u201d.<\/em><\/p>\n<p>Javier Barber\u00e1 ha recordado que <em>\u201clas compa\u00f1\u00edas est\u00e1n aumentando su papel como motores de desarrollo de la gesti\u00f3n de activos y la mediaci\u00f3n no puede, ni debe, quedarse atr\u00e1s. Frente a la falta de confianza que puede provocar la banca, el sector asegurador, mucho m\u00e1s valorado, y especialmente el mediador, son la alternativa m\u00e1s atractiva para el ahorrador y el inversor.<\/em><\/p>\n<p><em>\u201cTodas las ventajas que ofrece el sector en gesti\u00f3n de activos necesitan contar con el acompa\u00f1amiento de un asesor que ofrezca una propuesta personalizada, ayudando al cliente a ser fiel a su perfil de riesgo para evitar vaivenes y que explique con transparencia las alternativas. Eso solo se consigue, <\/em>concluye Barber\u00e1<em>, con formaci\u00f3n, especializaci\u00f3n y mucha dedicaci\u00f3n\u201d.<\/em><\/p>\n","protected":false},"excerpt":{"rendered":"<p>El presidente de los mediadores hace un llamamiento a la profesi\u00f3n para formarse y aumentar el peso de la asesor\u00eda financiera en sus negocios 11\/10\/2022&#8230;. <a href=\"https:\/\/www.cmalleida.com\/es\/javier-barbera-defiende-la-figura-del-mediador-como-la-alternativa-mas-atractiva-para-el-ahorrador-y-el-inversor\/\" rel=\"nofollow\" class=\"lollegirmes\">Llegeix m\u00e9s<\/a><\/p>\n","protected":false},"author":149,"featured_media":11223,"comment_status":"closed","ping_status":"closed","sticky":false,"template":"","format":"standard","meta":{"_acf_changed":false,"_genesis_hide_title":false,"_genesis_hide_breadcrumbs":false,"_genesis_hide_singular_image":false,"_genesis_hide_footer_widgets":false,"_genesis_custom_body_class":"","_genesis_custom_post_class":"","_genesis_layout":"","footnotes":""},"categories":[28,125,139],"tags":[],"class_list":{"0":"post-11225","1":"post","2":"type-post","3":"status-publish","4":"format-standard","5":"has-post-thumbnail","7":"category-actualidad","8":"category-assegurances-es","9":"category-institucions-organismes-es","10":"entry"},"acf":[],"yoast_head":"<!-- This site is optimized with the Yoast SEO plugin v27.2 - https:\/\/yoast.com\/product\/yoast-seo-wordpress\/ -->\n<title>Javier Barber\u00e1 defiende la figura del mediador como la alternativa m\u00e1s atractiva para el ahorrador y el inversor - Col\u00b7legi de Mediadors d&#039;Assegurances de Lleida<\/title>\n<meta name=\"robots\" content=\"index, follow, max-snippet:-1, max-image-preview:large, max-video-preview:-1\" \/>\n<link rel=\"canonical\" href=\"https:\/\/www.cmalleida.com\/es\/javier-barbera-defiende-la-figura-del-mediador-como-la-alternativa-mas-atractiva-para-el-ahorrador-y-el-inversor\/\" \/>\n<meta property=\"og:locale\" content=\"es_ES\" \/>\n<meta property=\"og:type\" content=\"article\" \/>\n<meta property=\"og:title\" content=\"Javier Barber\u00e1 defiende la figura del mediador como la alternativa m\u00e1s atractiva para el ahorrador y el inversor - Col\u00b7legi de Mediadors d&#039;Assegurances de Lleida\" \/>\n<meta property=\"og:description\" content=\"El presidente de los mediadores hace un llamamiento a la profesi\u00f3n para formarse y aumentar el peso de la asesor\u00eda financiera en sus negocios 11\/10\/2022.... Llegeix m\u00e9s\" \/>\n<meta property=\"og:url\" content=\"https:\/\/www.cmalleida.com\/es\/javier-barbera-defiende-la-figura-del-mediador-como-la-alternativa-mas-atractiva-para-el-ahorrador-y-el-inversor\/\" \/>\n<meta property=\"og:site_name\" content=\"Col\u00b7legi de Mediadors d&#039;Assegurances de Lleida\" \/>\n<meta property=\"article:published_time\" content=\"2022-10-14T10:27:59+00:00\" \/>\n<meta property=\"og:image\" content=\"https:\/\/www.cmalleida.com\/wp-content\/uploads\/acto-de-clausura-del-dia-de-la-patrona-del-colegio-de-valencia.jpeg\" \/>\n\t<meta property=\"og:image:width\" content=\"1600\" \/>\n\t<meta property=\"og:image:height\" content=\"1064\" \/>\n\t<meta property=\"og:image:type\" content=\"image\/jpeg\" \/>\n<meta name=\"author\" content=\"Antonieta Castells Dolcet\" \/>\n<meta name=\"twitter:card\" content=\"summary_large_image\" \/>\n<meta name=\"twitter:label1\" content=\"Written by\" \/>\n\t<meta name=\"twitter:data1\" content=\"Antonieta Castells Dolcet\" \/>\n\t<meta name=\"twitter:label2\" content=\"Est. reading time\" \/>\n\t<meta name=\"twitter:data2\" content=\"2 minutos\" \/>\n<script type=\"application\/ld+json\" class=\"yoast-schema-graph\">{\"@context\":\"https:\/\/schema.org\",\"@graph\":[{\"@type\":\"Article\",\"@id\":\"https:\/\/www.cmalleida.com\/es\/javier-barbera-defiende-la-figura-del-mediador-como-la-alternativa-mas-atractiva-para-el-ahorrador-y-el-inversor\/#article\",\"isPartOf\":{\"@id\":\"https:\/\/www.cmalleida.com\/es\/javier-barbera-defiende-la-figura-del-mediador-como-la-alternativa-mas-atractiva-para-el-ahorrador-y-el-inversor\/\"},\"author\":{\"name\":\"Antonieta Castells Dolcet\",\"@id\":\"https:\/\/www.cmalleida.com\/es\/#\/schema\/person\/7461453022a0d6ce41c1e530eb4443b4\"},\"headline\":\"Javier Barber\u00e1 defiende la figura del mediador como la alternativa m\u00e1s atractiva para el ahorrador y el inversor\",\"datePublished\":\"2022-10-14T10:27:59+00:00\",\"mainEntityOfPage\":{\"@id\":\"https:\/\/www.cmalleida.com\/es\/javier-barbera-defiende-la-figura-del-mediador-como-la-alternativa-mas-atractiva-para-el-ahorrador-y-el-inversor\/\"},\"wordCount\":385,\"publisher\":{\"@id\":\"https:\/\/www.cmalleida.com\/es\/#organization\"},\"image\":{\"@id\":\"https:\/\/www.cmalleida.com\/es\/javier-barbera-defiende-la-figura-del-mediador-como-la-alternativa-mas-atractiva-para-el-ahorrador-y-el-inversor\/#primaryimage\"},\"thumbnailUrl\":\"https:\/\/www.cmalleida.com\/wp-content\/uploads\/acto-de-clausura-del-dia-de-la-patrona-del-colegio-de-valencia.jpeg\",\"articleSection\":[\"Actualidad\",\"Assegurances\",\"Institucions\/Organismes\"],\"inLanguage\":\"es\"},{\"@type\":\"WebPage\",\"@id\":\"https:\/\/www.cmalleida.com\/es\/javier-barbera-defiende-la-figura-del-mediador-como-la-alternativa-mas-atractiva-para-el-ahorrador-y-el-inversor\/\",\"url\":\"https:\/\/www.cmalleida.com\/es\/javier-barbera-defiende-la-figura-del-mediador-como-la-alternativa-mas-atractiva-para-el-ahorrador-y-el-inversor\/\",\"name\":\"Javier Barber\u00e1 defiende la figura del mediador como la alternativa m\u00e1s atractiva para el ahorrador y el inversor - Col\u00b7legi de Mediadors d&#039;Assegurances de Lleida\",\"isPartOf\":{\"@id\":\"https:\/\/www.cmalleida.com\/es\/#website\"},\"primaryImageOfPage\":{\"@id\":\"https:\/\/www.cmalleida.com\/es\/javier-barbera-defiende-la-figura-del-mediador-como-la-alternativa-mas-atractiva-para-el-ahorrador-y-el-inversor\/#primaryimage\"},\"image\":{\"@id\":\"https:\/\/www.cmalleida.com\/es\/javier-barbera-defiende-la-figura-del-mediador-como-la-alternativa-mas-atractiva-para-el-ahorrador-y-el-inversor\/#primaryimage\"},\"thumbnailUrl\":\"https:\/\/www.cmalleida.com\/wp-content\/uploads\/acto-de-clausura-del-dia-de-la-patrona-del-colegio-de-valencia.jpeg\",\"datePublished\":\"2022-10-14T10:27:59+00:00\",\"breadcrumb\":{\"@id\":\"https:\/\/www.cmalleida.com\/es\/javier-barbera-defiende-la-figura-del-mediador-como-la-alternativa-mas-atractiva-para-el-ahorrador-y-el-inversor\/#breadcrumb\"},\"inLanguage\":\"es\",\"potentialAction\":[{\"@type\":\"ReadAction\",\"target\":[\"https:\/\/www.cmalleida.com\/es\/javier-barbera-defiende-la-figura-del-mediador-como-la-alternativa-mas-atractiva-para-el-ahorrador-y-el-inversor\/\"]}]},{\"@type\":\"ImageObject\",\"inLanguage\":\"es\",\"@id\":\"https:\/\/www.cmalleida.com\/es\/javier-barbera-defiende-la-figura-del-mediador-como-la-alternativa-mas-atractiva-para-el-ahorrador-y-el-inversor\/#primaryimage\",\"url\":\"https:\/\/www.cmalleida.com\/wp-content\/uploads\/acto-de-clausura-del-dia-de-la-patrona-del-colegio-de-valencia.jpeg\",\"contentUrl\":\"https:\/\/www.cmalleida.com\/wp-content\/uploads\/acto-de-clausura-del-dia-de-la-patrona-del-colegio-de-valencia.jpeg\",\"width\":1600,\"height\":1064,\"caption\":\"Acto de clausura del d\u00eda de la patrona del Colegio de Valencia\"},{\"@type\":\"BreadcrumbList\",\"@id\":\"https:\/\/www.cmalleida.com\/es\/javier-barbera-defiende-la-figura-del-mediador-como-la-alternativa-mas-atractiva-para-el-ahorrador-y-el-inversor\/#breadcrumb\",\"itemListElement\":[{\"@type\":\"ListItem\",\"position\":1,\"name\":\"Inici\",\"item\":\"https:\/\/www.cmalleida.com\/es\/\"},{\"@type\":\"ListItem\",\"position\":2,\"name\":\"Javier Barber\u00e1 defiende la figura del mediador como la alternativa m\u00e1s atractiva para el ahorrador y el inversor\"}]},{\"@type\":\"WebSite\",\"@id\":\"https:\/\/www.cmalleida.com\/es\/#website\",\"url\":\"https:\/\/www.cmalleida.com\/es\/\",\"name\":\"Col\u00b7legi de Mediadors d&#039;Assegurances de Lleida\",\"description\":\"Otro sitio realizado con WordPress\",\"publisher\":{\"@id\":\"https:\/\/www.cmalleida.com\/es\/#organization\"},\"potentialAction\":[{\"@type\":\"SearchAction\",\"target\":{\"@type\":\"EntryPoint\",\"urlTemplate\":\"https:\/\/www.cmalleida.com\/es\/?s={search_term_string}\"},\"query-input\":{\"@type\":\"PropertyValueSpecification\",\"valueRequired\":true,\"valueName\":\"search_term_string\"}}],\"inLanguage\":\"es\"},{\"@type\":\"Organization\",\"@id\":\"https:\/\/www.cmalleida.com\/es\/#organization\",\"name\":\"Col\u00b7legi de Mediadors d'Assegurances de Lleida\",\"url\":\"https:\/\/www.cmalleida.com\/es\/\",\"logo\":{\"@type\":\"ImageObject\",\"inLanguage\":\"es\",\"@id\":\"https:\/\/www.cmalleida.com\/es\/#\/schema\/logo\/image\/\",\"url\":\"\",\"contentUrl\":\"\",\"caption\":\"Col\u00b7legi de Mediadors d'Assegurances de Lleida\"},\"image\":{\"@id\":\"https:\/\/www.cmalleida.com\/es\/#\/schema\/logo\/image\/\"}},{\"@type\":\"Person\",\"@id\":\"https:\/\/www.cmalleida.com\/es\/#\/schema\/person\/7461453022a0d6ce41c1e530eb4443b4\",\"name\":\"Antonieta Castells Dolcet\",\"image\":{\"@type\":\"ImageObject\",\"inLanguage\":\"es\",\"@id\":\"https:\/\/secure.gravatar.com\/avatar\/7738df9a8ff2d12e8b37d088ff0e3e36016e57ab29e5db27ba4fb758a81ea3cb?s=96&d=mm&r=g\",\"url\":\"https:\/\/secure.gravatar.com\/avatar\/7738df9a8ff2d12e8b37d088ff0e3e36016e57ab29e5db27ba4fb758a81ea3cb?s=96&d=mm&r=g\",\"contentUrl\":\"https:\/\/secure.gravatar.com\/avatar\/7738df9a8ff2d12e8b37d088ff0e3e36016e57ab29e5db27ba4fb758a81ea3cb?s=96&d=mm&r=g\",\"caption\":\"Antonieta Castells Dolcet\"},\"sameAs\":[\"http:\/\/www.cmalleida.com\"]}]}<\/script>\n<!-- \/ Yoast SEO plugin. -->","yoast_head_json":{"title":"Javier Barber\u00e1 defiende la figura del mediador como la alternativa m\u00e1s atractiva para el ahorrador y el inversor - Col\u00b7legi de Mediadors d&#039;Assegurances de Lleida","robots":{"index":"index","follow":"follow","max-snippet":"max-snippet:-1","max-image-preview":"max-image-preview:large","max-video-preview":"max-video-preview:-1"},"canonical":"https:\/\/www.cmalleida.com\/es\/javier-barbera-defiende-la-figura-del-mediador-como-la-alternativa-mas-atractiva-para-el-ahorrador-y-el-inversor\/","og_locale":"es_ES","og_type":"article","og_title":"Javier Barber\u00e1 defiende la figura del mediador como la alternativa m\u00e1s atractiva para el ahorrador y el inversor - Col\u00b7legi de Mediadors d&#039;Assegurances de Lleida","og_description":"El presidente de los mediadores hace un llamamiento a la profesi\u00f3n para formarse y aumentar el peso de la asesor\u00eda financiera en sus negocios 11\/10\/2022.... Llegeix m\u00e9s","og_url":"https:\/\/www.cmalleida.com\/es\/javier-barbera-defiende-la-figura-del-mediador-como-la-alternativa-mas-atractiva-para-el-ahorrador-y-el-inversor\/","og_site_name":"Col\u00b7legi de Mediadors d&#039;Assegurances de Lleida","article_published_time":"2022-10-14T10:27:59+00:00","og_image":[{"width":1600,"height":1064,"url":"https:\/\/www.cmalleida.com\/wp-content\/uploads\/acto-de-clausura-del-dia-de-la-patrona-del-colegio-de-valencia.jpeg","type":"image\/jpeg"}],"author":"Antonieta Castells Dolcet","twitter_card":"summary_large_image","twitter_misc":{"Written by":"Antonieta Castells Dolcet","Est. reading time":"2 minutos"},"schema":{"@context":"https:\/\/schema.org","@graph":[{"@type":"Article","@id":"https:\/\/www.cmalleida.com\/es\/javier-barbera-defiende-la-figura-del-mediador-como-la-alternativa-mas-atractiva-para-el-ahorrador-y-el-inversor\/#article","isPartOf":{"@id":"https:\/\/www.cmalleida.com\/es\/javier-barbera-defiende-la-figura-del-mediador-como-la-alternativa-mas-atractiva-para-el-ahorrador-y-el-inversor\/"},"author":{"name":"Antonieta Castells Dolcet","@id":"https:\/\/www.cmalleida.com\/es\/#\/schema\/person\/7461453022a0d6ce41c1e530eb4443b4"},"headline":"Javier Barber\u00e1 defiende la figura del mediador como la alternativa m\u00e1s atractiva para el ahorrador y el inversor","datePublished":"2022-10-14T10:27:59+00:00","mainEntityOfPage":{"@id":"https:\/\/www.cmalleida.com\/es\/javier-barbera-defiende-la-figura-del-mediador-como-la-alternativa-mas-atractiva-para-el-ahorrador-y-el-inversor\/"},"wordCount":385,"publisher":{"@id":"https:\/\/www.cmalleida.com\/es\/#organization"},"image":{"@id":"https:\/\/www.cmalleida.com\/es\/javier-barbera-defiende-la-figura-del-mediador-como-la-alternativa-mas-atractiva-para-el-ahorrador-y-el-inversor\/#primaryimage"},"thumbnailUrl":"https:\/\/www.cmalleida.com\/wp-content\/uploads\/acto-de-clausura-del-dia-de-la-patrona-del-colegio-de-valencia.jpeg","articleSection":["Actualidad","Assegurances","Institucions\/Organismes"],"inLanguage":"es"},{"@type":"WebPage","@id":"https:\/\/www.cmalleida.com\/es\/javier-barbera-defiende-la-figura-del-mediador-como-la-alternativa-mas-atractiva-para-el-ahorrador-y-el-inversor\/","url":"https:\/\/www.cmalleida.com\/es\/javier-barbera-defiende-la-figura-del-mediador-como-la-alternativa-mas-atractiva-para-el-ahorrador-y-el-inversor\/","name":"Javier Barber\u00e1 defiende la figura del mediador como la alternativa m\u00e1s atractiva para el ahorrador y el inversor - Col\u00b7legi de Mediadors d&#039;Assegurances de Lleida","isPartOf":{"@id":"https:\/\/www.cmalleida.com\/es\/#website"},"primaryImageOfPage":{"@id":"https:\/\/www.cmalleida.com\/es\/javier-barbera-defiende-la-figura-del-mediador-como-la-alternativa-mas-atractiva-para-el-ahorrador-y-el-inversor\/#primaryimage"},"image":{"@id":"https:\/\/www.cmalleida.com\/es\/javier-barbera-defiende-la-figura-del-mediador-como-la-alternativa-mas-atractiva-para-el-ahorrador-y-el-inversor\/#primaryimage"},"thumbnailUrl":"https:\/\/www.cmalleida.com\/wp-content\/uploads\/acto-de-clausura-del-dia-de-la-patrona-del-colegio-de-valencia.jpeg","datePublished":"2022-10-14T10:27:59+00:00","breadcrumb":{"@id":"https:\/\/www.cmalleida.com\/es\/javier-barbera-defiende-la-figura-del-mediador-como-la-alternativa-mas-atractiva-para-el-ahorrador-y-el-inversor\/#breadcrumb"},"inLanguage":"es","potentialAction":[{"@type":"ReadAction","target":["https:\/\/www.cmalleida.com\/es\/javier-barbera-defiende-la-figura-del-mediador-como-la-alternativa-mas-atractiva-para-el-ahorrador-y-el-inversor\/"]}]},{"@type":"ImageObject","inLanguage":"es","@id":"https:\/\/www.cmalleida.com\/es\/javier-barbera-defiende-la-figura-del-mediador-como-la-alternativa-mas-atractiva-para-el-ahorrador-y-el-inversor\/#primaryimage","url":"https:\/\/www.cmalleida.com\/wp-content\/uploads\/acto-de-clausura-del-dia-de-la-patrona-del-colegio-de-valencia.jpeg","contentUrl":"https:\/\/www.cmalleida.com\/wp-content\/uploads\/acto-de-clausura-del-dia-de-la-patrona-del-colegio-de-valencia.jpeg","width":1600,"height":1064,"caption":"Acto de clausura del d\u00eda de la patrona del Colegio de Valencia"},{"@type":"BreadcrumbList","@id":"https:\/\/www.cmalleida.com\/es\/javier-barbera-defiende-la-figura-del-mediador-como-la-alternativa-mas-atractiva-para-el-ahorrador-y-el-inversor\/#breadcrumb","itemListElement":[{"@type":"ListItem","position":1,"name":"Inici","item":"https:\/\/www.cmalleida.com\/es\/"},{"@type":"ListItem","position":2,"name":"Javier Barber\u00e1 defiende la figura del mediador como la alternativa m\u00e1s atractiva para el ahorrador y el inversor"}]},{"@type":"WebSite","@id":"https:\/\/www.cmalleida.com\/es\/#website","url":"https:\/\/www.cmalleida.com\/es\/","name":"Col\u00b7legi de Mediadors d&#039;Assegurances de Lleida","description":"Otro sitio realizado con WordPress","publisher":{"@id":"https:\/\/www.cmalleida.com\/es\/#organization"},"potentialAction":[{"@type":"SearchAction","target":{"@type":"EntryPoint","urlTemplate":"https:\/\/www.cmalleida.com\/es\/?s={search_term_string}"},"query-input":{"@type":"PropertyValueSpecification","valueRequired":true,"valueName":"search_term_string"}}],"inLanguage":"es"},{"@type":"Organization","@id":"https:\/\/www.cmalleida.com\/es\/#organization","name":"Col\u00b7legi de Mediadors d'Assegurances de Lleida","url":"https:\/\/www.cmalleida.com\/es\/","logo":{"@type":"ImageObject","inLanguage":"es","@id":"https:\/\/www.cmalleida.com\/es\/#\/schema\/logo\/image\/","url":"","contentUrl":"","caption":"Col\u00b7legi de Mediadors d'Assegurances de Lleida"},"image":{"@id":"https:\/\/www.cmalleida.com\/es\/#\/schema\/logo\/image\/"}},{"@type":"Person","@id":"https:\/\/www.cmalleida.com\/es\/#\/schema\/person\/7461453022a0d6ce41c1e530eb4443b4","name":"Antonieta Castells Dolcet","image":{"@type":"ImageObject","inLanguage":"es","@id":"https:\/\/secure.gravatar.com\/avatar\/7738df9a8ff2d12e8b37d088ff0e3e36016e57ab29e5db27ba4fb758a81ea3cb?s=96&d=mm&r=g","url":"https:\/\/secure.gravatar.com\/avatar\/7738df9a8ff2d12e8b37d088ff0e3e36016e57ab29e5db27ba4fb758a81ea3cb?s=96&d=mm&r=g","contentUrl":"https:\/\/secure.gravatar.com\/avatar\/7738df9a8ff2d12e8b37d088ff0e3e36016e57ab29e5db27ba4fb758a81ea3cb?s=96&d=mm&r=g","caption":"Antonieta Castells Dolcet"},"sameAs":["http:\/\/www.cmalleida.com"]}]}},"_links":{"self":[{"href":"https:\/\/www.cmalleida.com\/es\/wp-json\/wp\/v2\/posts\/11225","targetHints":{"allow":["GET"]}}],"collection":[{"href":"https:\/\/www.cmalleida.com\/es\/wp-json\/wp\/v2\/posts"}],"about":[{"href":"https:\/\/www.cmalleida.com\/es\/wp-json\/wp\/v2\/types\/post"}],"author":[{"embeddable":true,"href":"https:\/\/www.cmalleida.com\/es\/wp-json\/wp\/v2\/users\/149"}],"replies":[{"embeddable":true,"href":"https:\/\/www.cmalleida.com\/es\/wp-json\/wp\/v2\/comments?post=11225"}],"version-history":[{"count":1,"href":"https:\/\/www.cmalleida.com\/es\/wp-json\/wp\/v2\/posts\/11225\/revisions"}],"predecessor-version":[{"id":11226,"href":"https:\/\/www.cmalleida.com\/es\/wp-json\/wp\/v2\/posts\/11225\/revisions\/11226"}],"wp:featuredmedia":[{"embeddable":true,"href":"https:\/\/www.cmalleida.com\/es\/wp-json\/wp\/v2\/media\/11223"}],"wp:attachment":[{"href":"https:\/\/www.cmalleida.com\/es\/wp-json\/wp\/v2\/media?parent=11225"}],"wp:term":[{"taxonomy":"category","embeddable":true,"href":"https:\/\/www.cmalleida.com\/es\/wp-json\/wp\/v2\/categories?post=11225"},{"taxonomy":"post_tag","embeddable":true,"href":"https:\/\/www.cmalleida.com\/es\/wp-json\/wp\/v2\/tags?post=11225"}],"curies":[{"name":"wp","href":"https:\/\/api.w.org\/{rel}","templated":true}]}}