{"id":11124,"date":"2022-09-16T09:17:02","date_gmt":"2022-09-16T07:17:02","guid":{"rendered":"https:\/\/www.cmalleida.com\/?p=11124"},"modified":"2022-09-16T09:17:12","modified_gmt":"2022-09-16T07:17:12","slug":"las-aseguradoras-comienzan-a-admitir-la-cobertura-de-la-perdida-de-beneficios-de-la-industria-hotelera-ocasionada-por-el-estado-de-alarma-confilegal","status":"publish","type":"post","link":"https:\/\/www.cmalleida.com\/es\/las-aseguradoras-comienzan-a-admitir-la-cobertura-de-la-perdida-de-beneficios-de-la-industria-hotelera-ocasionada-por-el-estado-de-alarma-confilegal\/","title":{"rendered":"Las aseguradoras comienzan a admitir la cobertura de la p\u00e9rdida de beneficios de la industria hotelera ocasionada por el estado de alarma (Confilegal)"},"content":{"rendered":"<div class=\"subtitulo mb-4 order-2\"><\/div>\n<div class=\"info-extra d-flex mb-2 order-4\">\n<div class=\"contenedor-info-extra d-flex order\">\n<div class=\"author\"><a class=\"titulos\" href=\"https:\/\/confilegal.com\/autor\/cberbell\/\">Carlos Berbell<\/a><\/div>\n<div class=\"separador mx-2\">|<\/div>\n<div class=\"date\">13\/9\/2022 06:51<\/div>\n<div class=\"separador mx-2\">|<\/div>\n<div class=\"modified-date\">Actualizado: 12\/9\/2022 23:28<\/div>\n<\/div>\n<\/div>\n<div class=\"row order-12\">\n<div class=\"col-lg-9 contenido-principal entrada d-flex flex-column\">\n<div class=\"contenedor-compartir d-flex order-11\">\n<p>Tal y como aventuraban los expertos, en los grandes riesgos la realidad est\u00e1 demostrando que no existe una soluci\u00f3n \u00fanica para los seguros que, desde el punto de vista de las empresas, otorgaban cobertura a la p\u00e9rdida de beneficios reclamada por la paralizaci\u00f3n de la actividad hotelera durante el estado de alarma, y que todo depend\u00eda del clausulado de cada contrato.<\/p>\n<div class=\"contenido post-353991 post type-post status-publish format-standard has-post-thumbnail hentry category-tribunales pmpro-has-access\">\n<p>Y la terquedad de los hechos parece estar d\u00e1ndoles la raz\u00f3n, a pesar de la inicial oposici\u00f3n de las compa\u00f1\u00edas aseguradoras a aceptarlo.<\/p>\n<p>Un reciente auto del Juzgado de Primera Instancia 4 de Torremolinos, M\u00e1laga \u2013al que hemos tenido acceso\u2013, refleja un hecho sin precedentes. La compa\u00f1\u00eda de seguros RSA Espa\u00f1a se ha allanado parcialmente a la demanda judicial que le interpuso la empresa explotadora de una de las instalaciones hoteleras m\u00e1s importantes de esa provincia por la p\u00e9rdida de beneficios debido al estado de alarma para combatir la pandemia de COVID.<\/p>\n<p>RSA Espa\u00f1a acepta, adem\u00e1s, el pago de los intereses sancionadores del art\u00edculo 20 de la Ley de Contratos de Seguro, reconociendo con ello que el reh\u00fase inicial del siniestro carec\u00eda de todo fundamento.<\/p>\n<blockquote class=\"wp-block-quote\"><p><strong>La decisi\u00f3n de la aseguradora supone un cambio sustancial en la posici\u00f3n aseguradora, que rompe la \u00abl\u00ednea oficial\u00bb seguida hasta ahora de rotundo rechazo a indemnizar la p\u00e9rdida de beneficios por la suspensi\u00f3n de la actividad empresarial decretada por la declaraci\u00f3n del estado de alarma<\/strong><\/p><\/blockquote>\n<p>La aseguradora es una sucursal de RSA Luxemburgo S.A., la cual, a su vez, es parte de RSA Insurance Group Limited, registrada en Inglaterra y Gales.<\/p>\n<p>Este es el primer litigio que afecta a un seguro especial y de amplias condiciones como son los que se suscriben sobre los que se denominan grandes riesgos, ya que las resoluciones que se hab\u00edan conocido hasta el momento hab\u00edan resuelto siniestros de reducida cuant\u00eda de p\u00f3lizas con condiciones estandarizadas para peque\u00f1os negocios.<\/p>\n<p>La importancia del siniestro se evidencia tambi\u00e9n en el hecho de que las partes han contratado para su defensa a dos de los m\u00e1s importantes despachos de abogados especializados en seguros de Espa\u00f1a: Blanco y Asociados (uno de los preferidos en este campo por las sociedades del IBEX) y DWF (uno de los principales despachos de seguros de la City londinense).<\/p>\n<p>Este nuevo cap\u00edtulo en las reclamaciones de los importantes da\u00f1os que la Covid 19 ha causado a la industria en general, y en el sector hotelero en particular, supone un cambio sustancial en la posici\u00f3n aseguradora, que rompe la \u201cl\u00ednea oficial\u201d seguida hasta ahora de rotundo rechazo a indemnizar la p\u00e9rdida de beneficios ocasionada por la suspensi\u00f3n de la actividad empresarial que fue decretada con la declaraci\u00f3n del estado de alarma.<\/p>\n<\/div>\n<\/div>\n<\/div>\n<\/div>\n","protected":false},"excerpt":{"rendered":"<p>Carlos Berbell | 13\/9\/2022 06:51 | Actualizado: 12\/9\/2022 23:28 Tal y como aventuraban los expertos, en los grandes riesgos la realidad est\u00e1 demostrando que no&#8230; <a href=\"https:\/\/www.cmalleida.com\/es\/las-aseguradoras-comienzan-a-admitir-la-cobertura-de-la-perdida-de-beneficios-de-la-industria-hotelera-ocasionada-por-el-estado-de-alarma-confilegal\/\" rel=\"nofollow\" class=\"lollegirmes\">Llegeix m\u00e9s<\/a><\/p>\n","protected":false},"author":149,"featured_media":1837,"comment_status":"closed","ping_status":"closed","sticky":false,"template":"","format":"standard","meta":{"_acf_changed":false,"_genesis_hide_title":false,"_genesis_hide_breadcrumbs":false,"_genesis_hide_singular_image":false,"_genesis_hide_footer_widgets":false,"_genesis_custom_body_class":"","_genesis_custom_post_class":"","_genesis_layout":"","footnotes":""},"categories":[28,125,126,59],"tags":[],"class_list":{"0":"post-11124","1":"post","2":"type-post","3":"status-publish","4":"format-standard","5":"has-post-thumbnail","7":"category-actualidad","8":"category-assegurances-es","9":"category-indemnitzacions-es","10":"category-sentencia-es","11":"entry"},"acf":[],"yoast_head":"<!-- This site is optimized with the Yoast SEO plugin v27.2 - https:\/\/yoast.com\/product\/yoast-seo-wordpress\/ -->\n<title>Las aseguradoras comienzan a admitir la cobertura de la p\u00e9rdida de beneficios de la industria hotelera ocasionada por el estado de alarma (Confilegal) - Col\u00b7legi de Mediadors d&#039;Assegurances de Lleida<\/title>\n<meta name=\"robots\" content=\"index, follow, max-snippet:-1, max-image-preview:large, max-video-preview:-1\" \/>\n<link rel=\"canonical\" href=\"https:\/\/www.cmalleida.com\/es\/las-aseguradoras-comienzan-a-admitir-la-cobertura-de-la-perdida-de-beneficios-de-la-industria-hotelera-ocasionada-por-el-estado-de-alarma-confilegal\/\" \/>\n<meta property=\"og:locale\" content=\"es_ES\" \/>\n<meta property=\"og:type\" content=\"article\" \/>\n<meta property=\"og:title\" content=\"Las aseguradoras comienzan a admitir la cobertura de la p\u00e9rdida de beneficios de la industria hotelera ocasionada por el estado de alarma (Confilegal) - Col\u00b7legi de Mediadors d&#039;Assegurances de Lleida\" \/>\n<meta property=\"og:description\" content=\"Carlos Berbell | 13\/9\/2022 06:51 | Actualizado: 12\/9\/2022 23:28 Tal y como aventuraban los expertos, en los grandes riesgos la realidad est\u00e1 demostrando que no... Llegeix m\u00e9s\" \/>\n<meta property=\"og:url\" content=\"https:\/\/www.cmalleida.com\/es\/las-aseguradoras-comienzan-a-admitir-la-cobertura-de-la-perdida-de-beneficios-de-la-industria-hotelera-ocasionada-por-el-estado-de-alarma-confilegal\/\" \/>\n<meta property=\"og:site_name\" content=\"Col\u00b7legi de Mediadors d&#039;Assegurances de Lleida\" \/>\n<meta property=\"article:published_time\" content=\"2022-09-16T07:17:02+00:00\" \/>\n<meta property=\"article:modified_time\" content=\"2022-09-16T07:17:12+00:00\" \/>\n<meta property=\"og:image\" content=\"https:\/\/www.cmalleida.com\/wp-content\/uploads\/cmall-lleida-actualitat-legal762.jpg\" \/>\n\t<meta property=\"og:image:width\" content=\"762\" \/>\n\t<meta property=\"og:image:height\" content=\"762\" \/>\n\t<meta property=\"og:image:type\" content=\"image\/jpeg\" \/>\n<meta name=\"author\" content=\"Antonieta Castells Dolcet\" \/>\n<meta name=\"twitter:card\" content=\"summary_large_image\" \/>\n<meta name=\"twitter:label1\" content=\"Written by\" \/>\n\t<meta name=\"twitter:data1\" content=\"Antonieta Castells Dolcet\" \/>\n\t<meta name=\"twitter:label2\" content=\"Est. reading time\" \/>\n\t<meta name=\"twitter:data2\" content=\"2 minutos\" \/>\n<script type=\"application\/ld+json\" class=\"yoast-schema-graph\">{\"@context\":\"https:\/\/schema.org\",\"@graph\":[{\"@type\":\"Article\",\"@id\":\"https:\/\/www.cmalleida.com\/es\/las-aseguradoras-comienzan-a-admitir-la-cobertura-de-la-perdida-de-beneficios-de-la-industria-hotelera-ocasionada-por-el-estado-de-alarma-confilegal\/#article\",\"isPartOf\":{\"@id\":\"https:\/\/www.cmalleida.com\/es\/las-aseguradoras-comienzan-a-admitir-la-cobertura-de-la-perdida-de-beneficios-de-la-industria-hotelera-ocasionada-por-el-estado-de-alarma-confilegal\/\"},\"author\":{\"name\":\"Antonieta Castells Dolcet\",\"@id\":\"https:\/\/www.cmalleida.com\/es\/#\/schema\/person\/7461453022a0d6ce41c1e530eb4443b4\"},\"headline\":\"Las aseguradoras comienzan a admitir la cobertura de la p\u00e9rdida de beneficios de la industria hotelera ocasionada por el estado de alarma (Confilegal)\",\"datePublished\":\"2022-09-16T07:17:02+00:00\",\"dateModified\":\"2022-09-16T07:17:12+00:00\",\"mainEntityOfPage\":{\"@id\":\"https:\/\/www.cmalleida.com\/es\/las-aseguradoras-comienzan-a-admitir-la-cobertura-de-la-perdida-de-beneficios-de-la-industria-hotelera-ocasionada-por-el-estado-de-alarma-confilegal\/\"},\"wordCount\":506,\"publisher\":{\"@id\":\"https:\/\/www.cmalleida.com\/es\/#organization\"},\"image\":{\"@id\":\"https:\/\/www.cmalleida.com\/es\/las-aseguradoras-comienzan-a-admitir-la-cobertura-de-la-perdida-de-beneficios-de-la-industria-hotelera-ocasionada-por-el-estado-de-alarma-confilegal\/#primaryimage\"},\"thumbnailUrl\":\"https:\/\/www.cmalleida.com\/wp-content\/uploads\/cmall-lleida-actualitat-legal762.jpg\",\"articleSection\":[\"Actualidad\",\"Assegurances\",\"Indemnitzacions\",\"Sentencia\"],\"inLanguage\":\"es\"},{\"@type\":\"WebPage\",\"@id\":\"https:\/\/www.cmalleida.com\/es\/las-aseguradoras-comienzan-a-admitir-la-cobertura-de-la-perdida-de-beneficios-de-la-industria-hotelera-ocasionada-por-el-estado-de-alarma-confilegal\/\",\"url\":\"https:\/\/www.cmalleida.com\/es\/las-aseguradoras-comienzan-a-admitir-la-cobertura-de-la-perdida-de-beneficios-de-la-industria-hotelera-ocasionada-por-el-estado-de-alarma-confilegal\/\",\"name\":\"Las aseguradoras comienzan a admitir la cobertura de la p\u00e9rdida de beneficios de la industria hotelera ocasionada por el estado de alarma (Confilegal) - Col\u00b7legi de Mediadors d&#039;Assegurances de Lleida\",\"isPartOf\":{\"@id\":\"https:\/\/www.cmalleida.com\/es\/#website\"},\"primaryImageOfPage\":{\"@id\":\"https:\/\/www.cmalleida.com\/es\/las-aseguradoras-comienzan-a-admitir-la-cobertura-de-la-perdida-de-beneficios-de-la-industria-hotelera-ocasionada-por-el-estado-de-alarma-confilegal\/#primaryimage\"},\"image\":{\"@id\":\"https:\/\/www.cmalleida.com\/es\/las-aseguradoras-comienzan-a-admitir-la-cobertura-de-la-perdida-de-beneficios-de-la-industria-hotelera-ocasionada-por-el-estado-de-alarma-confilegal\/#primaryimage\"},\"thumbnailUrl\":\"https:\/\/www.cmalleida.com\/wp-content\/uploads\/cmall-lleida-actualitat-legal762.jpg\",\"datePublished\":\"2022-09-16T07:17:02+00:00\",\"dateModified\":\"2022-09-16T07:17:12+00:00\",\"breadcrumb\":{\"@id\":\"https:\/\/www.cmalleida.com\/es\/las-aseguradoras-comienzan-a-admitir-la-cobertura-de-la-perdida-de-beneficios-de-la-industria-hotelera-ocasionada-por-el-estado-de-alarma-confilegal\/#breadcrumb\"},\"inLanguage\":\"es\",\"potentialAction\":[{\"@type\":\"ReadAction\",\"target\":[\"https:\/\/www.cmalleida.com\/es\/las-aseguradoras-comienzan-a-admitir-la-cobertura-de-la-perdida-de-beneficios-de-la-industria-hotelera-ocasionada-por-el-estado-de-alarma-confilegal\/\"]}]},{\"@type\":\"ImageObject\",\"inLanguage\":\"es\",\"@id\":\"https:\/\/www.cmalleida.com\/es\/las-aseguradoras-comienzan-a-admitir-la-cobertura-de-la-perdida-de-beneficios-de-la-industria-hotelera-ocasionada-por-el-estado-de-alarma-confilegal\/#primaryimage\",\"url\":\"https:\/\/www.cmalleida.com\/wp-content\/uploads\/cmall-lleida-actualitat-legal762.jpg\",\"contentUrl\":\"https:\/\/www.cmalleida.com\/wp-content\/uploads\/cmall-lleida-actualitat-legal762.jpg\",\"width\":762,\"height\":762,\"caption\":\"cmall-lleida-actualitat-legal762\"},{\"@type\":\"BreadcrumbList\",\"@id\":\"https:\/\/www.cmalleida.com\/es\/las-aseguradoras-comienzan-a-admitir-la-cobertura-de-la-perdida-de-beneficios-de-la-industria-hotelera-ocasionada-por-el-estado-de-alarma-confilegal\/#breadcrumb\",\"itemListElement\":[{\"@type\":\"ListItem\",\"position\":1,\"name\":\"Inici\",\"item\":\"https:\/\/www.cmalleida.com\/es\/\"},{\"@type\":\"ListItem\",\"position\":2,\"name\":\"Las aseguradoras comienzan a admitir la cobertura de la p\u00e9rdida de beneficios de la industria hotelera ocasionada por el estado de alarma (Confilegal)\"}]},{\"@type\":\"WebSite\",\"@id\":\"https:\/\/www.cmalleida.com\/es\/#website\",\"url\":\"https:\/\/www.cmalleida.com\/es\/\",\"name\":\"Col\u00b7legi de Mediadors d&#039;Assegurances de Lleida\",\"description\":\"Otro sitio realizado con WordPress\",\"publisher\":{\"@id\":\"https:\/\/www.cmalleida.com\/es\/#organization\"},\"potentialAction\":[{\"@type\":\"SearchAction\",\"target\":{\"@type\":\"EntryPoint\",\"urlTemplate\":\"https:\/\/www.cmalleida.com\/es\/?s={search_term_string}\"},\"query-input\":{\"@type\":\"PropertyValueSpecification\",\"valueRequired\":true,\"valueName\":\"search_term_string\"}}],\"inLanguage\":\"es\"},{\"@type\":\"Organization\",\"@id\":\"https:\/\/www.cmalleida.com\/es\/#organization\",\"name\":\"Col\u00b7legi de Mediadors d'Assegurances de Lleida\",\"url\":\"https:\/\/www.cmalleida.com\/es\/\",\"logo\":{\"@type\":\"ImageObject\",\"inLanguage\":\"es\",\"@id\":\"https:\/\/www.cmalleida.com\/es\/#\/schema\/logo\/image\/\",\"url\":\"\",\"contentUrl\":\"\",\"caption\":\"Col\u00b7legi de Mediadors d'Assegurances de Lleida\"},\"image\":{\"@id\":\"https:\/\/www.cmalleida.com\/es\/#\/schema\/logo\/image\/\"}},{\"@type\":\"Person\",\"@id\":\"https:\/\/www.cmalleida.com\/es\/#\/schema\/person\/7461453022a0d6ce41c1e530eb4443b4\",\"name\":\"Antonieta Castells Dolcet\",\"image\":{\"@type\":\"ImageObject\",\"inLanguage\":\"es\",\"@id\":\"https:\/\/secure.gravatar.com\/avatar\/7738df9a8ff2d12e8b37d088ff0e3e36016e57ab29e5db27ba4fb758a81ea3cb?s=96&d=mm&r=g\",\"url\":\"https:\/\/secure.gravatar.com\/avatar\/7738df9a8ff2d12e8b37d088ff0e3e36016e57ab29e5db27ba4fb758a81ea3cb?s=96&d=mm&r=g\",\"contentUrl\":\"https:\/\/secure.gravatar.com\/avatar\/7738df9a8ff2d12e8b37d088ff0e3e36016e57ab29e5db27ba4fb758a81ea3cb?s=96&d=mm&r=g\",\"caption\":\"Antonieta Castells Dolcet\"},\"sameAs\":[\"http:\/\/www.cmalleida.com\"]}]}<\/script>\n<!-- \/ Yoast SEO plugin. -->","yoast_head_json":{"title":"Las aseguradoras comienzan a admitir la cobertura de la p\u00e9rdida de beneficios de la industria hotelera ocasionada por el estado de alarma (Confilegal) - Col\u00b7legi de Mediadors d&#039;Assegurances de Lleida","robots":{"index":"index","follow":"follow","max-snippet":"max-snippet:-1","max-image-preview":"max-image-preview:large","max-video-preview":"max-video-preview:-1"},"canonical":"https:\/\/www.cmalleida.com\/es\/las-aseguradoras-comienzan-a-admitir-la-cobertura-de-la-perdida-de-beneficios-de-la-industria-hotelera-ocasionada-por-el-estado-de-alarma-confilegal\/","og_locale":"es_ES","og_type":"article","og_title":"Las aseguradoras comienzan a admitir la cobertura de la p\u00e9rdida de beneficios de la industria hotelera ocasionada por el estado de alarma (Confilegal) - Col\u00b7legi de Mediadors d&#039;Assegurances de Lleida","og_description":"Carlos Berbell | 13\/9\/2022 06:51 | Actualizado: 12\/9\/2022 23:28 Tal y como aventuraban los expertos, en los grandes riesgos la realidad est\u00e1 demostrando que no... Llegeix m\u00e9s","og_url":"https:\/\/www.cmalleida.com\/es\/las-aseguradoras-comienzan-a-admitir-la-cobertura-de-la-perdida-de-beneficios-de-la-industria-hotelera-ocasionada-por-el-estado-de-alarma-confilegal\/","og_site_name":"Col\u00b7legi de Mediadors d&#039;Assegurances de Lleida","article_published_time":"2022-09-16T07:17:02+00:00","article_modified_time":"2022-09-16T07:17:12+00:00","og_image":[{"width":762,"height":762,"url":"https:\/\/www.cmalleida.com\/wp-content\/uploads\/cmall-lleida-actualitat-legal762.jpg","type":"image\/jpeg"}],"author":"Antonieta Castells Dolcet","twitter_card":"summary_large_image","twitter_misc":{"Written by":"Antonieta Castells Dolcet","Est. reading time":"2 minutos"},"schema":{"@context":"https:\/\/schema.org","@graph":[{"@type":"Article","@id":"https:\/\/www.cmalleida.com\/es\/las-aseguradoras-comienzan-a-admitir-la-cobertura-de-la-perdida-de-beneficios-de-la-industria-hotelera-ocasionada-por-el-estado-de-alarma-confilegal\/#article","isPartOf":{"@id":"https:\/\/www.cmalleida.com\/es\/las-aseguradoras-comienzan-a-admitir-la-cobertura-de-la-perdida-de-beneficios-de-la-industria-hotelera-ocasionada-por-el-estado-de-alarma-confilegal\/"},"author":{"name":"Antonieta Castells Dolcet","@id":"https:\/\/www.cmalleida.com\/es\/#\/schema\/person\/7461453022a0d6ce41c1e530eb4443b4"},"headline":"Las aseguradoras comienzan a admitir la cobertura de la p\u00e9rdida de beneficios de la industria hotelera ocasionada por el estado de alarma (Confilegal)","datePublished":"2022-09-16T07:17:02+00:00","dateModified":"2022-09-16T07:17:12+00:00","mainEntityOfPage":{"@id":"https:\/\/www.cmalleida.com\/es\/las-aseguradoras-comienzan-a-admitir-la-cobertura-de-la-perdida-de-beneficios-de-la-industria-hotelera-ocasionada-por-el-estado-de-alarma-confilegal\/"},"wordCount":506,"publisher":{"@id":"https:\/\/www.cmalleida.com\/es\/#organization"},"image":{"@id":"https:\/\/www.cmalleida.com\/es\/las-aseguradoras-comienzan-a-admitir-la-cobertura-de-la-perdida-de-beneficios-de-la-industria-hotelera-ocasionada-por-el-estado-de-alarma-confilegal\/#primaryimage"},"thumbnailUrl":"https:\/\/www.cmalleida.com\/wp-content\/uploads\/cmall-lleida-actualitat-legal762.jpg","articleSection":["Actualidad","Assegurances","Indemnitzacions","Sentencia"],"inLanguage":"es"},{"@type":"WebPage","@id":"https:\/\/www.cmalleida.com\/es\/las-aseguradoras-comienzan-a-admitir-la-cobertura-de-la-perdida-de-beneficios-de-la-industria-hotelera-ocasionada-por-el-estado-de-alarma-confilegal\/","url":"https:\/\/www.cmalleida.com\/es\/las-aseguradoras-comienzan-a-admitir-la-cobertura-de-la-perdida-de-beneficios-de-la-industria-hotelera-ocasionada-por-el-estado-de-alarma-confilegal\/","name":"Las aseguradoras comienzan a admitir la cobertura de la p\u00e9rdida de beneficios de la industria hotelera ocasionada por el estado de alarma (Confilegal) - Col\u00b7legi de Mediadors d&#039;Assegurances de Lleida","isPartOf":{"@id":"https:\/\/www.cmalleida.com\/es\/#website"},"primaryImageOfPage":{"@id":"https:\/\/www.cmalleida.com\/es\/las-aseguradoras-comienzan-a-admitir-la-cobertura-de-la-perdida-de-beneficios-de-la-industria-hotelera-ocasionada-por-el-estado-de-alarma-confilegal\/#primaryimage"},"image":{"@id":"https:\/\/www.cmalleida.com\/es\/las-aseguradoras-comienzan-a-admitir-la-cobertura-de-la-perdida-de-beneficios-de-la-industria-hotelera-ocasionada-por-el-estado-de-alarma-confilegal\/#primaryimage"},"thumbnailUrl":"https:\/\/www.cmalleida.com\/wp-content\/uploads\/cmall-lleida-actualitat-legal762.jpg","datePublished":"2022-09-16T07:17:02+00:00","dateModified":"2022-09-16T07:17:12+00:00","breadcrumb":{"@id":"https:\/\/www.cmalleida.com\/es\/las-aseguradoras-comienzan-a-admitir-la-cobertura-de-la-perdida-de-beneficios-de-la-industria-hotelera-ocasionada-por-el-estado-de-alarma-confilegal\/#breadcrumb"},"inLanguage":"es","potentialAction":[{"@type":"ReadAction","target":["https:\/\/www.cmalleida.com\/es\/las-aseguradoras-comienzan-a-admitir-la-cobertura-de-la-perdida-de-beneficios-de-la-industria-hotelera-ocasionada-por-el-estado-de-alarma-confilegal\/"]}]},{"@type":"ImageObject","inLanguage":"es","@id":"https:\/\/www.cmalleida.com\/es\/las-aseguradoras-comienzan-a-admitir-la-cobertura-de-la-perdida-de-beneficios-de-la-industria-hotelera-ocasionada-por-el-estado-de-alarma-confilegal\/#primaryimage","url":"https:\/\/www.cmalleida.com\/wp-content\/uploads\/cmall-lleida-actualitat-legal762.jpg","contentUrl":"https:\/\/www.cmalleida.com\/wp-content\/uploads\/cmall-lleida-actualitat-legal762.jpg","width":762,"height":762,"caption":"cmall-lleida-actualitat-legal762"},{"@type":"BreadcrumbList","@id":"https:\/\/www.cmalleida.com\/es\/las-aseguradoras-comienzan-a-admitir-la-cobertura-de-la-perdida-de-beneficios-de-la-industria-hotelera-ocasionada-por-el-estado-de-alarma-confilegal\/#breadcrumb","itemListElement":[{"@type":"ListItem","position":1,"name":"Inici","item":"https:\/\/www.cmalleida.com\/es\/"},{"@type":"ListItem","position":2,"name":"Las aseguradoras comienzan a admitir la cobertura de la p\u00e9rdida de beneficios de la industria hotelera ocasionada por el estado de alarma (Confilegal)"}]},{"@type":"WebSite","@id":"https:\/\/www.cmalleida.com\/es\/#website","url":"https:\/\/www.cmalleida.com\/es\/","name":"Col\u00b7legi de Mediadors d&#039;Assegurances de Lleida","description":"Otro sitio realizado con WordPress","publisher":{"@id":"https:\/\/www.cmalleida.com\/es\/#organization"},"potentialAction":[{"@type":"SearchAction","target":{"@type":"EntryPoint","urlTemplate":"https:\/\/www.cmalleida.com\/es\/?s={search_term_string}"},"query-input":{"@type":"PropertyValueSpecification","valueRequired":true,"valueName":"search_term_string"}}],"inLanguage":"es"},{"@type":"Organization","@id":"https:\/\/www.cmalleida.com\/es\/#organization","name":"Col\u00b7legi de Mediadors d'Assegurances de Lleida","url":"https:\/\/www.cmalleida.com\/es\/","logo":{"@type":"ImageObject","inLanguage":"es","@id":"https:\/\/www.cmalleida.com\/es\/#\/schema\/logo\/image\/","url":"","contentUrl":"","caption":"Col\u00b7legi de Mediadors d'Assegurances de Lleida"},"image":{"@id":"https:\/\/www.cmalleida.com\/es\/#\/schema\/logo\/image\/"}},{"@type":"Person","@id":"https:\/\/www.cmalleida.com\/es\/#\/schema\/person\/7461453022a0d6ce41c1e530eb4443b4","name":"Antonieta Castells Dolcet","image":{"@type":"ImageObject","inLanguage":"es","@id":"https:\/\/secure.gravatar.com\/avatar\/7738df9a8ff2d12e8b37d088ff0e3e36016e57ab29e5db27ba4fb758a81ea3cb?s=96&d=mm&r=g","url":"https:\/\/secure.gravatar.com\/avatar\/7738df9a8ff2d12e8b37d088ff0e3e36016e57ab29e5db27ba4fb758a81ea3cb?s=96&d=mm&r=g","contentUrl":"https:\/\/secure.gravatar.com\/avatar\/7738df9a8ff2d12e8b37d088ff0e3e36016e57ab29e5db27ba4fb758a81ea3cb?s=96&d=mm&r=g","caption":"Antonieta Castells Dolcet"},"sameAs":["http:\/\/www.cmalleida.com"]}]}},"_links":{"self":[{"href":"https:\/\/www.cmalleida.com\/es\/wp-json\/wp\/v2\/posts\/11124","targetHints":{"allow":["GET"]}}],"collection":[{"href":"https:\/\/www.cmalleida.com\/es\/wp-json\/wp\/v2\/posts"}],"about":[{"href":"https:\/\/www.cmalleida.com\/es\/wp-json\/wp\/v2\/types\/post"}],"author":[{"embeddable":true,"href":"https:\/\/www.cmalleida.com\/es\/wp-json\/wp\/v2\/users\/149"}],"replies":[{"embeddable":true,"href":"https:\/\/www.cmalleida.com\/es\/wp-json\/wp\/v2\/comments?post=11124"}],"version-history":[{"count":1,"href":"https:\/\/www.cmalleida.com\/es\/wp-json\/wp\/v2\/posts\/11124\/revisions"}],"predecessor-version":[{"id":11125,"href":"https:\/\/www.cmalleida.com\/es\/wp-json\/wp\/v2\/posts\/11124\/revisions\/11125"}],"wp:featuredmedia":[{"embeddable":true,"href":"https:\/\/www.cmalleida.com\/es\/wp-json\/wp\/v2\/media\/1837"}],"wp:attachment":[{"href":"https:\/\/www.cmalleida.com\/es\/wp-json\/wp\/v2\/media?parent=11124"}],"wp:term":[{"taxonomy":"category","embeddable":true,"href":"https:\/\/www.cmalleida.com\/es\/wp-json\/wp\/v2\/categories?post=11124"},{"taxonomy":"post_tag","embeddable":true,"href":"https:\/\/www.cmalleida.com\/es\/wp-json\/wp\/v2\/tags?post=11124"}],"curies":[{"name":"wp","href":"https:\/\/api.w.org\/{rel}","templated":true}]}}