{"id":11118,"date":"2022-09-09T11:14:10","date_gmt":"2022-09-09T09:14:10","guid":{"rendered":"https:\/\/www.cmalleida.com\/?p=11118"},"modified":"2022-09-09T11:14:23","modified_gmt":"2022-09-09T09:14:23","slug":"a-quien-debo-reclamar-los-danos-en-el-coche-por-el-granizo-abc","status":"publish","type":"post","link":"https:\/\/www.cmalleida.com\/es\/a-quien-debo-reclamar-los-danos-en-el-coche-por-el-granizo-abc\/","title":{"rendered":"A qui\u00e9n debo reclamar los da\u00f1os en el coche por el granizo (ABC)"},"content":{"rendered":"<div class=\"voc-article-container\">\n<div class=\"voc-article voc-article--detail voc-article--detail-base voc-article--photo-bottom \">\n<div class=\"voc-info-container\">\n<h3 class=\"voc-subtitle\">Cada vez son m\u00e1s las compa\u00f1\u00edas de seguros que lo contemplan dentro de sus coberturas<\/h3>\n<\/div>\n<\/div>\n<\/div>\n<div class=\"voc-d \" data-voc-component=\"voc-d\">\n<section class=\"voc-author\">\n<div class=\"voc-author__item voc-author__item--1\">\n<div class=\"voc-author__container\">\n<div class=\"voc-author__subitem voc-author__subitem--1\">\n<p class=\"voc-author__name\">S.M.\u00a0 \u00a0 \u00a0Madrid\u00a0 \u00a0 \u00a0 03\/09\/2022 a las 09:53h.<\/p>\n<\/div>\n<\/div>\n<\/div>\n<div class=\"voc-author__item voc-author__item--2\">\n<div class=\"voc-author__container\">\n<div class=\"voc-author__subitem voc-author__subitem--1\"><\/div>\n<div class=\"voc-author__subitem voc-author__subitem--2\">\n<div class=\"voc-author__social\">\n<div class=\"voc-author__social-container voc-author__social-container--2\">Excepto los da\u00f1os causados por el granizo, que poco a poco est\u00e1 formando parte de las <a title=\"coberturas de las principales compa\u00f1\u00edas aseguradoras\" href=\"https:\/\/www.abc.es\/motor\/consejos\/abci-tipo-cobertura-conviene-para-seguro-coche-202111221435_noticia.html\" target=\"_blank\" rel=\"noopener noreferrer\" data-voc-vtm-id=\"in-text-traffic\">coberturas de las principales compa\u00f1\u00edas aseguradoras<\/a>, los da\u00f1os en el coche debido a fen\u00f3menos meteorol\u00f3gicos no est\u00e1n cubiertos por el seguro del coche, aunque este sea a todo riesgo. Abolladuras provocadas por el granizo, da\u00f1os provocados por las ramas de los arboles y objetos desprendidos, son algunas de las consecuencias del temporal y el mal tiempo.<\/div>\n<\/div>\n<\/div>\n<\/div>\n<\/div>\n<\/section>\n<p class=\"voc-p\">Si\u00a0<strong>\u00fanicamente contamos con la cobertura obligatoria<\/strong>\u00a0(seguro a terceros) el veh\u00edculo no estar\u00e1 cubierto ante ning\u00fan fen\u00f3meno natural, a no ser que incluya, al menos, una cobertura de da\u00f1os propios \u2013robo, lunas o incendio\u2013 o que se haya contratado una ampliaci\u00f3n en la p\u00f3liza para incluir este tipo de da\u00f1os.<\/p>\n<div class=\"voc-advertising\">\n<div class=\"voc-advertising__item\">\n<div id=\"layer_inpage-id\" data-voc-vam=\"\" data-voc-vam-position=\"layer_inpage\" data-google-query-id=\"CLnatZCuh_oCFZMP0wodGhcEvw\" data-voc-vam-displayed=\"true\">\n<div id=\"google_ads_iframe_\/4900\/vocento.abc\/motor_0__container__\">Un <strong>seguro a todo riesgo incluye<\/strong>, adem\u00e1s de los da\u00f1os a terceros, los provocados al veh\u00edculo propio, y con \u00e9l, un conductor est\u00e1 autom\u00e1ticamente asegurado por el Consorcio de Compensaci\u00f3n de Seguro , el cual se har\u00e1 responsable de riesgos extraordinarios como inundaciones y vientos de rachas superiores a 120 km\/h, entre otros. Lo que no incluye el Consorcio es el granizo, la lluvia directa, el peso de la nieve ni los vientos inferiores a 120 km\/h, por lo que la responsable de la indemnizaci\u00f3n ser\u00e1 la aseguradora siempre que la p\u00f3liza incluya una cobertura contra da\u00f1os meteorol\u00f3gicos.<\/div>\n<\/div>\n<\/div>\n<\/div>\n<section class=\"voc-c-container voc-c-container--w-col-ab voc-c-container--bdr\">\n<div class=\"voc-d-c-related-news\">\n<div class=\"voc-article-container\">\n<article class=\"voc-article voc-article--c-related-news voc-article--photo-right \">\n<div class=\"voc-img-container\"><\/div>\n<div class=\"voc-info-container\">\n<p class=\"voc-p\">Desde el 1 de julio de 2016, todos los coches asegurados con una p\u00f3liza de seguro de responsabilidad civil de autom\u00f3viles en Espa\u00f1a pasan a estar cubiertos por el CCS (Consorcio de Compensaci\u00f3n de Seguros) por los da\u00f1os materiales producidos por riesgos extraordinarios, a\u00fan cuando carecieran de cobertura de da\u00f1os propios. El Consorcio es un organismo estatal al que va destinada una parte del dinero de las p\u00f3lizas suscritas.<\/p>\n<\/div>\n<\/article>\n<\/div>\n<\/div>\n<\/section>\n<p class=\"voc-p\">La comunicaci\u00f3n de da\u00f1os materiales y solicitud de indemnizaci\u00f3n habr\u00e1 de efectuarse lo antes posible, bien mediante llamada telef\u00f3nica o bien on-line, a trav\u00e9s de la web del Consorcio de Compensaci\u00f3n de Seguros.<\/p>\n<p class=\"voc-p\">La solicitud de la indemnizaci\u00f3n al Consorcio, tanto en el caso de da\u00f1os personales como materiales, se puede presentar directamente por el propio asegurado, por el tomador o por sus respectivos representantes, o bien a trav\u00e9s de la entidad aseguradora con la que se contrat\u00f3 la p\u00f3liza o del agente o corredor de seguros que intervino en su contrataci\u00f3n.<\/p>\n<p class=\"voc-p\">En el caso de solicitar indemnizaci\u00f3n por da\u00f1os materiales, la forma m\u00e1s r\u00e1pida y sencilla es presentar la solicitud por una de las siguientes v\u00edas: por tel\u00e9fono, llamando al 902 222 665 o al 952 367 042 o bien on-line, desde la propia p\u00e1gina web del Consorcio de Compensaci\u00f3n de seguros .<\/p>\n<p class=\"voc-p\">Tambi\u00e9n se puede hacer mediante un escrito dirigido a la Delegaci\u00f3n Regional del Consorcio correspondiente (seg\u00fan el lugar de ocurrencia de los da\u00f1os), rellenando la &#8216;Hoja de Comunicaci\u00f3n de Da\u00f1os&#8217; y enviando la documentaci\u00f3n necesaria . No obstante este m\u00e9todo supone que su tramitaci\u00f3n no podr\u00e1 ser tan r\u00e1pida como en el caso de las v\u00edas telef\u00f3nica e internet, ya que en estas dos \u00faltimas el registro de la solicitud y la asignaci\u00f3n de la misma a perito tasador de da\u00f1os son procesos automatizados.<\/p>\n<p class=\"voc-p\">En el caso de solicitar indemnizaci\u00f3n por da\u00f1os personales, (fallecimiento; invalidez permanente parcial, total o absoluta; o incapacidad temporal) la solicitud se puede presentar por una de las siguientes v\u00edas: por tel\u00e9fono, llamando al 902 222 665 o al 952 367 042 , por correo electr\u00f3nico cumplimentando la \u00abHoja de Comunicaci\u00f3n de Da\u00f1os\u00bb y remiti\u00e9ndola a dpto.siniestros@consorseguros.es junto con la documentaci\u00f3n necesaria, o por correo ordinario a la siguiente direcci\u00f3n postal:<\/p>\n<p class=\"voc-p\">Consorcio de Compensaci\u00f3n de Seguros<\/p>\n<p class=\"voc-p\">Departamento de Siniestros<\/p>\n<p class=\"voc-p\">Paseo de la Castellana, 32<\/p>\n<p class=\"voc-p\">28046 Madrid<\/p>\n<p class=\"voc-p\">En todos los casos, la solicitud se efectuar\u00e1 lo antes posible: cuanto menos tiempo transcurra entre la ocurrencia de los da\u00f1os y la solicitud de indemnizaci\u00f3n, antes se realizar\u00e1 la tramitaci\u00f3n correspondiente.<\/p>\n<\/div>\n","protected":false},"excerpt":{"rendered":"<p>Cada vez son m\u00e1s las compa\u00f1\u00edas de seguros que lo contemplan dentro de sus coberturas S.M.\u00a0 \u00a0 \u00a0Madrid\u00a0 \u00a0 \u00a0 03\/09\/2022 a las 09:53h. Excepto&#8230; <a href=\"https:\/\/www.cmalleida.com\/es\/a-quien-debo-reclamar-los-danos-en-el-coche-por-el-granizo-abc\/\" rel=\"nofollow\" class=\"lollegirmes\">Llegeix m\u00e9s<\/a><\/p>\n","protected":false},"author":149,"featured_media":11116,"comment_status":"closed","ping_status":"closed","sticky":false,"template":"","format":"standard","meta":{"_acf_changed":false,"_genesis_hide_title":false,"_genesis_hide_breadcrumbs":false,"_genesis_hide_singular_image":false,"_genesis_hide_footer_widgets":false,"_genesis_custom_body_class":"","_genesis_custom_post_class":"","_genesis_layout":"","footnotes":""},"categories":[28,125,62],"tags":[],"class_list":{"0":"post-11118","1":"post","2":"type-post","3":"status-publish","4":"format-standard","5":"has-post-thumbnail","7":"category-actualidad","8":"category-assegurances-es","9":"category-sinistres-es","10":"entry"},"acf":[],"yoast_head":"<!-- This site is optimized with the Yoast SEO plugin v27.2 - https:\/\/yoast.com\/product\/yoast-seo-wordpress\/ -->\n<title>A qui\u00e9n debo reclamar los da\u00f1os en el coche por el granizo (ABC) - Col\u00b7legi de Mediadors d&#039;Assegurances de Lleida<\/title>\n<meta name=\"robots\" content=\"index, follow, max-snippet:-1, max-image-preview:large, max-video-preview:-1\" \/>\n<link rel=\"canonical\" href=\"https:\/\/www.cmalleida.com\/es\/a-quien-debo-reclamar-los-danos-en-el-coche-por-el-granizo-abc\/\" \/>\n<meta property=\"og:locale\" content=\"es_ES\" \/>\n<meta property=\"og:type\" content=\"article\" \/>\n<meta property=\"og:title\" content=\"A qui\u00e9n debo reclamar los da\u00f1os en el coche por el granizo (ABC) - Col\u00b7legi de Mediadors d&#039;Assegurances de Lleida\" \/>\n<meta property=\"og:description\" content=\"Cada vez son m\u00e1s las compa\u00f1\u00edas de seguros que lo contemplan dentro de sus coberturas S.M.\u00a0 \u00a0 \u00a0Madrid\u00a0 \u00a0 \u00a0 03\/09\/2022 a las 09:53h. Excepto... Llegeix m\u00e9s\" \/>\n<meta property=\"og:url\" content=\"https:\/\/www.cmalleida.com\/es\/a-quien-debo-reclamar-los-danos-en-el-coche-por-el-granizo-abc\/\" \/>\n<meta property=\"og:site_name\" content=\"Col\u00b7legi de Mediadors d&#039;Assegurances de Lleida\" \/>\n<meta property=\"article:published_time\" content=\"2022-09-09T09:14:10+00:00\" \/>\n<meta property=\"article:modified_time\" content=\"2022-09-09T09:14:23+00:00\" \/>\n<meta property=\"og:image\" content=\"https:\/\/www.cmalleida.com\/wp-content\/uploads\/captura-69.png\" \/>\n\t<meta property=\"og:image:width\" content=\"380\" \/>\n\t<meta property=\"og:image:height\" content=\"285\" \/>\n\t<meta property=\"og:image:type\" content=\"image\/png\" \/>\n<meta name=\"author\" content=\"Antonieta Castells Dolcet\" \/>\n<meta name=\"twitter:card\" content=\"summary_large_image\" \/>\n<meta name=\"twitter:label1\" content=\"Written by\" \/>\n\t<meta name=\"twitter:data1\" content=\"Antonieta Castells Dolcet\" \/>\n\t<meta name=\"twitter:label2\" content=\"Est. reading time\" \/>\n\t<meta name=\"twitter:data2\" content=\"4 minutos\" \/>\n<script type=\"application\/ld+json\" class=\"yoast-schema-graph\">{\"@context\":\"https:\/\/schema.org\",\"@graph\":[{\"@type\":\"Article\",\"@id\":\"https:\/\/www.cmalleida.com\/es\/a-quien-debo-reclamar-los-danos-en-el-coche-por-el-granizo-abc\/#article\",\"isPartOf\":{\"@id\":\"https:\/\/www.cmalleida.com\/es\/a-quien-debo-reclamar-los-danos-en-el-coche-por-el-granizo-abc\/\"},\"author\":{\"name\":\"Antonieta Castells Dolcet\",\"@id\":\"https:\/\/www.cmalleida.com\/es\/#\/schema\/person\/7461453022a0d6ce41c1e530eb4443b4\"},\"headline\":\"A qui\u00e9n debo reclamar los da\u00f1os en el coche por el granizo (ABC)\",\"datePublished\":\"2022-09-09T09:14:10+00:00\",\"dateModified\":\"2022-09-09T09:14:23+00:00\",\"mainEntityOfPage\":{\"@id\":\"https:\/\/www.cmalleida.com\/es\/a-quien-debo-reclamar-los-danos-en-el-coche-por-el-granizo-abc\/\"},\"wordCount\":735,\"publisher\":{\"@id\":\"https:\/\/www.cmalleida.com\/es\/#organization\"},\"image\":{\"@id\":\"https:\/\/www.cmalleida.com\/es\/a-quien-debo-reclamar-los-danos-en-el-coche-por-el-granizo-abc\/#primaryimage\"},\"thumbnailUrl\":\"https:\/\/www.cmalleida.com\/wp-content\/uploads\/captura-69.png\",\"articleSection\":[\"Actualidad\",\"Assegurances\",\"Sinistres\"],\"inLanguage\":\"es\"},{\"@type\":\"WebPage\",\"@id\":\"https:\/\/www.cmalleida.com\/es\/a-quien-debo-reclamar-los-danos-en-el-coche-por-el-granizo-abc\/\",\"url\":\"https:\/\/www.cmalleida.com\/es\/a-quien-debo-reclamar-los-danos-en-el-coche-por-el-granizo-abc\/\",\"name\":\"A qui\u00e9n debo reclamar los da\u00f1os en el coche por el granizo (ABC) - Col\u00b7legi de Mediadors d&#039;Assegurances de Lleida\",\"isPartOf\":{\"@id\":\"https:\/\/www.cmalleida.com\/es\/#website\"},\"primaryImageOfPage\":{\"@id\":\"https:\/\/www.cmalleida.com\/es\/a-quien-debo-reclamar-los-danos-en-el-coche-por-el-granizo-abc\/#primaryimage\"},\"image\":{\"@id\":\"https:\/\/www.cmalleida.com\/es\/a-quien-debo-reclamar-los-danos-en-el-coche-por-el-granizo-abc\/#primaryimage\"},\"thumbnailUrl\":\"https:\/\/www.cmalleida.com\/wp-content\/uploads\/captura-69.png\",\"datePublished\":\"2022-09-09T09:14:10+00:00\",\"dateModified\":\"2022-09-09T09:14:23+00:00\",\"breadcrumb\":{\"@id\":\"https:\/\/www.cmalleida.com\/es\/a-quien-debo-reclamar-los-danos-en-el-coche-por-el-granizo-abc\/#breadcrumb\"},\"inLanguage\":\"es\",\"potentialAction\":[{\"@type\":\"ReadAction\",\"target\":[\"https:\/\/www.cmalleida.com\/es\/a-quien-debo-reclamar-los-danos-en-el-coche-por-el-granizo-abc\/\"]}]},{\"@type\":\"ImageObject\",\"inLanguage\":\"es\",\"@id\":\"https:\/\/www.cmalleida.com\/es\/a-quien-debo-reclamar-los-danos-en-el-coche-por-el-granizo-abc\/#primaryimage\",\"url\":\"https:\/\/www.cmalleida.com\/wp-content\/uploads\/captura-69.png\",\"contentUrl\":\"https:\/\/www.cmalleida.com\/wp-content\/uploads\/captura-69.png\",\"width\":380,\"height\":285,\"caption\":\"Captura\"},{\"@type\":\"BreadcrumbList\",\"@id\":\"https:\/\/www.cmalleida.com\/es\/a-quien-debo-reclamar-los-danos-en-el-coche-por-el-granizo-abc\/#breadcrumb\",\"itemListElement\":[{\"@type\":\"ListItem\",\"position\":1,\"name\":\"Inici\",\"item\":\"https:\/\/www.cmalleida.com\/es\/\"},{\"@type\":\"ListItem\",\"position\":2,\"name\":\"A qui\u00e9n debo reclamar los da\u00f1os en el coche por el granizo (ABC)\"}]},{\"@type\":\"WebSite\",\"@id\":\"https:\/\/www.cmalleida.com\/es\/#website\",\"url\":\"https:\/\/www.cmalleida.com\/es\/\",\"name\":\"Col\u00b7legi de Mediadors d&#039;Assegurances de Lleida\",\"description\":\"Otro sitio realizado con WordPress\",\"publisher\":{\"@id\":\"https:\/\/www.cmalleida.com\/es\/#organization\"},\"potentialAction\":[{\"@type\":\"SearchAction\",\"target\":{\"@type\":\"EntryPoint\",\"urlTemplate\":\"https:\/\/www.cmalleida.com\/es\/?s={search_term_string}\"},\"query-input\":{\"@type\":\"PropertyValueSpecification\",\"valueRequired\":true,\"valueName\":\"search_term_string\"}}],\"inLanguage\":\"es\"},{\"@type\":\"Organization\",\"@id\":\"https:\/\/www.cmalleida.com\/es\/#organization\",\"name\":\"Col\u00b7legi de Mediadors d'Assegurances de Lleida\",\"url\":\"https:\/\/www.cmalleida.com\/es\/\",\"logo\":{\"@type\":\"ImageObject\",\"inLanguage\":\"es\",\"@id\":\"https:\/\/www.cmalleida.com\/es\/#\/schema\/logo\/image\/\",\"url\":\"\",\"contentUrl\":\"\",\"caption\":\"Col\u00b7legi de Mediadors d'Assegurances de Lleida\"},\"image\":{\"@id\":\"https:\/\/www.cmalleida.com\/es\/#\/schema\/logo\/image\/\"}},{\"@type\":\"Person\",\"@id\":\"https:\/\/www.cmalleida.com\/es\/#\/schema\/person\/7461453022a0d6ce41c1e530eb4443b4\",\"name\":\"Antonieta Castells Dolcet\",\"image\":{\"@type\":\"ImageObject\",\"inLanguage\":\"es\",\"@id\":\"https:\/\/secure.gravatar.com\/avatar\/7738df9a8ff2d12e8b37d088ff0e3e36016e57ab29e5db27ba4fb758a81ea3cb?s=96&d=mm&r=g\",\"url\":\"https:\/\/secure.gravatar.com\/avatar\/7738df9a8ff2d12e8b37d088ff0e3e36016e57ab29e5db27ba4fb758a81ea3cb?s=96&d=mm&r=g\",\"contentUrl\":\"https:\/\/secure.gravatar.com\/avatar\/7738df9a8ff2d12e8b37d088ff0e3e36016e57ab29e5db27ba4fb758a81ea3cb?s=96&d=mm&r=g\",\"caption\":\"Antonieta Castells Dolcet\"},\"sameAs\":[\"http:\/\/www.cmalleida.com\"]}]}<\/script>\n<!-- \/ Yoast SEO plugin. -->","yoast_head_json":{"title":"A qui\u00e9n debo reclamar los da\u00f1os en el coche por el granizo (ABC) - Col\u00b7legi de Mediadors d&#039;Assegurances de Lleida","robots":{"index":"index","follow":"follow","max-snippet":"max-snippet:-1","max-image-preview":"max-image-preview:large","max-video-preview":"max-video-preview:-1"},"canonical":"https:\/\/www.cmalleida.com\/es\/a-quien-debo-reclamar-los-danos-en-el-coche-por-el-granizo-abc\/","og_locale":"es_ES","og_type":"article","og_title":"A qui\u00e9n debo reclamar los da\u00f1os en el coche por el granizo (ABC) - Col\u00b7legi de Mediadors d&#039;Assegurances de Lleida","og_description":"Cada vez son m\u00e1s las compa\u00f1\u00edas de seguros que lo contemplan dentro de sus coberturas S.M.\u00a0 \u00a0 \u00a0Madrid\u00a0 \u00a0 \u00a0 03\/09\/2022 a las 09:53h. Excepto... Llegeix m\u00e9s","og_url":"https:\/\/www.cmalleida.com\/es\/a-quien-debo-reclamar-los-danos-en-el-coche-por-el-granizo-abc\/","og_site_name":"Col\u00b7legi de Mediadors d&#039;Assegurances de Lleida","article_published_time":"2022-09-09T09:14:10+00:00","article_modified_time":"2022-09-09T09:14:23+00:00","og_image":[{"width":380,"height":285,"url":"https:\/\/www.cmalleida.com\/wp-content\/uploads\/captura-69.png","type":"image\/png"}],"author":"Antonieta Castells Dolcet","twitter_card":"summary_large_image","twitter_misc":{"Written by":"Antonieta Castells Dolcet","Est. reading time":"4 minutos"},"schema":{"@context":"https:\/\/schema.org","@graph":[{"@type":"Article","@id":"https:\/\/www.cmalleida.com\/es\/a-quien-debo-reclamar-los-danos-en-el-coche-por-el-granizo-abc\/#article","isPartOf":{"@id":"https:\/\/www.cmalleida.com\/es\/a-quien-debo-reclamar-los-danos-en-el-coche-por-el-granizo-abc\/"},"author":{"name":"Antonieta Castells Dolcet","@id":"https:\/\/www.cmalleida.com\/es\/#\/schema\/person\/7461453022a0d6ce41c1e530eb4443b4"},"headline":"A qui\u00e9n debo reclamar los da\u00f1os en el coche por el granizo (ABC)","datePublished":"2022-09-09T09:14:10+00:00","dateModified":"2022-09-09T09:14:23+00:00","mainEntityOfPage":{"@id":"https:\/\/www.cmalleida.com\/es\/a-quien-debo-reclamar-los-danos-en-el-coche-por-el-granizo-abc\/"},"wordCount":735,"publisher":{"@id":"https:\/\/www.cmalleida.com\/es\/#organization"},"image":{"@id":"https:\/\/www.cmalleida.com\/es\/a-quien-debo-reclamar-los-danos-en-el-coche-por-el-granizo-abc\/#primaryimage"},"thumbnailUrl":"https:\/\/www.cmalleida.com\/wp-content\/uploads\/captura-69.png","articleSection":["Actualidad","Assegurances","Sinistres"],"inLanguage":"es"},{"@type":"WebPage","@id":"https:\/\/www.cmalleida.com\/es\/a-quien-debo-reclamar-los-danos-en-el-coche-por-el-granizo-abc\/","url":"https:\/\/www.cmalleida.com\/es\/a-quien-debo-reclamar-los-danos-en-el-coche-por-el-granizo-abc\/","name":"A qui\u00e9n debo reclamar los da\u00f1os en el coche por el granizo (ABC) - Col\u00b7legi de Mediadors d&#039;Assegurances de Lleida","isPartOf":{"@id":"https:\/\/www.cmalleida.com\/es\/#website"},"primaryImageOfPage":{"@id":"https:\/\/www.cmalleida.com\/es\/a-quien-debo-reclamar-los-danos-en-el-coche-por-el-granizo-abc\/#primaryimage"},"image":{"@id":"https:\/\/www.cmalleida.com\/es\/a-quien-debo-reclamar-los-danos-en-el-coche-por-el-granizo-abc\/#primaryimage"},"thumbnailUrl":"https:\/\/www.cmalleida.com\/wp-content\/uploads\/captura-69.png","datePublished":"2022-09-09T09:14:10+00:00","dateModified":"2022-09-09T09:14:23+00:00","breadcrumb":{"@id":"https:\/\/www.cmalleida.com\/es\/a-quien-debo-reclamar-los-danos-en-el-coche-por-el-granizo-abc\/#breadcrumb"},"inLanguage":"es","potentialAction":[{"@type":"ReadAction","target":["https:\/\/www.cmalleida.com\/es\/a-quien-debo-reclamar-los-danos-en-el-coche-por-el-granizo-abc\/"]}]},{"@type":"ImageObject","inLanguage":"es","@id":"https:\/\/www.cmalleida.com\/es\/a-quien-debo-reclamar-los-danos-en-el-coche-por-el-granizo-abc\/#primaryimage","url":"https:\/\/www.cmalleida.com\/wp-content\/uploads\/captura-69.png","contentUrl":"https:\/\/www.cmalleida.com\/wp-content\/uploads\/captura-69.png","width":380,"height":285,"caption":"Captura"},{"@type":"BreadcrumbList","@id":"https:\/\/www.cmalleida.com\/es\/a-quien-debo-reclamar-los-danos-en-el-coche-por-el-granizo-abc\/#breadcrumb","itemListElement":[{"@type":"ListItem","position":1,"name":"Inici","item":"https:\/\/www.cmalleida.com\/es\/"},{"@type":"ListItem","position":2,"name":"A qui\u00e9n debo reclamar los da\u00f1os en el coche por el granizo (ABC)"}]},{"@type":"WebSite","@id":"https:\/\/www.cmalleida.com\/es\/#website","url":"https:\/\/www.cmalleida.com\/es\/","name":"Col\u00b7legi de Mediadors d&#039;Assegurances de Lleida","description":"Otro sitio realizado con WordPress","publisher":{"@id":"https:\/\/www.cmalleida.com\/es\/#organization"},"potentialAction":[{"@type":"SearchAction","target":{"@type":"EntryPoint","urlTemplate":"https:\/\/www.cmalleida.com\/es\/?s={search_term_string}"},"query-input":{"@type":"PropertyValueSpecification","valueRequired":true,"valueName":"search_term_string"}}],"inLanguage":"es"},{"@type":"Organization","@id":"https:\/\/www.cmalleida.com\/es\/#organization","name":"Col\u00b7legi de Mediadors d'Assegurances de Lleida","url":"https:\/\/www.cmalleida.com\/es\/","logo":{"@type":"ImageObject","inLanguage":"es","@id":"https:\/\/www.cmalleida.com\/es\/#\/schema\/logo\/image\/","url":"","contentUrl":"","caption":"Col\u00b7legi de Mediadors d'Assegurances de Lleida"},"image":{"@id":"https:\/\/www.cmalleida.com\/es\/#\/schema\/logo\/image\/"}},{"@type":"Person","@id":"https:\/\/www.cmalleida.com\/es\/#\/schema\/person\/7461453022a0d6ce41c1e530eb4443b4","name":"Antonieta Castells Dolcet","image":{"@type":"ImageObject","inLanguage":"es","@id":"https:\/\/secure.gravatar.com\/avatar\/7738df9a8ff2d12e8b37d088ff0e3e36016e57ab29e5db27ba4fb758a81ea3cb?s=96&d=mm&r=g","url":"https:\/\/secure.gravatar.com\/avatar\/7738df9a8ff2d12e8b37d088ff0e3e36016e57ab29e5db27ba4fb758a81ea3cb?s=96&d=mm&r=g","contentUrl":"https:\/\/secure.gravatar.com\/avatar\/7738df9a8ff2d12e8b37d088ff0e3e36016e57ab29e5db27ba4fb758a81ea3cb?s=96&d=mm&r=g","caption":"Antonieta Castells Dolcet"},"sameAs":["http:\/\/www.cmalleida.com"]}]}},"_links":{"self":[{"href":"https:\/\/www.cmalleida.com\/es\/wp-json\/wp\/v2\/posts\/11118","targetHints":{"allow":["GET"]}}],"collection":[{"href":"https:\/\/www.cmalleida.com\/es\/wp-json\/wp\/v2\/posts"}],"about":[{"href":"https:\/\/www.cmalleida.com\/es\/wp-json\/wp\/v2\/types\/post"}],"author":[{"embeddable":true,"href":"https:\/\/www.cmalleida.com\/es\/wp-json\/wp\/v2\/users\/149"}],"replies":[{"embeddable":true,"href":"https:\/\/www.cmalleida.com\/es\/wp-json\/wp\/v2\/comments?post=11118"}],"version-history":[{"count":2,"href":"https:\/\/www.cmalleida.com\/es\/wp-json\/wp\/v2\/posts\/11118\/revisions"}],"predecessor-version":[{"id":11120,"href":"https:\/\/www.cmalleida.com\/es\/wp-json\/wp\/v2\/posts\/11118\/revisions\/11120"}],"wp:featuredmedia":[{"embeddable":true,"href":"https:\/\/www.cmalleida.com\/es\/wp-json\/wp\/v2\/media\/11116"}],"wp:attachment":[{"href":"https:\/\/www.cmalleida.com\/es\/wp-json\/wp\/v2\/media?parent=11118"}],"wp:term":[{"taxonomy":"category","embeddable":true,"href":"https:\/\/www.cmalleida.com\/es\/wp-json\/wp\/v2\/categories?post=11118"},{"taxonomy":"post_tag","embeddable":true,"href":"https:\/\/www.cmalleida.com\/es\/wp-json\/wp\/v2\/tags?post=11118"}],"curies":[{"name":"wp","href":"https:\/\/api.w.org\/{rel}","templated":true}]}}