{"id":11110,"date":"2022-09-09T10:43:10","date_gmt":"2022-09-09T08:43:10","guid":{"rendered":"https:\/\/www.cmalleida.com\/?p=11110"},"modified":"2022-09-09T10:43:25","modified_gmt":"2022-09-09T08:43:25","slug":"los-mediadores-de-seguros-se-organizan-para-atender-a-los-afectados-por-el-temporal","status":"publish","type":"post","link":"https:\/\/www.cmalleida.com\/es\/los-mediadores-de-seguros-se-organizan-para-atender-a-los-afectados-por-el-temporal\/","title":{"rendered":"Los mediadores de seguros se organizan para atender a los afectados por el temporal (La Vanguardia)"},"content":{"rendered":"<header class=\"article-top-header col-12\">\n<div class=\"article-top\">\n<div class=\"article-top-titles\">\n<div class=\"title-container\">\n<h3 class=\"title\"><span style=\"font-size: 16px;\">El Consell de Col\u00b7legis de Mediadors d\u2019Assegurances de Catalunya recuerda la importancia de recibir asesoramiento profesional en el momento contratar la p\u00f3liza<\/span><img loading=\"lazy\" decoding=\"async\" class=\"lazy\" style=\"font-size: 16px;\" title=\"\" src=\"data:image\/png;base64,iVBORw0KGgoAAAANSUhEUgAAAAEAAAABCAQAAAC1HAwCAAAAC0lEQVR42mNkYAAAAAYAAjCB0C8AAAAASUVORK5CYII=\" alt=\"Los mediadores de seguros se organizan para atender a los afectados por el temporal\" width=\"40\" height=\"40\" data-src=\"\/files\/image_40_40\/uploads\/2022\/01\/11\/61ddbc80b7d7b.png\" \/><\/h3>\n<\/div>\n<\/div>\n<\/div>\n<\/header>\n<div class=\"article-content col-12 col-md-8\">\n<div class=\"article-info\">\n<div class=\"author-date-content\">\n<div class=\"author-date-time\">\n<div class=\"author-name\" data-gtm-element-container=\"author\">\n<p><a href=\"https:\/\/www.lavanguardia.com\/autores\/la-vanguardia.html\">La Vanguardia\u00a0\u00a0\u00a0\u00a0<\/a>Barcelona<\/p>\n<\/div>\n<div class=\"date-time\"><time class=\"created\" datetime=\"2022-09-07T15:02:15+02:00\">07\/09\/2022 15:02<\/time><\/div>\n<\/div>\n<\/div>\n<div class=\"social-buttons social-share\" data-gtm-element=\"leaf-social-share-top\">\n<div class=\"social-right\"><\/div>\n<\/div>\n<\/div>\n<div class=\"article-modules\">\n<p class=\"paragraph\" data-gtm-element-container=\"modulo-texto-link\">El temporal que ha afectado varias localidades catalanas la semana pasada est\u00e1 generando un gran volumen de actividad para los mediadores de seguros profesionales, seg\u00fan informa el Consell de Col\u00b7legis de Mediadors d\u2019Assegurances de Catalunya (CCMAC). Todav\u00eda es pronto para hacer una estimaci\u00f3n de los da\u00f1os, pero en las zonas m\u00e1s afectadas ser\u00e1n significativos.<picture><source media=\"(min-width: 480px)\" data-srcset=\"https:\/\/www.lavanguardia.com\/files\/image_80_83\/files\/fp\/uploads\/2022\/09\/01\/63105997571db.r_d.4961-3566.jpeg\" \/><img decoding=\"async\" class=\"lazy\" src=\"data:image\/png;base64,iVBORw0KGgoAAAANSUhEUgAAAAEAAAABCAQAAAC1HAwCAAAAC0lEQVR42mNkYAAAAAYAAjCB0C8AAAAASUVORK5CYII=\" alt=\"La tormenta desde el Tur\u00f3 del Putxet.\" data-full-src=\"https:\/\/www.lavanguardia.com\/uploads\/2022\/09\/01\/63105997571db.jpeg\" data-src=\"https:\/\/www.lavanguardia.com\/files\/image_104_108\/files\/fp\/uploads\/2022\/09\/01\/63105997571db.r_d.4961-3566.jpeg\" \/><\/picture><\/p>\n<p>&nbsp;<\/p>\n<p class=\"paragraph\" data-gtm-element-container=\"modulo-texto-link\">La Bisbal d&#8217;Empord\u00e0, que sufri\u00f3 los efectos de la granizada, y caus\u00f3 la muerte de un beb\u00e9, es uno de los municipios donde los efectos destructivos del temporal son m\u00e1s evidentes. Otras localidades del Baix Empord\u00e0, Pla de l&#8217;Estany y otras poblaciones de otras comarcas catalanas fueron las m\u00e1s afectadas por un fen\u00f3meno sin precedentes en los \u00faltimos 20 a\u00f1os, seg\u00fan informa el Servei Meteorol\u00f2gic de Catalunya. Las bolas de hielo llegaron a los 12 cent\u00edmetros de di\u00e1metro y provocaron da\u00f1os a edificaciones y a los veh\u00edculos. El temporal afect\u00f3 con lluvias intensas y fuertes vientos en varias comarcas catalanas.\u00a0<picture><source media=\"(min-width: 638px)\" data-srcset=\"https:\/\/www.lavanguardia.com\/files\/content_image_desktop_filter\/uploads\/2022\/08\/31\/630f9d3c88dd8.png\" \/><source media=\"(min-width: 480px)\" data-srcset=\"https:\/\/www.lavanguardia.com\/files\/content_image_intermediate_filter\/uploads\/2022\/08\/31\/630f9d3c88dd8.png\" \/><img decoding=\"async\" class=\"lazy\" src=\"data:image\/png;base64,iVBORw0KGgoAAAANSUhEUgAAAAEAAAABCAQAAAC1HAwCAAAAC0lEQVR42mNkYAAAAAYAAjCB0C8AAAAASUVORK5CYII=\" alt=\"Fuerte tormentas descargan sobre Barcelona y Vilafranca con intensas lluvias y r\u00e1fagas de viento Art\u00edculo relacionado: https:\/\/www.lavanguardia.com\/natural\/20220831\/8493457\/tiempo-catalunya-alerta-lluvias-intensas-granizo-pmv.html?=mld.ld\" data-full-src=\"https:\/\/www.lavanguardia.com\/uploads\/2022\/08\/31\/630f9d3c88dd8.png\" data-src=\"https:\/\/www.lavanguardia.com\/files\/content_image_mobile_filter\/uploads\/2022\/08\/31\/630f9d3c88dd8.png\" \/><\/picture><\/p>\n<h3 class=\"subtitle\">Atender y asesorar<\/h3>\n<p class=\"paragraph\" data-gtm-element-container=\"modulo-texto-link\">Jordi Triola, presidente de los mediadores catalanes, explica que \u201clos agentes y corredores estamos preparados para atender y asesorar a los asegurados en las reclamaciones a las aseguradoras\u201d. Triola recuerda que es muy importante documentar correctamente los da\u00f1os causados en las propiedades aseguradas para agilizar el proceso y ejercer todos los derechos que reconoce el seguro contratado.<picture><img decoding=\"async\" class=\"lazy\" src=\"data:image\/png;base64,iVBORw0KGgoAAAANSUhEUgAAAAEAAAABCAQAAAC1HAwCAAAAC0lEQVR42mNkYAAAAAYAAjCB0C8AAAAASUVORK5CYII=\" alt=\"Un rel\u00e1mpago puede caer en cualquier lado\" data-full-src=\"https:\/\/www.lavanguardia.com\/uploads\/2022\/09\/03\/6312fde4895fa.jpeg\" data-src=\"https:\/\/www.lavanguardia.com\/files\/image_104_108\/uploads\/2022\/09\/03\/6312fde4895fa.jpeg\" \/><\/picture><\/p>\n<p class=\"paragraph\" data-gtm-element-container=\"modulo-texto-link\">El mediador de seguros afirma que \u201dhay que estudiar las p\u00f3lizas de seguros por saber si esta cobertura est\u00e1 contratada\u201d. Por eso, Triola destaca la importancia de contar \u201ccon un mediador profesional a la hora de contratar un seguro\u201d. El presidente del CCMAC recuerda que \u201cla participaci\u00f3n de un agente o un corredor no encarece el precio del seguro, pero s\u00ed que es una garant\u00eda de que la p\u00f3liza cubrir\u00e1 los riesgos principales\u201d. Adem\u00e1s, explica, \u201cdel apoyo que ofrecemos a los asegurados en el momento del siniestro\u201d.<picture><source media=\"(min-width: 638px)\" data-srcset=\"https:\/\/www.lavanguardia.com\/files\/content_image_desktop_filter\/uploads\/2022\/08\/31\/630f16eab2562.jpeg\" \/><source media=\"(min-width: 480px)\" data-srcset=\"https:\/\/www.lavanguardia.com\/files\/content_image_intermediate_filter\/uploads\/2022\/08\/31\/630f16eab2562.jpeg\" \/><img decoding=\"async\" class=\"lazy\" src=\"data:image\/png;base64,iVBORw0KGgoAAAANSUhEUgAAAAEAAAABCAQAAAC1HAwCAAAAC0lEQVR42mNkYAAAAAYAAjCB0C8AAAAASUVORK5CYII=\" alt=\"La ni\u00f1a de 20 meses que result\u00f3 herida este martes durante la fuerte tormenta de granizo que registr\u00f3 La Bisbal d'Empord\u00e0, en Girona, ha fallecido, seg\u00fan ha avanzado el 324. De acuerdo con datos facilitados por los servicios de emergencia, alrededor de las 19.30 horas cay\u00f3 con gran intensidad piedra de m\u00e1s de diez cent\u00edmetros de di\u00e1metro durante varios minutos. https:\/\/www.lavanguardia.com\/local\/girona\/20220831\/8493336\/muere-nina-tormenta-granizo-la-bisbal-emporda.html\" data-full-src=\"https:\/\/www.lavanguardia.com\/uploads\/2022\/08\/31\/630f16eab2562.jpeg\" data-src=\"https:\/\/www.lavanguardia.com\/files\/content_image_mobile_filter\/uploads\/2022\/08\/31\/630f16eab2562.jpeg\" \/><\/picture><\/p>\n<p class=\"paragraph\" data-gtm-element-container=\"modulo-texto-link\">En los casos de los coches que tienen vidrios rotos por el granizo, Triola informa que la mayor\u00eda de las p\u00f3lizas a todo riesgo del mercado incluyen esta cobertura. Por otro lado, en los seguros de da\u00f1os a terceros, hay que ver \u201csi se ha contratado la cobertura espec\u00edfica por los vidrios\u201d.<\/p>\n<p class=\"paragraph\" data-gtm-element-container=\"modulo-texto-link\">A diferencia del que pasa con otros fen\u00f3menos natural, el granizo no est\u00e1 cubierta por el Consorcio de Compensaci\u00f3n de Seguros. Esto, sin embargo, \u201cno significa que este tipo de siniestros se queden sin cobertura, puesto que si est\u00e1 incluido a las p\u00f3lizas las compa\u00f1\u00edas pagar\u00e1n\u201d. En este caso, el dinero de las indemnizaciones saldr\u00e1 de la compa\u00f1\u00eda que tiene asegurado los riesgos y no del fondo de reserva del Consorcio.<\/p>\n<\/div>\n<\/div>\n","protected":false},"excerpt":{"rendered":"<p>El Consell de Col\u00b7legis de Mediadors d\u2019Assegurances de Catalunya recuerda la importancia de recibir asesoramiento profesional en el momento contratar la p\u00f3liza La Vanguardia\u00a0\u00a0\u00a0\u00a0Barcelona 07\/09\/2022&#8230; <a href=\"https:\/\/www.cmalleida.com\/es\/los-mediadores-de-seguros-se-organizan-para-atender-a-los-afectados-por-el-temporal\/\" rel=\"nofollow\" class=\"lollegirmes\">Llegeix m\u00e9s<\/a><\/p>\n","protected":false},"author":149,"featured_media":1869,"comment_status":"closed","ping_status":"closed","sticky":false,"template":"","format":"standard","meta":{"_acf_changed":false,"_genesis_hide_title":false,"_genesis_hide_breadcrumbs":false,"_genesis_hide_singular_image":false,"_genesis_hide_footer_widgets":false,"_genesis_custom_body_class":"","_genesis_custom_post_class":"","_genesis_layout":"","footnotes":""},"categories":[28,125],"tags":[],"class_list":{"0":"post-11110","1":"post","2":"type-post","3":"status-publish","4":"format-standard","5":"has-post-thumbnail","7":"category-actualidad","8":"category-assegurances-es","9":"entry"},"acf":[],"yoast_head":"<!-- This site is optimized with the Yoast SEO plugin v27.2 - https:\/\/yoast.com\/product\/yoast-seo-wordpress\/ -->\n<title>Los mediadores de seguros se organizan para atender a los afectados por el temporal (La Vanguardia) - Col\u00b7legi de Mediadors d&#039;Assegurances de Lleida<\/title>\n<meta name=\"robots\" content=\"index, follow, max-snippet:-1, max-image-preview:large, max-video-preview:-1\" \/>\n<link rel=\"canonical\" href=\"https:\/\/www.cmalleida.com\/es\/los-mediadores-de-seguros-se-organizan-para-atender-a-los-afectados-por-el-temporal\/\" \/>\n<meta property=\"og:locale\" content=\"es_ES\" \/>\n<meta property=\"og:type\" content=\"article\" \/>\n<meta property=\"og:title\" content=\"Los mediadores de seguros se organizan para atender a los afectados por el temporal (La Vanguardia) - Col\u00b7legi de Mediadors d&#039;Assegurances de Lleida\" \/>\n<meta property=\"og:description\" content=\"El Consell de Col\u00b7legis de Mediadors d\u2019Assegurances de Catalunya recuerda la importancia de recibir asesoramiento profesional en el momento contratar la p\u00f3liza La Vanguardia\u00a0\u00a0\u00a0\u00a0Barcelona 07\/09\/2022... Llegeix m\u00e9s\" \/>\n<meta property=\"og:url\" content=\"https:\/\/www.cmalleida.com\/es\/los-mediadores-de-seguros-se-organizan-para-atender-a-los-afectados-por-el-temporal\/\" \/>\n<meta property=\"og:site_name\" content=\"Col\u00b7legi de Mediadors d&#039;Assegurances de Lleida\" \/>\n<meta property=\"article:published_time\" content=\"2022-09-09T08:43:10+00:00\" \/>\n<meta property=\"article:modified_time\" content=\"2022-09-09T08:43:25+00:00\" \/>\n<meta property=\"og:image\" content=\"https:\/\/www.cmalleida.com\/wp-content\/uploads\/cmall-lleida-actualitat-car762.jpg\" \/>\n\t<meta property=\"og:image:width\" content=\"762\" \/>\n\t<meta property=\"og:image:height\" content=\"762\" \/>\n\t<meta property=\"og:image:type\" content=\"image\/jpeg\" \/>\n<meta name=\"author\" content=\"Antonieta Castells Dolcet\" \/>\n<meta name=\"twitter:card\" content=\"summary_large_image\" \/>\n<meta name=\"twitter:label1\" content=\"Written by\" \/>\n\t<meta name=\"twitter:data1\" content=\"Antonieta Castells Dolcet\" \/>\n\t<meta name=\"twitter:label2\" content=\"Est. reading time\" \/>\n\t<meta name=\"twitter:data2\" content=\"2 minutos\" \/>\n<script type=\"application\/ld+json\" class=\"yoast-schema-graph\">{\"@context\":\"https:\/\/schema.org\",\"@graph\":[{\"@type\":\"Article\",\"@id\":\"https:\/\/www.cmalleida.com\/es\/los-mediadores-de-seguros-se-organizan-para-atender-a-los-afectados-por-el-temporal\/#article\",\"isPartOf\":{\"@id\":\"https:\/\/www.cmalleida.com\/es\/los-mediadores-de-seguros-se-organizan-para-atender-a-los-afectados-por-el-temporal\/\"},\"author\":{\"name\":\"Antonieta Castells Dolcet\",\"@id\":\"https:\/\/www.cmalleida.com\/es\/#\/schema\/person\/7461453022a0d6ce41c1e530eb4443b4\"},\"headline\":\"Los mediadores de seguros se organizan para atender a los afectados por el temporal (La Vanguardia)\",\"datePublished\":\"2022-09-09T08:43:10+00:00\",\"dateModified\":\"2022-09-09T08:43:25+00:00\",\"mainEntityOfPage\":{\"@id\":\"https:\/\/www.cmalleida.com\/es\/los-mediadores-de-seguros-se-organizan-para-atender-a-los-afectados-por-el-temporal\/\"},\"wordCount\":503,\"publisher\":{\"@id\":\"https:\/\/www.cmalleida.com\/es\/#organization\"},\"image\":{\"@id\":\"https:\/\/www.cmalleida.com\/es\/los-mediadores-de-seguros-se-organizan-para-atender-a-los-afectados-por-el-temporal\/#primaryimage\"},\"thumbnailUrl\":\"https:\/\/www.cmalleida.com\/wp-content\/uploads\/cmall-lleida-actualitat-car762.jpg\",\"articleSection\":[\"Actualidad\",\"Assegurances\"],\"inLanguage\":\"es\"},{\"@type\":\"WebPage\",\"@id\":\"https:\/\/www.cmalleida.com\/es\/los-mediadores-de-seguros-se-organizan-para-atender-a-los-afectados-por-el-temporal\/\",\"url\":\"https:\/\/www.cmalleida.com\/es\/los-mediadores-de-seguros-se-organizan-para-atender-a-los-afectados-por-el-temporal\/\",\"name\":\"Los mediadores de seguros se organizan para atender a los afectados por el temporal (La Vanguardia) - Col\u00b7legi de Mediadors d&#039;Assegurances de Lleida\",\"isPartOf\":{\"@id\":\"https:\/\/www.cmalleida.com\/es\/#website\"},\"primaryImageOfPage\":{\"@id\":\"https:\/\/www.cmalleida.com\/es\/los-mediadores-de-seguros-se-organizan-para-atender-a-los-afectados-por-el-temporal\/#primaryimage\"},\"image\":{\"@id\":\"https:\/\/www.cmalleida.com\/es\/los-mediadores-de-seguros-se-organizan-para-atender-a-los-afectados-por-el-temporal\/#primaryimage\"},\"thumbnailUrl\":\"https:\/\/www.cmalleida.com\/wp-content\/uploads\/cmall-lleida-actualitat-car762.jpg\",\"datePublished\":\"2022-09-09T08:43:10+00:00\",\"dateModified\":\"2022-09-09T08:43:25+00:00\",\"breadcrumb\":{\"@id\":\"https:\/\/www.cmalleida.com\/es\/los-mediadores-de-seguros-se-organizan-para-atender-a-los-afectados-por-el-temporal\/#breadcrumb\"},\"inLanguage\":\"es\",\"potentialAction\":[{\"@type\":\"ReadAction\",\"target\":[\"https:\/\/www.cmalleida.com\/es\/los-mediadores-de-seguros-se-organizan-para-atender-a-los-afectados-por-el-temporal\/\"]}]},{\"@type\":\"ImageObject\",\"inLanguage\":\"es\",\"@id\":\"https:\/\/www.cmalleida.com\/es\/los-mediadores-de-seguros-se-organizan-para-atender-a-los-afectados-por-el-temporal\/#primaryimage\",\"url\":\"https:\/\/www.cmalleida.com\/wp-content\/uploads\/cmall-lleida-actualitat-car762.jpg\",\"contentUrl\":\"https:\/\/www.cmalleida.com\/wp-content\/uploads\/cmall-lleida-actualitat-car762.jpg\",\"width\":762,\"height\":762,\"caption\":\"cmall-lleida-actualitat-CAR762\"},{\"@type\":\"BreadcrumbList\",\"@id\":\"https:\/\/www.cmalleida.com\/es\/los-mediadores-de-seguros-se-organizan-para-atender-a-los-afectados-por-el-temporal\/#breadcrumb\",\"itemListElement\":[{\"@type\":\"ListItem\",\"position\":1,\"name\":\"Inici\",\"item\":\"https:\/\/www.cmalleida.com\/es\/\"},{\"@type\":\"ListItem\",\"position\":2,\"name\":\"Los mediadores de seguros se organizan para atender a los afectados por el temporal (La Vanguardia)\"}]},{\"@type\":\"WebSite\",\"@id\":\"https:\/\/www.cmalleida.com\/es\/#website\",\"url\":\"https:\/\/www.cmalleida.com\/es\/\",\"name\":\"Col\u00b7legi de Mediadors d&#039;Assegurances de Lleida\",\"description\":\"Otro sitio realizado con WordPress\",\"publisher\":{\"@id\":\"https:\/\/www.cmalleida.com\/es\/#organization\"},\"potentialAction\":[{\"@type\":\"SearchAction\",\"target\":{\"@type\":\"EntryPoint\",\"urlTemplate\":\"https:\/\/www.cmalleida.com\/es\/?s={search_term_string}\"},\"query-input\":{\"@type\":\"PropertyValueSpecification\",\"valueRequired\":true,\"valueName\":\"search_term_string\"}}],\"inLanguage\":\"es\"},{\"@type\":\"Organization\",\"@id\":\"https:\/\/www.cmalleida.com\/es\/#organization\",\"name\":\"Col\u00b7legi de Mediadors d'Assegurances de Lleida\",\"url\":\"https:\/\/www.cmalleida.com\/es\/\",\"logo\":{\"@type\":\"ImageObject\",\"inLanguage\":\"es\",\"@id\":\"https:\/\/www.cmalleida.com\/es\/#\/schema\/logo\/image\/\",\"url\":\"\",\"contentUrl\":\"\",\"caption\":\"Col\u00b7legi de Mediadors d'Assegurances de Lleida\"},\"image\":{\"@id\":\"https:\/\/www.cmalleida.com\/es\/#\/schema\/logo\/image\/\"}},{\"@type\":\"Person\",\"@id\":\"https:\/\/www.cmalleida.com\/es\/#\/schema\/person\/7461453022a0d6ce41c1e530eb4443b4\",\"name\":\"Antonieta Castells Dolcet\",\"image\":{\"@type\":\"ImageObject\",\"inLanguage\":\"es\",\"@id\":\"https:\/\/secure.gravatar.com\/avatar\/7738df9a8ff2d12e8b37d088ff0e3e36016e57ab29e5db27ba4fb758a81ea3cb?s=96&d=mm&r=g\",\"url\":\"https:\/\/secure.gravatar.com\/avatar\/7738df9a8ff2d12e8b37d088ff0e3e36016e57ab29e5db27ba4fb758a81ea3cb?s=96&d=mm&r=g\",\"contentUrl\":\"https:\/\/secure.gravatar.com\/avatar\/7738df9a8ff2d12e8b37d088ff0e3e36016e57ab29e5db27ba4fb758a81ea3cb?s=96&d=mm&r=g\",\"caption\":\"Antonieta Castells Dolcet\"},\"sameAs\":[\"http:\/\/www.cmalleida.com\"]}]}<\/script>\n<!-- \/ Yoast SEO plugin. -->","yoast_head_json":{"title":"Los mediadores de seguros se organizan para atender a los afectados por el temporal (La Vanguardia) - Col\u00b7legi de Mediadors d&#039;Assegurances de Lleida","robots":{"index":"index","follow":"follow","max-snippet":"max-snippet:-1","max-image-preview":"max-image-preview:large","max-video-preview":"max-video-preview:-1"},"canonical":"https:\/\/www.cmalleida.com\/es\/los-mediadores-de-seguros-se-organizan-para-atender-a-los-afectados-por-el-temporal\/","og_locale":"es_ES","og_type":"article","og_title":"Los mediadores de seguros se organizan para atender a los afectados por el temporal (La Vanguardia) - Col\u00b7legi de Mediadors d&#039;Assegurances de Lleida","og_description":"El Consell de Col\u00b7legis de Mediadors d\u2019Assegurances de Catalunya recuerda la importancia de recibir asesoramiento profesional en el momento contratar la p\u00f3liza La Vanguardia\u00a0\u00a0\u00a0\u00a0Barcelona 07\/09\/2022... Llegeix m\u00e9s","og_url":"https:\/\/www.cmalleida.com\/es\/los-mediadores-de-seguros-se-organizan-para-atender-a-los-afectados-por-el-temporal\/","og_site_name":"Col\u00b7legi de Mediadors d&#039;Assegurances de Lleida","article_published_time":"2022-09-09T08:43:10+00:00","article_modified_time":"2022-09-09T08:43:25+00:00","og_image":[{"width":762,"height":762,"url":"https:\/\/www.cmalleida.com\/wp-content\/uploads\/cmall-lleida-actualitat-car762.jpg","type":"image\/jpeg"}],"author":"Antonieta Castells Dolcet","twitter_card":"summary_large_image","twitter_misc":{"Written by":"Antonieta Castells Dolcet","Est. reading time":"2 minutos"},"schema":{"@context":"https:\/\/schema.org","@graph":[{"@type":"Article","@id":"https:\/\/www.cmalleida.com\/es\/los-mediadores-de-seguros-se-organizan-para-atender-a-los-afectados-por-el-temporal\/#article","isPartOf":{"@id":"https:\/\/www.cmalleida.com\/es\/los-mediadores-de-seguros-se-organizan-para-atender-a-los-afectados-por-el-temporal\/"},"author":{"name":"Antonieta Castells Dolcet","@id":"https:\/\/www.cmalleida.com\/es\/#\/schema\/person\/7461453022a0d6ce41c1e530eb4443b4"},"headline":"Los mediadores de seguros se organizan para atender a los afectados por el temporal (La Vanguardia)","datePublished":"2022-09-09T08:43:10+00:00","dateModified":"2022-09-09T08:43:25+00:00","mainEntityOfPage":{"@id":"https:\/\/www.cmalleida.com\/es\/los-mediadores-de-seguros-se-organizan-para-atender-a-los-afectados-por-el-temporal\/"},"wordCount":503,"publisher":{"@id":"https:\/\/www.cmalleida.com\/es\/#organization"},"image":{"@id":"https:\/\/www.cmalleida.com\/es\/los-mediadores-de-seguros-se-organizan-para-atender-a-los-afectados-por-el-temporal\/#primaryimage"},"thumbnailUrl":"https:\/\/www.cmalleida.com\/wp-content\/uploads\/cmall-lleida-actualitat-car762.jpg","articleSection":["Actualidad","Assegurances"],"inLanguage":"es"},{"@type":"WebPage","@id":"https:\/\/www.cmalleida.com\/es\/los-mediadores-de-seguros-se-organizan-para-atender-a-los-afectados-por-el-temporal\/","url":"https:\/\/www.cmalleida.com\/es\/los-mediadores-de-seguros-se-organizan-para-atender-a-los-afectados-por-el-temporal\/","name":"Los mediadores de seguros se organizan para atender a los afectados por el temporal (La Vanguardia) - Col\u00b7legi de Mediadors d&#039;Assegurances de Lleida","isPartOf":{"@id":"https:\/\/www.cmalleida.com\/es\/#website"},"primaryImageOfPage":{"@id":"https:\/\/www.cmalleida.com\/es\/los-mediadores-de-seguros-se-organizan-para-atender-a-los-afectados-por-el-temporal\/#primaryimage"},"image":{"@id":"https:\/\/www.cmalleida.com\/es\/los-mediadores-de-seguros-se-organizan-para-atender-a-los-afectados-por-el-temporal\/#primaryimage"},"thumbnailUrl":"https:\/\/www.cmalleida.com\/wp-content\/uploads\/cmall-lleida-actualitat-car762.jpg","datePublished":"2022-09-09T08:43:10+00:00","dateModified":"2022-09-09T08:43:25+00:00","breadcrumb":{"@id":"https:\/\/www.cmalleida.com\/es\/los-mediadores-de-seguros-se-organizan-para-atender-a-los-afectados-por-el-temporal\/#breadcrumb"},"inLanguage":"es","potentialAction":[{"@type":"ReadAction","target":["https:\/\/www.cmalleida.com\/es\/los-mediadores-de-seguros-se-organizan-para-atender-a-los-afectados-por-el-temporal\/"]}]},{"@type":"ImageObject","inLanguage":"es","@id":"https:\/\/www.cmalleida.com\/es\/los-mediadores-de-seguros-se-organizan-para-atender-a-los-afectados-por-el-temporal\/#primaryimage","url":"https:\/\/www.cmalleida.com\/wp-content\/uploads\/cmall-lleida-actualitat-car762.jpg","contentUrl":"https:\/\/www.cmalleida.com\/wp-content\/uploads\/cmall-lleida-actualitat-car762.jpg","width":762,"height":762,"caption":"cmall-lleida-actualitat-CAR762"},{"@type":"BreadcrumbList","@id":"https:\/\/www.cmalleida.com\/es\/los-mediadores-de-seguros-se-organizan-para-atender-a-los-afectados-por-el-temporal\/#breadcrumb","itemListElement":[{"@type":"ListItem","position":1,"name":"Inici","item":"https:\/\/www.cmalleida.com\/es\/"},{"@type":"ListItem","position":2,"name":"Los mediadores de seguros se organizan para atender a los afectados por el temporal (La Vanguardia)"}]},{"@type":"WebSite","@id":"https:\/\/www.cmalleida.com\/es\/#website","url":"https:\/\/www.cmalleida.com\/es\/","name":"Col\u00b7legi de Mediadors d&#039;Assegurances de Lleida","description":"Otro sitio realizado con WordPress","publisher":{"@id":"https:\/\/www.cmalleida.com\/es\/#organization"},"potentialAction":[{"@type":"SearchAction","target":{"@type":"EntryPoint","urlTemplate":"https:\/\/www.cmalleida.com\/es\/?s={search_term_string}"},"query-input":{"@type":"PropertyValueSpecification","valueRequired":true,"valueName":"search_term_string"}}],"inLanguage":"es"},{"@type":"Organization","@id":"https:\/\/www.cmalleida.com\/es\/#organization","name":"Col\u00b7legi de Mediadors d'Assegurances de Lleida","url":"https:\/\/www.cmalleida.com\/es\/","logo":{"@type":"ImageObject","inLanguage":"es","@id":"https:\/\/www.cmalleida.com\/es\/#\/schema\/logo\/image\/","url":"","contentUrl":"","caption":"Col\u00b7legi de Mediadors d'Assegurances de Lleida"},"image":{"@id":"https:\/\/www.cmalleida.com\/es\/#\/schema\/logo\/image\/"}},{"@type":"Person","@id":"https:\/\/www.cmalleida.com\/es\/#\/schema\/person\/7461453022a0d6ce41c1e530eb4443b4","name":"Antonieta Castells Dolcet","image":{"@type":"ImageObject","inLanguage":"es","@id":"https:\/\/secure.gravatar.com\/avatar\/7738df9a8ff2d12e8b37d088ff0e3e36016e57ab29e5db27ba4fb758a81ea3cb?s=96&d=mm&r=g","url":"https:\/\/secure.gravatar.com\/avatar\/7738df9a8ff2d12e8b37d088ff0e3e36016e57ab29e5db27ba4fb758a81ea3cb?s=96&d=mm&r=g","contentUrl":"https:\/\/secure.gravatar.com\/avatar\/7738df9a8ff2d12e8b37d088ff0e3e36016e57ab29e5db27ba4fb758a81ea3cb?s=96&d=mm&r=g","caption":"Antonieta Castells Dolcet"},"sameAs":["http:\/\/www.cmalleida.com"]}]}},"_links":{"self":[{"href":"https:\/\/www.cmalleida.com\/es\/wp-json\/wp\/v2\/posts\/11110","targetHints":{"allow":["GET"]}}],"collection":[{"href":"https:\/\/www.cmalleida.com\/es\/wp-json\/wp\/v2\/posts"}],"about":[{"href":"https:\/\/www.cmalleida.com\/es\/wp-json\/wp\/v2\/types\/post"}],"author":[{"embeddable":true,"href":"https:\/\/www.cmalleida.com\/es\/wp-json\/wp\/v2\/users\/149"}],"replies":[{"embeddable":true,"href":"https:\/\/www.cmalleida.com\/es\/wp-json\/wp\/v2\/comments?post=11110"}],"version-history":[{"count":2,"href":"https:\/\/www.cmalleida.com\/es\/wp-json\/wp\/v2\/posts\/11110\/revisions"}],"predecessor-version":[{"id":11112,"href":"https:\/\/www.cmalleida.com\/es\/wp-json\/wp\/v2\/posts\/11110\/revisions\/11112"}],"wp:featuredmedia":[{"embeddable":true,"href":"https:\/\/www.cmalleida.com\/es\/wp-json\/wp\/v2\/media\/1869"}],"wp:attachment":[{"href":"https:\/\/www.cmalleida.com\/es\/wp-json\/wp\/v2\/media?parent=11110"}],"wp:term":[{"taxonomy":"category","embeddable":true,"href":"https:\/\/www.cmalleida.com\/es\/wp-json\/wp\/v2\/categories?post=11110"},{"taxonomy":"post_tag","embeddable":true,"href":"https:\/\/www.cmalleida.com\/es\/wp-json\/wp\/v2\/tags?post=11110"}],"curies":[{"name":"wp","href":"https:\/\/api.w.org\/{rel}","templated":true}]}}