{"id":10940,"date":"2022-07-08T08:21:31","date_gmt":"2022-07-08T06:21:31","guid":{"rendered":"https:\/\/www.cmalleida.com\/?p=10940"},"modified":"2022-07-08T08:21:31","modified_gmt":"2022-07-08T06:21:31","slug":"que-sector-ha-creado-empleo-durante-la-pandemia-la-vanguardia-2","status":"publish","type":"post","link":"https:\/\/www.cmalleida.com\/es\/que-sector-ha-creado-empleo-durante-la-pandemia-la-vanguardia-2\/","title":{"rendered":"\u00bfQu\u00e9 sector ha creado empleo durante la pandemia? (La Vanguardia)"},"content":{"rendered":"<header class=\"article-top-header col-12\">\n<div class=\"article-top\">\n<div class=\"article-top-titles\">\n<div class=\"title-container\">\n<h1 class=\"title\"><span style=\"font-size: 16px;\">La industria aseguradora aumento el n\u00famero de puestos de trabajo durante 2020 especialmente entre las mujeres<\/span><\/h1>\n<\/div>\n<\/div>\n<\/div>\n<\/header>\n<div class=\"article-content col-12 col-md-8\">\n<div class=\"article-info\">\n<div class=\"author-date-content\">\n<div class=\"author-date-time\">\n<div class=\"author-name\" data-gtm-element-container=\"author\">\n<p><a href=\"https:\/\/www.lavanguardia.com\/autores\/enric-freire.html\" data-gtm-element=\"container-child-link\">ENRIC FREIRE<\/a><\/p>\n<\/div>\n<div class=\"date-time\"><time class=\"created\" datetime=\"2021-06-13T08:00:00+02:00\">13\/06\/2021 08:00<\/time><\/div>\n<\/div>\n<\/div>\n<\/div>\n<div class=\"article-modules\" data-mrf-recirculation=\"Enlaces en p\u00e1rrafos\">\n<p class=\"paragraph\" data-gtm-element-container=\"modulo-texto-link\">Una de las frases m\u00e1s habituales de los expertos en econom\u00eda a la hora de referirse al comportamiento de la industria del seguro durante las crisis econ\u00f3micas es la que atribuye a este sector la condici\u00f3n de ser antic\u00edclico. Es decir, que cuando la mayor\u00eda de los sectores caen a causa de la situaci\u00f3n econ\u00f3mica, las empresas del seguro parecen inmunes a lo que sucede a su alrededor. Su comportamiento, seg\u00fan esta teor\u00eda, se rige por unos criterios diferentes y ajenos al ciclo que vive la econom\u00eda en ese periodo. Como contrapartida, en los a\u00f1os de vacas gordas, el seguro crece, pero de una manera m\u00e1s comedida que el resto.<\/p>\n<p>&nbsp;<\/p>\n<div id=\"_wmass_21309999990463257\">\n<div id=\"jw-6325763257\" class=\"St_jw-6325763257\">\n<div class=\"wm-wrapper\">\n<div class=\"wm-publi\">Por supuesto, como sucede con todas las teor\u00edas, y especialmente con las que tratan de explicar la realidad de la econom\u00eda, no todos los aseguradores est\u00e1n de acuerdo con esta explicaci\u00f3n y menos en una situaci\u00f3n novedosa como la ca\u00edda de la actividad derivada de la pandemia durante el pasado a\u00f1o.<\/div>\n<\/div>\n<\/div>\n<\/div>\n<p class=\"paragraph\" data-gtm-element-container=\"modulo-texto-link\">Aunque es cierto, que, buena parte de los efectos para esta industria se observar\u00e1n a lo largo de 2021. Algunos ramos, como el que se refiere a los seguros de comercios sufrir\u00e1n por el cierre de negocios y la situaci\u00f3n de extrema debilidad en la que se encuentran el tejido comercial del pa\u00eds. Otros, como la salud, en cambio han incrementado sus ventas en el \u00faltimo a\u00f1o.<\/p>\n<p class=\"paragraph\" data-gtm-element-container=\"modulo-texto-link\">Lo que es indiscutible es que sector del seguro es uno de los que mejor a capeado la situaci\u00f3n durante estos meses marcados por las restricciones y el aislamiento social. La pasada semana la patronal que agrupa a las compa\u00f1\u00edas aseguradoras present\u00f3 una nueva edici\u00f3n del informe \u2018Estamos Seguros\u2019, en la que se resume lo m\u00e1s destacado de la actividad aseguradora durante el pasado a\u00f1o. Seg\u00fan este documento, el sector asegurador no solo ha mantenido los puestos de trabajo durante 2020 sino que ha sido capaz de aumentarlos, seg\u00fan datos del tercer trimestre del a\u00f1o pasado. Aproximadamente, 160.000 profesionales trabajan directamente en el seguro.<\/p>\n<h4 class=\"subtitle\">Una tendencia que va a m\u00e1s<\/h4>\n<h4 class=\"subtitle\">Crecimiento del empleo femenino<\/h4>\n<p class=\"paragraph\" data-gtm-element-container=\"modulo-texto-link\">Una de las tendencias que se vienen detectando en el sector asegurador es una mayor promoci\u00f3n de mujeres a puestos de alta responsabilidad dentro de las compa\u00f1\u00edas aseguradoras y las empresas de mediaci\u00f3n. De hecho, las mujeres son mayor\u00eda en la industria del seguro desde hace a\u00f1os. Aunque, cuando nos fijamos en lo m\u00e1s altos de las aseguradoras, solo AXA entre las compa\u00f1\u00edas top que operan en el mercado espa\u00f1ol tiene a una mujer, Olga S\u00e1nchez, en lo m\u00e1s alto.<\/p>\n<p class=\"paragraph\" data-gtm-element-container=\"modulo-texto-link\">A lo largo del \u00faltimo a\u00f1o, esta tendencia hacia una mayor feminizaci\u00f3n del sector, tanto a nivel general como en los puestos directivos, ha ido definitivamente a m\u00e1s. M\u00e1s del 70% de las incorporaciones del \u00faltimo a\u00f1o a lo m\u00e1s altos en diversos departamentos de las compa\u00f1\u00edas fueron mujeres. Seg\u00fan el informe de la patronal aseguradora, el 31% de los miembros de los comit\u00e9s de direcci\u00f3n de las aseguradoras son mujeres. En el conjunto de las plantillas, el 52% son mujeres. Si atendemos solo a las incorporaciones registradas en 2020, el porcentaje es del 57%.<\/p>\n<h4 class=\"subtitle\">Beneficios sociales y estabilidad<\/h4>\n<h4 class=\"subtitle\">El sector ofrece empleos de calidad<\/h4>\n<p class=\"paragraph\" data-gtm-element-container=\"modulo-texto-link\">\u00bfC\u00f3mo es el empleo que ofrece el seguro? Pues los datos revelan que es estable, con salarios por encima de la media y un buen paquete de beneficios sociales. El informe de la patronal UNESPA asegura que es el octavo sector que m\u00e1s paga por persona en Espa\u00f1a. El coste salarial por empleado es 3.476 euros por empleado. Seg\u00fan datos de 2019, el 96% de los contratos en el sector eran fijos.<\/p>\n<p class=\"paragraph\" data-gtm-element-container=\"modulo-texto-link\">Las condiciones de trabajo son, seg\u00fan el documento Estamos Seguros 2021, el 84% de la plantilla dispone de horario flexible y el 30% de los trabajadores tienen un plan de carrera. Y es que la formaci\u00f3n es tambi\u00e9n otro de los puntos fuertes del sector que destina 558 euros anuales por persona a mejorar su capacitaci\u00f3n. Se estima que el 97% de los profesionales del sector recibieron sesiones formativas durante el pasado a\u00f1o.<\/p>\n<p class=\"paragraph\" data-gtm-element-container=\"modulo-texto-link\">Por lo que respecta a los beneficios sociales, el informe destaca que la totalidad de las plantillas del sector cuenta con productos de previsi\u00f3n social complementaria y seguros de vida, mientras que el 75% disfruta de un seguro de salud; el 58% tiene a su disposici\u00f3n ayudas para los estudios, y el 53 dispone de descuentos en otros seguros. Aproximadamente la mitad puede acceder a pr\u00e9stamos por encima de lo previsto en el convenio.<\/p>\n<p class=\"paragraph\" data-gtm-element-container=\"modulo-texto-link\">Todos estos datos quiz\u00e1s ayuden a entender porqu\u00e9 un sector al que no es habitual llegar por vocaci\u00f3n y del que se ha repetido hasta la saciedad, desde dentro y desde fuera, que \u201cno es sexy\u201d tiene, sin embargo, una elevada capacidad de retenci\u00f3n.<\/p>\n<\/div>\n<\/div>\n","protected":false},"excerpt":{"rendered":"<p>La industria aseguradora aumento el n\u00famero de puestos de trabajo durante 2020 especialmente entre las mujeres ENRIC FREIRE 13\/06\/2021 08:00 Una de las frases m\u00e1s&#8230; <a href=\"https:\/\/www.cmalleida.com\/es\/que-sector-ha-creado-empleo-durante-la-pandemia-la-vanguardia-2\/\" rel=\"nofollow\" class=\"lollegirmes\">Llegeix m\u00e9s<\/a><\/p>\n","protected":false},"author":149,"featured_media":1847,"comment_status":"closed","ping_status":"closed","sticky":false,"template":"","format":"standard","meta":{"_acf_changed":false,"_genesis_hide_title":false,"_genesis_hide_breadcrumbs":false,"_genesis_hide_singular_image":false,"_genesis_hide_footer_widgets":false,"_genesis_custom_body_class":"","_genesis_custom_post_class":"","_genesis_layout":"","footnotes":""},"categories":[28,125,56],"tags":[],"class_list":{"0":"post-10940","1":"post","2":"type-post","3":"status-publish","4":"format-standard","5":"has-post-thumbnail","7":"category-actualidad","8":"category-assegurances-es","9":"category-laboral-es","10":"entry"},"acf":[],"yoast_head":"<!-- This site is optimized with the Yoast SEO plugin v27.2 - https:\/\/yoast.com\/product\/yoast-seo-wordpress\/ -->\n<title>\u00bfQu\u00e9 sector ha creado empleo durante la pandemia? (La Vanguardia) - Col\u00b7legi de Mediadors d&#039;Assegurances de Lleida<\/title>\n<meta name=\"robots\" content=\"index, follow, max-snippet:-1, max-image-preview:large, max-video-preview:-1\" \/>\n<link rel=\"canonical\" href=\"https:\/\/www.cmalleida.com\/es\/que-sector-ha-creado-empleo-durante-la-pandemia-la-vanguardia-2\/\" \/>\n<meta property=\"og:locale\" content=\"es_ES\" \/>\n<meta property=\"og:type\" content=\"article\" \/>\n<meta property=\"og:title\" content=\"\u00bfQu\u00e9 sector ha creado empleo durante la pandemia? (La Vanguardia) - Col\u00b7legi de Mediadors d&#039;Assegurances de Lleida\" \/>\n<meta property=\"og:description\" content=\"La industria aseguradora aumento el n\u00famero de puestos de trabajo durante 2020 especialmente entre las mujeres ENRIC FREIRE 13\/06\/2021 08:00 Una de las frases m\u00e1s... Llegeix m\u00e9s\" \/>\n<meta property=\"og:url\" content=\"https:\/\/www.cmalleida.com\/es\/que-sector-ha-creado-empleo-durante-la-pandemia-la-vanguardia-2\/\" \/>\n<meta property=\"og:site_name\" content=\"Col\u00b7legi de Mediadors d&#039;Assegurances de Lleida\" \/>\n<meta property=\"article:published_time\" content=\"2022-07-08T06:21:31+00:00\" \/>\n<meta property=\"og:image\" content=\"https:\/\/www.cmalleida.com\/wp-content\/uploads\/cmall-lleida-treballadors762.jpg\" \/>\n\t<meta property=\"og:image:width\" content=\"762\" \/>\n\t<meta property=\"og:image:height\" content=\"762\" \/>\n\t<meta property=\"og:image:type\" content=\"image\/jpeg\" \/>\n<meta name=\"author\" content=\"Antonieta Castells Dolcet\" \/>\n<meta name=\"twitter:card\" content=\"summary_large_image\" \/>\n<meta name=\"twitter:label1\" content=\"Written by\" \/>\n\t<meta name=\"twitter:data1\" content=\"Antonieta Castells Dolcet\" \/>\n\t<meta name=\"twitter:label2\" content=\"Est. reading time\" \/>\n\t<meta name=\"twitter:data2\" content=\"4 minutos\" \/>\n<script type=\"application\/ld+json\" class=\"yoast-schema-graph\">{\"@context\":\"https:\/\/schema.org\",\"@graph\":[{\"@type\":\"Article\",\"@id\":\"https:\/\/www.cmalleida.com\/es\/que-sector-ha-creado-empleo-durante-la-pandemia-la-vanguardia-2\/#article\",\"isPartOf\":{\"@id\":\"https:\/\/www.cmalleida.com\/es\/que-sector-ha-creado-empleo-durante-la-pandemia-la-vanguardia-2\/\"},\"author\":{\"name\":\"Antonieta Castells Dolcet\",\"@id\":\"https:\/\/www.cmalleida.com\/es\/#\/schema\/person\/7461453022a0d6ce41c1e530eb4443b4\"},\"headline\":\"\u00bfQu\u00e9 sector ha creado empleo durante la pandemia? (La Vanguardia)\",\"datePublished\":\"2022-07-08T06:21:31+00:00\",\"mainEntityOfPage\":{\"@id\":\"https:\/\/www.cmalleida.com\/es\/que-sector-ha-creado-empleo-durante-la-pandemia-la-vanguardia-2\/\"},\"wordCount\":869,\"publisher\":{\"@id\":\"https:\/\/www.cmalleida.com\/es\/#organization\"},\"image\":{\"@id\":\"https:\/\/www.cmalleida.com\/es\/que-sector-ha-creado-empleo-durante-la-pandemia-la-vanguardia-2\/#primaryimage\"},\"thumbnailUrl\":\"https:\/\/www.cmalleida.com\/wp-content\/uploads\/cmall-lleida-treballadors762.jpg\",\"articleSection\":[\"Actualidad\",\"Assegurances\",\"Laboral\"],\"inLanguage\":\"es\"},{\"@type\":\"WebPage\",\"@id\":\"https:\/\/www.cmalleida.com\/es\/que-sector-ha-creado-empleo-durante-la-pandemia-la-vanguardia-2\/\",\"url\":\"https:\/\/www.cmalleida.com\/es\/que-sector-ha-creado-empleo-durante-la-pandemia-la-vanguardia-2\/\",\"name\":\"\u00bfQu\u00e9 sector ha creado empleo durante la pandemia? (La Vanguardia) - Col\u00b7legi de Mediadors d&#039;Assegurances de Lleida\",\"isPartOf\":{\"@id\":\"https:\/\/www.cmalleida.com\/es\/#website\"},\"primaryImageOfPage\":{\"@id\":\"https:\/\/www.cmalleida.com\/es\/que-sector-ha-creado-empleo-durante-la-pandemia-la-vanguardia-2\/#primaryimage\"},\"image\":{\"@id\":\"https:\/\/www.cmalleida.com\/es\/que-sector-ha-creado-empleo-durante-la-pandemia-la-vanguardia-2\/#primaryimage\"},\"thumbnailUrl\":\"https:\/\/www.cmalleida.com\/wp-content\/uploads\/cmall-lleida-treballadors762.jpg\",\"datePublished\":\"2022-07-08T06:21:31+00:00\",\"breadcrumb\":{\"@id\":\"https:\/\/www.cmalleida.com\/es\/que-sector-ha-creado-empleo-durante-la-pandemia-la-vanguardia-2\/#breadcrumb\"},\"inLanguage\":\"es\",\"potentialAction\":[{\"@type\":\"ReadAction\",\"target\":[\"https:\/\/www.cmalleida.com\/es\/que-sector-ha-creado-empleo-durante-la-pandemia-la-vanguardia-2\/\"]}]},{\"@type\":\"ImageObject\",\"inLanguage\":\"es\",\"@id\":\"https:\/\/www.cmalleida.com\/es\/que-sector-ha-creado-empleo-durante-la-pandemia-la-vanguardia-2\/#primaryimage\",\"url\":\"https:\/\/www.cmalleida.com\/wp-content\/uploads\/cmall-lleida-treballadors762.jpg\",\"contentUrl\":\"https:\/\/www.cmalleida.com\/wp-content\/uploads\/cmall-lleida-treballadors762.jpg\",\"width\":762,\"height\":762,\"caption\":\"cmall-lleida-treballadors762\"},{\"@type\":\"BreadcrumbList\",\"@id\":\"https:\/\/www.cmalleida.com\/es\/que-sector-ha-creado-empleo-durante-la-pandemia-la-vanguardia-2\/#breadcrumb\",\"itemListElement\":[{\"@type\":\"ListItem\",\"position\":1,\"name\":\"Inici\",\"item\":\"https:\/\/www.cmalleida.com\/es\/\"},{\"@type\":\"ListItem\",\"position\":2,\"name\":\"\u00bfQu\u00e9 sector ha creado empleo durante la pandemia? (La Vanguardia)\"}]},{\"@type\":\"WebSite\",\"@id\":\"https:\/\/www.cmalleida.com\/es\/#website\",\"url\":\"https:\/\/www.cmalleida.com\/es\/\",\"name\":\"Col\u00b7legi de Mediadors d&#039;Assegurances de Lleida\",\"description\":\"Otro sitio realizado con WordPress\",\"publisher\":{\"@id\":\"https:\/\/www.cmalleida.com\/es\/#organization\"},\"potentialAction\":[{\"@type\":\"SearchAction\",\"target\":{\"@type\":\"EntryPoint\",\"urlTemplate\":\"https:\/\/www.cmalleida.com\/es\/?s={search_term_string}\"},\"query-input\":{\"@type\":\"PropertyValueSpecification\",\"valueRequired\":true,\"valueName\":\"search_term_string\"}}],\"inLanguage\":\"es\"},{\"@type\":\"Organization\",\"@id\":\"https:\/\/www.cmalleida.com\/es\/#organization\",\"name\":\"Col\u00b7legi de Mediadors d'Assegurances de Lleida\",\"url\":\"https:\/\/www.cmalleida.com\/es\/\",\"logo\":{\"@type\":\"ImageObject\",\"inLanguage\":\"es\",\"@id\":\"https:\/\/www.cmalleida.com\/es\/#\/schema\/logo\/image\/\",\"url\":\"\",\"contentUrl\":\"\",\"caption\":\"Col\u00b7legi de Mediadors d'Assegurances de Lleida\"},\"image\":{\"@id\":\"https:\/\/www.cmalleida.com\/es\/#\/schema\/logo\/image\/\"}},{\"@type\":\"Person\",\"@id\":\"https:\/\/www.cmalleida.com\/es\/#\/schema\/person\/7461453022a0d6ce41c1e530eb4443b4\",\"name\":\"Antonieta Castells Dolcet\",\"image\":{\"@type\":\"ImageObject\",\"inLanguage\":\"es\",\"@id\":\"https:\/\/secure.gravatar.com\/avatar\/7738df9a8ff2d12e8b37d088ff0e3e36016e57ab29e5db27ba4fb758a81ea3cb?s=96&d=mm&r=g\",\"url\":\"https:\/\/secure.gravatar.com\/avatar\/7738df9a8ff2d12e8b37d088ff0e3e36016e57ab29e5db27ba4fb758a81ea3cb?s=96&d=mm&r=g\",\"contentUrl\":\"https:\/\/secure.gravatar.com\/avatar\/7738df9a8ff2d12e8b37d088ff0e3e36016e57ab29e5db27ba4fb758a81ea3cb?s=96&d=mm&r=g\",\"caption\":\"Antonieta Castells Dolcet\"},\"sameAs\":[\"http:\/\/www.cmalleida.com\"]}]}<\/script>\n<!-- \/ Yoast SEO plugin. -->","yoast_head_json":{"title":"\u00bfQu\u00e9 sector ha creado empleo durante la pandemia? (La Vanguardia) - Col\u00b7legi de Mediadors d&#039;Assegurances de Lleida","robots":{"index":"index","follow":"follow","max-snippet":"max-snippet:-1","max-image-preview":"max-image-preview:large","max-video-preview":"max-video-preview:-1"},"canonical":"https:\/\/www.cmalleida.com\/es\/que-sector-ha-creado-empleo-durante-la-pandemia-la-vanguardia-2\/","og_locale":"es_ES","og_type":"article","og_title":"\u00bfQu\u00e9 sector ha creado empleo durante la pandemia? (La Vanguardia) - Col\u00b7legi de Mediadors d&#039;Assegurances de Lleida","og_description":"La industria aseguradora aumento el n\u00famero de puestos de trabajo durante 2020 especialmente entre las mujeres ENRIC FREIRE 13\/06\/2021 08:00 Una de las frases m\u00e1s... Llegeix m\u00e9s","og_url":"https:\/\/www.cmalleida.com\/es\/que-sector-ha-creado-empleo-durante-la-pandemia-la-vanguardia-2\/","og_site_name":"Col\u00b7legi de Mediadors d&#039;Assegurances de Lleida","article_published_time":"2022-07-08T06:21:31+00:00","og_image":[{"width":762,"height":762,"url":"https:\/\/www.cmalleida.com\/wp-content\/uploads\/cmall-lleida-treballadors762.jpg","type":"image\/jpeg"}],"author":"Antonieta Castells Dolcet","twitter_card":"summary_large_image","twitter_misc":{"Written by":"Antonieta Castells Dolcet","Est. reading time":"4 minutos"},"schema":{"@context":"https:\/\/schema.org","@graph":[{"@type":"Article","@id":"https:\/\/www.cmalleida.com\/es\/que-sector-ha-creado-empleo-durante-la-pandemia-la-vanguardia-2\/#article","isPartOf":{"@id":"https:\/\/www.cmalleida.com\/es\/que-sector-ha-creado-empleo-durante-la-pandemia-la-vanguardia-2\/"},"author":{"name":"Antonieta Castells Dolcet","@id":"https:\/\/www.cmalleida.com\/es\/#\/schema\/person\/7461453022a0d6ce41c1e530eb4443b4"},"headline":"\u00bfQu\u00e9 sector ha creado empleo durante la pandemia? (La Vanguardia)","datePublished":"2022-07-08T06:21:31+00:00","mainEntityOfPage":{"@id":"https:\/\/www.cmalleida.com\/es\/que-sector-ha-creado-empleo-durante-la-pandemia-la-vanguardia-2\/"},"wordCount":869,"publisher":{"@id":"https:\/\/www.cmalleida.com\/es\/#organization"},"image":{"@id":"https:\/\/www.cmalleida.com\/es\/que-sector-ha-creado-empleo-durante-la-pandemia-la-vanguardia-2\/#primaryimage"},"thumbnailUrl":"https:\/\/www.cmalleida.com\/wp-content\/uploads\/cmall-lleida-treballadors762.jpg","articleSection":["Actualidad","Assegurances","Laboral"],"inLanguage":"es"},{"@type":"WebPage","@id":"https:\/\/www.cmalleida.com\/es\/que-sector-ha-creado-empleo-durante-la-pandemia-la-vanguardia-2\/","url":"https:\/\/www.cmalleida.com\/es\/que-sector-ha-creado-empleo-durante-la-pandemia-la-vanguardia-2\/","name":"\u00bfQu\u00e9 sector ha creado empleo durante la pandemia? (La Vanguardia) - Col\u00b7legi de Mediadors d&#039;Assegurances de Lleida","isPartOf":{"@id":"https:\/\/www.cmalleida.com\/es\/#website"},"primaryImageOfPage":{"@id":"https:\/\/www.cmalleida.com\/es\/que-sector-ha-creado-empleo-durante-la-pandemia-la-vanguardia-2\/#primaryimage"},"image":{"@id":"https:\/\/www.cmalleida.com\/es\/que-sector-ha-creado-empleo-durante-la-pandemia-la-vanguardia-2\/#primaryimage"},"thumbnailUrl":"https:\/\/www.cmalleida.com\/wp-content\/uploads\/cmall-lleida-treballadors762.jpg","datePublished":"2022-07-08T06:21:31+00:00","breadcrumb":{"@id":"https:\/\/www.cmalleida.com\/es\/que-sector-ha-creado-empleo-durante-la-pandemia-la-vanguardia-2\/#breadcrumb"},"inLanguage":"es","potentialAction":[{"@type":"ReadAction","target":["https:\/\/www.cmalleida.com\/es\/que-sector-ha-creado-empleo-durante-la-pandemia-la-vanguardia-2\/"]}]},{"@type":"ImageObject","inLanguage":"es","@id":"https:\/\/www.cmalleida.com\/es\/que-sector-ha-creado-empleo-durante-la-pandemia-la-vanguardia-2\/#primaryimage","url":"https:\/\/www.cmalleida.com\/wp-content\/uploads\/cmall-lleida-treballadors762.jpg","contentUrl":"https:\/\/www.cmalleida.com\/wp-content\/uploads\/cmall-lleida-treballadors762.jpg","width":762,"height":762,"caption":"cmall-lleida-treballadors762"},{"@type":"BreadcrumbList","@id":"https:\/\/www.cmalleida.com\/es\/que-sector-ha-creado-empleo-durante-la-pandemia-la-vanguardia-2\/#breadcrumb","itemListElement":[{"@type":"ListItem","position":1,"name":"Inici","item":"https:\/\/www.cmalleida.com\/es\/"},{"@type":"ListItem","position":2,"name":"\u00bfQu\u00e9 sector ha creado empleo durante la pandemia? (La Vanguardia)"}]},{"@type":"WebSite","@id":"https:\/\/www.cmalleida.com\/es\/#website","url":"https:\/\/www.cmalleida.com\/es\/","name":"Col\u00b7legi de Mediadors d&#039;Assegurances de Lleida","description":"Otro sitio realizado con WordPress","publisher":{"@id":"https:\/\/www.cmalleida.com\/es\/#organization"},"potentialAction":[{"@type":"SearchAction","target":{"@type":"EntryPoint","urlTemplate":"https:\/\/www.cmalleida.com\/es\/?s={search_term_string}"},"query-input":{"@type":"PropertyValueSpecification","valueRequired":true,"valueName":"search_term_string"}}],"inLanguage":"es"},{"@type":"Organization","@id":"https:\/\/www.cmalleida.com\/es\/#organization","name":"Col\u00b7legi de Mediadors d'Assegurances de Lleida","url":"https:\/\/www.cmalleida.com\/es\/","logo":{"@type":"ImageObject","inLanguage":"es","@id":"https:\/\/www.cmalleida.com\/es\/#\/schema\/logo\/image\/","url":"","contentUrl":"","caption":"Col\u00b7legi de Mediadors d'Assegurances de Lleida"},"image":{"@id":"https:\/\/www.cmalleida.com\/es\/#\/schema\/logo\/image\/"}},{"@type":"Person","@id":"https:\/\/www.cmalleida.com\/es\/#\/schema\/person\/7461453022a0d6ce41c1e530eb4443b4","name":"Antonieta Castells Dolcet","image":{"@type":"ImageObject","inLanguage":"es","@id":"https:\/\/secure.gravatar.com\/avatar\/7738df9a8ff2d12e8b37d088ff0e3e36016e57ab29e5db27ba4fb758a81ea3cb?s=96&d=mm&r=g","url":"https:\/\/secure.gravatar.com\/avatar\/7738df9a8ff2d12e8b37d088ff0e3e36016e57ab29e5db27ba4fb758a81ea3cb?s=96&d=mm&r=g","contentUrl":"https:\/\/secure.gravatar.com\/avatar\/7738df9a8ff2d12e8b37d088ff0e3e36016e57ab29e5db27ba4fb758a81ea3cb?s=96&d=mm&r=g","caption":"Antonieta Castells Dolcet"},"sameAs":["http:\/\/www.cmalleida.com"]}]}},"_links":{"self":[{"href":"https:\/\/www.cmalleida.com\/es\/wp-json\/wp\/v2\/posts\/10940","targetHints":{"allow":["GET"]}}],"collection":[{"href":"https:\/\/www.cmalleida.com\/es\/wp-json\/wp\/v2\/posts"}],"about":[{"href":"https:\/\/www.cmalleida.com\/es\/wp-json\/wp\/v2\/types\/post"}],"author":[{"embeddable":true,"href":"https:\/\/www.cmalleida.com\/es\/wp-json\/wp\/v2\/users\/149"}],"replies":[{"embeddable":true,"href":"https:\/\/www.cmalleida.com\/es\/wp-json\/wp\/v2\/comments?post=10940"}],"version-history":[{"count":1,"href":"https:\/\/www.cmalleida.com\/es\/wp-json\/wp\/v2\/posts\/10940\/revisions"}],"predecessor-version":[{"id":10941,"href":"https:\/\/www.cmalleida.com\/es\/wp-json\/wp\/v2\/posts\/10940\/revisions\/10941"}],"wp:featuredmedia":[{"embeddable":true,"href":"https:\/\/www.cmalleida.com\/es\/wp-json\/wp\/v2\/media\/1847"}],"wp:attachment":[{"href":"https:\/\/www.cmalleida.com\/es\/wp-json\/wp\/v2\/media?parent=10940"}],"wp:term":[{"taxonomy":"category","embeddable":true,"href":"https:\/\/www.cmalleida.com\/es\/wp-json\/wp\/v2\/categories?post=10940"},{"taxonomy":"post_tag","embeddable":true,"href":"https:\/\/www.cmalleida.com\/es\/wp-json\/wp\/v2\/tags?post=10940"}],"curies":[{"name":"wp","href":"https:\/\/api.w.org\/{rel}","templated":true}]}}