{"id":10791,"date":"2022-05-27T10:17:08","date_gmt":"2022-05-27T08:17:08","guid":{"rendered":"https:\/\/www.cmalleida.com\/?p=10791"},"modified":"2022-05-27T10:17:08","modified_gmt":"2022-05-27T08:17:08","slug":"los-mediadores-se-reunen-y-debaten-en-el-congreso-de-valencia-2022","status":"publish","type":"post","link":"https:\/\/www.cmalleida.com\/es\/los-mediadores-se-reunen-y-debaten-en-el-congreso-de-valencia-2022\/","title":{"rendered":"LOS MEDIADORES SE REUNEN Y DEBATEN EN EL CONGRESO  DE VALENCIA 2022"},"content":{"rendered":"<p>M\u00e1s de seiscientos asistentes, 27 ponentes y 35 patrocinadores han convertido al Congreso de Mediadores 2022 en un \u00e9xito por contenido y profesionales seg\u00fan ha manifestado Javier Barber\u00e1, presidente del Consejo General de Mediadoras y del Colegio de Mediadores de Seguros de Lleida .<\/p>\n<p>Celebrado los d\u00edas, 19 y 20 de mayo, en el Palacio de Congresos de Valencia, ha vuelto a reunir a los profesionales del sector en un evento en formato exclusivamente presencial, despu\u00e9s de dos a\u00f1os de aplazamiento por la pandemia.<\/p>\n<p>Ambas jornadas han demostrado el inter\u00e9s de la profesi\u00f3n, no s\u00f3lo por los temas directamente vinculados a la mediaci\u00f3n, sino tambi\u00e9n por los asuntos globales planteados en las intervenciones de ponentes ajenos a la profesi\u00f3n: \u00e9tica, econom\u00eda, inteligencia artificial, psicolog\u00eda o geoestrategia .<\/p>\n<p>Barber\u00e1 se muestra optimista respecto al futuro de la mediaci\u00f3n. As\u00ed lo ha puesto de manifiesto durante el discurso de clausura del Congreso de Mediadores 2022. \u201cCreo que tenemos suficientes motivos para ver el futuro con esperanza. Claro que no podemos olvidar las amenazas que traban cada d\u00eda nuestra actividad: alud normativa; competencia desleal de la banca; preocupante descenso del nivel de muchos de nuestros interlocutores en las compa\u00f1\u00edas y excesiva rotaci\u00f3n de personas de atenci\u00f3n; asunci\u00f3n de trabajos que no nos corresponden; acoso en la peque\u00f1a y mediana empresa o descenso del nivel de formaci\u00f3n, entre otros. Pero, a pesar de todo, estamos en un buen momento, lleno de incertidumbres que no van a desaparecer, pero que s\u00ed pueden gestionarse\u201d.<\/p>\n<p>Durante dos d\u00edas, el Congreso de Mediadores ha recogido la opini\u00f3n, experiencia y conocimientos de m\u00e1s de una veintena de expertos y profesionales dejando claramente manifiesto, la importancia de las personas y del factor humano en un contexto global de creciente complejidad y competencia . Un contexto en el que \u201cla \u00fanica manera de conseguir mejoras permanentes de la competitividad es mediante el incremento del valor que podemos a\u00f1adir a nuestra actividad, as\u00ed como de la capacidad de nuestros negocios para asimilar tecnolog\u00eda y ponerla al servicio del cliente y de productos innovadores\u201d, ha se\u00f1alado Barber\u00e1.<\/p>\n","protected":false},"excerpt":{"rendered":"<p>M\u00e1s de seiscientos asistentes, 27 ponentes y 35 patrocinadores han convertido al Congreso de Mediadores 2022 en un \u00e9xito por contenido y profesionales seg\u00fan ha&#8230; <a href=\"https:\/\/www.cmalleida.com\/es\/los-mediadores-se-reunen-y-debaten-en-el-congreso-de-valencia-2022\/\" rel=\"nofollow\" class=\"lollegirmes\">Llegeix m\u00e9s<\/a><\/p>\n","protected":false},"author":149,"featured_media":10785,"comment_status":"closed","ping_status":"closed","sticky":false,"template":"","format":"standard","meta":{"_acf_changed":false,"_genesis_hide_title":false,"_genesis_hide_breadcrumbs":false,"_genesis_hide_singular_image":false,"_genesis_hide_footer_widgets":false,"_genesis_custom_body_class":"","_genesis_custom_post_class":"","_genesis_layout":"","footnotes":""},"categories":[28,125,101],"tags":[],"class_list":{"0":"post-10791","1":"post","2":"type-post","3":"status-publish","4":"format-standard","5":"has-post-thumbnail","7":"category-actualidad","8":"category-assegurances-es","9":"category-recortes-de-prensa","10":"entry"},"acf":[],"yoast_head":"<!-- This site is optimized with the Yoast SEO plugin v27.2 - https:\/\/yoast.com\/product\/yoast-seo-wordpress\/ -->\n<title>LOS MEDIADORES SE REUNEN Y DEBATEN EN EL CONGRESO DE VALENCIA 2022 - Col\u00b7legi de Mediadors d&#039;Assegurances de Lleida<\/title>\n<meta name=\"robots\" content=\"index, follow, max-snippet:-1, max-image-preview:large, max-video-preview:-1\" \/>\n<link rel=\"canonical\" href=\"https:\/\/www.cmalleida.com\/es\/los-mediadores-se-reunen-y-debaten-en-el-congreso-de-valencia-2022\/\" \/>\n<meta property=\"og:locale\" content=\"es_ES\" \/>\n<meta property=\"og:type\" content=\"article\" \/>\n<meta property=\"og:title\" content=\"LOS MEDIADORES SE REUNEN Y DEBATEN EN EL CONGRESO DE VALENCIA 2022 - Col\u00b7legi de Mediadors d&#039;Assegurances de Lleida\" \/>\n<meta property=\"og:description\" content=\"M\u00e1s de seiscientos asistentes, 27 ponentes y 35 patrocinadores han convertido al Congreso de Mediadores 2022 en un \u00e9xito por contenido y profesionales seg\u00fan ha... Llegeix m\u00e9s\" \/>\n<meta property=\"og:url\" content=\"https:\/\/www.cmalleida.com\/es\/los-mediadores-se-reunen-y-debaten-en-el-congreso-de-valencia-2022\/\" \/>\n<meta property=\"og:site_name\" content=\"Col\u00b7legi de Mediadors d&#039;Assegurances de Lleida\" \/>\n<meta property=\"article:published_time\" content=\"2022-05-27T08:17:08+00:00\" \/>\n<meta property=\"og:image\" content=\"https:\/\/www.cmalleida.com\/wp-content\/uploads\/dsc8269.jpg\" \/>\n\t<meta property=\"og:image:width\" content=\"2362\" \/>\n\t<meta property=\"og:image:height\" content=\"1572\" \/>\n\t<meta property=\"og:image:type\" content=\"image\/jpeg\" \/>\n<meta name=\"author\" content=\"Antonieta Castells Dolcet\" \/>\n<meta name=\"twitter:card\" content=\"summary_large_image\" \/>\n<meta name=\"twitter:label1\" content=\"Written by\" \/>\n\t<meta name=\"twitter:data1\" content=\"Antonieta Castells Dolcet\" \/>\n\t<meta name=\"twitter:label2\" content=\"Est. reading time\" \/>\n\t<meta name=\"twitter:data2\" content=\"2 minutos\" \/>\n<script type=\"application\/ld+json\" class=\"yoast-schema-graph\">{\"@context\":\"https:\/\/schema.org\",\"@graph\":[{\"@type\":\"Article\",\"@id\":\"https:\/\/www.cmalleida.com\/es\/los-mediadores-se-reunen-y-debaten-en-el-congreso-de-valencia-2022\/#article\",\"isPartOf\":{\"@id\":\"https:\/\/www.cmalleida.com\/es\/los-mediadores-se-reunen-y-debaten-en-el-congreso-de-valencia-2022\/\"},\"author\":{\"name\":\"Antonieta Castells Dolcet\",\"@id\":\"https:\/\/www.cmalleida.com\/es\/#\/schema\/person\/7461453022a0d6ce41c1e530eb4443b4\"},\"headline\":\"LOS MEDIADORES SE REUNEN Y DEBATEN EN EL CONGRESO DE VALENCIA 2022\",\"datePublished\":\"2022-05-27T08:17:08+00:00\",\"mainEntityOfPage\":{\"@id\":\"https:\/\/www.cmalleida.com\/es\/los-mediadores-se-reunen-y-debaten-en-el-congreso-de-valencia-2022\/\"},\"wordCount\":373,\"publisher\":{\"@id\":\"https:\/\/www.cmalleida.com\/es\/#organization\"},\"image\":{\"@id\":\"https:\/\/www.cmalleida.com\/es\/los-mediadores-se-reunen-y-debaten-en-el-congreso-de-valencia-2022\/#primaryimage\"},\"thumbnailUrl\":\"https:\/\/www.cmalleida.com\/wp-content\/uploads\/dsc8269.jpg\",\"articleSection\":[\"Actualidad\",\"Assegurances\",\"Recopilaciones de Prensa\"],\"inLanguage\":\"es\"},{\"@type\":\"WebPage\",\"@id\":\"https:\/\/www.cmalleida.com\/es\/los-mediadores-se-reunen-y-debaten-en-el-congreso-de-valencia-2022\/\",\"url\":\"https:\/\/www.cmalleida.com\/es\/los-mediadores-se-reunen-y-debaten-en-el-congreso-de-valencia-2022\/\",\"name\":\"LOS MEDIADORES SE REUNEN Y DEBATEN EN EL CONGRESO DE VALENCIA 2022 - Col\u00b7legi de Mediadors d&#039;Assegurances de Lleida\",\"isPartOf\":{\"@id\":\"https:\/\/www.cmalleida.com\/es\/#website\"},\"primaryImageOfPage\":{\"@id\":\"https:\/\/www.cmalleida.com\/es\/los-mediadores-se-reunen-y-debaten-en-el-congreso-de-valencia-2022\/#primaryimage\"},\"image\":{\"@id\":\"https:\/\/www.cmalleida.com\/es\/los-mediadores-se-reunen-y-debaten-en-el-congreso-de-valencia-2022\/#primaryimage\"},\"thumbnailUrl\":\"https:\/\/www.cmalleida.com\/wp-content\/uploads\/dsc8269.jpg\",\"datePublished\":\"2022-05-27T08:17:08+00:00\",\"breadcrumb\":{\"@id\":\"https:\/\/www.cmalleida.com\/es\/los-mediadores-se-reunen-y-debaten-en-el-congreso-de-valencia-2022\/#breadcrumb\"},\"inLanguage\":\"es\",\"potentialAction\":[{\"@type\":\"ReadAction\",\"target\":[\"https:\/\/www.cmalleida.com\/es\/los-mediadores-se-reunen-y-debaten-en-el-congreso-de-valencia-2022\/\"]}]},{\"@type\":\"ImageObject\",\"inLanguage\":\"es\",\"@id\":\"https:\/\/www.cmalleida.com\/es\/los-mediadores-se-reunen-y-debaten-en-el-congreso-de-valencia-2022\/#primaryimage\",\"url\":\"https:\/\/www.cmalleida.com\/wp-content\/uploads\/dsc8269.jpg\",\"contentUrl\":\"https:\/\/www.cmalleida.com\/wp-content\/uploads\/dsc8269.jpg\",\"width\":2362,\"height\":1572,\"caption\":\"_DSC8269\"},{\"@type\":\"BreadcrumbList\",\"@id\":\"https:\/\/www.cmalleida.com\/es\/los-mediadores-se-reunen-y-debaten-en-el-congreso-de-valencia-2022\/#breadcrumb\",\"itemListElement\":[{\"@type\":\"ListItem\",\"position\":1,\"name\":\"Inici\",\"item\":\"https:\/\/www.cmalleida.com\/es\/\"},{\"@type\":\"ListItem\",\"position\":2,\"name\":\"LOS MEDIADORES SE REUNEN Y DEBATEN EN EL CONGRESO DE VALENCIA 2022\"}]},{\"@type\":\"WebSite\",\"@id\":\"https:\/\/www.cmalleida.com\/es\/#website\",\"url\":\"https:\/\/www.cmalleida.com\/es\/\",\"name\":\"Col\u00b7legi de Mediadors d&#039;Assegurances de Lleida\",\"description\":\"Otro sitio realizado con WordPress\",\"publisher\":{\"@id\":\"https:\/\/www.cmalleida.com\/es\/#organization\"},\"potentialAction\":[{\"@type\":\"SearchAction\",\"target\":{\"@type\":\"EntryPoint\",\"urlTemplate\":\"https:\/\/www.cmalleida.com\/es\/?s={search_term_string}\"},\"query-input\":{\"@type\":\"PropertyValueSpecification\",\"valueRequired\":true,\"valueName\":\"search_term_string\"}}],\"inLanguage\":\"es\"},{\"@type\":\"Organization\",\"@id\":\"https:\/\/www.cmalleida.com\/es\/#organization\",\"name\":\"Col\u00b7legi de Mediadors d'Assegurances de Lleida\",\"url\":\"https:\/\/www.cmalleida.com\/es\/\",\"logo\":{\"@type\":\"ImageObject\",\"inLanguage\":\"es\",\"@id\":\"https:\/\/www.cmalleida.com\/es\/#\/schema\/logo\/image\/\",\"url\":\"\",\"contentUrl\":\"\",\"caption\":\"Col\u00b7legi de Mediadors d'Assegurances de Lleida\"},\"image\":{\"@id\":\"https:\/\/www.cmalleida.com\/es\/#\/schema\/logo\/image\/\"}},{\"@type\":\"Person\",\"@id\":\"https:\/\/www.cmalleida.com\/es\/#\/schema\/person\/7461453022a0d6ce41c1e530eb4443b4\",\"name\":\"Antonieta Castells Dolcet\",\"image\":{\"@type\":\"ImageObject\",\"inLanguage\":\"es\",\"@id\":\"https:\/\/secure.gravatar.com\/avatar\/7738df9a8ff2d12e8b37d088ff0e3e36016e57ab29e5db27ba4fb758a81ea3cb?s=96&d=mm&r=g\",\"url\":\"https:\/\/secure.gravatar.com\/avatar\/7738df9a8ff2d12e8b37d088ff0e3e36016e57ab29e5db27ba4fb758a81ea3cb?s=96&d=mm&r=g\",\"contentUrl\":\"https:\/\/secure.gravatar.com\/avatar\/7738df9a8ff2d12e8b37d088ff0e3e36016e57ab29e5db27ba4fb758a81ea3cb?s=96&d=mm&r=g\",\"caption\":\"Antonieta Castells Dolcet\"},\"sameAs\":[\"http:\/\/www.cmalleida.com\"]}]}<\/script>\n<!-- \/ Yoast SEO plugin. -->","yoast_head_json":{"title":"LOS MEDIADORES SE REUNEN Y DEBATEN EN EL CONGRESO DE VALENCIA 2022 - Col\u00b7legi de Mediadors d&#039;Assegurances de Lleida","robots":{"index":"index","follow":"follow","max-snippet":"max-snippet:-1","max-image-preview":"max-image-preview:large","max-video-preview":"max-video-preview:-1"},"canonical":"https:\/\/www.cmalleida.com\/es\/los-mediadores-se-reunen-y-debaten-en-el-congreso-de-valencia-2022\/","og_locale":"es_ES","og_type":"article","og_title":"LOS MEDIADORES SE REUNEN Y DEBATEN EN EL CONGRESO DE VALENCIA 2022 - Col\u00b7legi de Mediadors d&#039;Assegurances de Lleida","og_description":"M\u00e1s de seiscientos asistentes, 27 ponentes y 35 patrocinadores han convertido al Congreso de Mediadores 2022 en un \u00e9xito por contenido y profesionales seg\u00fan ha... Llegeix m\u00e9s","og_url":"https:\/\/www.cmalleida.com\/es\/los-mediadores-se-reunen-y-debaten-en-el-congreso-de-valencia-2022\/","og_site_name":"Col\u00b7legi de Mediadors d&#039;Assegurances de Lleida","article_published_time":"2022-05-27T08:17:08+00:00","og_image":[{"width":2362,"height":1572,"url":"https:\/\/www.cmalleida.com\/wp-content\/uploads\/dsc8269.jpg","type":"image\/jpeg"}],"author":"Antonieta Castells Dolcet","twitter_card":"summary_large_image","twitter_misc":{"Written by":"Antonieta Castells Dolcet","Est. reading time":"2 minutos"},"schema":{"@context":"https:\/\/schema.org","@graph":[{"@type":"Article","@id":"https:\/\/www.cmalleida.com\/es\/los-mediadores-se-reunen-y-debaten-en-el-congreso-de-valencia-2022\/#article","isPartOf":{"@id":"https:\/\/www.cmalleida.com\/es\/los-mediadores-se-reunen-y-debaten-en-el-congreso-de-valencia-2022\/"},"author":{"name":"Antonieta Castells Dolcet","@id":"https:\/\/www.cmalleida.com\/es\/#\/schema\/person\/7461453022a0d6ce41c1e530eb4443b4"},"headline":"LOS MEDIADORES SE REUNEN Y DEBATEN EN EL CONGRESO DE VALENCIA 2022","datePublished":"2022-05-27T08:17:08+00:00","mainEntityOfPage":{"@id":"https:\/\/www.cmalleida.com\/es\/los-mediadores-se-reunen-y-debaten-en-el-congreso-de-valencia-2022\/"},"wordCount":373,"publisher":{"@id":"https:\/\/www.cmalleida.com\/es\/#organization"},"image":{"@id":"https:\/\/www.cmalleida.com\/es\/los-mediadores-se-reunen-y-debaten-en-el-congreso-de-valencia-2022\/#primaryimage"},"thumbnailUrl":"https:\/\/www.cmalleida.com\/wp-content\/uploads\/dsc8269.jpg","articleSection":["Actualidad","Assegurances","Recopilaciones de Prensa"],"inLanguage":"es"},{"@type":"WebPage","@id":"https:\/\/www.cmalleida.com\/es\/los-mediadores-se-reunen-y-debaten-en-el-congreso-de-valencia-2022\/","url":"https:\/\/www.cmalleida.com\/es\/los-mediadores-se-reunen-y-debaten-en-el-congreso-de-valencia-2022\/","name":"LOS MEDIADORES SE REUNEN Y DEBATEN EN EL CONGRESO DE VALENCIA 2022 - Col\u00b7legi de Mediadors d&#039;Assegurances de Lleida","isPartOf":{"@id":"https:\/\/www.cmalleida.com\/es\/#website"},"primaryImageOfPage":{"@id":"https:\/\/www.cmalleida.com\/es\/los-mediadores-se-reunen-y-debaten-en-el-congreso-de-valencia-2022\/#primaryimage"},"image":{"@id":"https:\/\/www.cmalleida.com\/es\/los-mediadores-se-reunen-y-debaten-en-el-congreso-de-valencia-2022\/#primaryimage"},"thumbnailUrl":"https:\/\/www.cmalleida.com\/wp-content\/uploads\/dsc8269.jpg","datePublished":"2022-05-27T08:17:08+00:00","breadcrumb":{"@id":"https:\/\/www.cmalleida.com\/es\/los-mediadores-se-reunen-y-debaten-en-el-congreso-de-valencia-2022\/#breadcrumb"},"inLanguage":"es","potentialAction":[{"@type":"ReadAction","target":["https:\/\/www.cmalleida.com\/es\/los-mediadores-se-reunen-y-debaten-en-el-congreso-de-valencia-2022\/"]}]},{"@type":"ImageObject","inLanguage":"es","@id":"https:\/\/www.cmalleida.com\/es\/los-mediadores-se-reunen-y-debaten-en-el-congreso-de-valencia-2022\/#primaryimage","url":"https:\/\/www.cmalleida.com\/wp-content\/uploads\/dsc8269.jpg","contentUrl":"https:\/\/www.cmalleida.com\/wp-content\/uploads\/dsc8269.jpg","width":2362,"height":1572,"caption":"_DSC8269"},{"@type":"BreadcrumbList","@id":"https:\/\/www.cmalleida.com\/es\/los-mediadores-se-reunen-y-debaten-en-el-congreso-de-valencia-2022\/#breadcrumb","itemListElement":[{"@type":"ListItem","position":1,"name":"Inici","item":"https:\/\/www.cmalleida.com\/es\/"},{"@type":"ListItem","position":2,"name":"LOS MEDIADORES SE REUNEN Y DEBATEN EN EL CONGRESO DE VALENCIA 2022"}]},{"@type":"WebSite","@id":"https:\/\/www.cmalleida.com\/es\/#website","url":"https:\/\/www.cmalleida.com\/es\/","name":"Col\u00b7legi de Mediadors d&#039;Assegurances de Lleida","description":"Otro sitio realizado con WordPress","publisher":{"@id":"https:\/\/www.cmalleida.com\/es\/#organization"},"potentialAction":[{"@type":"SearchAction","target":{"@type":"EntryPoint","urlTemplate":"https:\/\/www.cmalleida.com\/es\/?s={search_term_string}"},"query-input":{"@type":"PropertyValueSpecification","valueRequired":true,"valueName":"search_term_string"}}],"inLanguage":"es"},{"@type":"Organization","@id":"https:\/\/www.cmalleida.com\/es\/#organization","name":"Col\u00b7legi de Mediadors d'Assegurances de Lleida","url":"https:\/\/www.cmalleida.com\/es\/","logo":{"@type":"ImageObject","inLanguage":"es","@id":"https:\/\/www.cmalleida.com\/es\/#\/schema\/logo\/image\/","url":"","contentUrl":"","caption":"Col\u00b7legi de Mediadors d'Assegurances de Lleida"},"image":{"@id":"https:\/\/www.cmalleida.com\/es\/#\/schema\/logo\/image\/"}},{"@type":"Person","@id":"https:\/\/www.cmalleida.com\/es\/#\/schema\/person\/7461453022a0d6ce41c1e530eb4443b4","name":"Antonieta Castells Dolcet","image":{"@type":"ImageObject","inLanguage":"es","@id":"https:\/\/secure.gravatar.com\/avatar\/7738df9a8ff2d12e8b37d088ff0e3e36016e57ab29e5db27ba4fb758a81ea3cb?s=96&d=mm&r=g","url":"https:\/\/secure.gravatar.com\/avatar\/7738df9a8ff2d12e8b37d088ff0e3e36016e57ab29e5db27ba4fb758a81ea3cb?s=96&d=mm&r=g","contentUrl":"https:\/\/secure.gravatar.com\/avatar\/7738df9a8ff2d12e8b37d088ff0e3e36016e57ab29e5db27ba4fb758a81ea3cb?s=96&d=mm&r=g","caption":"Antonieta Castells Dolcet"},"sameAs":["http:\/\/www.cmalleida.com"]}]}},"_links":{"self":[{"href":"https:\/\/www.cmalleida.com\/es\/wp-json\/wp\/v2\/posts\/10791","targetHints":{"allow":["GET"]}}],"collection":[{"href":"https:\/\/www.cmalleida.com\/es\/wp-json\/wp\/v2\/posts"}],"about":[{"href":"https:\/\/www.cmalleida.com\/es\/wp-json\/wp\/v2\/types\/post"}],"author":[{"embeddable":true,"href":"https:\/\/www.cmalleida.com\/es\/wp-json\/wp\/v2\/users\/149"}],"replies":[{"embeddable":true,"href":"https:\/\/www.cmalleida.com\/es\/wp-json\/wp\/v2\/comments?post=10791"}],"version-history":[{"count":1,"href":"https:\/\/www.cmalleida.com\/es\/wp-json\/wp\/v2\/posts\/10791\/revisions"}],"predecessor-version":[{"id":10792,"href":"https:\/\/www.cmalleida.com\/es\/wp-json\/wp\/v2\/posts\/10791\/revisions\/10792"}],"wp:featuredmedia":[{"embeddable":true,"href":"https:\/\/www.cmalleida.com\/es\/wp-json\/wp\/v2\/media\/10785"}],"wp:attachment":[{"href":"https:\/\/www.cmalleida.com\/es\/wp-json\/wp\/v2\/media?parent=10791"}],"wp:term":[{"taxonomy":"category","embeddable":true,"href":"https:\/\/www.cmalleida.com\/es\/wp-json\/wp\/v2\/categories?post=10791"},{"taxonomy":"post_tag","embeddable":true,"href":"https:\/\/www.cmalleida.com\/es\/wp-json\/wp\/v2\/tags?post=10791"}],"curies":[{"name":"wp","href":"https:\/\/api.w.org\/{rel}","templated":true}]}}