{"id":10620,"date":"2022-04-22T09:39:08","date_gmt":"2022-04-22T07:39:08","guid":{"rendered":"https:\/\/www.cmalleida.com\/?p=10620"},"modified":"2022-04-22T09:39:08","modified_gmt":"2022-04-22T07:39:08","slug":"que-pasa-si-sufro-un-accidente-en-patinete-electrico-y-no-tengo-seguro-20-minutos","status":"publish","type":"post","link":"https:\/\/www.cmalleida.com\/es\/que-pasa-si-sufro-un-accidente-en-patinete-electrico-y-no-tengo-seguro-20-minutos\/","title":{"rendered":"Qu\u00e9 pasa si sufro un accidente en patinete el\u00e9ctrico y no tengo seguro (20 MINUTOS)"},"content":{"rendered":"<section class=\"article-titles\">\n<div class=\"title\">\n<h1 id=\"m25-24-26\" class=\"article-title \"><span class=\"article-author\" style=\"font-size: 16px;\"><a href=\"https:\/\/www.20minutos.es\/autor\/motor\/a-gil\"><strong>A. GIL<\/strong>\u00a0<\/a>\u00a0<\/span><span class=\"tooltip tooltip-article-info\" style=\"font-size: 16px;\" data-tooltip-title=\"Basado en hechos observados y verificados directamente por nuestros periodistas o por fuentes informadas.\" data-tooltip-position=\"bottom\">NOTICIA<\/span><span class=\"article-date\" style=\"font-size: 16px;\"><a href=\"https:\/\/www.20minutos.es\/archivo\/2022\/04\/10\/\">10.04.2022 &#8211; 08:00H<\/a><\/span><\/h1>\n<\/div>\n<div class=\"social social-share\">\n<p>Los seguros espec\u00edficos para patinetes el\u00e9ctricos apenas cuestan 20 euros al a\u00f1o si se contrata la cobertura b\u00e1sica.<\/p>\n<\/div>\n<div id=\"m30-29-31\" class=\"article-intro \">\n<div id=\"m35-34-36\">\n<p>Desde que empezara a generalizarse su uso en las ciudades, los patinetes el\u00e9ctricos han atra\u00eddo todas las miradas en el buen y en el mal sentido de la palabra. Vistos como veh\u00edculos de movilidad personal id\u00f3neos para el entramado urbano, <a class=\"relacionada-intext\" title=\"El certificado obligatorio para patinetes y caracter\u00edsticas de los VMP: c\u00f3mo evitar multas de m\u00e1s de 500 euros por un error\" href=\"https:\/\/www.20minutos.es\/motor\/actualidad\/el-certificado-obligatorio-para-patinetes-y-caracteristicas-de-los-vmp-como-evitar-multas-de-mas-de-500-euros-por-un-error-4956386\/\">han necesitado una regulaci\u00f3n normativa espec\u00edfica<\/a>\u00a0y no han sido bien recibidos por todos los usuarios de las v\u00edas urbanas.<\/p>\n<\/div>\n<\/div>\n<\/section>\n<div class=\"container-grid-box\">\n<section class=\"container-grid-cell content\">\n<article class=\"article-body\">\n<div class=\"article-text\">\n<div class=\"engagement\">\n<div id=\"inside-text-saber-mas\" class=\"WIDGET-PROMETEO-V2 prometeo-content content-inside-text-saber-mas \" data-prometeo-mediaid=\"002\" data-prometeo-widget=\"WIDGET-PROMETEO-V2\">Y es que la falta de una norma que unificara su utilizaci\u00f3n provocaba situaciones de riesgo que en varias ocasiones han acabado en accidente. Los datos de la DGT para el 2020 reflejan que <strong>el 100% de los accidentes con los patinetes como protagonistas se producen en v\u00edas urbanas<\/strong>. En ese a\u00f1o, hubo un total de\u00a08 fallecidos,\u00a097 heridos hospitalizados y\u00a0<a class=\"relacionada-intext\" title=\"Los traumatismos craneoencef\u00e1licos son una de las consecuencias m\u00e1s comunes en un accidente con patinete el\u00e9ctrico\" href=\"https:\/\/www.20minutos.es\/motor\/noticia\/4590582\/0\/los-traumatismos-craneoencefalicos-son-una-de-las-consecuencias-mas-comunes-en-un-accidente-con-patinete-electrico\/\">1.097 heridos no hospitalizados en siniestros<\/a>\u00a0con estos VMP como protagonistas.<\/div>\n<\/div>\n<div id=\"axds-Intext\" class=\"axds\">\n<div id=\"Intext\" class=\"henneoHB\" data-google-query-id=\"CM_Y14aUp_cCFZFdpAQdsZ0Mjg\">\n<div id=\"google_ads_iframe_\/34616581,22653889300\/20minutos.es\/motor\/noticia\/Intext_0__container__\">La no obligaci\u00f3n de tener un seguro de responsabilidad al terceros cuando se circula en patinete dificulta la resoluci\u00f3n de posibles accidentes o atropellos. \u00bfC\u00f3mo hay que proceder en el caso de sufrir un accidente si no se tiene seguro? <strong>\u00bfQui\u00e9n se encarga de cubrir los da\u00f1os?<\/strong><\/div>\n<\/div>\n<\/div>\n<h3 id=\"m107-106-108\">Comprobar las coberturas del seguro del hogar<\/h3>\n<p id=\"m112-111-113\" class=\"paragraph \">En el caso de ser el conductor de un patinete y atropellar a un peat\u00f3n o provocar un accidente,\u00a0<strong>lo m\u00e1s probable es que los agentes de polic\u00eda local acudan al lugar de los hechos a dar cuenta de lo sucedido<\/strong>, ya que ning\u00fan implicada llevar\u00e1 un parte de accidente encima. Una vez redactado el atestado, habr\u00e1 que comenzar los tr\u00e1mites con las aseguradoras.<\/p>\n<article id=\"m117-116-118\" class=\"media media-integrated \">\n<div>\n<div class=\"media-content\">\n<header>Lo m\u00e1s aconsejable es ponerse en contacto con nuestra compa\u00f1\u00eda de seguros del hogar si tenemos uno contratado, ya que en el este tipo de p\u00f3lizas <a class=\"relacionada-intext\" title=\"Si llevas una bici o un patinete el\u00e9ctricos, puede ser que tu seguro del hogar no sea suficiente para circular\" href=\"https:\/\/www.20minutos.es\/noticia\/4226415\/0\/si-llevas-una-bici-o-un-patinete-electricos-puede-ser-que-tu-seguro-del-hogar-no-sea-suficiente-para-circular\/\">se suele incluir la cobertura de la responsabilidad de da\u00f1os a terceros<\/a>, tambi\u00e9n en los casos de accidente con bici o patinete.\u00a0<\/header>\n<\/div>\n<\/div>\n<\/article>\n<div class=\"engagement\">\n<div id=\"3oGt2Ir6LB548OurECx9\" class=\"WIDGET-PROMETEO-V2 prometeo-content content-3oGt2Ir6LB548OurECx9 \" data-prometeo-mediaid=\"002\" data-prometeo-widget=\"WIDGET-PROMETEO-V2\">Si no se tiene una cobertura de este tipo, ser\u00e1 <strong>el culpable del accidente quien deba correr con los gastos de los da\u00f1os provocados<\/strong>. Lo mejor es que las partes involucradas en el siniestro se mantengan en contacto y lleguen a un acuerdo de manera amistosa, ya que de lo contrario es probable que se tenga que acabar en los tribunales.<\/div>\n<\/div>\n<\/div>\n<\/article>\n<\/section>\n<\/div>\n","protected":false},"excerpt":{"rendered":"<p>A. GIL\u00a0\u00a0NOTICIA10.04.2022 &#8211; 08:00H Los seguros espec\u00edficos para patinetes el\u00e9ctricos apenas cuestan 20 euros al a\u00f1o si se contrata la cobertura b\u00e1sica. Desde que empezara&#8230; <a href=\"https:\/\/www.cmalleida.com\/es\/que-pasa-si-sufro-un-accidente-en-patinete-electrico-y-no-tengo-seguro-20-minutos\/\" rel=\"nofollow\" class=\"lollegirmes\">Llegeix m\u00e9s<\/a><\/p>\n","protected":false},"author":149,"featured_media":8659,"comment_status":"closed","ping_status":"closed","sticky":false,"template":"","format":"standard","meta":{"_acf_changed":false,"_genesis_hide_title":false,"_genesis_hide_breadcrumbs":false,"_genesis_hide_singular_image":false,"_genesis_hide_footer_widgets":false,"_genesis_custom_body_class":"","_genesis_custom_post_class":"","_genesis_layout":"","footnotes":""},"categories":[28,125,62],"tags":[],"class_list":{"0":"post-10620","1":"post","2":"type-post","3":"status-publish","4":"format-standard","5":"has-post-thumbnail","7":"category-actualidad","8":"category-assegurances-es","9":"category-sinistres-es","10":"entry"},"acf":[],"yoast_head":"<!-- This site is optimized with the Yoast SEO plugin v27.2 - https:\/\/yoast.com\/product\/yoast-seo-wordpress\/ -->\n<title>Qu\u00e9 pasa si sufro un accidente en patinete el\u00e9ctrico y no tengo seguro (20 MINUTOS) - Col\u00b7legi de Mediadors d&#039;Assegurances de Lleida<\/title>\n<meta name=\"robots\" content=\"index, follow, max-snippet:-1, max-image-preview:large, max-video-preview:-1\" \/>\n<link rel=\"canonical\" href=\"https:\/\/www.cmalleida.com\/es\/que-pasa-si-sufro-un-accidente-en-patinete-electrico-y-no-tengo-seguro-20-minutos\/\" \/>\n<meta property=\"og:locale\" content=\"es_ES\" \/>\n<meta property=\"og:type\" content=\"article\" \/>\n<meta property=\"og:title\" content=\"Qu\u00e9 pasa si sufro un accidente en patinete el\u00e9ctrico y no tengo seguro (20 MINUTOS) - Col\u00b7legi de Mediadors d&#039;Assegurances de Lleida\" \/>\n<meta property=\"og:description\" content=\"A. GIL\u00a0\u00a0NOTICIA10.04.2022 &#8211; 08:00H Los seguros espec\u00edficos para patinetes el\u00e9ctricos apenas cuestan 20 euros al a\u00f1o si se contrata la cobertura b\u00e1sica. Desde que empezara... Llegeix m\u00e9s\" \/>\n<meta property=\"og:url\" content=\"https:\/\/www.cmalleida.com\/es\/que-pasa-si-sufro-un-accidente-en-patinete-electrico-y-no-tengo-seguro-20-minutos\/\" \/>\n<meta property=\"og:site_name\" content=\"Col\u00b7legi de Mediadors d&#039;Assegurances de Lleida\" \/>\n<meta property=\"article:published_time\" content=\"2022-04-22T07:39:08+00:00\" \/>\n<meta property=\"og:image\" content=\"https:\/\/www.cmalleida.com\/wp-content\/uploads\/captura-43.png\" \/>\n\t<meta property=\"og:image:width\" content=\"378\" \/>\n\t<meta property=\"og:image:height\" content=\"373\" \/>\n\t<meta property=\"og:image:type\" content=\"image\/png\" \/>\n<meta name=\"author\" content=\"Antonieta Castells Dolcet\" \/>\n<meta name=\"twitter:card\" content=\"summary_large_image\" \/>\n<meta name=\"twitter:label1\" content=\"Written by\" \/>\n\t<meta name=\"twitter:data1\" content=\"Antonieta Castells Dolcet\" \/>\n\t<meta name=\"twitter:label2\" content=\"Est. reading time\" \/>\n\t<meta name=\"twitter:data2\" content=\"2 minutos\" \/>\n<script type=\"application\/ld+json\" class=\"yoast-schema-graph\">{\"@context\":\"https:\/\/schema.org\",\"@graph\":[{\"@type\":\"Article\",\"@id\":\"https:\/\/www.cmalleida.com\/es\/que-pasa-si-sufro-un-accidente-en-patinete-electrico-y-no-tengo-seguro-20-minutos\/#article\",\"isPartOf\":{\"@id\":\"https:\/\/www.cmalleida.com\/es\/que-pasa-si-sufro-un-accidente-en-patinete-electrico-y-no-tengo-seguro-20-minutos\/\"},\"author\":{\"name\":\"Antonieta Castells Dolcet\",\"@id\":\"https:\/\/www.cmalleida.com\/es\/#\/schema\/person\/7461453022a0d6ce41c1e530eb4443b4\"},\"headline\":\"Qu\u00e9 pasa si sufro un accidente en patinete el\u00e9ctrico y no tengo seguro (20 MINUTOS)\",\"datePublished\":\"2022-04-22T07:39:08+00:00\",\"mainEntityOfPage\":{\"@id\":\"https:\/\/www.cmalleida.com\/es\/que-pasa-si-sufro-un-accidente-en-patinete-electrico-y-no-tengo-seguro-20-minutos\/\"},\"wordCount\":422,\"publisher\":{\"@id\":\"https:\/\/www.cmalleida.com\/es\/#organization\"},\"image\":{\"@id\":\"https:\/\/www.cmalleida.com\/es\/que-pasa-si-sufro-un-accidente-en-patinete-electrico-y-no-tengo-seguro-20-minutos\/#primaryimage\"},\"thumbnailUrl\":\"https:\/\/www.cmalleida.com\/wp-content\/uploads\/captura-43.png\",\"articleSection\":[\"Actualidad\",\"Assegurances\",\"Sinistres\"],\"inLanguage\":\"es\"},{\"@type\":\"WebPage\",\"@id\":\"https:\/\/www.cmalleida.com\/es\/que-pasa-si-sufro-un-accidente-en-patinete-electrico-y-no-tengo-seguro-20-minutos\/\",\"url\":\"https:\/\/www.cmalleida.com\/es\/que-pasa-si-sufro-un-accidente-en-patinete-electrico-y-no-tengo-seguro-20-minutos\/\",\"name\":\"Qu\u00e9 pasa si sufro un accidente en patinete el\u00e9ctrico y no tengo seguro (20 MINUTOS) - Col\u00b7legi de Mediadors d&#039;Assegurances de Lleida\",\"isPartOf\":{\"@id\":\"https:\/\/www.cmalleida.com\/es\/#website\"},\"primaryImageOfPage\":{\"@id\":\"https:\/\/www.cmalleida.com\/es\/que-pasa-si-sufro-un-accidente-en-patinete-electrico-y-no-tengo-seguro-20-minutos\/#primaryimage\"},\"image\":{\"@id\":\"https:\/\/www.cmalleida.com\/es\/que-pasa-si-sufro-un-accidente-en-patinete-electrico-y-no-tengo-seguro-20-minutos\/#primaryimage\"},\"thumbnailUrl\":\"https:\/\/www.cmalleida.com\/wp-content\/uploads\/captura-43.png\",\"datePublished\":\"2022-04-22T07:39:08+00:00\",\"breadcrumb\":{\"@id\":\"https:\/\/www.cmalleida.com\/es\/que-pasa-si-sufro-un-accidente-en-patinete-electrico-y-no-tengo-seguro-20-minutos\/#breadcrumb\"},\"inLanguage\":\"es\",\"potentialAction\":[{\"@type\":\"ReadAction\",\"target\":[\"https:\/\/www.cmalleida.com\/es\/que-pasa-si-sufro-un-accidente-en-patinete-electrico-y-no-tengo-seguro-20-minutos\/\"]}]},{\"@type\":\"ImageObject\",\"inLanguage\":\"es\",\"@id\":\"https:\/\/www.cmalleida.com\/es\/que-pasa-si-sufro-un-accidente-en-patinete-electrico-y-no-tengo-seguro-20-minutos\/#primaryimage\",\"url\":\"https:\/\/www.cmalleida.com\/wp-content\/uploads\/captura-43.png\",\"contentUrl\":\"https:\/\/www.cmalleida.com\/wp-content\/uploads\/captura-43.png\",\"width\":378,\"height\":373,\"caption\":\"patinet\"},{\"@type\":\"BreadcrumbList\",\"@id\":\"https:\/\/www.cmalleida.com\/es\/que-pasa-si-sufro-un-accidente-en-patinete-electrico-y-no-tengo-seguro-20-minutos\/#breadcrumb\",\"itemListElement\":[{\"@type\":\"ListItem\",\"position\":1,\"name\":\"Inici\",\"item\":\"https:\/\/www.cmalleida.com\/es\/\"},{\"@type\":\"ListItem\",\"position\":2,\"name\":\"Qu\u00e9 pasa si sufro un accidente en patinete el\u00e9ctrico y no tengo seguro (20 MINUTOS)\"}]},{\"@type\":\"WebSite\",\"@id\":\"https:\/\/www.cmalleida.com\/es\/#website\",\"url\":\"https:\/\/www.cmalleida.com\/es\/\",\"name\":\"Col\u00b7legi de Mediadors d&#039;Assegurances de Lleida\",\"description\":\"Otro sitio realizado con WordPress\",\"publisher\":{\"@id\":\"https:\/\/www.cmalleida.com\/es\/#organization\"},\"potentialAction\":[{\"@type\":\"SearchAction\",\"target\":{\"@type\":\"EntryPoint\",\"urlTemplate\":\"https:\/\/www.cmalleida.com\/es\/?s={search_term_string}\"},\"query-input\":{\"@type\":\"PropertyValueSpecification\",\"valueRequired\":true,\"valueName\":\"search_term_string\"}}],\"inLanguage\":\"es\"},{\"@type\":\"Organization\",\"@id\":\"https:\/\/www.cmalleida.com\/es\/#organization\",\"name\":\"Col\u00b7legi de Mediadors d'Assegurances de Lleida\",\"url\":\"https:\/\/www.cmalleida.com\/es\/\",\"logo\":{\"@type\":\"ImageObject\",\"inLanguage\":\"es\",\"@id\":\"https:\/\/www.cmalleida.com\/es\/#\/schema\/logo\/image\/\",\"url\":\"\",\"contentUrl\":\"\",\"caption\":\"Col\u00b7legi de Mediadors d'Assegurances de Lleida\"},\"image\":{\"@id\":\"https:\/\/www.cmalleida.com\/es\/#\/schema\/logo\/image\/\"}},{\"@type\":\"Person\",\"@id\":\"https:\/\/www.cmalleida.com\/es\/#\/schema\/person\/7461453022a0d6ce41c1e530eb4443b4\",\"name\":\"Antonieta Castells Dolcet\",\"image\":{\"@type\":\"ImageObject\",\"inLanguage\":\"es\",\"@id\":\"https:\/\/secure.gravatar.com\/avatar\/7738df9a8ff2d12e8b37d088ff0e3e36016e57ab29e5db27ba4fb758a81ea3cb?s=96&d=mm&r=g\",\"url\":\"https:\/\/secure.gravatar.com\/avatar\/7738df9a8ff2d12e8b37d088ff0e3e36016e57ab29e5db27ba4fb758a81ea3cb?s=96&d=mm&r=g\",\"contentUrl\":\"https:\/\/secure.gravatar.com\/avatar\/7738df9a8ff2d12e8b37d088ff0e3e36016e57ab29e5db27ba4fb758a81ea3cb?s=96&d=mm&r=g\",\"caption\":\"Antonieta Castells Dolcet\"},\"sameAs\":[\"http:\/\/www.cmalleida.com\"]}]}<\/script>\n<!-- \/ Yoast SEO plugin. -->","yoast_head_json":{"title":"Qu\u00e9 pasa si sufro un accidente en patinete el\u00e9ctrico y no tengo seguro (20 MINUTOS) - Col\u00b7legi de Mediadors d&#039;Assegurances de Lleida","robots":{"index":"index","follow":"follow","max-snippet":"max-snippet:-1","max-image-preview":"max-image-preview:large","max-video-preview":"max-video-preview:-1"},"canonical":"https:\/\/www.cmalleida.com\/es\/que-pasa-si-sufro-un-accidente-en-patinete-electrico-y-no-tengo-seguro-20-minutos\/","og_locale":"es_ES","og_type":"article","og_title":"Qu\u00e9 pasa si sufro un accidente en patinete el\u00e9ctrico y no tengo seguro (20 MINUTOS) - Col\u00b7legi de Mediadors d&#039;Assegurances de Lleida","og_description":"A. GIL\u00a0\u00a0NOTICIA10.04.2022 &#8211; 08:00H Los seguros espec\u00edficos para patinetes el\u00e9ctricos apenas cuestan 20 euros al a\u00f1o si se contrata la cobertura b\u00e1sica. Desde que empezara... Llegeix m\u00e9s","og_url":"https:\/\/www.cmalleida.com\/es\/que-pasa-si-sufro-un-accidente-en-patinete-electrico-y-no-tengo-seguro-20-minutos\/","og_site_name":"Col\u00b7legi de Mediadors d&#039;Assegurances de Lleida","article_published_time":"2022-04-22T07:39:08+00:00","og_image":[{"width":378,"height":373,"url":"https:\/\/www.cmalleida.com\/wp-content\/uploads\/captura-43.png","type":"image\/png"}],"author":"Antonieta Castells Dolcet","twitter_card":"summary_large_image","twitter_misc":{"Written by":"Antonieta Castells Dolcet","Est. reading time":"2 minutos"},"schema":{"@context":"https:\/\/schema.org","@graph":[{"@type":"Article","@id":"https:\/\/www.cmalleida.com\/es\/que-pasa-si-sufro-un-accidente-en-patinete-electrico-y-no-tengo-seguro-20-minutos\/#article","isPartOf":{"@id":"https:\/\/www.cmalleida.com\/es\/que-pasa-si-sufro-un-accidente-en-patinete-electrico-y-no-tengo-seguro-20-minutos\/"},"author":{"name":"Antonieta Castells Dolcet","@id":"https:\/\/www.cmalleida.com\/es\/#\/schema\/person\/7461453022a0d6ce41c1e530eb4443b4"},"headline":"Qu\u00e9 pasa si sufro un accidente en patinete el\u00e9ctrico y no tengo seguro (20 MINUTOS)","datePublished":"2022-04-22T07:39:08+00:00","mainEntityOfPage":{"@id":"https:\/\/www.cmalleida.com\/es\/que-pasa-si-sufro-un-accidente-en-patinete-electrico-y-no-tengo-seguro-20-minutos\/"},"wordCount":422,"publisher":{"@id":"https:\/\/www.cmalleida.com\/es\/#organization"},"image":{"@id":"https:\/\/www.cmalleida.com\/es\/que-pasa-si-sufro-un-accidente-en-patinete-electrico-y-no-tengo-seguro-20-minutos\/#primaryimage"},"thumbnailUrl":"https:\/\/www.cmalleida.com\/wp-content\/uploads\/captura-43.png","articleSection":["Actualidad","Assegurances","Sinistres"],"inLanguage":"es"},{"@type":"WebPage","@id":"https:\/\/www.cmalleida.com\/es\/que-pasa-si-sufro-un-accidente-en-patinete-electrico-y-no-tengo-seguro-20-minutos\/","url":"https:\/\/www.cmalleida.com\/es\/que-pasa-si-sufro-un-accidente-en-patinete-electrico-y-no-tengo-seguro-20-minutos\/","name":"Qu\u00e9 pasa si sufro un accidente en patinete el\u00e9ctrico y no tengo seguro (20 MINUTOS) - Col\u00b7legi de Mediadors d&#039;Assegurances de Lleida","isPartOf":{"@id":"https:\/\/www.cmalleida.com\/es\/#website"},"primaryImageOfPage":{"@id":"https:\/\/www.cmalleida.com\/es\/que-pasa-si-sufro-un-accidente-en-patinete-electrico-y-no-tengo-seguro-20-minutos\/#primaryimage"},"image":{"@id":"https:\/\/www.cmalleida.com\/es\/que-pasa-si-sufro-un-accidente-en-patinete-electrico-y-no-tengo-seguro-20-minutos\/#primaryimage"},"thumbnailUrl":"https:\/\/www.cmalleida.com\/wp-content\/uploads\/captura-43.png","datePublished":"2022-04-22T07:39:08+00:00","breadcrumb":{"@id":"https:\/\/www.cmalleida.com\/es\/que-pasa-si-sufro-un-accidente-en-patinete-electrico-y-no-tengo-seguro-20-minutos\/#breadcrumb"},"inLanguage":"es","potentialAction":[{"@type":"ReadAction","target":["https:\/\/www.cmalleida.com\/es\/que-pasa-si-sufro-un-accidente-en-patinete-electrico-y-no-tengo-seguro-20-minutos\/"]}]},{"@type":"ImageObject","inLanguage":"es","@id":"https:\/\/www.cmalleida.com\/es\/que-pasa-si-sufro-un-accidente-en-patinete-electrico-y-no-tengo-seguro-20-minutos\/#primaryimage","url":"https:\/\/www.cmalleida.com\/wp-content\/uploads\/captura-43.png","contentUrl":"https:\/\/www.cmalleida.com\/wp-content\/uploads\/captura-43.png","width":378,"height":373,"caption":"patinet"},{"@type":"BreadcrumbList","@id":"https:\/\/www.cmalleida.com\/es\/que-pasa-si-sufro-un-accidente-en-patinete-electrico-y-no-tengo-seguro-20-minutos\/#breadcrumb","itemListElement":[{"@type":"ListItem","position":1,"name":"Inici","item":"https:\/\/www.cmalleida.com\/es\/"},{"@type":"ListItem","position":2,"name":"Qu\u00e9 pasa si sufro un accidente en patinete el\u00e9ctrico y no tengo seguro (20 MINUTOS)"}]},{"@type":"WebSite","@id":"https:\/\/www.cmalleida.com\/es\/#website","url":"https:\/\/www.cmalleida.com\/es\/","name":"Col\u00b7legi de Mediadors d&#039;Assegurances de Lleida","description":"Otro sitio realizado con WordPress","publisher":{"@id":"https:\/\/www.cmalleida.com\/es\/#organization"},"potentialAction":[{"@type":"SearchAction","target":{"@type":"EntryPoint","urlTemplate":"https:\/\/www.cmalleida.com\/es\/?s={search_term_string}"},"query-input":{"@type":"PropertyValueSpecification","valueRequired":true,"valueName":"search_term_string"}}],"inLanguage":"es"},{"@type":"Organization","@id":"https:\/\/www.cmalleida.com\/es\/#organization","name":"Col\u00b7legi de Mediadors d'Assegurances de Lleida","url":"https:\/\/www.cmalleida.com\/es\/","logo":{"@type":"ImageObject","inLanguage":"es","@id":"https:\/\/www.cmalleida.com\/es\/#\/schema\/logo\/image\/","url":"","contentUrl":"","caption":"Col\u00b7legi de Mediadors d'Assegurances de Lleida"},"image":{"@id":"https:\/\/www.cmalleida.com\/es\/#\/schema\/logo\/image\/"}},{"@type":"Person","@id":"https:\/\/www.cmalleida.com\/es\/#\/schema\/person\/7461453022a0d6ce41c1e530eb4443b4","name":"Antonieta Castells Dolcet","image":{"@type":"ImageObject","inLanguage":"es","@id":"https:\/\/secure.gravatar.com\/avatar\/7738df9a8ff2d12e8b37d088ff0e3e36016e57ab29e5db27ba4fb758a81ea3cb?s=96&d=mm&r=g","url":"https:\/\/secure.gravatar.com\/avatar\/7738df9a8ff2d12e8b37d088ff0e3e36016e57ab29e5db27ba4fb758a81ea3cb?s=96&d=mm&r=g","contentUrl":"https:\/\/secure.gravatar.com\/avatar\/7738df9a8ff2d12e8b37d088ff0e3e36016e57ab29e5db27ba4fb758a81ea3cb?s=96&d=mm&r=g","caption":"Antonieta Castells Dolcet"},"sameAs":["http:\/\/www.cmalleida.com"]}]}},"_links":{"self":[{"href":"https:\/\/www.cmalleida.com\/es\/wp-json\/wp\/v2\/posts\/10620","targetHints":{"allow":["GET"]}}],"collection":[{"href":"https:\/\/www.cmalleida.com\/es\/wp-json\/wp\/v2\/posts"}],"about":[{"href":"https:\/\/www.cmalleida.com\/es\/wp-json\/wp\/v2\/types\/post"}],"author":[{"embeddable":true,"href":"https:\/\/www.cmalleida.com\/es\/wp-json\/wp\/v2\/users\/149"}],"replies":[{"embeddable":true,"href":"https:\/\/www.cmalleida.com\/es\/wp-json\/wp\/v2\/comments?post=10620"}],"version-history":[{"count":1,"href":"https:\/\/www.cmalleida.com\/es\/wp-json\/wp\/v2\/posts\/10620\/revisions"}],"predecessor-version":[{"id":10621,"href":"https:\/\/www.cmalleida.com\/es\/wp-json\/wp\/v2\/posts\/10620\/revisions\/10621"}],"wp:featuredmedia":[{"embeddable":true,"href":"https:\/\/www.cmalleida.com\/es\/wp-json\/wp\/v2\/media\/8659"}],"wp:attachment":[{"href":"https:\/\/www.cmalleida.com\/es\/wp-json\/wp\/v2\/media?parent=10620"}],"wp:term":[{"taxonomy":"category","embeddable":true,"href":"https:\/\/www.cmalleida.com\/es\/wp-json\/wp\/v2\/categories?post=10620"},{"taxonomy":"post_tag","embeddable":true,"href":"https:\/\/www.cmalleida.com\/es\/wp-json\/wp\/v2\/tags?post=10620"}],"curies":[{"name":"wp","href":"https:\/\/api.w.org\/{rel}","templated":true}]}}