{"id":10459,"date":"2022-03-18T11:56:49","date_gmt":"2022-03-18T10:56:49","guid":{"rendered":"https:\/\/www.cmalleida.com\/?p=10459"},"modified":"2022-03-18T11:56:49","modified_gmt":"2022-03-18T10:56:49","slug":"que-ciudad-de-clm-esta-entre-las-que-mas-peligro-tienes-de-que-te-roben-el-coche-en-espana-el-espanol","status":"publish","type":"post","link":"https:\/\/www.cmalleida.com\/es\/que-ciudad-de-clm-esta-entre-las-que-mas-peligro-tienes-de-que-te-roben-el-coche-en-espana-el-espanol\/","title":{"rendered":"\u00bfQu\u00e9 ciudad de CLM est\u00e1 entre las que m\u00e1s peligro tienes de que te roben el coche en Espa\u00f1a? (El Espa\u00f1ol)"},"content":{"rendered":"<header class=\"article-header article-header--opinion\">\n<h4 class=\"article-header__heading article-header__heading--s3\"><span style=\"font-size: 16px;\">\u00a0<\/span><a style=\"font-size: 16px;\" href=\"https:\/\/www.elespanol.com\/autor\/edcm\/\">EDCM<\/a>\u00a0 \u00a0 \u00a017 marzo, 2022<span style=\"font-size: 16px;\">\u00a0<\/span><span class=\"article-header__time-hour\" style=\"font-size: 16px;\">06:44<\/span><\/h4>\n<div>El descenso continuado de los<strong><a href=\"https:\/\/www.elespanol.com\/eldigitalcastillalamancha\/sociedad\/sucesos\/20220103\/cae-ladrones-toledanos-robaban-coches-gasolineras-documentacion\/639686060_0.html\">\u00a0robos de veh\u00edculos asegurados<\/a><\/strong>\u00a0en la \u00faltima d\u00e9cada se constata en Espa\u00f1a, seg\u00fan el estudio \u00abLos robos en autom\u00f3viles. Datos 2020\u00bb elaborado por Estamos Seguros, una iniciativa de divulgaci\u00f3n de la cultura aseguradora desarrollada por UNESPA, la patronal de los seguros.<\/div>\n<\/header>\n<section class=\"article-body\">\n<div id=\"article_body\" class=\"article-body__container\">\n<div id=\"article-body-content\" class=\"article-body__content\" data-action=\"toggle\" data-status=\"on\">\n<p id=\"paragraph_2\">A lo largo de la d\u00e9cada, se ha pasado de unas 203.000 sustracciones en 2011 a poco m\u00e1s de 101.000, al acabar 2020. Es decir,<strong>\u00a0los incidentes se han reducido a la mitad<\/strong>\u00a0en este espacio de tiempo. Esta mejora es el\u00a0<strong>resultado de un c\u00famulo de factores<\/strong>, entre los que destacan las sucesivas mejoras introducidas en materia de seguridad por los fabricantes, la acci\u00f3n de los cuerpos y fuerzas de seguridad del Estado y el hecho de que desde hace d\u00e9cadas las nuevas viviendas suelen edificarse con\u00a0<strong>garaje<\/strong>, de forma que los coches pasan las noches resguardados y no en la calle.<\/p>\n<p id=\"paragraph_3\">El municipio donde es m\u00e1s probable asistir a una sustracci\u00f3n de un veh\u00edculo asegurado en Espa\u00f1a es\u00a0<strong>Sevilla<\/strong>.\u00a0<strong>La capital hispalense triplica la probabilidad media de robo de Espa\u00f1a<\/strong>. Le siguen Parla,<strong>\u00a0Ciudad Real<\/strong>, Melilla y una localidad de la periferia sevillana: Dos Hermanas. Las tasas de robo de todos estos municipios duplica, con m\u00e1s o menos holgura, la media nacional. Una lectura m\u00e1s detallada de este ranking deja constancia el\u00a0<strong>marcado car\u00e1cter urbano del robo de veh\u00edculos<\/strong>. En el ranking abundan localidades de la periferia madrile\u00f1a (Fuenlabrada, Legan\u00e9s, Getafe, Coslada, M\u00f3stoles) y barcelonesa (Santa Coloma de Gramenet, Badalona, Cornell\u00e0 de Llobregat\u2026).<\/p>\n<p id=\"paragraph_4\" data-gtm-vis-recent-on-screen-1664348_111=\"3820\" data-gtm-vis-first-on-screen-1664348_111=\"3820\" data-gtm-vis-total-visible-time-1664348_111=\"100\" data-gtm-vis-has-fired-1664348_111=\"1\" data-gtm-vis-recent-on-screen-1664348_107=\"3821\" data-gtm-vis-first-on-screen-1664348_107=\"3821\" data-gtm-vis-total-visible-time-1664348_107=\"100\" data-gtm-vis-has-fired-1664348_107=\"1\">Un an\u00e1lisis territorial de los incidentes evidencia c\u00f3mo las provincias donde es m\u00e1s probable padecer un robo del veh\u00edculo se encuentran en Andaluc\u00eda occidental,\u00a0<strong>Castilla-La Mancha<\/strong>, Madrid y Catalu\u00f1a. El fen\u00f3meno del robo de coches est\u00e1 tambi\u00e9n muy relacionado con el \u00e1mbito urbano. Las provincias donde existen importantes \u00e1reas metropolitanas (Madrid, Barcelona, Vizcaya, Valencia, Sevilla\u2026) o son lim\u00edtrofes a una (<strong>Toledo, Guadalajara\u2026<\/strong>) presentan tasas de probabilidad de robo superiores a la media.<\/p>\n<\/div>\n<\/div>\n<\/section>\n","protected":false},"excerpt":{"rendered":"<p>\u00a0EDCM\u00a0 \u00a0 \u00a017 marzo, 2022\u00a006:44 El descenso continuado de los\u00a0robos de veh\u00edculos asegurados\u00a0en la \u00faltima d\u00e9cada se constata en Espa\u00f1a, seg\u00fan el estudio \u00abLos robos&#8230; <a href=\"https:\/\/www.cmalleida.com\/es\/que-ciudad-de-clm-esta-entre-las-que-mas-peligro-tienes-de-que-te-roben-el-coche-en-espana-el-espanol\/\" rel=\"nofollow\" class=\"lollegirmes\">Llegeix m\u00e9s<\/a><\/p>\n","protected":false},"author":149,"featured_media":1869,"comment_status":"closed","ping_status":"closed","sticky":false,"template":"","format":"standard","meta":{"_acf_changed":false,"_genesis_hide_title":false,"_genesis_hide_breadcrumbs":false,"_genesis_hide_singular_image":false,"_genesis_hide_footer_widgets":false,"_genesis_custom_body_class":"","_genesis_custom_post_class":"","_genesis_layout":"","footnotes":""},"categories":[28,125,62],"tags":[],"class_list":{"0":"post-10459","1":"post","2":"type-post","3":"status-publish","4":"format-standard","5":"has-post-thumbnail","7":"category-actualidad","8":"category-assegurances-es","9":"category-sinistres-es","10":"entry"},"acf":[],"yoast_head":"<!-- This site is optimized with the Yoast SEO plugin v27.2 - https:\/\/yoast.com\/product\/yoast-seo-wordpress\/ -->\n<title>\u00bfQu\u00e9 ciudad de CLM est\u00e1 entre las que m\u00e1s peligro tienes de que te roben el coche en Espa\u00f1a? (El Espa\u00f1ol) - Col\u00b7legi de Mediadors d&#039;Assegurances de Lleida<\/title>\n<meta name=\"robots\" content=\"index, follow, max-snippet:-1, max-image-preview:large, max-video-preview:-1\" \/>\n<link rel=\"canonical\" href=\"https:\/\/www.cmalleida.com\/es\/que-ciudad-de-clm-esta-entre-las-que-mas-peligro-tienes-de-que-te-roben-el-coche-en-espana-el-espanol\/\" \/>\n<meta property=\"og:locale\" content=\"es_ES\" \/>\n<meta property=\"og:type\" content=\"article\" \/>\n<meta property=\"og:title\" content=\"\u00bfQu\u00e9 ciudad de CLM est\u00e1 entre las que m\u00e1s peligro tienes de que te roben el coche en Espa\u00f1a? (El Espa\u00f1ol) - Col\u00b7legi de Mediadors d&#039;Assegurances de Lleida\" \/>\n<meta property=\"og:description\" content=\"\u00a0EDCM\u00a0 \u00a0 \u00a017 marzo, 2022\u00a006:44 El descenso continuado de los\u00a0robos de veh\u00edculos asegurados\u00a0en la \u00faltima d\u00e9cada se constata en Espa\u00f1a, seg\u00fan el estudio \u00abLos robos... Llegeix m\u00e9s\" \/>\n<meta property=\"og:url\" content=\"https:\/\/www.cmalleida.com\/es\/que-ciudad-de-clm-esta-entre-las-que-mas-peligro-tienes-de-que-te-roben-el-coche-en-espana-el-espanol\/\" \/>\n<meta property=\"og:site_name\" content=\"Col\u00b7legi de Mediadors d&#039;Assegurances de Lleida\" \/>\n<meta property=\"article:published_time\" content=\"2022-03-18T10:56:49+00:00\" \/>\n<meta property=\"og:image\" content=\"https:\/\/www.cmalleida.com\/wp-content\/uploads\/cmall-lleida-actualitat-car762.jpg\" \/>\n\t<meta property=\"og:image:width\" content=\"762\" \/>\n\t<meta property=\"og:image:height\" content=\"762\" \/>\n\t<meta property=\"og:image:type\" content=\"image\/jpeg\" \/>\n<meta name=\"author\" content=\"Antonieta Castells Dolcet\" \/>\n<meta name=\"twitter:card\" content=\"summary_large_image\" \/>\n<meta name=\"twitter:label1\" content=\"Written by\" \/>\n\t<meta name=\"twitter:data1\" content=\"Antonieta Castells Dolcet\" \/>\n\t<meta name=\"twitter:label2\" content=\"Est. reading time\" \/>\n\t<meta name=\"twitter:data2\" content=\"2 minutos\" \/>\n<script type=\"application\/ld+json\" class=\"yoast-schema-graph\">{\"@context\":\"https:\/\/schema.org\",\"@graph\":[{\"@type\":\"Article\",\"@id\":\"https:\/\/www.cmalleida.com\/es\/que-ciudad-de-clm-esta-entre-las-que-mas-peligro-tienes-de-que-te-roben-el-coche-en-espana-el-espanol\/#article\",\"isPartOf\":{\"@id\":\"https:\/\/www.cmalleida.com\/es\/que-ciudad-de-clm-esta-entre-las-que-mas-peligro-tienes-de-que-te-roben-el-coche-en-espana-el-espanol\/\"},\"author\":{\"name\":\"Antonieta Castells Dolcet\",\"@id\":\"https:\/\/www.cmalleida.com\/es\/#\/schema\/person\/7461453022a0d6ce41c1e530eb4443b4\"},\"headline\":\"\u00bfQu\u00e9 ciudad de CLM est\u00e1 entre las que m\u00e1s peligro tienes de que te roben el coche en Espa\u00f1a? (El Espa\u00f1ol)\",\"datePublished\":\"2022-03-18T10:56:49+00:00\",\"mainEntityOfPage\":{\"@id\":\"https:\/\/www.cmalleida.com\/es\/que-ciudad-de-clm-esta-entre-las-que-mas-peligro-tienes-de-que-te-roben-el-coche-en-espana-el-espanol\/\"},\"wordCount\":376,\"publisher\":{\"@id\":\"https:\/\/www.cmalleida.com\/es\/#organization\"},\"image\":{\"@id\":\"https:\/\/www.cmalleida.com\/es\/que-ciudad-de-clm-esta-entre-las-que-mas-peligro-tienes-de-que-te-roben-el-coche-en-espana-el-espanol\/#primaryimage\"},\"thumbnailUrl\":\"https:\/\/www.cmalleida.com\/wp-content\/uploads\/cmall-lleida-actualitat-car762.jpg\",\"articleSection\":[\"Actualidad\",\"Assegurances\",\"Sinistres\"],\"inLanguage\":\"es\"},{\"@type\":\"WebPage\",\"@id\":\"https:\/\/www.cmalleida.com\/es\/que-ciudad-de-clm-esta-entre-las-que-mas-peligro-tienes-de-que-te-roben-el-coche-en-espana-el-espanol\/\",\"url\":\"https:\/\/www.cmalleida.com\/es\/que-ciudad-de-clm-esta-entre-las-que-mas-peligro-tienes-de-que-te-roben-el-coche-en-espana-el-espanol\/\",\"name\":\"\u00bfQu\u00e9 ciudad de CLM est\u00e1 entre las que m\u00e1s peligro tienes de que te roben el coche en Espa\u00f1a? (El Espa\u00f1ol) - Col\u00b7legi de Mediadors d&#039;Assegurances de Lleida\",\"isPartOf\":{\"@id\":\"https:\/\/www.cmalleida.com\/es\/#website\"},\"primaryImageOfPage\":{\"@id\":\"https:\/\/www.cmalleida.com\/es\/que-ciudad-de-clm-esta-entre-las-que-mas-peligro-tienes-de-que-te-roben-el-coche-en-espana-el-espanol\/#primaryimage\"},\"image\":{\"@id\":\"https:\/\/www.cmalleida.com\/es\/que-ciudad-de-clm-esta-entre-las-que-mas-peligro-tienes-de-que-te-roben-el-coche-en-espana-el-espanol\/#primaryimage\"},\"thumbnailUrl\":\"https:\/\/www.cmalleida.com\/wp-content\/uploads\/cmall-lleida-actualitat-car762.jpg\",\"datePublished\":\"2022-03-18T10:56:49+00:00\",\"breadcrumb\":{\"@id\":\"https:\/\/www.cmalleida.com\/es\/que-ciudad-de-clm-esta-entre-las-que-mas-peligro-tienes-de-que-te-roben-el-coche-en-espana-el-espanol\/#breadcrumb\"},\"inLanguage\":\"es\",\"potentialAction\":[{\"@type\":\"ReadAction\",\"target\":[\"https:\/\/www.cmalleida.com\/es\/que-ciudad-de-clm-esta-entre-las-que-mas-peligro-tienes-de-que-te-roben-el-coche-en-espana-el-espanol\/\"]}]},{\"@type\":\"ImageObject\",\"inLanguage\":\"es\",\"@id\":\"https:\/\/www.cmalleida.com\/es\/que-ciudad-de-clm-esta-entre-las-que-mas-peligro-tienes-de-que-te-roben-el-coche-en-espana-el-espanol\/#primaryimage\",\"url\":\"https:\/\/www.cmalleida.com\/wp-content\/uploads\/cmall-lleida-actualitat-car762.jpg\",\"contentUrl\":\"https:\/\/www.cmalleida.com\/wp-content\/uploads\/cmall-lleida-actualitat-car762.jpg\",\"width\":762,\"height\":762,\"caption\":\"cmall-lleida-actualitat-CAR762\"},{\"@type\":\"BreadcrumbList\",\"@id\":\"https:\/\/www.cmalleida.com\/es\/que-ciudad-de-clm-esta-entre-las-que-mas-peligro-tienes-de-que-te-roben-el-coche-en-espana-el-espanol\/#breadcrumb\",\"itemListElement\":[{\"@type\":\"ListItem\",\"position\":1,\"name\":\"Inici\",\"item\":\"https:\/\/www.cmalleida.com\/es\/\"},{\"@type\":\"ListItem\",\"position\":2,\"name\":\"\u00bfQu\u00e9 ciudad de CLM est\u00e1 entre las que m\u00e1s peligro tienes de que te roben el coche en Espa\u00f1a? (El Espa\u00f1ol)\"}]},{\"@type\":\"WebSite\",\"@id\":\"https:\/\/www.cmalleida.com\/es\/#website\",\"url\":\"https:\/\/www.cmalleida.com\/es\/\",\"name\":\"Col\u00b7legi de Mediadors d&#039;Assegurances de Lleida\",\"description\":\"Otro sitio realizado con WordPress\",\"publisher\":{\"@id\":\"https:\/\/www.cmalleida.com\/es\/#organization\"},\"potentialAction\":[{\"@type\":\"SearchAction\",\"target\":{\"@type\":\"EntryPoint\",\"urlTemplate\":\"https:\/\/www.cmalleida.com\/es\/?s={search_term_string}\"},\"query-input\":{\"@type\":\"PropertyValueSpecification\",\"valueRequired\":true,\"valueName\":\"search_term_string\"}}],\"inLanguage\":\"es\"},{\"@type\":\"Organization\",\"@id\":\"https:\/\/www.cmalleida.com\/es\/#organization\",\"name\":\"Col\u00b7legi de Mediadors d'Assegurances de Lleida\",\"url\":\"https:\/\/www.cmalleida.com\/es\/\",\"logo\":{\"@type\":\"ImageObject\",\"inLanguage\":\"es\",\"@id\":\"https:\/\/www.cmalleida.com\/es\/#\/schema\/logo\/image\/\",\"url\":\"\",\"contentUrl\":\"\",\"caption\":\"Col\u00b7legi de Mediadors d'Assegurances de Lleida\"},\"image\":{\"@id\":\"https:\/\/www.cmalleida.com\/es\/#\/schema\/logo\/image\/\"}},{\"@type\":\"Person\",\"@id\":\"https:\/\/www.cmalleida.com\/es\/#\/schema\/person\/7461453022a0d6ce41c1e530eb4443b4\",\"name\":\"Antonieta Castells Dolcet\",\"image\":{\"@type\":\"ImageObject\",\"inLanguage\":\"es\",\"@id\":\"https:\/\/secure.gravatar.com\/avatar\/7738df9a8ff2d12e8b37d088ff0e3e36016e57ab29e5db27ba4fb758a81ea3cb?s=96&d=mm&r=g\",\"url\":\"https:\/\/secure.gravatar.com\/avatar\/7738df9a8ff2d12e8b37d088ff0e3e36016e57ab29e5db27ba4fb758a81ea3cb?s=96&d=mm&r=g\",\"contentUrl\":\"https:\/\/secure.gravatar.com\/avatar\/7738df9a8ff2d12e8b37d088ff0e3e36016e57ab29e5db27ba4fb758a81ea3cb?s=96&d=mm&r=g\",\"caption\":\"Antonieta Castells Dolcet\"},\"sameAs\":[\"http:\/\/www.cmalleida.com\"]}]}<\/script>\n<!-- \/ Yoast SEO plugin. -->","yoast_head_json":{"title":"\u00bfQu\u00e9 ciudad de CLM est\u00e1 entre las que m\u00e1s peligro tienes de que te roben el coche en Espa\u00f1a? (El Espa\u00f1ol) - Col\u00b7legi de Mediadors d&#039;Assegurances de Lleida","robots":{"index":"index","follow":"follow","max-snippet":"max-snippet:-1","max-image-preview":"max-image-preview:large","max-video-preview":"max-video-preview:-1"},"canonical":"https:\/\/www.cmalleida.com\/es\/que-ciudad-de-clm-esta-entre-las-que-mas-peligro-tienes-de-que-te-roben-el-coche-en-espana-el-espanol\/","og_locale":"es_ES","og_type":"article","og_title":"\u00bfQu\u00e9 ciudad de CLM est\u00e1 entre las que m\u00e1s peligro tienes de que te roben el coche en Espa\u00f1a? (El Espa\u00f1ol) - Col\u00b7legi de Mediadors d&#039;Assegurances de Lleida","og_description":"\u00a0EDCM\u00a0 \u00a0 \u00a017 marzo, 2022\u00a006:44 El descenso continuado de los\u00a0robos de veh\u00edculos asegurados\u00a0en la \u00faltima d\u00e9cada se constata en Espa\u00f1a, seg\u00fan el estudio \u00abLos robos... Llegeix m\u00e9s","og_url":"https:\/\/www.cmalleida.com\/es\/que-ciudad-de-clm-esta-entre-las-que-mas-peligro-tienes-de-que-te-roben-el-coche-en-espana-el-espanol\/","og_site_name":"Col\u00b7legi de Mediadors d&#039;Assegurances de Lleida","article_published_time":"2022-03-18T10:56:49+00:00","og_image":[{"width":762,"height":762,"url":"https:\/\/www.cmalleida.com\/wp-content\/uploads\/cmall-lleida-actualitat-car762.jpg","type":"image\/jpeg"}],"author":"Antonieta Castells Dolcet","twitter_card":"summary_large_image","twitter_misc":{"Written by":"Antonieta Castells Dolcet","Est. reading time":"2 minutos"},"schema":{"@context":"https:\/\/schema.org","@graph":[{"@type":"Article","@id":"https:\/\/www.cmalleida.com\/es\/que-ciudad-de-clm-esta-entre-las-que-mas-peligro-tienes-de-que-te-roben-el-coche-en-espana-el-espanol\/#article","isPartOf":{"@id":"https:\/\/www.cmalleida.com\/es\/que-ciudad-de-clm-esta-entre-las-que-mas-peligro-tienes-de-que-te-roben-el-coche-en-espana-el-espanol\/"},"author":{"name":"Antonieta Castells Dolcet","@id":"https:\/\/www.cmalleida.com\/es\/#\/schema\/person\/7461453022a0d6ce41c1e530eb4443b4"},"headline":"\u00bfQu\u00e9 ciudad de CLM est\u00e1 entre las que m\u00e1s peligro tienes de que te roben el coche en Espa\u00f1a? (El Espa\u00f1ol)","datePublished":"2022-03-18T10:56:49+00:00","mainEntityOfPage":{"@id":"https:\/\/www.cmalleida.com\/es\/que-ciudad-de-clm-esta-entre-las-que-mas-peligro-tienes-de-que-te-roben-el-coche-en-espana-el-espanol\/"},"wordCount":376,"publisher":{"@id":"https:\/\/www.cmalleida.com\/es\/#organization"},"image":{"@id":"https:\/\/www.cmalleida.com\/es\/que-ciudad-de-clm-esta-entre-las-que-mas-peligro-tienes-de-que-te-roben-el-coche-en-espana-el-espanol\/#primaryimage"},"thumbnailUrl":"https:\/\/www.cmalleida.com\/wp-content\/uploads\/cmall-lleida-actualitat-car762.jpg","articleSection":["Actualidad","Assegurances","Sinistres"],"inLanguage":"es"},{"@type":"WebPage","@id":"https:\/\/www.cmalleida.com\/es\/que-ciudad-de-clm-esta-entre-las-que-mas-peligro-tienes-de-que-te-roben-el-coche-en-espana-el-espanol\/","url":"https:\/\/www.cmalleida.com\/es\/que-ciudad-de-clm-esta-entre-las-que-mas-peligro-tienes-de-que-te-roben-el-coche-en-espana-el-espanol\/","name":"\u00bfQu\u00e9 ciudad de CLM est\u00e1 entre las que m\u00e1s peligro tienes de que te roben el coche en Espa\u00f1a? (El Espa\u00f1ol) - Col\u00b7legi de Mediadors d&#039;Assegurances de Lleida","isPartOf":{"@id":"https:\/\/www.cmalleida.com\/es\/#website"},"primaryImageOfPage":{"@id":"https:\/\/www.cmalleida.com\/es\/que-ciudad-de-clm-esta-entre-las-que-mas-peligro-tienes-de-que-te-roben-el-coche-en-espana-el-espanol\/#primaryimage"},"image":{"@id":"https:\/\/www.cmalleida.com\/es\/que-ciudad-de-clm-esta-entre-las-que-mas-peligro-tienes-de-que-te-roben-el-coche-en-espana-el-espanol\/#primaryimage"},"thumbnailUrl":"https:\/\/www.cmalleida.com\/wp-content\/uploads\/cmall-lleida-actualitat-car762.jpg","datePublished":"2022-03-18T10:56:49+00:00","breadcrumb":{"@id":"https:\/\/www.cmalleida.com\/es\/que-ciudad-de-clm-esta-entre-las-que-mas-peligro-tienes-de-que-te-roben-el-coche-en-espana-el-espanol\/#breadcrumb"},"inLanguage":"es","potentialAction":[{"@type":"ReadAction","target":["https:\/\/www.cmalleida.com\/es\/que-ciudad-de-clm-esta-entre-las-que-mas-peligro-tienes-de-que-te-roben-el-coche-en-espana-el-espanol\/"]}]},{"@type":"ImageObject","inLanguage":"es","@id":"https:\/\/www.cmalleida.com\/es\/que-ciudad-de-clm-esta-entre-las-que-mas-peligro-tienes-de-que-te-roben-el-coche-en-espana-el-espanol\/#primaryimage","url":"https:\/\/www.cmalleida.com\/wp-content\/uploads\/cmall-lleida-actualitat-car762.jpg","contentUrl":"https:\/\/www.cmalleida.com\/wp-content\/uploads\/cmall-lleida-actualitat-car762.jpg","width":762,"height":762,"caption":"cmall-lleida-actualitat-CAR762"},{"@type":"BreadcrumbList","@id":"https:\/\/www.cmalleida.com\/es\/que-ciudad-de-clm-esta-entre-las-que-mas-peligro-tienes-de-que-te-roben-el-coche-en-espana-el-espanol\/#breadcrumb","itemListElement":[{"@type":"ListItem","position":1,"name":"Inici","item":"https:\/\/www.cmalleida.com\/es\/"},{"@type":"ListItem","position":2,"name":"\u00bfQu\u00e9 ciudad de CLM est\u00e1 entre las que m\u00e1s peligro tienes de que te roben el coche en Espa\u00f1a? (El Espa\u00f1ol)"}]},{"@type":"WebSite","@id":"https:\/\/www.cmalleida.com\/es\/#website","url":"https:\/\/www.cmalleida.com\/es\/","name":"Col\u00b7legi de Mediadors d&#039;Assegurances de Lleida","description":"Otro sitio realizado con WordPress","publisher":{"@id":"https:\/\/www.cmalleida.com\/es\/#organization"},"potentialAction":[{"@type":"SearchAction","target":{"@type":"EntryPoint","urlTemplate":"https:\/\/www.cmalleida.com\/es\/?s={search_term_string}"},"query-input":{"@type":"PropertyValueSpecification","valueRequired":true,"valueName":"search_term_string"}}],"inLanguage":"es"},{"@type":"Organization","@id":"https:\/\/www.cmalleida.com\/es\/#organization","name":"Col\u00b7legi de Mediadors d'Assegurances de Lleida","url":"https:\/\/www.cmalleida.com\/es\/","logo":{"@type":"ImageObject","inLanguage":"es","@id":"https:\/\/www.cmalleida.com\/es\/#\/schema\/logo\/image\/","url":"","contentUrl":"","caption":"Col\u00b7legi de Mediadors d'Assegurances de Lleida"},"image":{"@id":"https:\/\/www.cmalleida.com\/es\/#\/schema\/logo\/image\/"}},{"@type":"Person","@id":"https:\/\/www.cmalleida.com\/es\/#\/schema\/person\/7461453022a0d6ce41c1e530eb4443b4","name":"Antonieta Castells Dolcet","image":{"@type":"ImageObject","inLanguage":"es","@id":"https:\/\/secure.gravatar.com\/avatar\/7738df9a8ff2d12e8b37d088ff0e3e36016e57ab29e5db27ba4fb758a81ea3cb?s=96&d=mm&r=g","url":"https:\/\/secure.gravatar.com\/avatar\/7738df9a8ff2d12e8b37d088ff0e3e36016e57ab29e5db27ba4fb758a81ea3cb?s=96&d=mm&r=g","contentUrl":"https:\/\/secure.gravatar.com\/avatar\/7738df9a8ff2d12e8b37d088ff0e3e36016e57ab29e5db27ba4fb758a81ea3cb?s=96&d=mm&r=g","caption":"Antonieta Castells Dolcet"},"sameAs":["http:\/\/www.cmalleida.com"]}]}},"_links":{"self":[{"href":"https:\/\/www.cmalleida.com\/es\/wp-json\/wp\/v2\/posts\/10459","targetHints":{"allow":["GET"]}}],"collection":[{"href":"https:\/\/www.cmalleida.com\/es\/wp-json\/wp\/v2\/posts"}],"about":[{"href":"https:\/\/www.cmalleida.com\/es\/wp-json\/wp\/v2\/types\/post"}],"author":[{"embeddable":true,"href":"https:\/\/www.cmalleida.com\/es\/wp-json\/wp\/v2\/users\/149"}],"replies":[{"embeddable":true,"href":"https:\/\/www.cmalleida.com\/es\/wp-json\/wp\/v2\/comments?post=10459"}],"version-history":[{"count":1,"href":"https:\/\/www.cmalleida.com\/es\/wp-json\/wp\/v2\/posts\/10459\/revisions"}],"predecessor-version":[{"id":10460,"href":"https:\/\/www.cmalleida.com\/es\/wp-json\/wp\/v2\/posts\/10459\/revisions\/10460"}],"wp:featuredmedia":[{"embeddable":true,"href":"https:\/\/www.cmalleida.com\/es\/wp-json\/wp\/v2\/media\/1869"}],"wp:attachment":[{"href":"https:\/\/www.cmalleida.com\/es\/wp-json\/wp\/v2\/media?parent=10459"}],"wp:term":[{"taxonomy":"category","embeddable":true,"href":"https:\/\/www.cmalleida.com\/es\/wp-json\/wp\/v2\/categories?post=10459"},{"taxonomy":"post_tag","embeddable":true,"href":"https:\/\/www.cmalleida.com\/es\/wp-json\/wp\/v2\/tags?post=10459"}],"curies":[{"name":"wp","href":"https:\/\/api.w.org\/{rel}","templated":true}]}}