{"id":10428,"date":"2022-03-11T10:57:41","date_gmt":"2022-03-11T09:57:41","guid":{"rendered":"https:\/\/www.cmalleida.com\/?p=10428"},"modified":"2022-03-11T10:57:41","modified_gmt":"2022-03-11T09:57:41","slug":"el-ccs-asumira-mas-siniestralidad-como-medida-del-gobierno-para-estabilizar-el-sistema-agrario-aseguranza","status":"publish","type":"post","link":"https:\/\/www.cmalleida.com\/es\/el-ccs-asumira-mas-siniestralidad-como-medida-del-gobierno-para-estabilizar-el-sistema-agrario-aseguranza\/","title":{"rendered":"El CCS asumir\u00e1 m\u00e1s siniestralidad como medida del Gobierno para estabilizar el sistema agrario (Aseguranza)"},"content":{"rendered":"<p class=\"article-title\"><span style=\"font-size: 16px;\">El Gobierno ha impulsado un \u00ab<\/span><strong style=\"font-size: 16px;\">mecanismo de protecci\u00f3n complementario<\/strong><span style=\"font-size: 16px;\">\u00bb como medida extraordinaria ante la\u00a0<\/span><strong style=\"font-size: 16px;\">escalada de siniestralidad<\/strong><span style=\"font-size: 16px;\">\u00a0de los\u00a0<\/span><strong style=\"font-size: 16px;\">seguros agrarios combinados<\/strong><span style=\"font-size: 16px;\">\u00a0y \u00ab<\/span><strong style=\"font-size: 16px;\">garantizar la estabilidad del sistema<\/strong><span style=\"font-size: 16px;\">\u00ab. Ayer se mantuvo una reuni\u00f3n de la comisi\u00f3n general de la Entidad Estatal de Seguros Agrarios (<\/span><strong style=\"font-size: 16px;\">Enesa<\/strong><span style=\"font-size: 16px;\">), con presencia de la\u00a0<\/span><strong style=\"font-size: 16px;\">DGSFP<\/strong><span style=\"font-size: 16px;\">\u00a0y del\u00a0<\/span><strong style=\"font-size: 16px;\">Consorcio de Compensaci\u00f3n de Seguros<\/strong><span style=\"font-size: 16px;\">\u00a0(CCS), donde se ha conocido el nuevo mecanismo que tendr\u00e1 que ser aprobado por el Ministerio de Asuntos Econ\u00f3micos y Transformaci\u00f3n Digital, departamento competente en esta materia.<\/span><\/p>\n<div id=\"cuerpo_descripcion\" class=\"shortcode-content\">\n<p>Seg\u00fan la nota explicativa del Ministerio de Agricultura, Pesca y Alimentaci\u00f3n esta medida \u00abevitar\u00e1 un incremento en los costes de las p\u00f3lizas que podr\u00eda ascender a un total de\u00a0<strong>27 millones de euros anuales<\/strong>\u00ab. De manera pr\u00e1ctica, a falta de conocer los detalles, la medida adoptada complementar\u00e1, mediante una segunda capa de protecci\u00f3n, el actual esquema del reaseguro. As\u00ed, el CCS asumir\u00e1 \u00ab<strong>una mayor siniestralidad mientras los niveles de reserva permanezcan en niveles bajos<\/strong>\u00ab. Este objetivo, recalca el Ejecutivo \u00ablograr\u00e1 dar estabilidad al sistema sin que repercuta en el coste final del seguro\u00bb, asegura.<\/p>\n<p>Indica el Ejecutivo que el seguro agrario cuenta con un \u00abinstrumento fundamental para garantizar su viabilidad\u00bb y es el reaseguro del CCS y de las entidades aseguradoras \u00abcuya finalidad es cubrir las indemnizaciones derivadas de los<strong>\u00a0excesos de siniestralidad\u00a0<\/strong>que puedan producirse en un a\u00f1o determinado\u00bb.<\/p>\n<p>Justifica el Gobierno la medida en que las situaciones de climatolog\u00edas adversad debidas al cambio clim\u00e1tico \u00abha generado un importante incremento de la siniestralidad\u00bb. As\u00ed, en la historia del seguro agrario los cuatro ejercicios de mayor siniestralidad corresponden a 2012, 2017, 2018 y 2021; en cada uno de estos a\u00f1os el seguro ha indemnizado por valor de m\u00e1s de 700 millones.<\/p>\n<p>Esta situaci\u00f3n ha provocado que la \u00ab<strong>reserva de las entidades no haya podido dotarse de manera adecuada<\/strong>, ya que todo o parte del recargo de seguridad cobrado en p\u00f3liza y que se destina a la reserva ha debido utilizarse para el pago de indemnizaciones en cada a\u00f1o\u00bb. Explica el ministerio que dotar de manera adecuada\u00a0 la reserva a trav\u00e9s del recargo de la prima \u00abimplicar\u00eda implicar\u00eda un incremento del coste de las primas del seguro\u00bb valorado en los 27 euros mencionados.<\/p>\n<p><strong><em>2021, cifras r\u00e9cord<\/em><\/strong><\/p>\n<p>En la reuni\u00f3n tambi\u00e9n se han dado los datos oficiales de la contrataci\u00f3n de seguros agrarios y siniestralidad del pasado a\u00f1o. La producci\u00f3n agr\u00edcola asegurada mantuvo cifras similares a 2020, aunque refleja un aumento del 9% respecto a la media del periodo 2017-2020. El capital asegurado alcanz\u00f3 la\u00a0<strong>cifra r\u00e9cord de 15.620 millones de euros<\/strong>, un 2% m\u00e1s que el a\u00f1o anterior. Por su parte, la\u00a0<strong>siniestralidad creci\u00f3 un 22%<\/strong>\u00a0y se abonaron m\u00e1s de 722 millones de euros en indemnizaciones.<\/p>\n<p>El presupuesto aprobado para la subvenci\u00f3n de estos seguros se increment\u00f3 en un 20% en 2021 y ascendi\u00f3 hasta los 253,7 millones. Las subvenciones finales abonadas a los agricultores fueron de 266 millones, el 32% del coste total de las p\u00f3lizas recaudadas. Si se suman las ayudas de las comunidades aut\u00f3nomas (casi 100 millones), el porcentaje medio de subvenci\u00f3n p\u00fablica se eleva hasta el 44%.<\/p>\n<\/div>\n","protected":false},"excerpt":{"rendered":"<p>El Gobierno ha impulsado un \u00abmecanismo de protecci\u00f3n complementario\u00bb como medida extraordinaria ante la\u00a0escalada de siniestralidad\u00a0de los\u00a0seguros agrarios combinados\u00a0y \u00abgarantizar la estabilidad del sistema\u00ab. Ayer&#8230; <a href=\"https:\/\/www.cmalleida.com\/es\/el-ccs-asumira-mas-siniestralidad-como-medida-del-gobierno-para-estabilizar-el-sistema-agrario-aseguranza\/\" rel=\"nofollow\" class=\"lollegirmes\">Llegeix m\u00e9s<\/a><\/p>\n","protected":false},"author":149,"featured_media":4694,"comment_status":"closed","ping_status":"closed","sticky":false,"template":"","format":"standard","meta":{"_acf_changed":false,"_genesis_hide_title":false,"_genesis_hide_breadcrumbs":false,"_genesis_hide_singular_image":false,"_genesis_hide_footer_widgets":false,"_genesis_custom_body_class":"","_genesis_custom_post_class":"","_genesis_layout":"","footnotes":""},"categories":[28,125],"tags":[],"class_list":{"0":"post-10428","1":"post","2":"type-post","3":"status-publish","4":"format-standard","5":"has-post-thumbnail","7":"category-actualidad","8":"category-assegurances-es","9":"entry"},"acf":[],"yoast_head":"<!-- This site is optimized with the Yoast SEO plugin v27.2 - https:\/\/yoast.com\/product\/yoast-seo-wordpress\/ -->\n<title>El CCS asumir\u00e1 m\u00e1s siniestralidad como medida del Gobierno para estabilizar el sistema agrario (Aseguranza) - Col\u00b7legi de Mediadors d&#039;Assegurances de Lleida<\/title>\n<meta name=\"robots\" content=\"index, follow, max-snippet:-1, max-image-preview:large, max-video-preview:-1\" \/>\n<link rel=\"canonical\" href=\"https:\/\/www.cmalleida.com\/es\/el-ccs-asumira-mas-siniestralidad-como-medida-del-gobierno-para-estabilizar-el-sistema-agrario-aseguranza\/\" \/>\n<meta property=\"og:locale\" content=\"es_ES\" \/>\n<meta property=\"og:type\" content=\"article\" \/>\n<meta property=\"og:title\" content=\"El CCS asumir\u00e1 m\u00e1s siniestralidad como medida del Gobierno para estabilizar el sistema agrario (Aseguranza) - Col\u00b7legi de Mediadors d&#039;Assegurances de Lleida\" \/>\n<meta property=\"og:description\" content=\"El Gobierno ha impulsado un \u00abmecanismo de protecci\u00f3n complementario\u00bb como medida extraordinaria ante la\u00a0escalada de siniestralidad\u00a0de los\u00a0seguros agrarios combinados\u00a0y \u00abgarantizar la estabilidad del sistema\u00ab. Ayer... Llegeix m\u00e9s\" \/>\n<meta property=\"og:url\" content=\"https:\/\/www.cmalleida.com\/es\/el-ccs-asumira-mas-siniestralidad-como-medida-del-gobierno-para-estabilizar-el-sistema-agrario-aseguranza\/\" \/>\n<meta property=\"og:site_name\" content=\"Col\u00b7legi de Mediadors d&#039;Assegurances de Lleida\" \/>\n<meta property=\"article:published_time\" content=\"2022-03-11T09:57:41+00:00\" \/>\n<meta property=\"og:image\" content=\"https:\/\/www.cmalleida.com\/wp-content\/uploads\/img-20190412-wa0004.jpg\" \/>\n\t<meta property=\"og:image:width\" content=\"720\" \/>\n\t<meta property=\"og:image:height\" content=\"480\" \/>\n\t<meta property=\"og:image:type\" content=\"image\/jpeg\" \/>\n<meta name=\"author\" content=\"Antonieta Castells Dolcet\" \/>\n<meta name=\"twitter:card\" content=\"summary_large_image\" \/>\n<meta name=\"twitter:label1\" content=\"Written by\" \/>\n\t<meta name=\"twitter:data1\" content=\"Antonieta Castells Dolcet\" \/>\n\t<meta name=\"twitter:label2\" content=\"Est. reading time\" \/>\n\t<meta name=\"twitter:data2\" content=\"3 minutos\" \/>\n<script type=\"application\/ld+json\" class=\"yoast-schema-graph\">{\"@context\":\"https:\/\/schema.org\",\"@graph\":[{\"@type\":\"Article\",\"@id\":\"https:\/\/www.cmalleida.com\/es\/el-ccs-asumira-mas-siniestralidad-como-medida-del-gobierno-para-estabilizar-el-sistema-agrario-aseguranza\/#article\",\"isPartOf\":{\"@id\":\"https:\/\/www.cmalleida.com\/es\/el-ccs-asumira-mas-siniestralidad-como-medida-del-gobierno-para-estabilizar-el-sistema-agrario-aseguranza\/\"},\"author\":{\"name\":\"Antonieta Castells Dolcet\",\"@id\":\"https:\/\/www.cmalleida.com\/es\/#\/schema\/person\/7461453022a0d6ce41c1e530eb4443b4\"},\"headline\":\"El CCS asumir\u00e1 m\u00e1s siniestralidad como medida del Gobierno para estabilizar el sistema agrario (Aseguranza)\",\"datePublished\":\"2022-03-11T09:57:41+00:00\",\"mainEntityOfPage\":{\"@id\":\"https:\/\/www.cmalleida.com\/es\/el-ccs-asumira-mas-siniestralidad-como-medida-del-gobierno-para-estabilizar-el-sistema-agrario-aseguranza\/\"},\"wordCount\":549,\"publisher\":{\"@id\":\"https:\/\/www.cmalleida.com\/es\/#organization\"},\"image\":{\"@id\":\"https:\/\/www.cmalleida.com\/es\/el-ccs-asumira-mas-siniestralidad-como-medida-del-gobierno-para-estabilizar-el-sistema-agrario-aseguranza\/#primaryimage\"},\"thumbnailUrl\":\"https:\/\/www.cmalleida.com\/wp-content\/uploads\/img-20190412-wa0004.jpg\",\"articleSection\":[\"Actualidad\",\"Assegurances\"],\"inLanguage\":\"es\"},{\"@type\":\"WebPage\",\"@id\":\"https:\/\/www.cmalleida.com\/es\/el-ccs-asumira-mas-siniestralidad-como-medida-del-gobierno-para-estabilizar-el-sistema-agrario-aseguranza\/\",\"url\":\"https:\/\/www.cmalleida.com\/es\/el-ccs-asumira-mas-siniestralidad-como-medida-del-gobierno-para-estabilizar-el-sistema-agrario-aseguranza\/\",\"name\":\"El CCS asumir\u00e1 m\u00e1s siniestralidad como medida del Gobierno para estabilizar el sistema agrario (Aseguranza) - Col\u00b7legi de Mediadors d&#039;Assegurances de Lleida\",\"isPartOf\":{\"@id\":\"https:\/\/www.cmalleida.com\/es\/#website\"},\"primaryImageOfPage\":{\"@id\":\"https:\/\/www.cmalleida.com\/es\/el-ccs-asumira-mas-siniestralidad-como-medida-del-gobierno-para-estabilizar-el-sistema-agrario-aseguranza\/#primaryimage\"},\"image\":{\"@id\":\"https:\/\/www.cmalleida.com\/es\/el-ccs-asumira-mas-siniestralidad-como-medida-del-gobierno-para-estabilizar-el-sistema-agrario-aseguranza\/#primaryimage\"},\"thumbnailUrl\":\"https:\/\/www.cmalleida.com\/wp-content\/uploads\/img-20190412-wa0004.jpg\",\"datePublished\":\"2022-03-11T09:57:41+00:00\",\"breadcrumb\":{\"@id\":\"https:\/\/www.cmalleida.com\/es\/el-ccs-asumira-mas-siniestralidad-como-medida-del-gobierno-para-estabilizar-el-sistema-agrario-aseguranza\/#breadcrumb\"},\"inLanguage\":\"es\",\"potentialAction\":[{\"@type\":\"ReadAction\",\"target\":[\"https:\/\/www.cmalleida.com\/es\/el-ccs-asumira-mas-siniestralidad-como-medida-del-gobierno-para-estabilizar-el-sistema-agrario-aseguranza\/\"]}]},{\"@type\":\"ImageObject\",\"inLanguage\":\"es\",\"@id\":\"https:\/\/www.cmalleida.com\/es\/el-ccs-asumira-mas-siniestralidad-como-medida-del-gobierno-para-estabilizar-el-sistema-agrario-aseguranza\/#primaryimage\",\"url\":\"https:\/\/www.cmalleida.com\/wp-content\/uploads\/img-20190412-wa0004.jpg\",\"contentUrl\":\"https:\/\/www.cmalleida.com\/wp-content\/uploads\/img-20190412-wa0004.jpg\",\"width\":720,\"height\":480,\"caption\":\"IMG-20190412-WA0004\"},{\"@type\":\"BreadcrumbList\",\"@id\":\"https:\/\/www.cmalleida.com\/es\/el-ccs-asumira-mas-siniestralidad-como-medida-del-gobierno-para-estabilizar-el-sistema-agrario-aseguranza\/#breadcrumb\",\"itemListElement\":[{\"@type\":\"ListItem\",\"position\":1,\"name\":\"Inici\",\"item\":\"https:\/\/www.cmalleida.com\/es\/\"},{\"@type\":\"ListItem\",\"position\":2,\"name\":\"El CCS asumir\u00e1 m\u00e1s siniestralidad como medida del Gobierno para estabilizar el sistema agrario (Aseguranza)\"}]},{\"@type\":\"WebSite\",\"@id\":\"https:\/\/www.cmalleida.com\/es\/#website\",\"url\":\"https:\/\/www.cmalleida.com\/es\/\",\"name\":\"Col\u00b7legi de Mediadors d&#039;Assegurances de Lleida\",\"description\":\"Otro sitio realizado con WordPress\",\"publisher\":{\"@id\":\"https:\/\/www.cmalleida.com\/es\/#organization\"},\"potentialAction\":[{\"@type\":\"SearchAction\",\"target\":{\"@type\":\"EntryPoint\",\"urlTemplate\":\"https:\/\/www.cmalleida.com\/es\/?s={search_term_string}\"},\"query-input\":{\"@type\":\"PropertyValueSpecification\",\"valueRequired\":true,\"valueName\":\"search_term_string\"}}],\"inLanguage\":\"es\"},{\"@type\":\"Organization\",\"@id\":\"https:\/\/www.cmalleida.com\/es\/#organization\",\"name\":\"Col\u00b7legi de Mediadors d'Assegurances de Lleida\",\"url\":\"https:\/\/www.cmalleida.com\/es\/\",\"logo\":{\"@type\":\"ImageObject\",\"inLanguage\":\"es\",\"@id\":\"https:\/\/www.cmalleida.com\/es\/#\/schema\/logo\/image\/\",\"url\":\"\",\"contentUrl\":\"\",\"caption\":\"Col\u00b7legi de Mediadors d'Assegurances de Lleida\"},\"image\":{\"@id\":\"https:\/\/www.cmalleida.com\/es\/#\/schema\/logo\/image\/\"}},{\"@type\":\"Person\",\"@id\":\"https:\/\/www.cmalleida.com\/es\/#\/schema\/person\/7461453022a0d6ce41c1e530eb4443b4\",\"name\":\"Antonieta Castells Dolcet\",\"image\":{\"@type\":\"ImageObject\",\"inLanguage\":\"es\",\"@id\":\"https:\/\/secure.gravatar.com\/avatar\/7738df9a8ff2d12e8b37d088ff0e3e36016e57ab29e5db27ba4fb758a81ea3cb?s=96&d=mm&r=g\",\"url\":\"https:\/\/secure.gravatar.com\/avatar\/7738df9a8ff2d12e8b37d088ff0e3e36016e57ab29e5db27ba4fb758a81ea3cb?s=96&d=mm&r=g\",\"contentUrl\":\"https:\/\/secure.gravatar.com\/avatar\/7738df9a8ff2d12e8b37d088ff0e3e36016e57ab29e5db27ba4fb758a81ea3cb?s=96&d=mm&r=g\",\"caption\":\"Antonieta Castells Dolcet\"},\"sameAs\":[\"http:\/\/www.cmalleida.com\"]}]}<\/script>\n<!-- \/ Yoast SEO plugin. -->","yoast_head_json":{"title":"El CCS asumir\u00e1 m\u00e1s siniestralidad como medida del Gobierno para estabilizar el sistema agrario (Aseguranza) - Col\u00b7legi de Mediadors d&#039;Assegurances de Lleida","robots":{"index":"index","follow":"follow","max-snippet":"max-snippet:-1","max-image-preview":"max-image-preview:large","max-video-preview":"max-video-preview:-1"},"canonical":"https:\/\/www.cmalleida.com\/es\/el-ccs-asumira-mas-siniestralidad-como-medida-del-gobierno-para-estabilizar-el-sistema-agrario-aseguranza\/","og_locale":"es_ES","og_type":"article","og_title":"El CCS asumir\u00e1 m\u00e1s siniestralidad como medida del Gobierno para estabilizar el sistema agrario (Aseguranza) - Col\u00b7legi de Mediadors d&#039;Assegurances de Lleida","og_description":"El Gobierno ha impulsado un \u00abmecanismo de protecci\u00f3n complementario\u00bb como medida extraordinaria ante la\u00a0escalada de siniestralidad\u00a0de los\u00a0seguros agrarios combinados\u00a0y \u00abgarantizar la estabilidad del sistema\u00ab. Ayer... Llegeix m\u00e9s","og_url":"https:\/\/www.cmalleida.com\/es\/el-ccs-asumira-mas-siniestralidad-como-medida-del-gobierno-para-estabilizar-el-sistema-agrario-aseguranza\/","og_site_name":"Col\u00b7legi de Mediadors d&#039;Assegurances de Lleida","article_published_time":"2022-03-11T09:57:41+00:00","og_image":[{"width":720,"height":480,"url":"https:\/\/www.cmalleida.com\/wp-content\/uploads\/img-20190412-wa0004.jpg","type":"image\/jpeg"}],"author":"Antonieta Castells Dolcet","twitter_card":"summary_large_image","twitter_misc":{"Written by":"Antonieta Castells Dolcet","Est. reading time":"3 minutos"},"schema":{"@context":"https:\/\/schema.org","@graph":[{"@type":"Article","@id":"https:\/\/www.cmalleida.com\/es\/el-ccs-asumira-mas-siniestralidad-como-medida-del-gobierno-para-estabilizar-el-sistema-agrario-aseguranza\/#article","isPartOf":{"@id":"https:\/\/www.cmalleida.com\/es\/el-ccs-asumira-mas-siniestralidad-como-medida-del-gobierno-para-estabilizar-el-sistema-agrario-aseguranza\/"},"author":{"name":"Antonieta Castells Dolcet","@id":"https:\/\/www.cmalleida.com\/es\/#\/schema\/person\/7461453022a0d6ce41c1e530eb4443b4"},"headline":"El CCS asumir\u00e1 m\u00e1s siniestralidad como medida del Gobierno para estabilizar el sistema agrario (Aseguranza)","datePublished":"2022-03-11T09:57:41+00:00","mainEntityOfPage":{"@id":"https:\/\/www.cmalleida.com\/es\/el-ccs-asumira-mas-siniestralidad-como-medida-del-gobierno-para-estabilizar-el-sistema-agrario-aseguranza\/"},"wordCount":549,"publisher":{"@id":"https:\/\/www.cmalleida.com\/es\/#organization"},"image":{"@id":"https:\/\/www.cmalleida.com\/es\/el-ccs-asumira-mas-siniestralidad-como-medida-del-gobierno-para-estabilizar-el-sistema-agrario-aseguranza\/#primaryimage"},"thumbnailUrl":"https:\/\/www.cmalleida.com\/wp-content\/uploads\/img-20190412-wa0004.jpg","articleSection":["Actualidad","Assegurances"],"inLanguage":"es"},{"@type":"WebPage","@id":"https:\/\/www.cmalleida.com\/es\/el-ccs-asumira-mas-siniestralidad-como-medida-del-gobierno-para-estabilizar-el-sistema-agrario-aseguranza\/","url":"https:\/\/www.cmalleida.com\/es\/el-ccs-asumira-mas-siniestralidad-como-medida-del-gobierno-para-estabilizar-el-sistema-agrario-aseguranza\/","name":"El CCS asumir\u00e1 m\u00e1s siniestralidad como medida del Gobierno para estabilizar el sistema agrario (Aseguranza) - Col\u00b7legi de Mediadors d&#039;Assegurances de Lleida","isPartOf":{"@id":"https:\/\/www.cmalleida.com\/es\/#website"},"primaryImageOfPage":{"@id":"https:\/\/www.cmalleida.com\/es\/el-ccs-asumira-mas-siniestralidad-como-medida-del-gobierno-para-estabilizar-el-sistema-agrario-aseguranza\/#primaryimage"},"image":{"@id":"https:\/\/www.cmalleida.com\/es\/el-ccs-asumira-mas-siniestralidad-como-medida-del-gobierno-para-estabilizar-el-sistema-agrario-aseguranza\/#primaryimage"},"thumbnailUrl":"https:\/\/www.cmalleida.com\/wp-content\/uploads\/img-20190412-wa0004.jpg","datePublished":"2022-03-11T09:57:41+00:00","breadcrumb":{"@id":"https:\/\/www.cmalleida.com\/es\/el-ccs-asumira-mas-siniestralidad-como-medida-del-gobierno-para-estabilizar-el-sistema-agrario-aseguranza\/#breadcrumb"},"inLanguage":"es","potentialAction":[{"@type":"ReadAction","target":["https:\/\/www.cmalleida.com\/es\/el-ccs-asumira-mas-siniestralidad-como-medida-del-gobierno-para-estabilizar-el-sistema-agrario-aseguranza\/"]}]},{"@type":"ImageObject","inLanguage":"es","@id":"https:\/\/www.cmalleida.com\/es\/el-ccs-asumira-mas-siniestralidad-como-medida-del-gobierno-para-estabilizar-el-sistema-agrario-aseguranza\/#primaryimage","url":"https:\/\/www.cmalleida.com\/wp-content\/uploads\/img-20190412-wa0004.jpg","contentUrl":"https:\/\/www.cmalleida.com\/wp-content\/uploads\/img-20190412-wa0004.jpg","width":720,"height":480,"caption":"IMG-20190412-WA0004"},{"@type":"BreadcrumbList","@id":"https:\/\/www.cmalleida.com\/es\/el-ccs-asumira-mas-siniestralidad-como-medida-del-gobierno-para-estabilizar-el-sistema-agrario-aseguranza\/#breadcrumb","itemListElement":[{"@type":"ListItem","position":1,"name":"Inici","item":"https:\/\/www.cmalleida.com\/es\/"},{"@type":"ListItem","position":2,"name":"El CCS asumir\u00e1 m\u00e1s siniestralidad como medida del Gobierno para estabilizar el sistema agrario (Aseguranza)"}]},{"@type":"WebSite","@id":"https:\/\/www.cmalleida.com\/es\/#website","url":"https:\/\/www.cmalleida.com\/es\/","name":"Col\u00b7legi de Mediadors d&#039;Assegurances de Lleida","description":"Otro sitio realizado con WordPress","publisher":{"@id":"https:\/\/www.cmalleida.com\/es\/#organization"},"potentialAction":[{"@type":"SearchAction","target":{"@type":"EntryPoint","urlTemplate":"https:\/\/www.cmalleida.com\/es\/?s={search_term_string}"},"query-input":{"@type":"PropertyValueSpecification","valueRequired":true,"valueName":"search_term_string"}}],"inLanguage":"es"},{"@type":"Organization","@id":"https:\/\/www.cmalleida.com\/es\/#organization","name":"Col\u00b7legi de Mediadors d'Assegurances de Lleida","url":"https:\/\/www.cmalleida.com\/es\/","logo":{"@type":"ImageObject","inLanguage":"es","@id":"https:\/\/www.cmalleida.com\/es\/#\/schema\/logo\/image\/","url":"","contentUrl":"","caption":"Col\u00b7legi de Mediadors d'Assegurances de Lleida"},"image":{"@id":"https:\/\/www.cmalleida.com\/es\/#\/schema\/logo\/image\/"}},{"@type":"Person","@id":"https:\/\/www.cmalleida.com\/es\/#\/schema\/person\/7461453022a0d6ce41c1e530eb4443b4","name":"Antonieta Castells Dolcet","image":{"@type":"ImageObject","inLanguage":"es","@id":"https:\/\/secure.gravatar.com\/avatar\/7738df9a8ff2d12e8b37d088ff0e3e36016e57ab29e5db27ba4fb758a81ea3cb?s=96&d=mm&r=g","url":"https:\/\/secure.gravatar.com\/avatar\/7738df9a8ff2d12e8b37d088ff0e3e36016e57ab29e5db27ba4fb758a81ea3cb?s=96&d=mm&r=g","contentUrl":"https:\/\/secure.gravatar.com\/avatar\/7738df9a8ff2d12e8b37d088ff0e3e36016e57ab29e5db27ba4fb758a81ea3cb?s=96&d=mm&r=g","caption":"Antonieta Castells Dolcet"},"sameAs":["http:\/\/www.cmalleida.com"]}]}},"_links":{"self":[{"href":"https:\/\/www.cmalleida.com\/es\/wp-json\/wp\/v2\/posts\/10428","targetHints":{"allow":["GET"]}}],"collection":[{"href":"https:\/\/www.cmalleida.com\/es\/wp-json\/wp\/v2\/posts"}],"about":[{"href":"https:\/\/www.cmalleida.com\/es\/wp-json\/wp\/v2\/types\/post"}],"author":[{"embeddable":true,"href":"https:\/\/www.cmalleida.com\/es\/wp-json\/wp\/v2\/users\/149"}],"replies":[{"embeddable":true,"href":"https:\/\/www.cmalleida.com\/es\/wp-json\/wp\/v2\/comments?post=10428"}],"version-history":[{"count":2,"href":"https:\/\/www.cmalleida.com\/es\/wp-json\/wp\/v2\/posts\/10428\/revisions"}],"predecessor-version":[{"id":10430,"href":"https:\/\/www.cmalleida.com\/es\/wp-json\/wp\/v2\/posts\/10428\/revisions\/10430"}],"wp:featuredmedia":[{"embeddable":true,"href":"https:\/\/www.cmalleida.com\/es\/wp-json\/wp\/v2\/media\/4694"}],"wp:attachment":[{"href":"https:\/\/www.cmalleida.com\/es\/wp-json\/wp\/v2\/media?parent=10428"}],"wp:term":[{"taxonomy":"category","embeddable":true,"href":"https:\/\/www.cmalleida.com\/es\/wp-json\/wp\/v2\/categories?post=10428"},{"taxonomy":"post_tag","embeddable":true,"href":"https:\/\/www.cmalleida.com\/es\/wp-json\/wp\/v2\/tags?post=10428"}],"curies":[{"name":"wp","href":"https:\/\/api.w.org\/{rel}","templated":true}]}}