{"id":10348,"date":"2022-02-25T11:47:51","date_gmt":"2022-02-25T10:47:51","guid":{"rendered":"https:\/\/www.cmalleida.com\/?p=10348"},"modified":"2022-02-25T11:47:51","modified_gmt":"2022-02-25T10:47:51","slug":"una-buena-gestion-del-dato-es-un-factor-importante-de-eficacia-y-eficiencia-en-nuestro-negocio-consejo-general","status":"publish","type":"post","link":"https:\/\/www.cmalleida.com\/es\/una-buena-gestion-del-dato-es-un-factor-importante-de-eficacia-y-eficiencia-en-nuestro-negocio-consejo-general\/","title":{"rendered":"Una buena gesti\u00f3n del dato es un factor importante de eficacia y eficiencia en nuestro negocio\u201d (Consejo General)"},"content":{"rendered":"<p>\u25cf El presidente de los mediadores se\u00f1ala que \u201cpara gestionar datos es imprescindible acudir a software y asesor\u00eda externa\u201d<br \/>\n\u25cf \u201cEl capital humano capacitado es uno de los recursos m\u00e1s escasos en el entorno empresarial actual\u201d<\/p>\n<p>17\/02\/2022.- Javier Barber\u00e1, presidente del Consejo General, considera que \u201cuna buena gesti\u00f3n del dato es un factor importante de eficacia y eficiencia para nuestro negocio. Para construir una empresa de \u00e9xito es necesario fijar prioridades en base a decisiones dif\u00edciles. Para ello, es imprescindible disponer de datos pertinentes y relevantes con los que verificar el progreso\u201d.<\/p>\n<p>Esta ha sido una de las afirmaciones que el presidente del Consejo General ha hecho durante su intervenci\u00f3n en la mesa redonda La importancia estrat\u00e9gica del dato en la mediaci\u00f3n aseguradora en el marco de la Semana del Seguro 2022.<\/p>\n<p>El presidente de los mediadores se\u00f1ala, adem\u00e1s, la necesidad de acudir a software y asesor\u00eda externa porque \u201clas f\u00f3rmulas dom\u00e9sticas no ganan partidos. El dato permite identificar y mitigar los riesgos, algo posible si se combinan softwares disponibles en el mercado, factor humano y proximidad del mediador con el cliente\u201d.<\/p>\n<p>Durante su intervenci\u00f3n, Barber\u00e1 tambi\u00e9n se\u00f1al\u00f3 que las ventajas que ofrece un buen an\u00e1lisis del dato son cada vez m\u00e1s evidentes \u201cpor eso, no es raro que una de las mayores inversiones del sector asegurador vaya destinada a los datos y su interpretaci\u00f3n, reforzando el talento\u201d.<\/p>\n<p>Para Barber\u00e1, \u201cel big data ya no es una palabra o concepto, es una realidad que est\u00e1 en universidades y escuelas de negocios. Comprender c\u00f3mo se puede utilizar para ofrecer productos de seguros inteligentes y eficientes debe ser una prioridad para cualquier corredor\u201d.<\/p>\n<p>Sin embargo, \u201cse necesita a un analista de datos que valore, priorice y decida qu\u00e9 ofrecer al consumidor, por eso, los mediadores citamos, cada vez m\u00e1s, el capital humano como el recurso m\u00e1s escaso en el entorno empresarial actual\u201d.<\/p>\n<p>&nbsp;<\/p>\n<p><span style=\"font-size: 10pt;\">Sobre el Consejo General<\/span><br \/>\n<span style=\"font-size: 10pt;\">El Consejo General de los Colegios de Mediadores de Seguros es la corporaci\u00f3n de derecho p\u00fablico que aglutina a 50 colegios profesionales distribuidos por todo el territorio nacional. Sus m\u00e1s de 7.000 miembros la convierten en la organizaci\u00f3n de agentes y corredores de seguros m\u00e1s importante de Espa\u00f1a y m\u00e1s numerosa de Europa.<\/span><br \/>\n<span style=\"font-size: 10pt;\">Forma parte de las principales organizaciones internacionales de profesionales del sector como BIPAR (Europa), COPAPROSE (Am\u00e9rica) y WFii (mundial).<\/span><br \/>\n<span style=\"font-size: 10pt;\">Cuenta con una escuela de negocios, CECAS, exclusivamente dedicada a la formaci\u00f3n aseguradora. Javier Barber\u00e1 es su presidente desde 2021<\/span><\/p>\n","protected":false},"excerpt":{"rendered":"<p>\u25cf El presidente de los mediadores se\u00f1ala que \u201cpara gestionar datos es imprescindible acudir a software y asesor\u00eda externa\u201d \u25cf \u201cEl capital humano capacitado es&#8230; <a href=\"https:\/\/www.cmalleida.com\/es\/una-buena-gestion-del-dato-es-un-factor-importante-de-eficacia-y-eficiencia-en-nuestro-negocio-consejo-general\/\" rel=\"nofollow\" class=\"lollegirmes\">Llegeix m\u00e9s<\/a><\/p>\n","protected":false},"author":149,"featured_media":10344,"comment_status":"closed","ping_status":"closed","sticky":false,"template":"","format":"standard","meta":{"_acf_changed":false,"_genesis_hide_title":false,"_genesis_hide_breadcrumbs":false,"_genesis_hide_singular_image":false,"_genesis_hide_footer_widgets":false,"_genesis_custom_body_class":"","_genesis_custom_post_class":"","_genesis_layout":"","footnotes":""},"categories":[28],"tags":[],"class_list":{"0":"post-10348","1":"post","2":"type-post","3":"status-publish","4":"format-standard","5":"has-post-thumbnail","7":"category-actualidad","8":"entry"},"acf":[],"yoast_head":"<!-- This site is optimized with the Yoast SEO plugin v27.2 - https:\/\/yoast.com\/product\/yoast-seo-wordpress\/ -->\n<title>Una buena gesti\u00f3n del dato es un factor importante de eficacia y eficiencia en nuestro negocio\u201d (Consejo General) - Col\u00b7legi de Mediadors d&#039;Assegurances de Lleida<\/title>\n<meta name=\"robots\" content=\"index, follow, max-snippet:-1, max-image-preview:large, max-video-preview:-1\" \/>\n<link rel=\"canonical\" href=\"https:\/\/www.cmalleida.com\/es\/una-buena-gestion-del-dato-es-un-factor-importante-de-eficacia-y-eficiencia-en-nuestro-negocio-consejo-general\/\" \/>\n<meta property=\"og:locale\" content=\"es_ES\" \/>\n<meta property=\"og:type\" content=\"article\" \/>\n<meta property=\"og:title\" content=\"Una buena gesti\u00f3n del dato es un factor importante de eficacia y eficiencia en nuestro negocio\u201d (Consejo General) - Col\u00b7legi de Mediadors d&#039;Assegurances de Lleida\" \/>\n<meta property=\"og:description\" content=\"\u25cf El presidente de los mediadores se\u00f1ala que \u201cpara gestionar datos es imprescindible acudir a software y asesor\u00eda externa\u201d \u25cf \u201cEl capital humano capacitado es... Llegeix m\u00e9s\" \/>\n<meta property=\"og:url\" content=\"https:\/\/www.cmalleida.com\/es\/una-buena-gestion-del-dato-es-un-factor-importante-de-eficacia-y-eficiencia-en-nuestro-negocio-consejo-general\/\" \/>\n<meta property=\"og:site_name\" content=\"Col\u00b7legi de Mediadors d&#039;Assegurances de Lleida\" \/>\n<meta property=\"article:published_time\" content=\"2022-02-25T10:47:51+00:00\" \/>\n<meta property=\"og:image\" content=\"https:\/\/www.cmalleida.com\/wp-content\/uploads\/javier-barbera-posado-1024x869.jpg\" \/>\n\t<meta property=\"og:image:width\" content=\"1024\" \/>\n\t<meta property=\"og:image:height\" content=\"869\" \/>\n\t<meta property=\"og:image:type\" content=\"image\/jpeg\" \/>\n<meta name=\"author\" content=\"Antonieta Castells Dolcet\" \/>\n<meta name=\"twitter:card\" content=\"summary_large_image\" \/>\n<meta name=\"twitter:label1\" content=\"Written by\" \/>\n\t<meta name=\"twitter:data1\" content=\"Antonieta Castells Dolcet\" \/>\n\t<meta name=\"twitter:label2\" content=\"Est. reading time\" \/>\n\t<meta name=\"twitter:data2\" content=\"2 minutos\" \/>\n<script type=\"application\/ld+json\" class=\"yoast-schema-graph\">{\"@context\":\"https:\/\/schema.org\",\"@graph\":[{\"@type\":\"Article\",\"@id\":\"https:\/\/www.cmalleida.com\/es\/una-buena-gestion-del-dato-es-un-factor-importante-de-eficacia-y-eficiencia-en-nuestro-negocio-consejo-general\/#article\",\"isPartOf\":{\"@id\":\"https:\/\/www.cmalleida.com\/es\/una-buena-gestion-del-dato-es-un-factor-importante-de-eficacia-y-eficiencia-en-nuestro-negocio-consejo-general\/\"},\"author\":{\"name\":\"Antonieta Castells Dolcet\",\"@id\":\"https:\/\/www.cmalleida.com\/es\/#\/schema\/person\/7461453022a0d6ce41c1e530eb4443b4\"},\"headline\":\"Una buena gesti\u00f3n del dato es un factor importante de eficacia y eficiencia en nuestro negocio\u201d (Consejo General)\",\"datePublished\":\"2022-02-25T10:47:51+00:00\",\"mainEntityOfPage\":{\"@id\":\"https:\/\/www.cmalleida.com\/es\/una-buena-gestion-del-dato-es-un-factor-importante-de-eficacia-y-eficiencia-en-nuestro-negocio-consejo-general\/\"},\"wordCount\":451,\"publisher\":{\"@id\":\"https:\/\/www.cmalleida.com\/es\/#organization\"},\"image\":{\"@id\":\"https:\/\/www.cmalleida.com\/es\/una-buena-gestion-del-dato-es-un-factor-importante-de-eficacia-y-eficiencia-en-nuestro-negocio-consejo-general\/#primaryimage\"},\"thumbnailUrl\":\"https:\/\/www.cmalleida.com\/wp-content\/uploads\/javier-barbera-posado.jpg\",\"articleSection\":[\"Actualidad\"],\"inLanguage\":\"es\"},{\"@type\":\"WebPage\",\"@id\":\"https:\/\/www.cmalleida.com\/es\/una-buena-gestion-del-dato-es-un-factor-importante-de-eficacia-y-eficiencia-en-nuestro-negocio-consejo-general\/\",\"url\":\"https:\/\/www.cmalleida.com\/es\/una-buena-gestion-del-dato-es-un-factor-importante-de-eficacia-y-eficiencia-en-nuestro-negocio-consejo-general\/\",\"name\":\"Una buena gesti\u00f3n del dato es un factor importante de eficacia y eficiencia en nuestro negocio\u201d (Consejo General) - Col\u00b7legi de Mediadors d&#039;Assegurances de Lleida\",\"isPartOf\":{\"@id\":\"https:\/\/www.cmalleida.com\/es\/#website\"},\"primaryImageOfPage\":{\"@id\":\"https:\/\/www.cmalleida.com\/es\/una-buena-gestion-del-dato-es-un-factor-importante-de-eficacia-y-eficiencia-en-nuestro-negocio-consejo-general\/#primaryimage\"},\"image\":{\"@id\":\"https:\/\/www.cmalleida.com\/es\/una-buena-gestion-del-dato-es-un-factor-importante-de-eficacia-y-eficiencia-en-nuestro-negocio-consejo-general\/#primaryimage\"},\"thumbnailUrl\":\"https:\/\/www.cmalleida.com\/wp-content\/uploads\/javier-barbera-posado.jpg\",\"datePublished\":\"2022-02-25T10:47:51+00:00\",\"breadcrumb\":{\"@id\":\"https:\/\/www.cmalleida.com\/es\/una-buena-gestion-del-dato-es-un-factor-importante-de-eficacia-y-eficiencia-en-nuestro-negocio-consejo-general\/#breadcrumb\"},\"inLanguage\":\"es\",\"potentialAction\":[{\"@type\":\"ReadAction\",\"target\":[\"https:\/\/www.cmalleida.com\/es\/una-buena-gestion-del-dato-es-un-factor-importante-de-eficacia-y-eficiencia-en-nuestro-negocio-consejo-general\/\"]}]},{\"@type\":\"ImageObject\",\"inLanguage\":\"es\",\"@id\":\"https:\/\/www.cmalleida.com\/es\/una-buena-gestion-del-dato-es-un-factor-importante-de-eficacia-y-eficiencia-en-nuestro-negocio-consejo-general\/#primaryimage\",\"url\":\"https:\/\/www.cmalleida.com\/wp-content\/uploads\/javier-barbera-posado.jpg\",\"contentUrl\":\"https:\/\/www.cmalleida.com\/wp-content\/uploads\/javier-barbera-posado.jpg\",\"width\":2560,\"height\":2172,\"caption\":\"Javier Barbera\u0301 posado\"},{\"@type\":\"BreadcrumbList\",\"@id\":\"https:\/\/www.cmalleida.com\/es\/una-buena-gestion-del-dato-es-un-factor-importante-de-eficacia-y-eficiencia-en-nuestro-negocio-consejo-general\/#breadcrumb\",\"itemListElement\":[{\"@type\":\"ListItem\",\"position\":1,\"name\":\"Inici\",\"item\":\"https:\/\/www.cmalleida.com\/es\/\"},{\"@type\":\"ListItem\",\"position\":2,\"name\":\"Una buena gesti\u00f3n del dato es un factor importante de eficacia y eficiencia en nuestro negocio\u201d (Consejo General)\"}]},{\"@type\":\"WebSite\",\"@id\":\"https:\/\/www.cmalleida.com\/es\/#website\",\"url\":\"https:\/\/www.cmalleida.com\/es\/\",\"name\":\"Col\u00b7legi de Mediadors d&#039;Assegurances de Lleida\",\"description\":\"Otro sitio realizado con WordPress\",\"publisher\":{\"@id\":\"https:\/\/www.cmalleida.com\/es\/#organization\"},\"potentialAction\":[{\"@type\":\"SearchAction\",\"target\":{\"@type\":\"EntryPoint\",\"urlTemplate\":\"https:\/\/www.cmalleida.com\/es\/?s={search_term_string}\"},\"query-input\":{\"@type\":\"PropertyValueSpecification\",\"valueRequired\":true,\"valueName\":\"search_term_string\"}}],\"inLanguage\":\"es\"},{\"@type\":\"Organization\",\"@id\":\"https:\/\/www.cmalleida.com\/es\/#organization\",\"name\":\"Col\u00b7legi de Mediadors d'Assegurances de Lleida\",\"url\":\"https:\/\/www.cmalleida.com\/es\/\",\"logo\":{\"@type\":\"ImageObject\",\"inLanguage\":\"es\",\"@id\":\"https:\/\/www.cmalleida.com\/es\/#\/schema\/logo\/image\/\",\"url\":\"\",\"contentUrl\":\"\",\"caption\":\"Col\u00b7legi de Mediadors d'Assegurances de Lleida\"},\"image\":{\"@id\":\"https:\/\/www.cmalleida.com\/es\/#\/schema\/logo\/image\/\"}},{\"@type\":\"Person\",\"@id\":\"https:\/\/www.cmalleida.com\/es\/#\/schema\/person\/7461453022a0d6ce41c1e530eb4443b4\",\"name\":\"Antonieta Castells Dolcet\",\"image\":{\"@type\":\"ImageObject\",\"inLanguage\":\"es\",\"@id\":\"https:\/\/secure.gravatar.com\/avatar\/7738df9a8ff2d12e8b37d088ff0e3e36016e57ab29e5db27ba4fb758a81ea3cb?s=96&d=mm&r=g\",\"url\":\"https:\/\/secure.gravatar.com\/avatar\/7738df9a8ff2d12e8b37d088ff0e3e36016e57ab29e5db27ba4fb758a81ea3cb?s=96&d=mm&r=g\",\"contentUrl\":\"https:\/\/secure.gravatar.com\/avatar\/7738df9a8ff2d12e8b37d088ff0e3e36016e57ab29e5db27ba4fb758a81ea3cb?s=96&d=mm&r=g\",\"caption\":\"Antonieta Castells Dolcet\"},\"sameAs\":[\"http:\/\/www.cmalleida.com\"]}]}<\/script>\n<!-- \/ Yoast SEO plugin. -->","yoast_head_json":{"title":"Una buena gesti\u00f3n del dato es un factor importante de eficacia y eficiencia en nuestro negocio\u201d (Consejo General) - Col\u00b7legi de Mediadors d&#039;Assegurances de Lleida","robots":{"index":"index","follow":"follow","max-snippet":"max-snippet:-1","max-image-preview":"max-image-preview:large","max-video-preview":"max-video-preview:-1"},"canonical":"https:\/\/www.cmalleida.com\/es\/una-buena-gestion-del-dato-es-un-factor-importante-de-eficacia-y-eficiencia-en-nuestro-negocio-consejo-general\/","og_locale":"es_ES","og_type":"article","og_title":"Una buena gesti\u00f3n del dato es un factor importante de eficacia y eficiencia en nuestro negocio\u201d (Consejo General) - Col\u00b7legi de Mediadors d&#039;Assegurances de Lleida","og_description":"\u25cf El presidente de los mediadores se\u00f1ala que \u201cpara gestionar datos es imprescindible acudir a software y asesor\u00eda externa\u201d \u25cf \u201cEl capital humano capacitado es... Llegeix m\u00e9s","og_url":"https:\/\/www.cmalleida.com\/es\/una-buena-gestion-del-dato-es-un-factor-importante-de-eficacia-y-eficiencia-en-nuestro-negocio-consejo-general\/","og_site_name":"Col\u00b7legi de Mediadors d&#039;Assegurances de Lleida","article_published_time":"2022-02-25T10:47:51+00:00","og_image":[{"width":1024,"height":869,"url":"https:\/\/www.cmalleida.com\/wp-content\/uploads\/javier-barbera-posado-1024x869.jpg","type":"image\/jpeg"}],"author":"Antonieta Castells Dolcet","twitter_card":"summary_large_image","twitter_misc":{"Written by":"Antonieta Castells Dolcet","Est. reading time":"2 minutos"},"schema":{"@context":"https:\/\/schema.org","@graph":[{"@type":"Article","@id":"https:\/\/www.cmalleida.com\/es\/una-buena-gestion-del-dato-es-un-factor-importante-de-eficacia-y-eficiencia-en-nuestro-negocio-consejo-general\/#article","isPartOf":{"@id":"https:\/\/www.cmalleida.com\/es\/una-buena-gestion-del-dato-es-un-factor-importante-de-eficacia-y-eficiencia-en-nuestro-negocio-consejo-general\/"},"author":{"name":"Antonieta Castells Dolcet","@id":"https:\/\/www.cmalleida.com\/es\/#\/schema\/person\/7461453022a0d6ce41c1e530eb4443b4"},"headline":"Una buena gesti\u00f3n del dato es un factor importante de eficacia y eficiencia en nuestro negocio\u201d (Consejo General)","datePublished":"2022-02-25T10:47:51+00:00","mainEntityOfPage":{"@id":"https:\/\/www.cmalleida.com\/es\/una-buena-gestion-del-dato-es-un-factor-importante-de-eficacia-y-eficiencia-en-nuestro-negocio-consejo-general\/"},"wordCount":451,"publisher":{"@id":"https:\/\/www.cmalleida.com\/es\/#organization"},"image":{"@id":"https:\/\/www.cmalleida.com\/es\/una-buena-gestion-del-dato-es-un-factor-importante-de-eficacia-y-eficiencia-en-nuestro-negocio-consejo-general\/#primaryimage"},"thumbnailUrl":"https:\/\/www.cmalleida.com\/wp-content\/uploads\/javier-barbera-posado.jpg","articleSection":["Actualidad"],"inLanguage":"es"},{"@type":"WebPage","@id":"https:\/\/www.cmalleida.com\/es\/una-buena-gestion-del-dato-es-un-factor-importante-de-eficacia-y-eficiencia-en-nuestro-negocio-consejo-general\/","url":"https:\/\/www.cmalleida.com\/es\/una-buena-gestion-del-dato-es-un-factor-importante-de-eficacia-y-eficiencia-en-nuestro-negocio-consejo-general\/","name":"Una buena gesti\u00f3n del dato es un factor importante de eficacia y eficiencia en nuestro negocio\u201d (Consejo General) - Col\u00b7legi de Mediadors d&#039;Assegurances de Lleida","isPartOf":{"@id":"https:\/\/www.cmalleida.com\/es\/#website"},"primaryImageOfPage":{"@id":"https:\/\/www.cmalleida.com\/es\/una-buena-gestion-del-dato-es-un-factor-importante-de-eficacia-y-eficiencia-en-nuestro-negocio-consejo-general\/#primaryimage"},"image":{"@id":"https:\/\/www.cmalleida.com\/es\/una-buena-gestion-del-dato-es-un-factor-importante-de-eficacia-y-eficiencia-en-nuestro-negocio-consejo-general\/#primaryimage"},"thumbnailUrl":"https:\/\/www.cmalleida.com\/wp-content\/uploads\/javier-barbera-posado.jpg","datePublished":"2022-02-25T10:47:51+00:00","breadcrumb":{"@id":"https:\/\/www.cmalleida.com\/es\/una-buena-gestion-del-dato-es-un-factor-importante-de-eficacia-y-eficiencia-en-nuestro-negocio-consejo-general\/#breadcrumb"},"inLanguage":"es","potentialAction":[{"@type":"ReadAction","target":["https:\/\/www.cmalleida.com\/es\/una-buena-gestion-del-dato-es-un-factor-importante-de-eficacia-y-eficiencia-en-nuestro-negocio-consejo-general\/"]}]},{"@type":"ImageObject","inLanguage":"es","@id":"https:\/\/www.cmalleida.com\/es\/una-buena-gestion-del-dato-es-un-factor-importante-de-eficacia-y-eficiencia-en-nuestro-negocio-consejo-general\/#primaryimage","url":"https:\/\/www.cmalleida.com\/wp-content\/uploads\/javier-barbera-posado.jpg","contentUrl":"https:\/\/www.cmalleida.com\/wp-content\/uploads\/javier-barbera-posado.jpg","width":2560,"height":2172,"caption":"Javier Barbera\u0301 posado"},{"@type":"BreadcrumbList","@id":"https:\/\/www.cmalleida.com\/es\/una-buena-gestion-del-dato-es-un-factor-importante-de-eficacia-y-eficiencia-en-nuestro-negocio-consejo-general\/#breadcrumb","itemListElement":[{"@type":"ListItem","position":1,"name":"Inici","item":"https:\/\/www.cmalleida.com\/es\/"},{"@type":"ListItem","position":2,"name":"Una buena gesti\u00f3n del dato es un factor importante de eficacia y eficiencia en nuestro negocio\u201d (Consejo General)"}]},{"@type":"WebSite","@id":"https:\/\/www.cmalleida.com\/es\/#website","url":"https:\/\/www.cmalleida.com\/es\/","name":"Col\u00b7legi de Mediadors d&#039;Assegurances de Lleida","description":"Otro sitio realizado con WordPress","publisher":{"@id":"https:\/\/www.cmalleida.com\/es\/#organization"},"potentialAction":[{"@type":"SearchAction","target":{"@type":"EntryPoint","urlTemplate":"https:\/\/www.cmalleida.com\/es\/?s={search_term_string}"},"query-input":{"@type":"PropertyValueSpecification","valueRequired":true,"valueName":"search_term_string"}}],"inLanguage":"es"},{"@type":"Organization","@id":"https:\/\/www.cmalleida.com\/es\/#organization","name":"Col\u00b7legi de Mediadors d'Assegurances de Lleida","url":"https:\/\/www.cmalleida.com\/es\/","logo":{"@type":"ImageObject","inLanguage":"es","@id":"https:\/\/www.cmalleida.com\/es\/#\/schema\/logo\/image\/","url":"","contentUrl":"","caption":"Col\u00b7legi de Mediadors d'Assegurances de Lleida"},"image":{"@id":"https:\/\/www.cmalleida.com\/es\/#\/schema\/logo\/image\/"}},{"@type":"Person","@id":"https:\/\/www.cmalleida.com\/es\/#\/schema\/person\/7461453022a0d6ce41c1e530eb4443b4","name":"Antonieta Castells Dolcet","image":{"@type":"ImageObject","inLanguage":"es","@id":"https:\/\/secure.gravatar.com\/avatar\/7738df9a8ff2d12e8b37d088ff0e3e36016e57ab29e5db27ba4fb758a81ea3cb?s=96&d=mm&r=g","url":"https:\/\/secure.gravatar.com\/avatar\/7738df9a8ff2d12e8b37d088ff0e3e36016e57ab29e5db27ba4fb758a81ea3cb?s=96&d=mm&r=g","contentUrl":"https:\/\/secure.gravatar.com\/avatar\/7738df9a8ff2d12e8b37d088ff0e3e36016e57ab29e5db27ba4fb758a81ea3cb?s=96&d=mm&r=g","caption":"Antonieta Castells Dolcet"},"sameAs":["http:\/\/www.cmalleida.com"]}]}},"_links":{"self":[{"href":"https:\/\/www.cmalleida.com\/es\/wp-json\/wp\/v2\/posts\/10348","targetHints":{"allow":["GET"]}}],"collection":[{"href":"https:\/\/www.cmalleida.com\/es\/wp-json\/wp\/v2\/posts"}],"about":[{"href":"https:\/\/www.cmalleida.com\/es\/wp-json\/wp\/v2\/types\/post"}],"author":[{"embeddable":true,"href":"https:\/\/www.cmalleida.com\/es\/wp-json\/wp\/v2\/users\/149"}],"replies":[{"embeddable":true,"href":"https:\/\/www.cmalleida.com\/es\/wp-json\/wp\/v2\/comments?post=10348"}],"version-history":[{"count":1,"href":"https:\/\/www.cmalleida.com\/es\/wp-json\/wp\/v2\/posts\/10348\/revisions"}],"predecessor-version":[{"id":10349,"href":"https:\/\/www.cmalleida.com\/es\/wp-json\/wp\/v2\/posts\/10348\/revisions\/10349"}],"wp:featuredmedia":[{"embeddable":true,"href":"https:\/\/www.cmalleida.com\/es\/wp-json\/wp\/v2\/media\/10344"}],"wp:attachment":[{"href":"https:\/\/www.cmalleida.com\/es\/wp-json\/wp\/v2\/media?parent=10348"}],"wp:term":[{"taxonomy":"category","embeddable":true,"href":"https:\/\/www.cmalleida.com\/es\/wp-json\/wp\/v2\/categories?post=10348"},{"taxonomy":"post_tag","embeddable":true,"href":"https:\/\/www.cmalleida.com\/es\/wp-json\/wp\/v2\/tags?post=10348"}],"curies":[{"name":"wp","href":"https:\/\/api.w.org\/{rel}","templated":true}]}}