{"id":10292,"date":"2022-02-18T10:15:46","date_gmt":"2022-02-18T09:15:46","guid":{"rendered":"https:\/\/www.cmalleida.com\/?p=10292"},"modified":"2022-02-18T10:15:46","modified_gmt":"2022-02-18T09:15:46","slug":"los-mediadores-trasladan-a-la-dgs-ocho-preguntas-sobre-los-derechos-y-obligaciones-de-los-colaboradores-externos-consejo-general","status":"publish","type":"post","link":"https:\/\/www.cmalleida.com\/es\/los-mediadores-trasladan-a-la-dgs-ocho-preguntas-sobre-los-derechos-y-obligaciones-de-los-colaboradores-externos-consejo-general\/","title":{"rendered":"Los mediadores trasladan a la DGS ocho preguntas sobre los derechos y obligaciones de los colaboradores externos (Consejo General)"},"content":{"rendered":"<ul>\n<li><strong>Una figura cada vez m\u00e1s frecuente debido a la necesidad de buscar econom\u00edas de escala y mayor competitividad<\/strong><\/li>\n<\/ul>\n<p>&nbsp;<\/p>\n<p><strong>15\/02\/2022<\/strong>.- El Consejo General de Mediadores ha solicitado a la Direcci\u00f3n General de Seguros aclaraciones sobre ocho puntos que tienen que ver con los derechos y obligaciones de los colaboradores externos.<\/p>\n<p>La colaboraci\u00f3n entre diferentes corredores es una pr\u00e1ctica cada vez m\u00e1s frecuente en el sector asegurador debido a la necesidad de buscar econom\u00edas de escala y mayor competitividad. Es habitual que un corredor colabore con otro, limit\u00e1ndose a ofrecer los seguros a los clientes y delegando muchas de las funciones propias al <em>corredor principal<\/em>.<\/p>\n<p>\u201cEstos nuevos escenarios est\u00e1n generando dudas sobre las obligaciones de los colaboradores externos, especialmente, cuando tiene implicaci\u00f3n directa con diferentes disposiciones normativas\u201d, se\u00f1alan desde la mediaci\u00f3n.<\/p>\n<p>Las ocho cuestiones que se han trasladado son:<\/p>\n<ul>\n<li>Independientemente de ser considerado o no un <em>colaborador externo<\/em>: \u00bfqu\u00e9 obligaciones de informaci\u00f3n previa deben brindar a los posibles clientes respecto de su posici\u00f3n y el propio producto?<\/li>\n<li>Respecto de las obligaciones de asesoramiento: \u00bfpueden ser cumplidas por el corredor colaborador o han de restringirse a aquel que tiene la relaci\u00f3n con el asegurado?<\/li>\n<li>En el caso de la documentaci\u00f3n precontractual: \u00bfdebe o puede ir a nombre del corredor colaborador o necesariamente a la del que ostenta la relaci\u00f3n con las aseguradoras?<\/li>\n<li>Teniendo en cuenta que el Real Decreto 287\/2021 sobre formaci\u00f3n y remisi\u00f3n de la informaci\u00f3n estad\u00edstico-contable de los distribuidores de seguros y reaseguros no contempla esta figura: \u00bfqu\u00e9 obligaciones tendr\u00edan los corredores de seguros colaboradores respecto de la gesti\u00f3n de libros de registros y la DEC? \u00bfC\u00f3mo deber\u00eda realizarse su presentaci\u00f3n?<\/li>\n<li>En el supuesto del Seguro de Responsabilidad Civil recogido en el Real Decreto-ley 3\/2020 de medidas urgentes: \u00bfdeber\u00e1 mantenerse en vigor, incluso cuando el 100% de su producci\u00f3n y cartera se encuentre bajo otro corredor?<\/li>\n<li>En el caso de las obligaciones de formaci\u00f3n como corredor, recogidas en el Real Decreto 287\/2021 sobre formaci\u00f3n y remisi\u00f3n de la informaci\u00f3n estad\u00edstico-contable de los distribuidores de seguros y reaseguros: \u00bfson de competencia del corredor colaborador o s\u00f3lo del corredor del que depende?<\/li>\n<li>En materia de <em>alertadores<\/em>: \u00bfqu\u00e9 obligaciones mantiene el corredor colaborador?<\/li>\n<li>Valorando lo dispuesto en el art\u00edculo 203 del Real Decreto-ley 3\/2020, de medidas urgentes que recoge que los corredores tendr\u00e1n la condici\u00f3n de responsables de tratamientos, mientras que los colaboradores externos tendr\u00e1n la condici\u00f3n de encargados del tratamiento de los agentes o corredores de seguros con los que hubiera celebrado el correspondiente contrato mercantil: \u00bfqu\u00e9 condici\u00f3n asume el corredor colaborador en el tratamiento de los datos personales, reparto de funciones y responsabilidades?<\/li>\n<\/ul>\n","protected":false},"excerpt":{"rendered":"<p>Una figura cada vez m\u00e1s frecuente debido a la necesidad de buscar econom\u00edas de escala y mayor competitividad &nbsp; 15\/02\/2022.- El Consejo General de Mediadores&#8230; <a href=\"https:\/\/www.cmalleida.com\/es\/los-mediadores-trasladan-a-la-dgs-ocho-preguntas-sobre-los-derechos-y-obligaciones-de-los-colaboradores-externos-consejo-general\/\" rel=\"nofollow\" class=\"lollegirmes\">Llegeix m\u00e9s<\/a><\/p>\n","protected":false},"author":149,"featured_media":8789,"comment_status":"closed","ping_status":"closed","sticky":false,"template":"","format":"standard","meta":{"_acf_changed":false,"_genesis_hide_title":false,"_genesis_hide_breadcrumbs":false,"_genesis_hide_singular_image":false,"_genesis_hide_footer_widgets":false,"_genesis_custom_body_class":"","_genesis_custom_post_class":"","_genesis_layout":"","footnotes":""},"categories":[28,125],"tags":[],"class_list":{"0":"post-10292","1":"post","2":"type-post","3":"status-publish","4":"format-standard","5":"has-post-thumbnail","7":"category-actualidad","8":"category-assegurances-es","9":"entry"},"acf":[],"yoast_head":"<!-- This site is optimized with the Yoast SEO plugin v27.2 - https:\/\/yoast.com\/product\/yoast-seo-wordpress\/ -->\n<title>Los mediadores trasladan a la DGS ocho preguntas sobre los derechos y obligaciones de los colaboradores externos (Consejo General) - Col\u00b7legi de Mediadors d&#039;Assegurances de Lleida<\/title>\n<meta name=\"robots\" content=\"index, follow, max-snippet:-1, max-image-preview:large, max-video-preview:-1\" \/>\n<link rel=\"canonical\" href=\"https:\/\/www.cmalleida.com\/es\/los-mediadores-trasladan-a-la-dgs-ocho-preguntas-sobre-los-derechos-y-obligaciones-de-los-colaboradores-externos-consejo-general\/\" \/>\n<meta property=\"og:locale\" content=\"es_ES\" \/>\n<meta property=\"og:type\" content=\"article\" \/>\n<meta property=\"og:title\" content=\"Los mediadores trasladan a la DGS ocho preguntas sobre los derechos y obligaciones de los colaboradores externos (Consejo General) - Col\u00b7legi de Mediadors d&#039;Assegurances de Lleida\" \/>\n<meta property=\"og:description\" content=\"Una figura cada vez m\u00e1s frecuente debido a la necesidad de buscar econom\u00edas de escala y mayor competitividad &nbsp; 15\/02\/2022.- El Consejo General de Mediadores... Llegeix m\u00e9s\" \/>\n<meta property=\"og:url\" content=\"https:\/\/www.cmalleida.com\/es\/los-mediadores-trasladan-a-la-dgs-ocho-preguntas-sobre-los-derechos-y-obligaciones-de-los-colaboradores-externos-consejo-general\/\" \/>\n<meta property=\"og:site_name\" content=\"Col\u00b7legi de Mediadors d&#039;Assegurances de Lleida\" \/>\n<meta property=\"article:published_time\" content=\"2022-02-18T09:15:46+00:00\" \/>\n<meta property=\"og:image\" content=\"https:\/\/www.cmalleida.com\/wp-content\/uploads\/logo-sol-1.jpg\" \/>\n\t<meta property=\"og:image:width\" content=\"771\" \/>\n\t<meta property=\"og:image:height\" content=\"866\" \/>\n\t<meta property=\"og:image:type\" content=\"image\/jpeg\" \/>\n<meta name=\"author\" content=\"Antonieta Castells Dolcet\" \/>\n<meta name=\"twitter:card\" content=\"summary_large_image\" \/>\n<meta name=\"twitter:label1\" content=\"Written by\" \/>\n\t<meta name=\"twitter:data1\" content=\"Antonieta Castells Dolcet\" \/>\n\t<meta name=\"twitter:label2\" content=\"Est. reading time\" \/>\n\t<meta name=\"twitter:data2\" content=\"2 minutos\" \/>\n<script type=\"application\/ld+json\" class=\"yoast-schema-graph\">{\"@context\":\"https:\/\/schema.org\",\"@graph\":[{\"@type\":\"Article\",\"@id\":\"https:\/\/www.cmalleida.com\/es\/los-mediadores-trasladan-a-la-dgs-ocho-preguntas-sobre-los-derechos-y-obligaciones-de-los-colaboradores-externos-consejo-general\/#article\",\"isPartOf\":{\"@id\":\"https:\/\/www.cmalleida.com\/es\/los-mediadores-trasladan-a-la-dgs-ocho-preguntas-sobre-los-derechos-y-obligaciones-de-los-colaboradores-externos-consejo-general\/\"},\"author\":{\"name\":\"Antonieta Castells Dolcet\",\"@id\":\"https:\/\/www.cmalleida.com\/es\/#\/schema\/person\/7461453022a0d6ce41c1e530eb4443b4\"},\"headline\":\"Los mediadores trasladan a la DGS ocho preguntas sobre los derechos y obligaciones de los colaboradores externos (Consejo General)\",\"datePublished\":\"2022-02-18T09:15:46+00:00\",\"mainEntityOfPage\":{\"@id\":\"https:\/\/www.cmalleida.com\/es\/los-mediadores-trasladan-a-la-dgs-ocho-preguntas-sobre-los-derechos-y-obligaciones-de-los-colaboradores-externos-consejo-general\/\"},\"wordCount\":484,\"publisher\":{\"@id\":\"https:\/\/www.cmalleida.com\/es\/#organization\"},\"image\":{\"@id\":\"https:\/\/www.cmalleida.com\/es\/los-mediadores-trasladan-a-la-dgs-ocho-preguntas-sobre-los-derechos-y-obligaciones-de-los-colaboradores-externos-consejo-general\/#primaryimage\"},\"thumbnailUrl\":\"https:\/\/www.cmalleida.com\/wp-content\/uploads\/logo-sol-1.jpg\",\"articleSection\":[\"Actualidad\",\"Assegurances\"],\"inLanguage\":\"es\"},{\"@type\":\"WebPage\",\"@id\":\"https:\/\/www.cmalleida.com\/es\/los-mediadores-trasladan-a-la-dgs-ocho-preguntas-sobre-los-derechos-y-obligaciones-de-los-colaboradores-externos-consejo-general\/\",\"url\":\"https:\/\/www.cmalleida.com\/es\/los-mediadores-trasladan-a-la-dgs-ocho-preguntas-sobre-los-derechos-y-obligaciones-de-los-colaboradores-externos-consejo-general\/\",\"name\":\"Los mediadores trasladan a la DGS ocho preguntas sobre los derechos y obligaciones de los colaboradores externos (Consejo General) - Col\u00b7legi de Mediadors d&#039;Assegurances de Lleida\",\"isPartOf\":{\"@id\":\"https:\/\/www.cmalleida.com\/es\/#website\"},\"primaryImageOfPage\":{\"@id\":\"https:\/\/www.cmalleida.com\/es\/los-mediadores-trasladan-a-la-dgs-ocho-preguntas-sobre-los-derechos-y-obligaciones-de-los-colaboradores-externos-consejo-general\/#primaryimage\"},\"image\":{\"@id\":\"https:\/\/www.cmalleida.com\/es\/los-mediadores-trasladan-a-la-dgs-ocho-preguntas-sobre-los-derechos-y-obligaciones-de-los-colaboradores-externos-consejo-general\/#primaryimage\"},\"thumbnailUrl\":\"https:\/\/www.cmalleida.com\/wp-content\/uploads\/logo-sol-1.jpg\",\"datePublished\":\"2022-02-18T09:15:46+00:00\",\"breadcrumb\":{\"@id\":\"https:\/\/www.cmalleida.com\/es\/los-mediadores-trasladan-a-la-dgs-ocho-preguntas-sobre-los-derechos-y-obligaciones-de-los-colaboradores-externos-consejo-general\/#breadcrumb\"},\"inLanguage\":\"es\",\"potentialAction\":[{\"@type\":\"ReadAction\",\"target\":[\"https:\/\/www.cmalleida.com\/es\/los-mediadores-trasladan-a-la-dgs-ocho-preguntas-sobre-los-derechos-y-obligaciones-de-los-colaboradores-externos-consejo-general\/\"]}]},{\"@type\":\"ImageObject\",\"inLanguage\":\"es\",\"@id\":\"https:\/\/www.cmalleida.com\/es\/los-mediadores-trasladan-a-la-dgs-ocho-preguntas-sobre-los-derechos-y-obligaciones-de-los-colaboradores-externos-consejo-general\/#primaryimage\",\"url\":\"https:\/\/www.cmalleida.com\/wp-content\/uploads\/logo-sol-1.jpg\",\"contentUrl\":\"https:\/\/www.cmalleida.com\/wp-content\/uploads\/logo-sol-1.jpg\",\"width\":771,\"height\":866,\"caption\":\"LOGO SOL 1\"},{\"@type\":\"BreadcrumbList\",\"@id\":\"https:\/\/www.cmalleida.com\/es\/los-mediadores-trasladan-a-la-dgs-ocho-preguntas-sobre-los-derechos-y-obligaciones-de-los-colaboradores-externos-consejo-general\/#breadcrumb\",\"itemListElement\":[{\"@type\":\"ListItem\",\"position\":1,\"name\":\"Inici\",\"item\":\"https:\/\/www.cmalleida.com\/es\/\"},{\"@type\":\"ListItem\",\"position\":2,\"name\":\"Los mediadores trasladan a la DGS ocho preguntas sobre los derechos y obligaciones de los colaboradores externos (Consejo General)\"}]},{\"@type\":\"WebSite\",\"@id\":\"https:\/\/www.cmalleida.com\/es\/#website\",\"url\":\"https:\/\/www.cmalleida.com\/es\/\",\"name\":\"Col\u00b7legi de Mediadors d&#039;Assegurances de Lleida\",\"description\":\"Otro sitio realizado con WordPress\",\"publisher\":{\"@id\":\"https:\/\/www.cmalleida.com\/es\/#organization\"},\"potentialAction\":[{\"@type\":\"SearchAction\",\"target\":{\"@type\":\"EntryPoint\",\"urlTemplate\":\"https:\/\/www.cmalleida.com\/es\/?s={search_term_string}\"},\"query-input\":{\"@type\":\"PropertyValueSpecification\",\"valueRequired\":true,\"valueName\":\"search_term_string\"}}],\"inLanguage\":\"es\"},{\"@type\":\"Organization\",\"@id\":\"https:\/\/www.cmalleida.com\/es\/#organization\",\"name\":\"Col\u00b7legi de Mediadors d'Assegurances de Lleida\",\"url\":\"https:\/\/www.cmalleida.com\/es\/\",\"logo\":{\"@type\":\"ImageObject\",\"inLanguage\":\"es\",\"@id\":\"https:\/\/www.cmalleida.com\/es\/#\/schema\/logo\/image\/\",\"url\":\"\",\"contentUrl\":\"\",\"caption\":\"Col\u00b7legi de Mediadors d'Assegurances de Lleida\"},\"image\":{\"@id\":\"https:\/\/www.cmalleida.com\/es\/#\/schema\/logo\/image\/\"}},{\"@type\":\"Person\",\"@id\":\"https:\/\/www.cmalleida.com\/es\/#\/schema\/person\/7461453022a0d6ce41c1e530eb4443b4\",\"name\":\"Antonieta Castells Dolcet\",\"image\":{\"@type\":\"ImageObject\",\"inLanguage\":\"es\",\"@id\":\"https:\/\/secure.gravatar.com\/avatar\/7738df9a8ff2d12e8b37d088ff0e3e36016e57ab29e5db27ba4fb758a81ea3cb?s=96&d=mm&r=g\",\"url\":\"https:\/\/secure.gravatar.com\/avatar\/7738df9a8ff2d12e8b37d088ff0e3e36016e57ab29e5db27ba4fb758a81ea3cb?s=96&d=mm&r=g\",\"contentUrl\":\"https:\/\/secure.gravatar.com\/avatar\/7738df9a8ff2d12e8b37d088ff0e3e36016e57ab29e5db27ba4fb758a81ea3cb?s=96&d=mm&r=g\",\"caption\":\"Antonieta Castells Dolcet\"},\"sameAs\":[\"http:\/\/www.cmalleida.com\"]}]}<\/script>\n<!-- \/ Yoast SEO plugin. -->","yoast_head_json":{"title":"Los mediadores trasladan a la DGS ocho preguntas sobre los derechos y obligaciones de los colaboradores externos (Consejo General) - Col\u00b7legi de Mediadors d&#039;Assegurances de Lleida","robots":{"index":"index","follow":"follow","max-snippet":"max-snippet:-1","max-image-preview":"max-image-preview:large","max-video-preview":"max-video-preview:-1"},"canonical":"https:\/\/www.cmalleida.com\/es\/los-mediadores-trasladan-a-la-dgs-ocho-preguntas-sobre-los-derechos-y-obligaciones-de-los-colaboradores-externos-consejo-general\/","og_locale":"es_ES","og_type":"article","og_title":"Los mediadores trasladan a la DGS ocho preguntas sobre los derechos y obligaciones de los colaboradores externos (Consejo General) - Col\u00b7legi de Mediadors d&#039;Assegurances de Lleida","og_description":"Una figura cada vez m\u00e1s frecuente debido a la necesidad de buscar econom\u00edas de escala y mayor competitividad &nbsp; 15\/02\/2022.- El Consejo General de Mediadores... Llegeix m\u00e9s","og_url":"https:\/\/www.cmalleida.com\/es\/los-mediadores-trasladan-a-la-dgs-ocho-preguntas-sobre-los-derechos-y-obligaciones-de-los-colaboradores-externos-consejo-general\/","og_site_name":"Col\u00b7legi de Mediadors d&#039;Assegurances de Lleida","article_published_time":"2022-02-18T09:15:46+00:00","og_image":[{"width":771,"height":866,"url":"https:\/\/www.cmalleida.com\/wp-content\/uploads\/logo-sol-1.jpg","type":"image\/jpeg"}],"author":"Antonieta Castells Dolcet","twitter_card":"summary_large_image","twitter_misc":{"Written by":"Antonieta Castells Dolcet","Est. reading time":"2 minutos"},"schema":{"@context":"https:\/\/schema.org","@graph":[{"@type":"Article","@id":"https:\/\/www.cmalleida.com\/es\/los-mediadores-trasladan-a-la-dgs-ocho-preguntas-sobre-los-derechos-y-obligaciones-de-los-colaboradores-externos-consejo-general\/#article","isPartOf":{"@id":"https:\/\/www.cmalleida.com\/es\/los-mediadores-trasladan-a-la-dgs-ocho-preguntas-sobre-los-derechos-y-obligaciones-de-los-colaboradores-externos-consejo-general\/"},"author":{"name":"Antonieta Castells Dolcet","@id":"https:\/\/www.cmalleida.com\/es\/#\/schema\/person\/7461453022a0d6ce41c1e530eb4443b4"},"headline":"Los mediadores trasladan a la DGS ocho preguntas sobre los derechos y obligaciones de los colaboradores externos (Consejo General)","datePublished":"2022-02-18T09:15:46+00:00","mainEntityOfPage":{"@id":"https:\/\/www.cmalleida.com\/es\/los-mediadores-trasladan-a-la-dgs-ocho-preguntas-sobre-los-derechos-y-obligaciones-de-los-colaboradores-externos-consejo-general\/"},"wordCount":484,"publisher":{"@id":"https:\/\/www.cmalleida.com\/es\/#organization"},"image":{"@id":"https:\/\/www.cmalleida.com\/es\/los-mediadores-trasladan-a-la-dgs-ocho-preguntas-sobre-los-derechos-y-obligaciones-de-los-colaboradores-externos-consejo-general\/#primaryimage"},"thumbnailUrl":"https:\/\/www.cmalleida.com\/wp-content\/uploads\/logo-sol-1.jpg","articleSection":["Actualidad","Assegurances"],"inLanguage":"es"},{"@type":"WebPage","@id":"https:\/\/www.cmalleida.com\/es\/los-mediadores-trasladan-a-la-dgs-ocho-preguntas-sobre-los-derechos-y-obligaciones-de-los-colaboradores-externos-consejo-general\/","url":"https:\/\/www.cmalleida.com\/es\/los-mediadores-trasladan-a-la-dgs-ocho-preguntas-sobre-los-derechos-y-obligaciones-de-los-colaboradores-externos-consejo-general\/","name":"Los mediadores trasladan a la DGS ocho preguntas sobre los derechos y obligaciones de los colaboradores externos (Consejo General) - Col\u00b7legi de Mediadors d&#039;Assegurances de Lleida","isPartOf":{"@id":"https:\/\/www.cmalleida.com\/es\/#website"},"primaryImageOfPage":{"@id":"https:\/\/www.cmalleida.com\/es\/los-mediadores-trasladan-a-la-dgs-ocho-preguntas-sobre-los-derechos-y-obligaciones-de-los-colaboradores-externos-consejo-general\/#primaryimage"},"image":{"@id":"https:\/\/www.cmalleida.com\/es\/los-mediadores-trasladan-a-la-dgs-ocho-preguntas-sobre-los-derechos-y-obligaciones-de-los-colaboradores-externos-consejo-general\/#primaryimage"},"thumbnailUrl":"https:\/\/www.cmalleida.com\/wp-content\/uploads\/logo-sol-1.jpg","datePublished":"2022-02-18T09:15:46+00:00","breadcrumb":{"@id":"https:\/\/www.cmalleida.com\/es\/los-mediadores-trasladan-a-la-dgs-ocho-preguntas-sobre-los-derechos-y-obligaciones-de-los-colaboradores-externos-consejo-general\/#breadcrumb"},"inLanguage":"es","potentialAction":[{"@type":"ReadAction","target":["https:\/\/www.cmalleida.com\/es\/los-mediadores-trasladan-a-la-dgs-ocho-preguntas-sobre-los-derechos-y-obligaciones-de-los-colaboradores-externos-consejo-general\/"]}]},{"@type":"ImageObject","inLanguage":"es","@id":"https:\/\/www.cmalleida.com\/es\/los-mediadores-trasladan-a-la-dgs-ocho-preguntas-sobre-los-derechos-y-obligaciones-de-los-colaboradores-externos-consejo-general\/#primaryimage","url":"https:\/\/www.cmalleida.com\/wp-content\/uploads\/logo-sol-1.jpg","contentUrl":"https:\/\/www.cmalleida.com\/wp-content\/uploads\/logo-sol-1.jpg","width":771,"height":866,"caption":"LOGO SOL 1"},{"@type":"BreadcrumbList","@id":"https:\/\/www.cmalleida.com\/es\/los-mediadores-trasladan-a-la-dgs-ocho-preguntas-sobre-los-derechos-y-obligaciones-de-los-colaboradores-externos-consejo-general\/#breadcrumb","itemListElement":[{"@type":"ListItem","position":1,"name":"Inici","item":"https:\/\/www.cmalleida.com\/es\/"},{"@type":"ListItem","position":2,"name":"Los mediadores trasladan a la DGS ocho preguntas sobre los derechos y obligaciones de los colaboradores externos (Consejo General)"}]},{"@type":"WebSite","@id":"https:\/\/www.cmalleida.com\/es\/#website","url":"https:\/\/www.cmalleida.com\/es\/","name":"Col\u00b7legi de Mediadors d&#039;Assegurances de Lleida","description":"Otro sitio realizado con WordPress","publisher":{"@id":"https:\/\/www.cmalleida.com\/es\/#organization"},"potentialAction":[{"@type":"SearchAction","target":{"@type":"EntryPoint","urlTemplate":"https:\/\/www.cmalleida.com\/es\/?s={search_term_string}"},"query-input":{"@type":"PropertyValueSpecification","valueRequired":true,"valueName":"search_term_string"}}],"inLanguage":"es"},{"@type":"Organization","@id":"https:\/\/www.cmalleida.com\/es\/#organization","name":"Col\u00b7legi de Mediadors d'Assegurances de Lleida","url":"https:\/\/www.cmalleida.com\/es\/","logo":{"@type":"ImageObject","inLanguage":"es","@id":"https:\/\/www.cmalleida.com\/es\/#\/schema\/logo\/image\/","url":"","contentUrl":"","caption":"Col\u00b7legi de Mediadors d'Assegurances de Lleida"},"image":{"@id":"https:\/\/www.cmalleida.com\/es\/#\/schema\/logo\/image\/"}},{"@type":"Person","@id":"https:\/\/www.cmalleida.com\/es\/#\/schema\/person\/7461453022a0d6ce41c1e530eb4443b4","name":"Antonieta Castells Dolcet","image":{"@type":"ImageObject","inLanguage":"es","@id":"https:\/\/secure.gravatar.com\/avatar\/7738df9a8ff2d12e8b37d088ff0e3e36016e57ab29e5db27ba4fb758a81ea3cb?s=96&d=mm&r=g","url":"https:\/\/secure.gravatar.com\/avatar\/7738df9a8ff2d12e8b37d088ff0e3e36016e57ab29e5db27ba4fb758a81ea3cb?s=96&d=mm&r=g","contentUrl":"https:\/\/secure.gravatar.com\/avatar\/7738df9a8ff2d12e8b37d088ff0e3e36016e57ab29e5db27ba4fb758a81ea3cb?s=96&d=mm&r=g","caption":"Antonieta Castells Dolcet"},"sameAs":["http:\/\/www.cmalleida.com"]}]}},"_links":{"self":[{"href":"https:\/\/www.cmalleida.com\/es\/wp-json\/wp\/v2\/posts\/10292","targetHints":{"allow":["GET"]}}],"collection":[{"href":"https:\/\/www.cmalleida.com\/es\/wp-json\/wp\/v2\/posts"}],"about":[{"href":"https:\/\/www.cmalleida.com\/es\/wp-json\/wp\/v2\/types\/post"}],"author":[{"embeddable":true,"href":"https:\/\/www.cmalleida.com\/es\/wp-json\/wp\/v2\/users\/149"}],"replies":[{"embeddable":true,"href":"https:\/\/www.cmalleida.com\/es\/wp-json\/wp\/v2\/comments?post=10292"}],"version-history":[{"count":1,"href":"https:\/\/www.cmalleida.com\/es\/wp-json\/wp\/v2\/posts\/10292\/revisions"}],"predecessor-version":[{"id":10293,"href":"https:\/\/www.cmalleida.com\/es\/wp-json\/wp\/v2\/posts\/10292\/revisions\/10293"}],"wp:featuredmedia":[{"embeddable":true,"href":"https:\/\/www.cmalleida.com\/es\/wp-json\/wp\/v2\/media\/8789"}],"wp:attachment":[{"href":"https:\/\/www.cmalleida.com\/es\/wp-json\/wp\/v2\/media?parent=10292"}],"wp:term":[{"taxonomy":"category","embeddable":true,"href":"https:\/\/www.cmalleida.com\/es\/wp-json\/wp\/v2\/categories?post=10292"},{"taxonomy":"post_tag","embeddable":true,"href":"https:\/\/www.cmalleida.com\/es\/wp-json\/wp\/v2\/tags?post=10292"}],"curies":[{"name":"wp","href":"https:\/\/api.w.org\/{rel}","templated":true}]}}