{"id":10260,"date":"2019-12-19T16:41:32","date_gmt":"2019-12-19T15:41:32","guid":{"rendered":"https:\/\/www.cmalleida.com\/lliurament-de-material-informatic-a-lleida-pels-refugiats\/"},"modified":"2022-02-14T17:53:40","modified_gmt":"2022-02-14T16:53:40","slug":"entrega-de-material-informatico-en-lleida-por-los-refugiados","status":"publish","type":"post","link":"https:\/\/www.cmalleida.com\/es\/entrega-de-material-informatico-en-lleida-por-los-refugiados\/","title":{"rendered":"ENTREGA DE MATERIAL INFORM\u00c1TICO A \u00abLLEIDA POR LOS REFUGIADOS\u00bb"},"content":{"rendered":"<p><img loading=\"lazy\" decoding=\"async\" class=\"aligncenter size-large wp-image-10235\" src=\"https:\/\/www.cmalleida.com\/wp-content\/uploads\/\/momento-de-la-entrega-del-material-1-817x1024.jpeg\" alt=\"Momento de la entrega del material\" width=\"817\" height=\"1024\" srcset=\"https:\/\/www.cmalleida.com\/wp-content\/uploads\/momento-de-la-entrega-del-material-1-817x1024.jpeg 817w, https:\/\/www.cmalleida.com\/wp-content\/uploads\/momento-de-la-entrega-del-material-1-239x300.jpeg 239w, https:\/\/www.cmalleida.com\/wp-content\/uploads\/momento-de-la-entrega-del-material-1-768x963.jpeg 768w, https:\/\/www.cmalleida.com\/wp-content\/uploads\/momento-de-la-entrega-del-material-1-1225x1536.jpeg 1225w, https:\/\/www.cmalleida.com\/wp-content\/uploads\/momento-de-la-entrega-del-material-1.jpeg 1633w\" sizes=\"auto, (max-width: 817px) 100vw, 817px\" \/><\/p>\n<p>&nbsp;<\/p>\n<p>Entrega de material inform\u00e1tico en Lleida por los Refugiados, quien dar\u00e1 un uso pedag\u00f3gico al material recibido. Rosa Maria Barrera, responsable de RSC hizo la entrega a Merc\u00e8 Ardiaca y Josep Dom\u00ednguez, representantes de la asociaci\u00f3n.<\/p>\n","protected":false},"excerpt":{"rendered":"<p>&nbsp; Entrega de material inform\u00e1tico en Lleida por los Refugiados, quien dar\u00e1 un uso pedag\u00f3gico al material recibido. Rosa Maria Barrera, responsable de RSC hizo&#8230; <a href=\"https:\/\/www.cmalleida.com\/es\/entrega-de-material-informatico-en-lleida-por-los-refugiados\/\" rel=\"nofollow\" class=\"lollegirmes\">Llegeix m\u00e9s<\/a><\/p>\n","protected":false},"author":3,"featured_media":10236,"comment_status":"closed","ping_status":"closed","sticky":false,"template":"","format":"standard","meta":{"_acf_changed":false,"_genesis_hide_title":false,"_genesis_hide_breadcrumbs":false,"_genesis_hide_singular_image":false,"_genesis_hide_footer_widgets":false,"_genesis_custom_body_class":"","_genesis_custom_post_class":"","_genesis_layout":"","footnotes":""},"categories":[134],"tags":[],"class_list":{"0":"post-10260","1":"post","2":"type-post","3":"status-publish","4":"format-standard","5":"has-post-thumbnail","7":"category-rsc-es","8":"entry"},"acf":[],"yoast_head":"<!-- This site is optimized with the Yoast SEO plugin v27.2 - https:\/\/yoast.com\/product\/yoast-seo-wordpress\/ -->\n<title>ENTREGA DE MATERIAL INFORM\u00c1TICO A &quot;LLEIDA POR LOS REFUGIADOS&quot; - Col\u00b7legi de Mediadors d&#039;Assegurances de Lleida<\/title>\n<meta name=\"robots\" content=\"index, follow, max-snippet:-1, max-image-preview:large, max-video-preview:-1\" \/>\n<link rel=\"canonical\" href=\"https:\/\/www.cmalleida.com\/es\/entrega-de-material-informatico-en-lleida-por-los-refugiados\/\" \/>\n<meta property=\"og:locale\" content=\"es_ES\" \/>\n<meta property=\"og:type\" content=\"article\" \/>\n<meta property=\"og:title\" content=\"ENTREGA DE MATERIAL INFORM\u00c1TICO A &quot;LLEIDA POR LOS REFUGIADOS&quot; - Col\u00b7legi de Mediadors d&#039;Assegurances de Lleida\" \/>\n<meta property=\"og:description\" content=\"&nbsp; Entrega de material inform\u00e1tico en Lleida por los Refugiados, quien dar\u00e1 un uso pedag\u00f3gico al material recibido. Rosa Maria Barrera, responsable de RSC hizo... Llegeix m\u00e9s\" \/>\n<meta property=\"og:url\" content=\"https:\/\/www.cmalleida.com\/es\/entrega-de-material-informatico-en-lleida-por-los-refugiados\/\" \/>\n<meta property=\"og:site_name\" content=\"Col\u00b7legi de Mediadors d&#039;Assegurances de Lleida\" \/>\n<meta property=\"article:published_time\" content=\"2019-12-19T15:41:32+00:00\" \/>\n<meta property=\"article:modified_time\" content=\"2022-02-14T16:53:40+00:00\" \/>\n<meta property=\"og:image\" content=\"https:\/\/www.cmalleida.com\/wp-content\/uploads\/momento-de-la-entrega-del-material-1.jpeg\" \/>\n\t<meta property=\"og:image:width\" content=\"1633\" \/>\n\t<meta property=\"og:image:height\" content=\"2048\" \/>\n\t<meta property=\"og:image:type\" content=\"image\/jpeg\" \/>\n<meta name=\"author\" content=\"Col\u00b7legi Mediadors\" \/>\n<meta name=\"twitter:card\" content=\"summary_large_image\" \/>\n<meta name=\"twitter:label1\" content=\"Written by\" \/>\n\t<meta name=\"twitter:data1\" content=\"Col\u00b7legi Mediadors\" \/>\n<script type=\"application\/ld+json\" class=\"yoast-schema-graph\">{\"@context\":\"https:\/\/schema.org\",\"@graph\":[{\"@type\":\"Article\",\"@id\":\"https:\/\/www.cmalleida.com\/es\/entrega-de-material-informatico-en-lleida-por-los-refugiados\/#article\",\"isPartOf\":{\"@id\":\"https:\/\/www.cmalleida.com\/es\/entrega-de-material-informatico-en-lleida-por-los-refugiados\/\"},\"author\":{\"name\":\"Col\u00b7legi Mediadors\",\"@id\":\"https:\/\/www.cmalleida.com\/es\/#\/schema\/person\/bc84b7874fa5ac8a15c15a050fb3b79c\"},\"headline\":\"ENTREGA DE MATERIAL INFORM\u00c1TICO A \u00abLLEIDA POR LOS REFUGIADOS\u00bb\",\"datePublished\":\"2019-12-19T15:41:32+00:00\",\"dateModified\":\"2022-02-14T16:53:40+00:00\",\"mainEntityOfPage\":{\"@id\":\"https:\/\/www.cmalleida.com\/es\/entrega-de-material-informatico-en-lleida-por-los-refugiados\/\"},\"wordCount\":51,\"publisher\":{\"@id\":\"https:\/\/www.cmalleida.com\/es\/#organization\"},\"image\":{\"@id\":\"https:\/\/www.cmalleida.com\/es\/entrega-de-material-informatico-en-lleida-por-los-refugiados\/#primaryimage\"},\"thumbnailUrl\":\"https:\/\/www.cmalleida.com\/wp-content\/uploads\/momento-de-la-entrega-del-material-1.jpeg\",\"articleSection\":[\"RSC\"],\"inLanguage\":\"es\"},{\"@type\":\"WebPage\",\"@id\":\"https:\/\/www.cmalleida.com\/es\/entrega-de-material-informatico-en-lleida-por-los-refugiados\/\",\"url\":\"https:\/\/www.cmalleida.com\/es\/entrega-de-material-informatico-en-lleida-por-los-refugiados\/\",\"name\":\"ENTREGA DE MATERIAL INFORM\u00c1TICO A \\\"LLEIDA POR LOS REFUGIADOS\\\" - Col\u00b7legi de Mediadors d&#039;Assegurances de Lleida\",\"isPartOf\":{\"@id\":\"https:\/\/www.cmalleida.com\/es\/#website\"},\"primaryImageOfPage\":{\"@id\":\"https:\/\/www.cmalleida.com\/es\/entrega-de-material-informatico-en-lleida-por-los-refugiados\/#primaryimage\"},\"image\":{\"@id\":\"https:\/\/www.cmalleida.com\/es\/entrega-de-material-informatico-en-lleida-por-los-refugiados\/#primaryimage\"},\"thumbnailUrl\":\"https:\/\/www.cmalleida.com\/wp-content\/uploads\/momento-de-la-entrega-del-material-1.jpeg\",\"datePublished\":\"2019-12-19T15:41:32+00:00\",\"dateModified\":\"2022-02-14T16:53:40+00:00\",\"breadcrumb\":{\"@id\":\"https:\/\/www.cmalleida.com\/es\/entrega-de-material-informatico-en-lleida-por-los-refugiados\/#breadcrumb\"},\"inLanguage\":\"es\",\"potentialAction\":[{\"@type\":\"ReadAction\",\"target\":[\"https:\/\/www.cmalleida.com\/es\/entrega-de-material-informatico-en-lleida-por-los-refugiados\/\"]}]},{\"@type\":\"ImageObject\",\"inLanguage\":\"es\",\"@id\":\"https:\/\/www.cmalleida.com\/es\/entrega-de-material-informatico-en-lleida-por-los-refugiados\/#primaryimage\",\"url\":\"https:\/\/www.cmalleida.com\/wp-content\/uploads\/momento-de-la-entrega-del-material-1.jpeg\",\"contentUrl\":\"https:\/\/www.cmalleida.com\/wp-content\/uploads\/momento-de-la-entrega-del-material-1.jpeg\",\"width\":1633,\"height\":2048,\"caption\":\"Momento de la entrega del material\"},{\"@type\":\"BreadcrumbList\",\"@id\":\"https:\/\/www.cmalleida.com\/es\/entrega-de-material-informatico-en-lleida-por-los-refugiados\/#breadcrumb\",\"itemListElement\":[{\"@type\":\"ListItem\",\"position\":1,\"name\":\"Inici\",\"item\":\"https:\/\/www.cmalleida.com\/es\/\"},{\"@type\":\"ListItem\",\"position\":2,\"name\":\"ENTREGA DE MATERIAL INFORM\u00c1TICO A \u00abLLEIDA POR LOS REFUGIADOS\u00bb\"}]},{\"@type\":\"WebSite\",\"@id\":\"https:\/\/www.cmalleida.com\/es\/#website\",\"url\":\"https:\/\/www.cmalleida.com\/es\/\",\"name\":\"Col\u00b7legi de Mediadors d&#039;Assegurances de Lleida\",\"description\":\"Otro sitio realizado con WordPress\",\"publisher\":{\"@id\":\"https:\/\/www.cmalleida.com\/es\/#organization\"},\"potentialAction\":[{\"@type\":\"SearchAction\",\"target\":{\"@type\":\"EntryPoint\",\"urlTemplate\":\"https:\/\/www.cmalleida.com\/es\/?s={search_term_string}\"},\"query-input\":{\"@type\":\"PropertyValueSpecification\",\"valueRequired\":true,\"valueName\":\"search_term_string\"}}],\"inLanguage\":\"es\"},{\"@type\":\"Organization\",\"@id\":\"https:\/\/www.cmalleida.com\/es\/#organization\",\"name\":\"Col\u00b7legi de Mediadors d'Assegurances de Lleida\",\"url\":\"https:\/\/www.cmalleida.com\/es\/\",\"logo\":{\"@type\":\"ImageObject\",\"inLanguage\":\"es\",\"@id\":\"https:\/\/www.cmalleida.com\/es\/#\/schema\/logo\/image\/\",\"url\":\"\",\"contentUrl\":\"\",\"caption\":\"Col\u00b7legi de Mediadors d'Assegurances de Lleida\"},\"image\":{\"@id\":\"https:\/\/www.cmalleida.com\/es\/#\/schema\/logo\/image\/\"}},{\"@type\":\"Person\",\"@id\":\"https:\/\/www.cmalleida.com\/es\/#\/schema\/person\/bc84b7874fa5ac8a15c15a050fb3b79c\",\"name\":\"Col\u00b7legi Mediadors\",\"image\":{\"@type\":\"ImageObject\",\"inLanguage\":\"es\",\"@id\":\"https:\/\/secure.gravatar.com\/avatar\/05a66e0aafde4a91aea6f2c243b0b99b03dac1cca78dc84298f5e7e7ad4dfd33?s=96&d=mm&r=g\",\"url\":\"https:\/\/secure.gravatar.com\/avatar\/05a66e0aafde4a91aea6f2c243b0b99b03dac1cca78dc84298f5e7e7ad4dfd33?s=96&d=mm&r=g\",\"contentUrl\":\"https:\/\/secure.gravatar.com\/avatar\/05a66e0aafde4a91aea6f2c243b0b99b03dac1cca78dc84298f5e7e7ad4dfd33?s=96&d=mm&r=g\",\"caption\":\"Col\u00b7legi Mediadors\"}}]}<\/script>\n<!-- \/ Yoast SEO plugin. -->","yoast_head_json":{"title":"ENTREGA DE MATERIAL INFORM\u00c1TICO A \"LLEIDA POR LOS REFUGIADOS\" - Col\u00b7legi de Mediadors d&#039;Assegurances de Lleida","robots":{"index":"index","follow":"follow","max-snippet":"max-snippet:-1","max-image-preview":"max-image-preview:large","max-video-preview":"max-video-preview:-1"},"canonical":"https:\/\/www.cmalleida.com\/es\/entrega-de-material-informatico-en-lleida-por-los-refugiados\/","og_locale":"es_ES","og_type":"article","og_title":"ENTREGA DE MATERIAL INFORM\u00c1TICO A \"LLEIDA POR LOS REFUGIADOS\" - Col\u00b7legi de Mediadors d&#039;Assegurances de Lleida","og_description":"&nbsp; Entrega de material inform\u00e1tico en Lleida por los Refugiados, quien dar\u00e1 un uso pedag\u00f3gico al material recibido. Rosa Maria Barrera, responsable de RSC hizo... Llegeix m\u00e9s","og_url":"https:\/\/www.cmalleida.com\/es\/entrega-de-material-informatico-en-lleida-por-los-refugiados\/","og_site_name":"Col\u00b7legi de Mediadors d&#039;Assegurances de Lleida","article_published_time":"2019-12-19T15:41:32+00:00","article_modified_time":"2022-02-14T16:53:40+00:00","og_image":[{"width":1633,"height":2048,"url":"https:\/\/www.cmalleida.com\/wp-content\/uploads\/momento-de-la-entrega-del-material-1.jpeg","type":"image\/jpeg"}],"author":"Col\u00b7legi Mediadors","twitter_card":"summary_large_image","twitter_misc":{"Written by":"Col\u00b7legi Mediadors"},"schema":{"@context":"https:\/\/schema.org","@graph":[{"@type":"Article","@id":"https:\/\/www.cmalleida.com\/es\/entrega-de-material-informatico-en-lleida-por-los-refugiados\/#article","isPartOf":{"@id":"https:\/\/www.cmalleida.com\/es\/entrega-de-material-informatico-en-lleida-por-los-refugiados\/"},"author":{"name":"Col\u00b7legi Mediadors","@id":"https:\/\/www.cmalleida.com\/es\/#\/schema\/person\/bc84b7874fa5ac8a15c15a050fb3b79c"},"headline":"ENTREGA DE MATERIAL INFORM\u00c1TICO A \u00abLLEIDA POR LOS REFUGIADOS\u00bb","datePublished":"2019-12-19T15:41:32+00:00","dateModified":"2022-02-14T16:53:40+00:00","mainEntityOfPage":{"@id":"https:\/\/www.cmalleida.com\/es\/entrega-de-material-informatico-en-lleida-por-los-refugiados\/"},"wordCount":51,"publisher":{"@id":"https:\/\/www.cmalleida.com\/es\/#organization"},"image":{"@id":"https:\/\/www.cmalleida.com\/es\/entrega-de-material-informatico-en-lleida-por-los-refugiados\/#primaryimage"},"thumbnailUrl":"https:\/\/www.cmalleida.com\/wp-content\/uploads\/momento-de-la-entrega-del-material-1.jpeg","articleSection":["RSC"],"inLanguage":"es"},{"@type":"WebPage","@id":"https:\/\/www.cmalleida.com\/es\/entrega-de-material-informatico-en-lleida-por-los-refugiados\/","url":"https:\/\/www.cmalleida.com\/es\/entrega-de-material-informatico-en-lleida-por-los-refugiados\/","name":"ENTREGA DE MATERIAL INFORM\u00c1TICO A \"LLEIDA POR LOS REFUGIADOS\" - Col\u00b7legi de Mediadors d&#039;Assegurances de Lleida","isPartOf":{"@id":"https:\/\/www.cmalleida.com\/es\/#website"},"primaryImageOfPage":{"@id":"https:\/\/www.cmalleida.com\/es\/entrega-de-material-informatico-en-lleida-por-los-refugiados\/#primaryimage"},"image":{"@id":"https:\/\/www.cmalleida.com\/es\/entrega-de-material-informatico-en-lleida-por-los-refugiados\/#primaryimage"},"thumbnailUrl":"https:\/\/www.cmalleida.com\/wp-content\/uploads\/momento-de-la-entrega-del-material-1.jpeg","datePublished":"2019-12-19T15:41:32+00:00","dateModified":"2022-02-14T16:53:40+00:00","breadcrumb":{"@id":"https:\/\/www.cmalleida.com\/es\/entrega-de-material-informatico-en-lleida-por-los-refugiados\/#breadcrumb"},"inLanguage":"es","potentialAction":[{"@type":"ReadAction","target":["https:\/\/www.cmalleida.com\/es\/entrega-de-material-informatico-en-lleida-por-los-refugiados\/"]}]},{"@type":"ImageObject","inLanguage":"es","@id":"https:\/\/www.cmalleida.com\/es\/entrega-de-material-informatico-en-lleida-por-los-refugiados\/#primaryimage","url":"https:\/\/www.cmalleida.com\/wp-content\/uploads\/momento-de-la-entrega-del-material-1.jpeg","contentUrl":"https:\/\/www.cmalleida.com\/wp-content\/uploads\/momento-de-la-entrega-del-material-1.jpeg","width":1633,"height":2048,"caption":"Momento de la entrega del material"},{"@type":"BreadcrumbList","@id":"https:\/\/www.cmalleida.com\/es\/entrega-de-material-informatico-en-lleida-por-los-refugiados\/#breadcrumb","itemListElement":[{"@type":"ListItem","position":1,"name":"Inici","item":"https:\/\/www.cmalleida.com\/es\/"},{"@type":"ListItem","position":2,"name":"ENTREGA DE MATERIAL INFORM\u00c1TICO A \u00abLLEIDA POR LOS REFUGIADOS\u00bb"}]},{"@type":"WebSite","@id":"https:\/\/www.cmalleida.com\/es\/#website","url":"https:\/\/www.cmalleida.com\/es\/","name":"Col\u00b7legi de Mediadors d&#039;Assegurances de Lleida","description":"Otro sitio realizado con WordPress","publisher":{"@id":"https:\/\/www.cmalleida.com\/es\/#organization"},"potentialAction":[{"@type":"SearchAction","target":{"@type":"EntryPoint","urlTemplate":"https:\/\/www.cmalleida.com\/es\/?s={search_term_string}"},"query-input":{"@type":"PropertyValueSpecification","valueRequired":true,"valueName":"search_term_string"}}],"inLanguage":"es"},{"@type":"Organization","@id":"https:\/\/www.cmalleida.com\/es\/#organization","name":"Col\u00b7legi de Mediadors d'Assegurances de Lleida","url":"https:\/\/www.cmalleida.com\/es\/","logo":{"@type":"ImageObject","inLanguage":"es","@id":"https:\/\/www.cmalleida.com\/es\/#\/schema\/logo\/image\/","url":"","contentUrl":"","caption":"Col\u00b7legi de Mediadors d'Assegurances de Lleida"},"image":{"@id":"https:\/\/www.cmalleida.com\/es\/#\/schema\/logo\/image\/"}},{"@type":"Person","@id":"https:\/\/www.cmalleida.com\/es\/#\/schema\/person\/bc84b7874fa5ac8a15c15a050fb3b79c","name":"Col\u00b7legi Mediadors","image":{"@type":"ImageObject","inLanguage":"es","@id":"https:\/\/secure.gravatar.com\/avatar\/05a66e0aafde4a91aea6f2c243b0b99b03dac1cca78dc84298f5e7e7ad4dfd33?s=96&d=mm&r=g","url":"https:\/\/secure.gravatar.com\/avatar\/05a66e0aafde4a91aea6f2c243b0b99b03dac1cca78dc84298f5e7e7ad4dfd33?s=96&d=mm&r=g","contentUrl":"https:\/\/secure.gravatar.com\/avatar\/05a66e0aafde4a91aea6f2c243b0b99b03dac1cca78dc84298f5e7e7ad4dfd33?s=96&d=mm&r=g","caption":"Col\u00b7legi Mediadors"}}]}},"_links":{"self":[{"href":"https:\/\/www.cmalleida.com\/es\/wp-json\/wp\/v2\/posts\/10260","targetHints":{"allow":["GET"]}}],"collection":[{"href":"https:\/\/www.cmalleida.com\/es\/wp-json\/wp\/v2\/posts"}],"about":[{"href":"https:\/\/www.cmalleida.com\/es\/wp-json\/wp\/v2\/types\/post"}],"author":[{"embeddable":true,"href":"https:\/\/www.cmalleida.com\/es\/wp-json\/wp\/v2\/users\/3"}],"replies":[{"embeddable":true,"href":"https:\/\/www.cmalleida.com\/es\/wp-json\/wp\/v2\/comments?post=10260"}],"version-history":[{"count":3,"href":"https:\/\/www.cmalleida.com\/es\/wp-json\/wp\/v2\/posts\/10260\/revisions"}],"predecessor-version":[{"id":10263,"href":"https:\/\/www.cmalleida.com\/es\/wp-json\/wp\/v2\/posts\/10260\/revisions\/10263"}],"wp:featuredmedia":[{"embeddable":true,"href":"https:\/\/www.cmalleida.com\/es\/wp-json\/wp\/v2\/media\/10236"}],"wp:attachment":[{"href":"https:\/\/www.cmalleida.com\/es\/wp-json\/wp\/v2\/media?parent=10260"}],"wp:term":[{"taxonomy":"category","embeddable":true,"href":"https:\/\/www.cmalleida.com\/es\/wp-json\/wp\/v2\/categories?post=10260"},{"taxonomy":"post_tag","embeddable":true,"href":"https:\/\/www.cmalleida.com\/es\/wp-json\/wp\/v2\/tags?post=10260"}],"curies":[{"name":"wp","href":"https:\/\/api.w.org\/{rel}","templated":true}]}}