{"id":10231,"date":"2022-02-11T11:00:11","date_gmt":"2022-02-11T10:00:11","guid":{"rendered":"https:\/\/www.cmalleida.com\/?p=10231"},"modified":"2022-02-11T11:00:11","modified_gmt":"2022-02-11T10:00:11","slug":"quien-sabe-lo-que-necesita-una-pyme-la-vanguardia","status":"publish","type":"post","link":"https:\/\/www.cmalleida.com\/es\/quien-sabe-lo-que-necesita-una-pyme-la-vanguardia\/","title":{"rendered":"\u00bfQui\u00e9n sabe lo que necesita una pyme? (La Vanguardia)"},"content":{"rendered":"<header class=\"article-top-header col-12\">\n<div class=\"article-top\">\n<div class=\"article-top-titles\">\n<div class=\"title-container\">\n<h3 class=\"title\"><span style=\"font-size: 16px;\">Los riesgos de las empresas cambian en funci\u00f3n de la actividad y de otras m\u00faltiples variables que debe analizar un experto en seguros<\/span><\/h3>\n<\/div>\n<\/div>\n<div class=\"article-media-main\">\n<figure class=\"composite-image image-container \" data-gtm-element-container=\"button-gallery\"><a href=\"https:\/\/www.lavanguardia.com\/autores\/la-vanguardia.html\" data-gtm-element=\"container-child-link\">LA VANGUARDIA<\/a><\/figure>\n<\/div>\n<\/div>\n<\/header>\n<div class=\"article-content col-12 col-md-8\">\n<div class=\"article-info\">\n<div class=\"author-date-content\">\n<div class=\"author-date-time\">\n<div class=\"author-name\">\n<p>BARCELONA\u00a0 \u00a0<time class=\"created\" datetime=\"2022-02-08T10:30:00+01:00\">08\/02\/2022 10:30<\/time><time class=\"modified\" datetime=\"2022-02-08T12:55:39+01:00\">Actualizado a 08\/02\/2022 12:55<\/time><\/p>\n<\/div>\n<\/div>\n<\/div>\n<div class=\"social-buttons social-share\" data-gtm-element=\"leaf-social-share-top\">\n<div class=\"social-right\">Son peque\u00f1as, incluso micro, y tambi\u00e9n las hay medianas. Todas responden a la consideraci\u00f3n de pymes. Una de sus caracter\u00edsticas principales es que no superan los 250 trabajadores, pero son el coraz\u00f3n del tejido empresarial del pa\u00eds, seg\u00fan los datos oficiales. Proporcionalmente, generan m\u00e1s contrataciones que las empresas con una plantilla m\u00e1s amplia.<\/div>\n<\/div>\n<\/div>\n<div class=\"article-modules\">\n<p class=\"paragraph\" data-gtm-element-container=\"modulo-texto-link\">Con todo, las pymes son un universo muy heterog\u00e9neo y es habitual que entre ellas haya muchas diferencias en funci\u00f3n de su actividad, su facturaci\u00f3n y, por supuesto, del n\u00famero de trabajadores. La mayor\u00eda son microempresas y no superan los 10 empleados. Poco que ver con una empresa mediana con m\u00e1s de 200 personas contratadas.<\/p>\n<p>&nbsp;<\/p>\n<div id=\"google_ads_iframe_\/55964524\/lv_w\/seguros\/n_7__container__\">Esas diferencias tambi\u00e9n est\u00e1n presentes a la hora de determinar las necesidades aseguradoras de una empresa. No hay una lista de seguros que deben contratarse, ya que cada empresa es un mundo y tiene realidades muy diferentes que condicionan su mapa de riesgos.<\/div>\n<p>&nbsp;<\/p>\n<h3 class=\"subtitle\">An\u00e1lisis personalizado<\/h3>\n<p class=\"paragraph\" data-gtm-element-container=\"modulo-texto-link\">\u201cNo se puede definir que seguros necesita una pyme sin analizar sus riesgos\u201d, asegura Francesc Santasusana, presidente del Col\u00b7legi de Mediadors d\u2019Assegurances de Barcelona. Ese an\u00e1lisis lo debe hacer \u201cun experto en seguros, un agente o corredor de seguros, en base a sus conocimientos, su experiencia y, por supuesto, a la informaci\u00f3n que proporciona el propio empresario\u201d, explica el representante de los mediadores.<\/p>\n<p class=\"paragraph\" data-gtm-element-container=\"modulo-texto-link\">El Col\u00b7legi ha elaborado\u00a0<a href=\"https:\/\/youtu.be\/P_gE2c30MOU\" target=\"_blank\" rel=\"nofollow noopener noreferrer\" data-gtm-element=\"container-child-link\">un v\u00eddeo recordando a los emprendedores y a los responsables de las pymes<\/a> la importancia de contar con el asesoramiento de mediadores de seguros a la hora de contratar los seguros de su negocio. \u201cContar con el asesoramiento de un mediador no encarece el precio de los seguros, al contrario, garantiza que vamos a contratar las garant\u00edas que necesitamos y al mejor precio\u201d, afirma Santasusana.<\/p>\n<h3 class=\"paragraph\" data-gtm-element-container=\"modulo-texto-link\">Cuesti\u00f3n de supervivencia<\/h3>\n<p class=\"paragraph\" data-gtm-element-container=\"modulo-texto-link\">Las variables a tener en cuenta son diversas. Las m\u00e1s evidentes hacen referencia a la protecci\u00f3n de los inmuebles, tanto el contenido como el continente, a aspectos vinculados a la responsabilidad civil, a la defensa jur\u00eddica, o tambi\u00e9n a la protecci\u00f3n de pagos. \u201cLo importante no es acumular p\u00f3lizas, sino asegurarnos de que la empresa tiene cubiertos correctamente sus riesgos\u201d, afirma Santasusana.<\/p>\n<p class=\"paragraph\" data-gtm-element-container=\"modulo-texto-link\">La importancia de estar bien asegurado es fundamental para cualquier negocio, con independencia de su tama\u00f1o. Pero en el caso de las pymes \u201cpuede estar en juego su propia supervivencia\u201d, opina el presidente de los mediadores de Barcelona. La mutualizaci\u00f3n del riesgo, que es lo que aporta el seguro, es m\u00e1s relevante cuando menos recursos tiene el asegurado para hacer frente a los imprevistos.<\/p>\n<p class=\"module-title\"><span style=\"font-size: 16px;\">El experto en seguros mantiene que \u201cno se puede ofrecer una soluci\u00f3n estandarizada para los seguros de una pyme, hay que analizar cada caso o se corre el riesgo de que un negocio est\u00e9 infrasegurado o sobreasegurado\u201d. En opini\u00f3n de Santasusana, \u201cel asesoramiento profesional ayuda a tomar buenas decisiones\u201d.<\/span><\/p>\n<\/div>\n<\/div>\n","protected":false},"excerpt":{"rendered":"<p>Los riesgos de las empresas cambian en funci\u00f3n de la actividad y de otras m\u00faltiples variables que debe analizar un experto en seguros LA VANGUARDIA&#8230; <a href=\"https:\/\/www.cmalleida.com\/es\/quien-sabe-lo-que-necesita-una-pyme-la-vanguardia\/\" rel=\"nofollow\" class=\"lollegirmes\">Llegeix m\u00e9s<\/a><\/p>\n","protected":false},"author":149,"featured_media":1929,"comment_status":"closed","ping_status":"closed","sticky":false,"template":"","format":"standard","meta":{"_acf_changed":false,"_genesis_hide_title":false,"_genesis_hide_breadcrumbs":false,"_genesis_hide_singular_image":false,"_genesis_hide_footer_widgets":false,"_genesis_custom_body_class":"","_genesis_custom_post_class":"","_genesis_layout":"","footnotes":""},"categories":[28,125],"tags":[],"class_list":{"0":"post-10231","1":"post","2":"type-post","3":"status-publish","4":"format-standard","5":"has-post-thumbnail","7":"category-actualidad","8":"category-assegurances-es","9":"entry"},"acf":[],"yoast_head":"<!-- This site is optimized with the Yoast SEO plugin v27.2 - https:\/\/yoast.com\/product\/yoast-seo-wordpress\/ -->\n<title>\u00bfQui\u00e9n sabe lo que necesita una pyme? (La Vanguardia) - Col\u00b7legi de Mediadors d&#039;Assegurances de Lleida<\/title>\n<meta name=\"robots\" content=\"index, follow, max-snippet:-1, max-image-preview:large, max-video-preview:-1\" \/>\n<link rel=\"canonical\" href=\"https:\/\/www.cmalleida.com\/es\/quien-sabe-lo-que-necesita-una-pyme-la-vanguardia\/\" \/>\n<meta property=\"og:locale\" content=\"es_ES\" \/>\n<meta property=\"og:type\" content=\"article\" \/>\n<meta property=\"og:title\" content=\"\u00bfQui\u00e9n sabe lo que necesita una pyme? (La Vanguardia) - Col\u00b7legi de Mediadors d&#039;Assegurances de Lleida\" \/>\n<meta property=\"og:description\" content=\"Los riesgos de las empresas cambian en funci\u00f3n de la actividad y de otras m\u00faltiples variables que debe analizar un experto en seguros LA VANGUARDIA... Llegeix m\u00e9s\" \/>\n<meta property=\"og:url\" content=\"https:\/\/www.cmalleida.com\/es\/quien-sabe-lo-que-necesita-una-pyme-la-vanguardia\/\" \/>\n<meta property=\"og:site_name\" content=\"Col\u00b7legi de Mediadors d&#039;Assegurances de Lleida\" \/>\n<meta property=\"article:published_time\" content=\"2022-02-11T10:00:11+00:00\" \/>\n<meta property=\"og:image\" content=\"https:\/\/www.cmalleida.com\/wp-content\/uploads\/cmall-lleida-actualitat-estadistic762.jpg\" \/>\n\t<meta property=\"og:image:width\" content=\"762\" \/>\n\t<meta property=\"og:image:height\" content=\"762\" \/>\n\t<meta property=\"og:image:type\" content=\"image\/jpeg\" \/>\n<meta name=\"author\" content=\"Antonieta Castells Dolcet\" \/>\n<meta name=\"twitter:card\" content=\"summary_large_image\" \/>\n<meta name=\"twitter:label1\" content=\"Written by\" \/>\n\t<meta name=\"twitter:data1\" content=\"Antonieta Castells Dolcet\" \/>\n\t<meta name=\"twitter:label2\" content=\"Est. reading time\" \/>\n\t<meta name=\"twitter:data2\" content=\"3 minutos\" \/>\n<script type=\"application\/ld+json\" class=\"yoast-schema-graph\">{\"@context\":\"https:\/\/schema.org\",\"@graph\":[{\"@type\":\"Article\",\"@id\":\"https:\/\/www.cmalleida.com\/es\/quien-sabe-lo-que-necesita-una-pyme-la-vanguardia\/#article\",\"isPartOf\":{\"@id\":\"https:\/\/www.cmalleida.com\/es\/quien-sabe-lo-que-necesita-una-pyme-la-vanguardia\/\"},\"author\":{\"name\":\"Antonieta Castells Dolcet\",\"@id\":\"https:\/\/www.cmalleida.com\/es\/#\/schema\/person\/7461453022a0d6ce41c1e530eb4443b4\"},\"headline\":\"\u00bfQui\u00e9n sabe lo que necesita una pyme? (La Vanguardia)\",\"datePublished\":\"2022-02-11T10:00:11+00:00\",\"mainEntityOfPage\":{\"@id\":\"https:\/\/www.cmalleida.com\/es\/quien-sabe-lo-que-necesita-una-pyme-la-vanguardia\/\"},\"wordCount\":539,\"publisher\":{\"@id\":\"https:\/\/www.cmalleida.com\/es\/#organization\"},\"image\":{\"@id\":\"https:\/\/www.cmalleida.com\/es\/quien-sabe-lo-que-necesita-una-pyme-la-vanguardia\/#primaryimage\"},\"thumbnailUrl\":\"https:\/\/www.cmalleida.com\/wp-content\/uploads\/cmall-lleida-actualitat-estadistic762.jpg\",\"articleSection\":[\"Actualidad\",\"Assegurances\"],\"inLanguage\":\"es\"},{\"@type\":\"WebPage\",\"@id\":\"https:\/\/www.cmalleida.com\/es\/quien-sabe-lo-que-necesita-una-pyme-la-vanguardia\/\",\"url\":\"https:\/\/www.cmalleida.com\/es\/quien-sabe-lo-que-necesita-una-pyme-la-vanguardia\/\",\"name\":\"\u00bfQui\u00e9n sabe lo que necesita una pyme? (La Vanguardia) - Col\u00b7legi de Mediadors d&#039;Assegurances de Lleida\",\"isPartOf\":{\"@id\":\"https:\/\/www.cmalleida.com\/es\/#website\"},\"primaryImageOfPage\":{\"@id\":\"https:\/\/www.cmalleida.com\/es\/quien-sabe-lo-que-necesita-una-pyme-la-vanguardia\/#primaryimage\"},\"image\":{\"@id\":\"https:\/\/www.cmalleida.com\/es\/quien-sabe-lo-que-necesita-una-pyme-la-vanguardia\/#primaryimage\"},\"thumbnailUrl\":\"https:\/\/www.cmalleida.com\/wp-content\/uploads\/cmall-lleida-actualitat-estadistic762.jpg\",\"datePublished\":\"2022-02-11T10:00:11+00:00\",\"breadcrumb\":{\"@id\":\"https:\/\/www.cmalleida.com\/es\/quien-sabe-lo-que-necesita-una-pyme-la-vanguardia\/#breadcrumb\"},\"inLanguage\":\"es\",\"potentialAction\":[{\"@type\":\"ReadAction\",\"target\":[\"https:\/\/www.cmalleida.com\/es\/quien-sabe-lo-que-necesita-una-pyme-la-vanguardia\/\"]}]},{\"@type\":\"ImageObject\",\"inLanguage\":\"es\",\"@id\":\"https:\/\/www.cmalleida.com\/es\/quien-sabe-lo-que-necesita-una-pyme-la-vanguardia\/#primaryimage\",\"url\":\"https:\/\/www.cmalleida.com\/wp-content\/uploads\/cmall-lleida-actualitat-estadistic762.jpg\",\"contentUrl\":\"https:\/\/www.cmalleida.com\/wp-content\/uploads\/cmall-lleida-actualitat-estadistic762.jpg\",\"width\":762,\"height\":762,\"caption\":\"cmall-lleida-actualitat-estadistic762\"},{\"@type\":\"BreadcrumbList\",\"@id\":\"https:\/\/www.cmalleida.com\/es\/quien-sabe-lo-que-necesita-una-pyme-la-vanguardia\/#breadcrumb\",\"itemListElement\":[{\"@type\":\"ListItem\",\"position\":1,\"name\":\"Inici\",\"item\":\"https:\/\/www.cmalleida.com\/es\/\"},{\"@type\":\"ListItem\",\"position\":2,\"name\":\"\u00bfQui\u00e9n sabe lo que necesita una pyme? (La Vanguardia)\"}]},{\"@type\":\"WebSite\",\"@id\":\"https:\/\/www.cmalleida.com\/es\/#website\",\"url\":\"https:\/\/www.cmalleida.com\/es\/\",\"name\":\"Col\u00b7legi de Mediadors d&#039;Assegurances de Lleida\",\"description\":\"Otro sitio realizado con WordPress\",\"publisher\":{\"@id\":\"https:\/\/www.cmalleida.com\/es\/#organization\"},\"potentialAction\":[{\"@type\":\"SearchAction\",\"target\":{\"@type\":\"EntryPoint\",\"urlTemplate\":\"https:\/\/www.cmalleida.com\/es\/?s={search_term_string}\"},\"query-input\":{\"@type\":\"PropertyValueSpecification\",\"valueRequired\":true,\"valueName\":\"search_term_string\"}}],\"inLanguage\":\"es\"},{\"@type\":\"Organization\",\"@id\":\"https:\/\/www.cmalleida.com\/es\/#organization\",\"name\":\"Col\u00b7legi de Mediadors d'Assegurances de Lleida\",\"url\":\"https:\/\/www.cmalleida.com\/es\/\",\"logo\":{\"@type\":\"ImageObject\",\"inLanguage\":\"es\",\"@id\":\"https:\/\/www.cmalleida.com\/es\/#\/schema\/logo\/image\/\",\"url\":\"\",\"contentUrl\":\"\",\"caption\":\"Col\u00b7legi de Mediadors d'Assegurances de Lleida\"},\"image\":{\"@id\":\"https:\/\/www.cmalleida.com\/es\/#\/schema\/logo\/image\/\"}},{\"@type\":\"Person\",\"@id\":\"https:\/\/www.cmalleida.com\/es\/#\/schema\/person\/7461453022a0d6ce41c1e530eb4443b4\",\"name\":\"Antonieta Castells Dolcet\",\"image\":{\"@type\":\"ImageObject\",\"inLanguage\":\"es\",\"@id\":\"https:\/\/secure.gravatar.com\/avatar\/7738df9a8ff2d12e8b37d088ff0e3e36016e57ab29e5db27ba4fb758a81ea3cb?s=96&d=mm&r=g\",\"url\":\"https:\/\/secure.gravatar.com\/avatar\/7738df9a8ff2d12e8b37d088ff0e3e36016e57ab29e5db27ba4fb758a81ea3cb?s=96&d=mm&r=g\",\"contentUrl\":\"https:\/\/secure.gravatar.com\/avatar\/7738df9a8ff2d12e8b37d088ff0e3e36016e57ab29e5db27ba4fb758a81ea3cb?s=96&d=mm&r=g\",\"caption\":\"Antonieta Castells Dolcet\"},\"sameAs\":[\"http:\/\/www.cmalleida.com\"]}]}<\/script>\n<!-- \/ Yoast SEO plugin. -->","yoast_head_json":{"title":"\u00bfQui\u00e9n sabe lo que necesita una pyme? (La Vanguardia) - Col\u00b7legi de Mediadors d&#039;Assegurances de Lleida","robots":{"index":"index","follow":"follow","max-snippet":"max-snippet:-1","max-image-preview":"max-image-preview:large","max-video-preview":"max-video-preview:-1"},"canonical":"https:\/\/www.cmalleida.com\/es\/quien-sabe-lo-que-necesita-una-pyme-la-vanguardia\/","og_locale":"es_ES","og_type":"article","og_title":"\u00bfQui\u00e9n sabe lo que necesita una pyme? (La Vanguardia) - Col\u00b7legi de Mediadors d&#039;Assegurances de Lleida","og_description":"Los riesgos de las empresas cambian en funci\u00f3n de la actividad y de otras m\u00faltiples variables que debe analizar un experto en seguros LA VANGUARDIA... Llegeix m\u00e9s","og_url":"https:\/\/www.cmalleida.com\/es\/quien-sabe-lo-que-necesita-una-pyme-la-vanguardia\/","og_site_name":"Col\u00b7legi de Mediadors d&#039;Assegurances de Lleida","article_published_time":"2022-02-11T10:00:11+00:00","og_image":[{"width":762,"height":762,"url":"https:\/\/www.cmalleida.com\/wp-content\/uploads\/cmall-lleida-actualitat-estadistic762.jpg","type":"image\/jpeg"}],"author":"Antonieta Castells Dolcet","twitter_card":"summary_large_image","twitter_misc":{"Written by":"Antonieta Castells Dolcet","Est. reading time":"3 minutos"},"schema":{"@context":"https:\/\/schema.org","@graph":[{"@type":"Article","@id":"https:\/\/www.cmalleida.com\/es\/quien-sabe-lo-que-necesita-una-pyme-la-vanguardia\/#article","isPartOf":{"@id":"https:\/\/www.cmalleida.com\/es\/quien-sabe-lo-que-necesita-una-pyme-la-vanguardia\/"},"author":{"name":"Antonieta Castells Dolcet","@id":"https:\/\/www.cmalleida.com\/es\/#\/schema\/person\/7461453022a0d6ce41c1e530eb4443b4"},"headline":"\u00bfQui\u00e9n sabe lo que necesita una pyme? (La Vanguardia)","datePublished":"2022-02-11T10:00:11+00:00","mainEntityOfPage":{"@id":"https:\/\/www.cmalleida.com\/es\/quien-sabe-lo-que-necesita-una-pyme-la-vanguardia\/"},"wordCount":539,"publisher":{"@id":"https:\/\/www.cmalleida.com\/es\/#organization"},"image":{"@id":"https:\/\/www.cmalleida.com\/es\/quien-sabe-lo-que-necesita-una-pyme-la-vanguardia\/#primaryimage"},"thumbnailUrl":"https:\/\/www.cmalleida.com\/wp-content\/uploads\/cmall-lleida-actualitat-estadistic762.jpg","articleSection":["Actualidad","Assegurances"],"inLanguage":"es"},{"@type":"WebPage","@id":"https:\/\/www.cmalleida.com\/es\/quien-sabe-lo-que-necesita-una-pyme-la-vanguardia\/","url":"https:\/\/www.cmalleida.com\/es\/quien-sabe-lo-que-necesita-una-pyme-la-vanguardia\/","name":"\u00bfQui\u00e9n sabe lo que necesita una pyme? (La Vanguardia) - Col\u00b7legi de Mediadors d&#039;Assegurances de Lleida","isPartOf":{"@id":"https:\/\/www.cmalleida.com\/es\/#website"},"primaryImageOfPage":{"@id":"https:\/\/www.cmalleida.com\/es\/quien-sabe-lo-que-necesita-una-pyme-la-vanguardia\/#primaryimage"},"image":{"@id":"https:\/\/www.cmalleida.com\/es\/quien-sabe-lo-que-necesita-una-pyme-la-vanguardia\/#primaryimage"},"thumbnailUrl":"https:\/\/www.cmalleida.com\/wp-content\/uploads\/cmall-lleida-actualitat-estadistic762.jpg","datePublished":"2022-02-11T10:00:11+00:00","breadcrumb":{"@id":"https:\/\/www.cmalleida.com\/es\/quien-sabe-lo-que-necesita-una-pyme-la-vanguardia\/#breadcrumb"},"inLanguage":"es","potentialAction":[{"@type":"ReadAction","target":["https:\/\/www.cmalleida.com\/es\/quien-sabe-lo-que-necesita-una-pyme-la-vanguardia\/"]}]},{"@type":"ImageObject","inLanguage":"es","@id":"https:\/\/www.cmalleida.com\/es\/quien-sabe-lo-que-necesita-una-pyme-la-vanguardia\/#primaryimage","url":"https:\/\/www.cmalleida.com\/wp-content\/uploads\/cmall-lleida-actualitat-estadistic762.jpg","contentUrl":"https:\/\/www.cmalleida.com\/wp-content\/uploads\/cmall-lleida-actualitat-estadistic762.jpg","width":762,"height":762,"caption":"cmall-lleida-actualitat-estadistic762"},{"@type":"BreadcrumbList","@id":"https:\/\/www.cmalleida.com\/es\/quien-sabe-lo-que-necesita-una-pyme-la-vanguardia\/#breadcrumb","itemListElement":[{"@type":"ListItem","position":1,"name":"Inici","item":"https:\/\/www.cmalleida.com\/es\/"},{"@type":"ListItem","position":2,"name":"\u00bfQui\u00e9n sabe lo que necesita una pyme? (La Vanguardia)"}]},{"@type":"WebSite","@id":"https:\/\/www.cmalleida.com\/es\/#website","url":"https:\/\/www.cmalleida.com\/es\/","name":"Col\u00b7legi de Mediadors d&#039;Assegurances de Lleida","description":"Otro sitio realizado con WordPress","publisher":{"@id":"https:\/\/www.cmalleida.com\/es\/#organization"},"potentialAction":[{"@type":"SearchAction","target":{"@type":"EntryPoint","urlTemplate":"https:\/\/www.cmalleida.com\/es\/?s={search_term_string}"},"query-input":{"@type":"PropertyValueSpecification","valueRequired":true,"valueName":"search_term_string"}}],"inLanguage":"es"},{"@type":"Organization","@id":"https:\/\/www.cmalleida.com\/es\/#organization","name":"Col\u00b7legi de Mediadors d'Assegurances de Lleida","url":"https:\/\/www.cmalleida.com\/es\/","logo":{"@type":"ImageObject","inLanguage":"es","@id":"https:\/\/www.cmalleida.com\/es\/#\/schema\/logo\/image\/","url":"","contentUrl":"","caption":"Col\u00b7legi de Mediadors d'Assegurances de Lleida"},"image":{"@id":"https:\/\/www.cmalleida.com\/es\/#\/schema\/logo\/image\/"}},{"@type":"Person","@id":"https:\/\/www.cmalleida.com\/es\/#\/schema\/person\/7461453022a0d6ce41c1e530eb4443b4","name":"Antonieta Castells Dolcet","image":{"@type":"ImageObject","inLanguage":"es","@id":"https:\/\/secure.gravatar.com\/avatar\/7738df9a8ff2d12e8b37d088ff0e3e36016e57ab29e5db27ba4fb758a81ea3cb?s=96&d=mm&r=g","url":"https:\/\/secure.gravatar.com\/avatar\/7738df9a8ff2d12e8b37d088ff0e3e36016e57ab29e5db27ba4fb758a81ea3cb?s=96&d=mm&r=g","contentUrl":"https:\/\/secure.gravatar.com\/avatar\/7738df9a8ff2d12e8b37d088ff0e3e36016e57ab29e5db27ba4fb758a81ea3cb?s=96&d=mm&r=g","caption":"Antonieta Castells Dolcet"},"sameAs":["http:\/\/www.cmalleida.com"]}]}},"_links":{"self":[{"href":"https:\/\/www.cmalleida.com\/es\/wp-json\/wp\/v2\/posts\/10231","targetHints":{"allow":["GET"]}}],"collection":[{"href":"https:\/\/www.cmalleida.com\/es\/wp-json\/wp\/v2\/posts"}],"about":[{"href":"https:\/\/www.cmalleida.com\/es\/wp-json\/wp\/v2\/types\/post"}],"author":[{"embeddable":true,"href":"https:\/\/www.cmalleida.com\/es\/wp-json\/wp\/v2\/users\/149"}],"replies":[{"embeddable":true,"href":"https:\/\/www.cmalleida.com\/es\/wp-json\/wp\/v2\/comments?post=10231"}],"version-history":[{"count":1,"href":"https:\/\/www.cmalleida.com\/es\/wp-json\/wp\/v2\/posts\/10231\/revisions"}],"predecessor-version":[{"id":10232,"href":"https:\/\/www.cmalleida.com\/es\/wp-json\/wp\/v2\/posts\/10231\/revisions\/10232"}],"wp:featuredmedia":[{"embeddable":true,"href":"https:\/\/www.cmalleida.com\/es\/wp-json\/wp\/v2\/media\/1929"}],"wp:attachment":[{"href":"https:\/\/www.cmalleida.com\/es\/wp-json\/wp\/v2\/media?parent=10231"}],"wp:term":[{"taxonomy":"category","embeddable":true,"href":"https:\/\/www.cmalleida.com\/es\/wp-json\/wp\/v2\/categories?post=10231"},{"taxonomy":"post_tag","embeddable":true,"href":"https:\/\/www.cmalleida.com\/es\/wp-json\/wp\/v2\/tags?post=10231"}],"curies":[{"name":"wp","href":"https:\/\/api.w.org\/{rel}","templated":true}]}}