{"id":10226,"date":"2022-02-11T11:02:35","date_gmt":"2022-02-11T10:02:35","guid":{"rendered":"https:\/\/www.cmalleida.com\/?p=10226"},"modified":"2022-02-11T11:03:22","modified_gmt":"2022-02-11T10:03:22","slug":"la-mediacion-denuncia-la-situacion-de-desamparo-en-la-que-se-encuentran-las-empresas-de-reciclaje-consejo-general","status":"publish","type":"post","link":"https:\/\/www.cmalleida.com\/es\/la-mediacion-denuncia-la-situacion-de-desamparo-en-la-que-se-encuentran-las-empresas-de-reciclaje-consejo-general\/","title":{"rendered":"La mediaci\u00f3n denuncia la situaci\u00f3n de desamparo en la que se encuentran las empresas de reciclaje (Consejo General)"},"content":{"rendered":"<ul>\n<li>La imposibilidad de aseguramiento compromete el \u00e9xito de la econom\u00eda circular<\/li>\n<\/ul>\n<p><strong>7\/2\/2022.-<\/strong> \u201c<em>El sector de reciclaje en Espa\u00f1a est\u00e1 en situaci\u00f3n de desamparo asegurador ante la imposibilidad de conseguir p\u00f3lizas que cubran su actividad<\/em>\u201d. As\u00ed ha resumido el Consejo General de Mediadores en un informe de trabajo una realidad que \u201c<em>no s\u00f3lo afecta al reciclaje sino a otros sectores de producci\u00f3n esenciales como maderas o alimentaci\u00f3n<\/em>\u201d.<\/p>\n<p>Aunque para los mediadores \u201c<em>el problema se remonta a 2019, se ha ido agravando hasta llegar a la situaci\u00f3n actual en la que es pr\u00e1cticamente imposible suscribir ning\u00fan riesgo que tenga que ver con las actividades de reciclaje en cualquiera de sus variantes: metal, papel, cart\u00f3n, pl\u00e1stico, vidrio o aceites, entre otros. Adem\u00e1s, se han cancelado o no renovado los contratos en cartera, lo que supone que las empresas de reciclaje pueden estar, en este momento, sin seguro\u201d.<\/em><\/p>\n<p>Para Javier Barber\u00e1, presidente de los mediadores, \u201c<em>la imposibilidad de aseguramiento es especialmente delicada en este sector puesto que compromete el \u00e9xito de la econom\u00eda circular y el cumplimiento de los compromisos de Espa\u00f1a en materia medioambiental. Se est\u00e1n promoviendo pol\u00edticas de reciclaje, desarrollo sostenible, protecci\u00f3n del medio ambiente, sin embargo, se les est\u00e1 negando su derecho de cobertura y poniendo en riesgo la viabilidad de la empresa\u201d. <\/em><\/p>\n<p>Desde la mediaci\u00f3n se reconoce que \u201c<em>esta realidad a\u00f1ade mucha dificultad al trabajo de un agente o corredor. Al cliente le cuesta entender que la prima que se le pide, o la parte de descubierto que se le exige, es la \u00fanica opci\u00f3n que acepta el mercado, lo que es inasumible para \u00e9l en muchas ocasiones. Es un problema complejo, que va m\u00e1s all\u00e1 del sector asegurador y que tiene un alcance social y econ\u00f3mico de orden internacional. No obstante, es imperativo buscar soluciones que ayuden a paliar la indefensi\u00f3n que est\u00e1 provocando esta situaci\u00f3n a centenares de empresas en nuestro pa\u00eds, con una gerencia de riesgos y un rigor en el cumplimiento de las normas de prevenci\u00f3n y protecci\u00f3n que est\u00e1n obligadas a implantar<\/em>\u201d.<\/p>\n","protected":false},"excerpt":{"rendered":"<p>La imposibilidad de aseguramiento compromete el \u00e9xito de la econom\u00eda circular 7\/2\/2022.- \u201cEl sector de reciclaje en Espa\u00f1a est\u00e1 en situaci\u00f3n de desamparo asegurador ante&#8230; <a href=\"https:\/\/www.cmalleida.com\/es\/la-mediacion-denuncia-la-situacion-de-desamparo-en-la-que-se-encuentran-las-empresas-de-reciclaje-consejo-general\/\" rel=\"nofollow\" class=\"lollegirmes\">Llegeix m\u00e9s<\/a><\/p>\n","protected":false},"author":149,"featured_media":8789,"comment_status":"closed","ping_status":"closed","sticky":false,"template":"","format":"standard","meta":{"_acf_changed":false,"_genesis_hide_title":false,"_genesis_hide_breadcrumbs":false,"_genesis_hide_singular_image":false,"_genesis_hide_footer_widgets":false,"_genesis_custom_body_class":"","_genesis_custom_post_class":"","_genesis_layout":"","footnotes":""},"categories":[28,125],"tags":[],"class_list":{"0":"post-10226","1":"post","2":"type-post","3":"status-publish","4":"format-standard","5":"has-post-thumbnail","7":"category-actualidad","8":"category-assegurances-es","9":"entry"},"acf":[],"yoast_head":"<!-- This site is optimized with the Yoast SEO plugin v27.2 - https:\/\/yoast.com\/product\/yoast-seo-wordpress\/ -->\n<title>La mediaci\u00f3n denuncia la situaci\u00f3n de desamparo en la que se encuentran las empresas de reciclaje (Consejo General) - Col\u00b7legi de Mediadors d&#039;Assegurances de Lleida<\/title>\n<meta name=\"robots\" content=\"index, follow, max-snippet:-1, max-image-preview:large, max-video-preview:-1\" \/>\n<link rel=\"canonical\" href=\"https:\/\/www.cmalleida.com\/es\/la-mediacion-denuncia-la-situacion-de-desamparo-en-la-que-se-encuentran-las-empresas-de-reciclaje-consejo-general\/\" \/>\n<meta property=\"og:locale\" content=\"es_ES\" \/>\n<meta property=\"og:type\" content=\"article\" \/>\n<meta property=\"og:title\" content=\"La mediaci\u00f3n denuncia la situaci\u00f3n de desamparo en la que se encuentran las empresas de reciclaje (Consejo General) - Col\u00b7legi de Mediadors d&#039;Assegurances de Lleida\" \/>\n<meta property=\"og:description\" content=\"La imposibilidad de aseguramiento compromete el \u00e9xito de la econom\u00eda circular 7\/2\/2022.- \u201cEl sector de reciclaje en Espa\u00f1a est\u00e1 en situaci\u00f3n de desamparo asegurador ante... Llegeix m\u00e9s\" \/>\n<meta property=\"og:url\" content=\"https:\/\/www.cmalleida.com\/es\/la-mediacion-denuncia-la-situacion-de-desamparo-en-la-que-se-encuentran-las-empresas-de-reciclaje-consejo-general\/\" \/>\n<meta property=\"og:site_name\" content=\"Col\u00b7legi de Mediadors d&#039;Assegurances de Lleida\" \/>\n<meta property=\"article:published_time\" content=\"2022-02-11T10:02:35+00:00\" \/>\n<meta property=\"article:modified_time\" content=\"2022-02-11T10:03:22+00:00\" \/>\n<meta property=\"og:image\" content=\"https:\/\/www.cmalleida.com\/wp-content\/uploads\/logo-sol-1.jpg\" \/>\n\t<meta property=\"og:image:width\" content=\"771\" \/>\n\t<meta property=\"og:image:height\" content=\"866\" \/>\n\t<meta property=\"og:image:type\" content=\"image\/jpeg\" \/>\n<meta name=\"author\" content=\"Antonieta Castells Dolcet\" \/>\n<meta name=\"twitter:card\" content=\"summary_large_image\" \/>\n<meta name=\"twitter:label1\" content=\"Written by\" \/>\n\t<meta name=\"twitter:data1\" content=\"Antonieta Castells Dolcet\" \/>\n\t<meta name=\"twitter:label2\" content=\"Est. reading time\" \/>\n\t<meta name=\"twitter:data2\" content=\"2 minutos\" \/>\n<script type=\"application\/ld+json\" class=\"yoast-schema-graph\">{\"@context\":\"https:\/\/schema.org\",\"@graph\":[{\"@type\":\"Article\",\"@id\":\"https:\/\/www.cmalleida.com\/es\/la-mediacion-denuncia-la-situacion-de-desamparo-en-la-que-se-encuentran-las-empresas-de-reciclaje-consejo-general\/#article\",\"isPartOf\":{\"@id\":\"https:\/\/www.cmalleida.com\/es\/la-mediacion-denuncia-la-situacion-de-desamparo-en-la-que-se-encuentran-las-empresas-de-reciclaje-consejo-general\/\"},\"author\":{\"name\":\"Antonieta Castells Dolcet\",\"@id\":\"https:\/\/www.cmalleida.com\/es\/#\/schema\/person\/7461453022a0d6ce41c1e530eb4443b4\"},\"headline\":\"La mediaci\u00f3n denuncia la situaci\u00f3n de desamparo en la que se encuentran las empresas de reciclaje (Consejo General)\",\"datePublished\":\"2022-02-11T10:02:35+00:00\",\"dateModified\":\"2022-02-11T10:03:22+00:00\",\"mainEntityOfPage\":{\"@id\":\"https:\/\/www.cmalleida.com\/es\/la-mediacion-denuncia-la-situacion-de-desamparo-en-la-que-se-encuentran-las-empresas-de-reciclaje-consejo-general\/\"},\"wordCount\":385,\"publisher\":{\"@id\":\"https:\/\/www.cmalleida.com\/es\/#organization\"},\"image\":{\"@id\":\"https:\/\/www.cmalleida.com\/es\/la-mediacion-denuncia-la-situacion-de-desamparo-en-la-que-se-encuentran-las-empresas-de-reciclaje-consejo-general\/#primaryimage\"},\"thumbnailUrl\":\"https:\/\/www.cmalleida.com\/wp-content\/uploads\/logo-sol-1.jpg\",\"articleSection\":[\"Actualidad\",\"Assegurances\"],\"inLanguage\":\"es\"},{\"@type\":\"WebPage\",\"@id\":\"https:\/\/www.cmalleida.com\/es\/la-mediacion-denuncia-la-situacion-de-desamparo-en-la-que-se-encuentran-las-empresas-de-reciclaje-consejo-general\/\",\"url\":\"https:\/\/www.cmalleida.com\/es\/la-mediacion-denuncia-la-situacion-de-desamparo-en-la-que-se-encuentran-las-empresas-de-reciclaje-consejo-general\/\",\"name\":\"La mediaci\u00f3n denuncia la situaci\u00f3n de desamparo en la que se encuentran las empresas de reciclaje (Consejo General) - Col\u00b7legi de Mediadors d&#039;Assegurances de Lleida\",\"isPartOf\":{\"@id\":\"https:\/\/www.cmalleida.com\/es\/#website\"},\"primaryImageOfPage\":{\"@id\":\"https:\/\/www.cmalleida.com\/es\/la-mediacion-denuncia-la-situacion-de-desamparo-en-la-que-se-encuentran-las-empresas-de-reciclaje-consejo-general\/#primaryimage\"},\"image\":{\"@id\":\"https:\/\/www.cmalleida.com\/es\/la-mediacion-denuncia-la-situacion-de-desamparo-en-la-que-se-encuentran-las-empresas-de-reciclaje-consejo-general\/#primaryimage\"},\"thumbnailUrl\":\"https:\/\/www.cmalleida.com\/wp-content\/uploads\/logo-sol-1.jpg\",\"datePublished\":\"2022-02-11T10:02:35+00:00\",\"dateModified\":\"2022-02-11T10:03:22+00:00\",\"breadcrumb\":{\"@id\":\"https:\/\/www.cmalleida.com\/es\/la-mediacion-denuncia-la-situacion-de-desamparo-en-la-que-se-encuentran-las-empresas-de-reciclaje-consejo-general\/#breadcrumb\"},\"inLanguage\":\"es\",\"potentialAction\":[{\"@type\":\"ReadAction\",\"target\":[\"https:\/\/www.cmalleida.com\/es\/la-mediacion-denuncia-la-situacion-de-desamparo-en-la-que-se-encuentran-las-empresas-de-reciclaje-consejo-general\/\"]}]},{\"@type\":\"ImageObject\",\"inLanguage\":\"es\",\"@id\":\"https:\/\/www.cmalleida.com\/es\/la-mediacion-denuncia-la-situacion-de-desamparo-en-la-que-se-encuentran-las-empresas-de-reciclaje-consejo-general\/#primaryimage\",\"url\":\"https:\/\/www.cmalleida.com\/wp-content\/uploads\/logo-sol-1.jpg\",\"contentUrl\":\"https:\/\/www.cmalleida.com\/wp-content\/uploads\/logo-sol-1.jpg\",\"width\":771,\"height\":866,\"caption\":\"LOGO SOL 1\"},{\"@type\":\"BreadcrumbList\",\"@id\":\"https:\/\/www.cmalleida.com\/es\/la-mediacion-denuncia-la-situacion-de-desamparo-en-la-que-se-encuentran-las-empresas-de-reciclaje-consejo-general\/#breadcrumb\",\"itemListElement\":[{\"@type\":\"ListItem\",\"position\":1,\"name\":\"Inici\",\"item\":\"https:\/\/www.cmalleida.com\/es\/\"},{\"@type\":\"ListItem\",\"position\":2,\"name\":\"La mediaci\u00f3n denuncia la situaci\u00f3n de desamparo en la que se encuentran las empresas de reciclaje (Consejo General)\"}]},{\"@type\":\"WebSite\",\"@id\":\"https:\/\/www.cmalleida.com\/es\/#website\",\"url\":\"https:\/\/www.cmalleida.com\/es\/\",\"name\":\"Col\u00b7legi de Mediadors d&#039;Assegurances de Lleida\",\"description\":\"Otro sitio realizado con WordPress\",\"publisher\":{\"@id\":\"https:\/\/www.cmalleida.com\/es\/#organization\"},\"potentialAction\":[{\"@type\":\"SearchAction\",\"target\":{\"@type\":\"EntryPoint\",\"urlTemplate\":\"https:\/\/www.cmalleida.com\/es\/?s={search_term_string}\"},\"query-input\":{\"@type\":\"PropertyValueSpecification\",\"valueRequired\":true,\"valueName\":\"search_term_string\"}}],\"inLanguage\":\"es\"},{\"@type\":\"Organization\",\"@id\":\"https:\/\/www.cmalleida.com\/es\/#organization\",\"name\":\"Col\u00b7legi de Mediadors d'Assegurances de Lleida\",\"url\":\"https:\/\/www.cmalleida.com\/es\/\",\"logo\":{\"@type\":\"ImageObject\",\"inLanguage\":\"es\",\"@id\":\"https:\/\/www.cmalleida.com\/es\/#\/schema\/logo\/image\/\",\"url\":\"\",\"contentUrl\":\"\",\"caption\":\"Col\u00b7legi de Mediadors d'Assegurances de Lleida\"},\"image\":{\"@id\":\"https:\/\/www.cmalleida.com\/es\/#\/schema\/logo\/image\/\"}},{\"@type\":\"Person\",\"@id\":\"https:\/\/www.cmalleida.com\/es\/#\/schema\/person\/7461453022a0d6ce41c1e530eb4443b4\",\"name\":\"Antonieta Castells Dolcet\",\"image\":{\"@type\":\"ImageObject\",\"inLanguage\":\"es\",\"@id\":\"https:\/\/secure.gravatar.com\/avatar\/7738df9a8ff2d12e8b37d088ff0e3e36016e57ab29e5db27ba4fb758a81ea3cb?s=96&d=mm&r=g\",\"url\":\"https:\/\/secure.gravatar.com\/avatar\/7738df9a8ff2d12e8b37d088ff0e3e36016e57ab29e5db27ba4fb758a81ea3cb?s=96&d=mm&r=g\",\"contentUrl\":\"https:\/\/secure.gravatar.com\/avatar\/7738df9a8ff2d12e8b37d088ff0e3e36016e57ab29e5db27ba4fb758a81ea3cb?s=96&d=mm&r=g\",\"caption\":\"Antonieta Castells Dolcet\"},\"sameAs\":[\"http:\/\/www.cmalleida.com\"]}]}<\/script>\n<!-- \/ Yoast SEO plugin. -->","yoast_head_json":{"title":"La mediaci\u00f3n denuncia la situaci\u00f3n de desamparo en la que se encuentran las empresas de reciclaje (Consejo General) - Col\u00b7legi de Mediadors d&#039;Assegurances de Lleida","robots":{"index":"index","follow":"follow","max-snippet":"max-snippet:-1","max-image-preview":"max-image-preview:large","max-video-preview":"max-video-preview:-1"},"canonical":"https:\/\/www.cmalleida.com\/es\/la-mediacion-denuncia-la-situacion-de-desamparo-en-la-que-se-encuentran-las-empresas-de-reciclaje-consejo-general\/","og_locale":"es_ES","og_type":"article","og_title":"La mediaci\u00f3n denuncia la situaci\u00f3n de desamparo en la que se encuentran las empresas de reciclaje (Consejo General) - Col\u00b7legi de Mediadors d&#039;Assegurances de Lleida","og_description":"La imposibilidad de aseguramiento compromete el \u00e9xito de la econom\u00eda circular 7\/2\/2022.- \u201cEl sector de reciclaje en Espa\u00f1a est\u00e1 en situaci\u00f3n de desamparo asegurador ante... Llegeix m\u00e9s","og_url":"https:\/\/www.cmalleida.com\/es\/la-mediacion-denuncia-la-situacion-de-desamparo-en-la-que-se-encuentran-las-empresas-de-reciclaje-consejo-general\/","og_site_name":"Col\u00b7legi de Mediadors d&#039;Assegurances de Lleida","article_published_time":"2022-02-11T10:02:35+00:00","article_modified_time":"2022-02-11T10:03:22+00:00","og_image":[{"width":771,"height":866,"url":"https:\/\/www.cmalleida.com\/wp-content\/uploads\/logo-sol-1.jpg","type":"image\/jpeg"}],"author":"Antonieta Castells Dolcet","twitter_card":"summary_large_image","twitter_misc":{"Written by":"Antonieta Castells Dolcet","Est. reading time":"2 minutos"},"schema":{"@context":"https:\/\/schema.org","@graph":[{"@type":"Article","@id":"https:\/\/www.cmalleida.com\/es\/la-mediacion-denuncia-la-situacion-de-desamparo-en-la-que-se-encuentran-las-empresas-de-reciclaje-consejo-general\/#article","isPartOf":{"@id":"https:\/\/www.cmalleida.com\/es\/la-mediacion-denuncia-la-situacion-de-desamparo-en-la-que-se-encuentran-las-empresas-de-reciclaje-consejo-general\/"},"author":{"name":"Antonieta Castells Dolcet","@id":"https:\/\/www.cmalleida.com\/es\/#\/schema\/person\/7461453022a0d6ce41c1e530eb4443b4"},"headline":"La mediaci\u00f3n denuncia la situaci\u00f3n de desamparo en la que se encuentran las empresas de reciclaje (Consejo General)","datePublished":"2022-02-11T10:02:35+00:00","dateModified":"2022-02-11T10:03:22+00:00","mainEntityOfPage":{"@id":"https:\/\/www.cmalleida.com\/es\/la-mediacion-denuncia-la-situacion-de-desamparo-en-la-que-se-encuentran-las-empresas-de-reciclaje-consejo-general\/"},"wordCount":385,"publisher":{"@id":"https:\/\/www.cmalleida.com\/es\/#organization"},"image":{"@id":"https:\/\/www.cmalleida.com\/es\/la-mediacion-denuncia-la-situacion-de-desamparo-en-la-que-se-encuentran-las-empresas-de-reciclaje-consejo-general\/#primaryimage"},"thumbnailUrl":"https:\/\/www.cmalleida.com\/wp-content\/uploads\/logo-sol-1.jpg","articleSection":["Actualidad","Assegurances"],"inLanguage":"es"},{"@type":"WebPage","@id":"https:\/\/www.cmalleida.com\/es\/la-mediacion-denuncia-la-situacion-de-desamparo-en-la-que-se-encuentran-las-empresas-de-reciclaje-consejo-general\/","url":"https:\/\/www.cmalleida.com\/es\/la-mediacion-denuncia-la-situacion-de-desamparo-en-la-que-se-encuentran-las-empresas-de-reciclaje-consejo-general\/","name":"La mediaci\u00f3n denuncia la situaci\u00f3n de desamparo en la que se encuentran las empresas de reciclaje (Consejo General) - Col\u00b7legi de Mediadors d&#039;Assegurances de Lleida","isPartOf":{"@id":"https:\/\/www.cmalleida.com\/es\/#website"},"primaryImageOfPage":{"@id":"https:\/\/www.cmalleida.com\/es\/la-mediacion-denuncia-la-situacion-de-desamparo-en-la-que-se-encuentran-las-empresas-de-reciclaje-consejo-general\/#primaryimage"},"image":{"@id":"https:\/\/www.cmalleida.com\/es\/la-mediacion-denuncia-la-situacion-de-desamparo-en-la-que-se-encuentran-las-empresas-de-reciclaje-consejo-general\/#primaryimage"},"thumbnailUrl":"https:\/\/www.cmalleida.com\/wp-content\/uploads\/logo-sol-1.jpg","datePublished":"2022-02-11T10:02:35+00:00","dateModified":"2022-02-11T10:03:22+00:00","breadcrumb":{"@id":"https:\/\/www.cmalleida.com\/es\/la-mediacion-denuncia-la-situacion-de-desamparo-en-la-que-se-encuentran-las-empresas-de-reciclaje-consejo-general\/#breadcrumb"},"inLanguage":"es","potentialAction":[{"@type":"ReadAction","target":["https:\/\/www.cmalleida.com\/es\/la-mediacion-denuncia-la-situacion-de-desamparo-en-la-que-se-encuentran-las-empresas-de-reciclaje-consejo-general\/"]}]},{"@type":"ImageObject","inLanguage":"es","@id":"https:\/\/www.cmalleida.com\/es\/la-mediacion-denuncia-la-situacion-de-desamparo-en-la-que-se-encuentran-las-empresas-de-reciclaje-consejo-general\/#primaryimage","url":"https:\/\/www.cmalleida.com\/wp-content\/uploads\/logo-sol-1.jpg","contentUrl":"https:\/\/www.cmalleida.com\/wp-content\/uploads\/logo-sol-1.jpg","width":771,"height":866,"caption":"LOGO SOL 1"},{"@type":"BreadcrumbList","@id":"https:\/\/www.cmalleida.com\/es\/la-mediacion-denuncia-la-situacion-de-desamparo-en-la-que-se-encuentran-las-empresas-de-reciclaje-consejo-general\/#breadcrumb","itemListElement":[{"@type":"ListItem","position":1,"name":"Inici","item":"https:\/\/www.cmalleida.com\/es\/"},{"@type":"ListItem","position":2,"name":"La mediaci\u00f3n denuncia la situaci\u00f3n de desamparo en la que se encuentran las empresas de reciclaje (Consejo General)"}]},{"@type":"WebSite","@id":"https:\/\/www.cmalleida.com\/es\/#website","url":"https:\/\/www.cmalleida.com\/es\/","name":"Col\u00b7legi de Mediadors d&#039;Assegurances de Lleida","description":"Otro sitio realizado con WordPress","publisher":{"@id":"https:\/\/www.cmalleida.com\/es\/#organization"},"potentialAction":[{"@type":"SearchAction","target":{"@type":"EntryPoint","urlTemplate":"https:\/\/www.cmalleida.com\/es\/?s={search_term_string}"},"query-input":{"@type":"PropertyValueSpecification","valueRequired":true,"valueName":"search_term_string"}}],"inLanguage":"es"},{"@type":"Organization","@id":"https:\/\/www.cmalleida.com\/es\/#organization","name":"Col\u00b7legi de Mediadors d'Assegurances de Lleida","url":"https:\/\/www.cmalleida.com\/es\/","logo":{"@type":"ImageObject","inLanguage":"es","@id":"https:\/\/www.cmalleida.com\/es\/#\/schema\/logo\/image\/","url":"","contentUrl":"","caption":"Col\u00b7legi de Mediadors d'Assegurances de Lleida"},"image":{"@id":"https:\/\/www.cmalleida.com\/es\/#\/schema\/logo\/image\/"}},{"@type":"Person","@id":"https:\/\/www.cmalleida.com\/es\/#\/schema\/person\/7461453022a0d6ce41c1e530eb4443b4","name":"Antonieta Castells Dolcet","image":{"@type":"ImageObject","inLanguage":"es","@id":"https:\/\/secure.gravatar.com\/avatar\/7738df9a8ff2d12e8b37d088ff0e3e36016e57ab29e5db27ba4fb758a81ea3cb?s=96&d=mm&r=g","url":"https:\/\/secure.gravatar.com\/avatar\/7738df9a8ff2d12e8b37d088ff0e3e36016e57ab29e5db27ba4fb758a81ea3cb?s=96&d=mm&r=g","contentUrl":"https:\/\/secure.gravatar.com\/avatar\/7738df9a8ff2d12e8b37d088ff0e3e36016e57ab29e5db27ba4fb758a81ea3cb?s=96&d=mm&r=g","caption":"Antonieta Castells Dolcet"},"sameAs":["http:\/\/www.cmalleida.com"]}]}},"_links":{"self":[{"href":"https:\/\/www.cmalleida.com\/es\/wp-json\/wp\/v2\/posts\/10226","targetHints":{"allow":["GET"]}}],"collection":[{"href":"https:\/\/www.cmalleida.com\/es\/wp-json\/wp\/v2\/posts"}],"about":[{"href":"https:\/\/www.cmalleida.com\/es\/wp-json\/wp\/v2\/types\/post"}],"author":[{"embeddable":true,"href":"https:\/\/www.cmalleida.com\/es\/wp-json\/wp\/v2\/users\/149"}],"replies":[{"embeddable":true,"href":"https:\/\/www.cmalleida.com\/es\/wp-json\/wp\/v2\/comments?post=10226"}],"version-history":[{"count":1,"href":"https:\/\/www.cmalleida.com\/es\/wp-json\/wp\/v2\/posts\/10226\/revisions"}],"predecessor-version":[{"id":10227,"href":"https:\/\/www.cmalleida.com\/es\/wp-json\/wp\/v2\/posts\/10226\/revisions\/10227"}],"wp:featuredmedia":[{"embeddable":true,"href":"https:\/\/www.cmalleida.com\/es\/wp-json\/wp\/v2\/media\/8789"}],"wp:attachment":[{"href":"https:\/\/www.cmalleida.com\/es\/wp-json\/wp\/v2\/media?parent=10226"}],"wp:term":[{"taxonomy":"category","embeddable":true,"href":"https:\/\/www.cmalleida.com\/es\/wp-json\/wp\/v2\/categories?post=10226"},{"taxonomy":"post_tag","embeddable":true,"href":"https:\/\/www.cmalleida.com\/es\/wp-json\/wp\/v2\/tags?post=10226"}],"curies":[{"name":"wp","href":"https:\/\/api.w.org\/{rel}","templated":true}]}}