{"id":10221,"date":"2022-02-11T10:45:11","date_gmt":"2022-02-11T09:45:11","guid":{"rendered":"https:\/\/www.cmalleida.com\/?p=10221"},"modified":"2022-02-11T10:45:11","modified_gmt":"2022-02-11T09:45:11","slug":"los-empresarios-afectados-por-el-volcan-de-la-palma-podran-reclamar-por-la-perdida-de-beneficios-confilegal","status":"publish","type":"post","link":"https:\/\/www.cmalleida.com\/es\/los-empresarios-afectados-por-el-volcan-de-la-palma-podran-reclamar-por-la-perdida-de-beneficios-confilegal\/","title":{"rendered":"Los empresarios afectados por el volc\u00e1n de La Palma podr\u00e1n reclamar por la p\u00e9rdida de beneficios (Confilegal)"},"content":{"rendered":"<h4 class=\"subtitulo mb-4 order-2\">Hasta ahora todos los damnificados han recibido 114 millones de euros del Consorcio de Compensaci\u00f3n de Seguros<\/h4>\n<div class=\"info-extra d-flex mb-2 order-4\">\n<div class=\"contenedor-info-extra d-flex order\">\n<div class=\"author\"><a class=\"titulos\" href=\"https:\/\/confilegal.com\/autor\/luis-javier-sanchez\/\">Luis Javier S\u00e1nchez\u00a0\u00a0\u00a0<\/a>11\/2\/2022 06:48\u00a0 \u00a0Actualizado: 11\/2\/2022 01:12<\/div>\n<\/div>\n<\/div>\n<div class=\"row order-12\">\n<div class=\"col-lg-9 contenido-principal entrada d-flex flex-column\">\n<div class=\"contenedor-compartir d-flex order-11\">\n<p>La extinci\u00f3n del volc\u00e1n de La Palma hace volver a la realidad a los habitantes de la zona. Ahora, muchos tendr\u00e1n la oportunidad reclamar la p\u00e9rdida de beneficios por sus negocios paralizados, al igual que se ha hecho con el Covid-19.<\/p>\n<div class=\"contenido post-299885 post type-post status-publish format-standard has-post-thumbnail hentry category-politica tag-abogados-de-seguros tag-aseguradoras tag-bird-bird tag-indemnizacion tag-javier-lopez-y-garcia-de-la-serrana tag-ley-de-contrato-de-seguro tag-seguros tag-volcan-cumbre-vieja tag-volcan-de-la-palma pmpro-has-access\">\n<p>Mientras tanto, hasta el 7 de febrero de 2022, el\u00a0<a href=\"https:\/\/www.consorseguros.es\/web\/inicio\" target=\"_blank\" rel=\"noreferrer noopener\">Consorcio de Compensaci\u00f3n de Seguros (CCS)<\/a>\u00a0ha abonado un total de<strong>\u00a0113.691.190 euros a asegurados afectados<\/strong>\u00a0por el volc\u00e1n, seg\u00fan ha informado el propio Consorcio en una nota informativa que publica en su web.<\/p>\n<p>La indemnizaci\u00f3n media abonada por vivienda es de 97.439 euros; en el caso de los comercios, hoteles, locales de oficina y otros inmuebles p\u00fablicos o privados de uso no industrial, la indemnizaci\u00f3n media asciende a 118.861 euros; en las industrias es de 185.332 euros; y en los veh\u00edculos, de 3.578 euros.<\/p>\n<p>En conjunto, el importe medio abonado por solicitud de indemnizaci\u00f3n es, hasta el momento, de 90.008 euros.<\/p>\n<div class=\"code-block code-block-13 ai-viewport-1 ai-viewport-3\">\n<div>\n<div id=\"sas_62981\">Por da\u00f1os a autom\u00f3viles (135 en estos momentos), el CCS ha abonado 507.365 euros, por lo que el importe medio abonado asciende a 3.578 euros.<\/div>\n<\/div>\n<\/div>\n<p>Tambi\u00e9n ha indemnizado a asegurados por da\u00f1os en 115 comercios, hoteles, locales de oficina y otros inmuebles p\u00fablicos o privados de uso no industrial,\u00a0<strong>elev\u00e1ndose la indemnizaci\u00f3n total abonada a 13.332.507 euros<\/strong>, con un importe medio que se sit\u00faa en 118.861 euros.<\/p>\n<p>Por \u00faltimo,\u00a0<strong>ha pagado 2.409.318 euros por da\u00f1os en 13 industrias<\/strong>, con un importe medio que aumenta hasta los 185.332 euros.<\/p>\n<aside class=\"fspf borde\">\n<article>\n<div class=\"fspf-superior d-flex flex-column flex-md-row align-items-center\">\n<div class=\"fspf-title ml-2 font-weight-bold\">En total, <strong>el CCS ha recibido hasta ahora 4.344 solicitudes de indemnizaci\u00f3n<\/strong>: 3.654 por da\u00f1os en viviendas; 278, en autom\u00f3viles; 372, en comercios, hoteles y locales de oficina; y 40, en industrias.<\/div>\n<\/div>\n<\/article>\n<\/aside>\n<p>De todas las solicitudes recibidas, el CCS ya ha tramitado e indemnizado 1.262 solicitudes, pero precisa que\u00a0<strong>249 no se han podido admitir a tramitaci\u00f3n y pago tras examinar la documentaci\u00f3n correspondiente<\/strong>, descart\u00e1ndose por diversos motivos.<\/p>\n<p>As\u00ed, se habla de la existencia de carencia al no haber transcurrido el plazo legal de 7 d\u00edas entre la fecha de emisi\u00f3n del contrato y la fecha en la que, de acuerdo con las verificaciones realizadas por el CCS, se produjo efectivamente el da\u00f1o al bien asegurado o la falta de cobertura en el contrato de seguro de la inhabitabilidad de la vivienda o de la p\u00e9rdida de alquileres por su arrendamiento.<\/p>\n<p>Otros motivos, de menor frecuencia que los anteriores, son que\u00a0<strong>los da\u00f1os fueron ocasionados en producciones agropecuarias<\/strong>\u00a0no susceptibles de indemnizaci\u00f3n por el seguro de riesgos extraordinarios, el abandono por el propio asegurado de la solicitud de indemnizaci\u00f3n inicialmente presentada, la inexistencia de seguro en la fecha en que se produjeron los da\u00f1os o duplicidades en la presentaci\u00f3n de la solicitud.<\/p>\n<div class=\"code-block code-block-17 ai-viewport-1 ai-viewport-3\">\n<div>\n<h3 id=\"sas_62982\"><strong>DA\u00d1OS MUY DIVERSOS COMPENSADOS<\/strong><\/h3>\n<\/div>\n<\/div>\n<p><strong>Javier Lopez y Garc\u00eda de la Serrana,<\/strong>\u00a0fundador y director de HispaColex Bufete Jur\u00eddico, apunta que conviene saber que en todas las p\u00f3lizas contratadas de hogar o de autom\u00f3vil, existe un recargo que abonamos dentro de la prima a favor del Consorcio de Compensaci\u00f3n de Seguros, y que supone la activaci\u00f3n de la cobertura del Consorcio, en aquellos casos en los que se produzca un fen\u00f3meno extraordinario, como el volc\u00e1n, y est\u00e9 cubierto por dicho Consorcio.<\/p>\n<p>\u201cLas entidades aseguradoras privadas est\u00e1n obligadas a cobrar estos recargos junto con la prima del seguro y liquidarlo posteriormente al Consorcio\u201d, comenta.<\/p>\n<p>Este experto aclara que \u201cel Consorcio de Compensaci\u00f3n de Seguros ha indemnizado a las v\u00edctimas del volc\u00e1n de La Palma que ten\u00edan asegurados sus bienes con cobertura de da\u00f1os personales en los asegurados, tambi\u00e9n da\u00f1os en los bienes asegurados: viviendas; autom\u00f3viles; veh\u00edculos agr\u00edcolas o industriales, locales; naves, o en establecimientos comerciales, entre otros\u00bb.<\/p>\n<p>Asimismo, \u00abp\u00e9rdida de alquileres y gastos de alojamiento por inhabitabilidad de la vivienda. Y por \u00faltimo, p\u00e9rdida de beneficios por la paralizaci\u00f3n de establecimientos comerciales, de servicios o industriales, etc. Y<strong>a sea por la destrucci\u00f3n de establecimiento o por da\u00f1os por ceniza, siempre y cuando est\u00e9 pactado en p\u00f3liza<\/strong>\u00ab.<\/p>\n<p>Este jurista recuerda que \u201cel CCS ha indemnizado de acuerdo con los capitales asegurados y seg\u00fan las cl\u00e1usulas del contrato de seguro en vigor, por lo que es conveniente ponerse en contacto con las aseguradoras para conocer las coberturas, pues dif\u00edcilmente los asegurados se habr\u00e1n llevado las p\u00f3lizas en la evacuaci\u00f3n\u201d.<\/p>\n<p>\u201cEsto ha generado que por ello se han estado ofreciendo por dichas entidades\u00a0<strong>un servicio de asesoramiento legal de profesionales especializados<\/strong>\u00a0en este tipo de siniestros dada su complejidad\u201d, indica.<\/p>\n<p>Tambi\u00e9n aclara que \u201c<strong>las ayudas p\u00fablicas s\u00ed son compatibles con las indemnizaciones del segur<\/strong>o, siempre que, sumado el importe de la ayuda al de la indemnizaci\u00f3n por seguro, no se exceda del valor del da\u00f1o causado, ya que si se excediera, se producir\u00eda un enriquecimiento an\u00f3malo en el afectado\u201d.<\/p>\n<p>\u201cDe ah\u00ed que la legislaci\u00f3n contemple expresamente el intercambio de informaci\u00f3n entre el CCS y los \u00f3rganos de la Administraci\u00f3n que gestionan las ayudas para evitar duplicidades en conceptos abonados o cuant\u00edas en las ayudas que excedan de ese l\u00edmite\u201d, destaca.<\/p>\n<p>En su opini\u00f3n, \u201chemos visto como el seguro se hace vital en este tipo de dramas,\u00a0<strong>aunque deber\u00eda tenerse presente siempre como un \u2018ant\u00eddoto del riesgo\u2019\u00a0<\/strong>o un elemento socializador de la desdicha humana\u201d.<\/p>\n<p>Otra cuesti\u00f3n que destaca es que \u201ccon independencia de la agilidad del Consorcio de Compensaci\u00f3n de Seguros para indemnizar en todos los supuestos de p\u00e9rdida parcial o total de los bienes asegurados,\u00a0<strong>se abre un mundo de reclamaciones referidas a la p\u00e9rdida de beneficios<\/strong>\u00ab.<\/p>\n<p>A su juicio \u201cno solo de aquellos que han sido afectados directamente por la lava del volc\u00e1n, sino de todos los establecimientos e industrias de La Palma que han visto paralizada su actividad como consecuencia de las cenizas del volc\u00e1n\u201d.<\/p>\n<h3 id=\"pocas-solicitudes-rechazadas\"><strong>POCAS SOLICITUDES RECHAZADAS<\/strong><\/h3>\n<p>Por su parte,\u00a0<strong>Luis Alfonso Fern\u00e1ndez,<\/strong>\u00a0socio\u00a0responsable del \u00e1rea de seguros y reaseguros de Bird &amp; Bird en Espa\u00f1a, \u201c<strong>puede\u00a0llamar la atenci\u00f3n el n\u00famero de rechazos<\/strong>, que es bajo (5,7% si tenemos en cuenta todas las solicitudes recibidas y algo menos del 20% si tenemos en cuenta las tramitadas hasta la fecha)\u201d.<\/p>\n<p>Tambi\u00e9n indica que la peculiaridad que s\u00ed se puede observar es que una parte de los rechazos se debe a que\u00a0<strong>los da\u00f1os se produjeron durante el periodo de carencia de 7 d\u00edas<\/strong>\u00a0desde la contrataci\u00f3n de la p\u00f3liza, que es una peculiaridad de la cobertura del CCS.<\/p>\n<p>Este experto recuerda que \u00aben cualquier caso, los perjudicados dispondr\u00e1n de 2 a\u00f1os para reclamar la cobertura con base en los\u00a0<a href=\"https:\/\/confilegal.com\/actualidad\/seguros\/\" target=\"_blank\" rel=\"noreferrer noopener\">seguros<\/a>\u00a0de da\u00f1os contratados, es el plazo que establece con car\u00e1cter general el art\u00edculo 23 de la Ley de Contrato de Seguro para las acciones que deriven de los seguros de da\u00f1os\u00bb.<\/p>\n<p>Fern\u00e1ndez indica que hasta que no se resuelvan todas las reclamaciones en un sentido u otro (con el pago de la indemnizaci\u00f3n correspondiente o el rechazo del siniestro)\u00a0<strong>la labor del CCS no habr\u00e1 concluido<\/strong>, pero al ritmo de resoluci\u00f3n de reclamaciones que llevan, en unos pocos meses se habr\u00e1 resuelto la inmensa mayor\u00eda de ellas.<\/p>\n<p>Este jurista recuerda que\u00a0<strong>el CCS cumple en Espa\u00f1a una funci\u00f3n que en otros pa\u00edses de nuestro entorno se deja exclusivamente en manos de las aseguradoras privadas<\/strong>\u00a0(sobre todo para la cobertura de riesgos naturales catastr\u00f3ficos) o bien existe una intervenci\u00f3n p\u00fablica de mayor o menor intensidad, pero en ning\u00fan caso asimilable a la que desarrolla el CCS.<\/p>\n<p>As\u00ed comenta que \u201cesto hace \u00a0que se convierte de facto en una aseguradora \u201cordinaria\u201d cuando se produce un fen\u00f3meno natural extraordinario o un acontecimiento de car\u00e1cter pol\u00edtico o social de los previstos en el Reglamento de Riesgos Extraordinarios, aprobado por el Real Decreto 300\/2004, de 20 de febrero\u201d.<\/p>\n<p>Nuestro interlocutor indica que \u201ceste Reglamento determina el \u00e1mbito de actuaci\u00f3n y la cobertura del CCS que, obviamente, no cubre todos los da\u00f1os que se puedan producir como consecuencia de, por ejemplo, una erupci\u00f3n volc\u00e1nica\u201d.<\/p>\n<p>\u201cDe hecho, lo primero que tiene que suceder es que esa erupci\u00f3n encaje en la definici\u00f3n contenida en el Reglamento, que exige que\u00a0<strong>estemos ante un escape de material s\u00f3lido, l\u00edquido o gaseoso arrojado por un volc\u00e1n<\/strong>\u201d, aclara.<\/p>\n<p>Tambi\u00e9n comenta que \u201cesta definici\u00f3n fue modificada en 2004, quedando redactada en t\u00e9rminos amplios, de forma que\u00a0<strong>no hay duda de que las consecuencias del escape de materiales de un volc\u00e1n<\/strong>, como podr\u00edan ser incendios y explosiones, estar\u00e1n cubiertas por el CCS\u00bb.<\/p>\n<p>Al mismo tiempo subraya que \u201cquien haya visto rechazada su reclamaci\u00f3n puede reclamar contra el CCS ante los tribunales civiles como si se tratase de una aseguradora privada, es decir,\u00a0<strong>a pesar de su naturaleza de entidad p\u00fablica empresarial<\/strong>, de las demandas contra el CCS no conocer\u00e1 la jurisdicci\u00f3n contencioso-administrativa, sino la civil\u201d.<\/p>\n<\/div>\n<\/div>\n<\/div>\n<\/div>\n","protected":false},"excerpt":{"rendered":"<p>Hasta ahora todos los damnificados han recibido 114 millones de euros del Consorcio de Compensaci\u00f3n de Seguros Luis Javier S\u00e1nchez\u00a0\u00a0\u00a011\/2\/2022 06:48\u00a0 \u00a0Actualizado: 11\/2\/2022 01:12 La&#8230; <a href=\"https:\/\/www.cmalleida.com\/es\/los-empresarios-afectados-por-el-volcan-de-la-palma-podran-reclamar-por-la-perdida-de-beneficios-confilegal\/\" rel=\"nofollow\" class=\"lollegirmes\">Llegeix m\u00e9s<\/a><\/p>\n","protected":false},"author":149,"featured_media":9552,"comment_status":"closed","ping_status":"closed","sticky":false,"template":"","format":"standard","meta":{"_acf_changed":false,"_genesis_hide_title":false,"_genesis_hide_breadcrumbs":false,"_genesis_hide_singular_image":false,"_genesis_hide_footer_widgets":false,"_genesis_custom_body_class":"","_genesis_custom_post_class":"","_genesis_layout":"","footnotes":""},"categories":[28,125,126],"tags":[],"class_list":{"0":"post-10221","1":"post","2":"type-post","3":"status-publish","4":"format-standard","5":"has-post-thumbnail","7":"category-actualidad","8":"category-assegurances-es","9":"category-indemnitzacions-es","10":"entry"},"acf":[],"yoast_head":"<!-- This site is optimized with the Yoast SEO plugin v27.2 - https:\/\/yoast.com\/product\/yoast-seo-wordpress\/ -->\n<title>Los empresarios afectados por el volc\u00e1n de La Palma podr\u00e1n reclamar por la p\u00e9rdida de beneficios (Confilegal) - Col\u00b7legi de Mediadors d&#039;Assegurances de Lleida<\/title>\n<meta name=\"robots\" content=\"index, follow, max-snippet:-1, max-image-preview:large, max-video-preview:-1\" \/>\n<link rel=\"canonical\" href=\"https:\/\/www.cmalleida.com\/es\/los-empresarios-afectados-por-el-volcan-de-la-palma-podran-reclamar-por-la-perdida-de-beneficios-confilegal\/\" \/>\n<meta property=\"og:locale\" content=\"es_ES\" \/>\n<meta property=\"og:type\" content=\"article\" \/>\n<meta property=\"og:title\" content=\"Los empresarios afectados por el volc\u00e1n de La Palma podr\u00e1n reclamar por la p\u00e9rdida de beneficios (Confilegal) - Col\u00b7legi de Mediadors d&#039;Assegurances de Lleida\" \/>\n<meta property=\"og:description\" content=\"Hasta ahora todos los damnificados han recibido 114 millones de euros del Consorcio de Compensaci\u00f3n de Seguros Luis Javier S\u00e1nchez\u00a0\u00a0\u00a011\/2\/2022 06:48\u00a0 \u00a0Actualizado: 11\/2\/2022 01:12 La... Llegeix m\u00e9s\" \/>\n<meta property=\"og:url\" content=\"https:\/\/www.cmalleida.com\/es\/los-empresarios-afectados-por-el-volcan-de-la-palma-podran-reclamar-por-la-perdida-de-beneficios-confilegal\/\" \/>\n<meta property=\"og:site_name\" content=\"Col\u00b7legi de Mediadors d&#039;Assegurances de Lleida\" \/>\n<meta property=\"article:published_time\" content=\"2022-02-11T09:45:11+00:00\" \/>\n<meta property=\"og:image\" content=\"https:\/\/www.cmalleida.com\/wp-content\/uploads\/captura-55.png\" \/>\n\t<meta property=\"og:image:width\" content=\"438\" \/>\n\t<meta property=\"og:image:height\" content=\"379\" \/>\n\t<meta property=\"og:image:type\" content=\"image\/png\" \/>\n<meta name=\"author\" content=\"Antonieta Castells Dolcet\" \/>\n<meta name=\"twitter:card\" content=\"summary_large_image\" \/>\n<meta name=\"twitter:label1\" content=\"Written by\" \/>\n\t<meta name=\"twitter:data1\" content=\"Antonieta Castells Dolcet\" \/>\n\t<meta name=\"twitter:label2\" content=\"Est. reading time\" \/>\n\t<meta name=\"twitter:data2\" content=\"8 minutos\" \/>\n<script type=\"application\/ld+json\" class=\"yoast-schema-graph\">{\"@context\":\"https:\/\/schema.org\",\"@graph\":[{\"@type\":\"Article\",\"@id\":\"https:\/\/www.cmalleida.com\/es\/los-empresarios-afectados-por-el-volcan-de-la-palma-podran-reclamar-por-la-perdida-de-beneficios-confilegal\/#article\",\"isPartOf\":{\"@id\":\"https:\/\/www.cmalleida.com\/es\/los-empresarios-afectados-por-el-volcan-de-la-palma-podran-reclamar-por-la-perdida-de-beneficios-confilegal\/\"},\"author\":{\"name\":\"Antonieta Castells Dolcet\",\"@id\":\"https:\/\/www.cmalleida.com\/es\/#\/schema\/person\/7461453022a0d6ce41c1e530eb4443b4\"},\"headline\":\"Los empresarios afectados por el volc\u00e1n de La Palma podr\u00e1n reclamar por la p\u00e9rdida de beneficios (Confilegal)\",\"datePublished\":\"2022-02-11T09:45:11+00:00\",\"mainEntityOfPage\":{\"@id\":\"https:\/\/www.cmalleida.com\/es\/los-empresarios-afectados-por-el-volcan-de-la-palma-podran-reclamar-por-la-perdida-de-beneficios-confilegal\/\"},\"wordCount\":1568,\"publisher\":{\"@id\":\"https:\/\/www.cmalleida.com\/es\/#organization\"},\"image\":{\"@id\":\"https:\/\/www.cmalleida.com\/es\/los-empresarios-afectados-por-el-volcan-de-la-palma-podran-reclamar-por-la-perdida-de-beneficios-confilegal\/#primaryimage\"},\"thumbnailUrl\":\"https:\/\/www.cmalleida.com\/wp-content\/uploads\/captura-55.png\",\"articleSection\":[\"Actualidad\",\"Assegurances\",\"Indemnitzacions\"],\"inLanguage\":\"es\"},{\"@type\":\"WebPage\",\"@id\":\"https:\/\/www.cmalleida.com\/es\/los-empresarios-afectados-por-el-volcan-de-la-palma-podran-reclamar-por-la-perdida-de-beneficios-confilegal\/\",\"url\":\"https:\/\/www.cmalleida.com\/es\/los-empresarios-afectados-por-el-volcan-de-la-palma-podran-reclamar-por-la-perdida-de-beneficios-confilegal\/\",\"name\":\"Los empresarios afectados por el volc\u00e1n de La Palma podr\u00e1n reclamar por la p\u00e9rdida de beneficios (Confilegal) - Col\u00b7legi de Mediadors d&#039;Assegurances de Lleida\",\"isPartOf\":{\"@id\":\"https:\/\/www.cmalleida.com\/es\/#website\"},\"primaryImageOfPage\":{\"@id\":\"https:\/\/www.cmalleida.com\/es\/los-empresarios-afectados-por-el-volcan-de-la-palma-podran-reclamar-por-la-perdida-de-beneficios-confilegal\/#primaryimage\"},\"image\":{\"@id\":\"https:\/\/www.cmalleida.com\/es\/los-empresarios-afectados-por-el-volcan-de-la-palma-podran-reclamar-por-la-perdida-de-beneficios-confilegal\/#primaryimage\"},\"thumbnailUrl\":\"https:\/\/www.cmalleida.com\/wp-content\/uploads\/captura-55.png\",\"datePublished\":\"2022-02-11T09:45:11+00:00\",\"breadcrumb\":{\"@id\":\"https:\/\/www.cmalleida.com\/es\/los-empresarios-afectados-por-el-volcan-de-la-palma-podran-reclamar-por-la-perdida-de-beneficios-confilegal\/#breadcrumb\"},\"inLanguage\":\"es\",\"potentialAction\":[{\"@type\":\"ReadAction\",\"target\":[\"https:\/\/www.cmalleida.com\/es\/los-empresarios-afectados-por-el-volcan-de-la-palma-podran-reclamar-por-la-perdida-de-beneficios-confilegal\/\"]}]},{\"@type\":\"ImageObject\",\"inLanguage\":\"es\",\"@id\":\"https:\/\/www.cmalleida.com\/es\/los-empresarios-afectados-por-el-volcan-de-la-palma-podran-reclamar-por-la-perdida-de-beneficios-confilegal\/#primaryimage\",\"url\":\"https:\/\/www.cmalleida.com\/wp-content\/uploads\/captura-55.png\",\"contentUrl\":\"https:\/\/www.cmalleida.com\/wp-content\/uploads\/captura-55.png\",\"width\":438,\"height\":379,\"caption\":\"Captura\"},{\"@type\":\"BreadcrumbList\",\"@id\":\"https:\/\/www.cmalleida.com\/es\/los-empresarios-afectados-por-el-volcan-de-la-palma-podran-reclamar-por-la-perdida-de-beneficios-confilegal\/#breadcrumb\",\"itemListElement\":[{\"@type\":\"ListItem\",\"position\":1,\"name\":\"Inici\",\"item\":\"https:\/\/www.cmalleida.com\/es\/\"},{\"@type\":\"ListItem\",\"position\":2,\"name\":\"Los empresarios afectados por el volc\u00e1n de La Palma podr\u00e1n reclamar por la p\u00e9rdida de beneficios (Confilegal)\"}]},{\"@type\":\"WebSite\",\"@id\":\"https:\/\/www.cmalleida.com\/es\/#website\",\"url\":\"https:\/\/www.cmalleida.com\/es\/\",\"name\":\"Col\u00b7legi de Mediadors d&#039;Assegurances de Lleida\",\"description\":\"Otro sitio realizado con WordPress\",\"publisher\":{\"@id\":\"https:\/\/www.cmalleida.com\/es\/#organization\"},\"potentialAction\":[{\"@type\":\"SearchAction\",\"target\":{\"@type\":\"EntryPoint\",\"urlTemplate\":\"https:\/\/www.cmalleida.com\/es\/?s={search_term_string}\"},\"query-input\":{\"@type\":\"PropertyValueSpecification\",\"valueRequired\":true,\"valueName\":\"search_term_string\"}}],\"inLanguage\":\"es\"},{\"@type\":\"Organization\",\"@id\":\"https:\/\/www.cmalleida.com\/es\/#organization\",\"name\":\"Col\u00b7legi de Mediadors d'Assegurances de Lleida\",\"url\":\"https:\/\/www.cmalleida.com\/es\/\",\"logo\":{\"@type\":\"ImageObject\",\"inLanguage\":\"es\",\"@id\":\"https:\/\/www.cmalleida.com\/es\/#\/schema\/logo\/image\/\",\"url\":\"\",\"contentUrl\":\"\",\"caption\":\"Col\u00b7legi de Mediadors d'Assegurances de Lleida\"},\"image\":{\"@id\":\"https:\/\/www.cmalleida.com\/es\/#\/schema\/logo\/image\/\"}},{\"@type\":\"Person\",\"@id\":\"https:\/\/www.cmalleida.com\/es\/#\/schema\/person\/7461453022a0d6ce41c1e530eb4443b4\",\"name\":\"Antonieta Castells Dolcet\",\"image\":{\"@type\":\"ImageObject\",\"inLanguage\":\"es\",\"@id\":\"https:\/\/secure.gravatar.com\/avatar\/7738df9a8ff2d12e8b37d088ff0e3e36016e57ab29e5db27ba4fb758a81ea3cb?s=96&d=mm&r=g\",\"url\":\"https:\/\/secure.gravatar.com\/avatar\/7738df9a8ff2d12e8b37d088ff0e3e36016e57ab29e5db27ba4fb758a81ea3cb?s=96&d=mm&r=g\",\"contentUrl\":\"https:\/\/secure.gravatar.com\/avatar\/7738df9a8ff2d12e8b37d088ff0e3e36016e57ab29e5db27ba4fb758a81ea3cb?s=96&d=mm&r=g\",\"caption\":\"Antonieta Castells Dolcet\"},\"sameAs\":[\"http:\/\/www.cmalleida.com\"]}]}<\/script>\n<!-- \/ Yoast SEO plugin. -->","yoast_head_json":{"title":"Los empresarios afectados por el volc\u00e1n de La Palma podr\u00e1n reclamar por la p\u00e9rdida de beneficios (Confilegal) - Col\u00b7legi de Mediadors d&#039;Assegurances de Lleida","robots":{"index":"index","follow":"follow","max-snippet":"max-snippet:-1","max-image-preview":"max-image-preview:large","max-video-preview":"max-video-preview:-1"},"canonical":"https:\/\/www.cmalleida.com\/es\/los-empresarios-afectados-por-el-volcan-de-la-palma-podran-reclamar-por-la-perdida-de-beneficios-confilegal\/","og_locale":"es_ES","og_type":"article","og_title":"Los empresarios afectados por el volc\u00e1n de La Palma podr\u00e1n reclamar por la p\u00e9rdida de beneficios (Confilegal) - Col\u00b7legi de Mediadors d&#039;Assegurances de Lleida","og_description":"Hasta ahora todos los damnificados han recibido 114 millones de euros del Consorcio de Compensaci\u00f3n de Seguros Luis Javier S\u00e1nchez\u00a0\u00a0\u00a011\/2\/2022 06:48\u00a0 \u00a0Actualizado: 11\/2\/2022 01:12 La... Llegeix m\u00e9s","og_url":"https:\/\/www.cmalleida.com\/es\/los-empresarios-afectados-por-el-volcan-de-la-palma-podran-reclamar-por-la-perdida-de-beneficios-confilegal\/","og_site_name":"Col\u00b7legi de Mediadors d&#039;Assegurances de Lleida","article_published_time":"2022-02-11T09:45:11+00:00","og_image":[{"width":438,"height":379,"url":"https:\/\/www.cmalleida.com\/wp-content\/uploads\/captura-55.png","type":"image\/png"}],"author":"Antonieta Castells Dolcet","twitter_card":"summary_large_image","twitter_misc":{"Written by":"Antonieta Castells Dolcet","Est. reading time":"8 minutos"},"schema":{"@context":"https:\/\/schema.org","@graph":[{"@type":"Article","@id":"https:\/\/www.cmalleida.com\/es\/los-empresarios-afectados-por-el-volcan-de-la-palma-podran-reclamar-por-la-perdida-de-beneficios-confilegal\/#article","isPartOf":{"@id":"https:\/\/www.cmalleida.com\/es\/los-empresarios-afectados-por-el-volcan-de-la-palma-podran-reclamar-por-la-perdida-de-beneficios-confilegal\/"},"author":{"name":"Antonieta Castells Dolcet","@id":"https:\/\/www.cmalleida.com\/es\/#\/schema\/person\/7461453022a0d6ce41c1e530eb4443b4"},"headline":"Los empresarios afectados por el volc\u00e1n de La Palma podr\u00e1n reclamar por la p\u00e9rdida de beneficios (Confilegal)","datePublished":"2022-02-11T09:45:11+00:00","mainEntityOfPage":{"@id":"https:\/\/www.cmalleida.com\/es\/los-empresarios-afectados-por-el-volcan-de-la-palma-podran-reclamar-por-la-perdida-de-beneficios-confilegal\/"},"wordCount":1568,"publisher":{"@id":"https:\/\/www.cmalleida.com\/es\/#organization"},"image":{"@id":"https:\/\/www.cmalleida.com\/es\/los-empresarios-afectados-por-el-volcan-de-la-palma-podran-reclamar-por-la-perdida-de-beneficios-confilegal\/#primaryimage"},"thumbnailUrl":"https:\/\/www.cmalleida.com\/wp-content\/uploads\/captura-55.png","articleSection":["Actualidad","Assegurances","Indemnitzacions"],"inLanguage":"es"},{"@type":"WebPage","@id":"https:\/\/www.cmalleida.com\/es\/los-empresarios-afectados-por-el-volcan-de-la-palma-podran-reclamar-por-la-perdida-de-beneficios-confilegal\/","url":"https:\/\/www.cmalleida.com\/es\/los-empresarios-afectados-por-el-volcan-de-la-palma-podran-reclamar-por-la-perdida-de-beneficios-confilegal\/","name":"Los empresarios afectados por el volc\u00e1n de La Palma podr\u00e1n reclamar por la p\u00e9rdida de beneficios (Confilegal) - Col\u00b7legi de Mediadors d&#039;Assegurances de Lleida","isPartOf":{"@id":"https:\/\/www.cmalleida.com\/es\/#website"},"primaryImageOfPage":{"@id":"https:\/\/www.cmalleida.com\/es\/los-empresarios-afectados-por-el-volcan-de-la-palma-podran-reclamar-por-la-perdida-de-beneficios-confilegal\/#primaryimage"},"image":{"@id":"https:\/\/www.cmalleida.com\/es\/los-empresarios-afectados-por-el-volcan-de-la-palma-podran-reclamar-por-la-perdida-de-beneficios-confilegal\/#primaryimage"},"thumbnailUrl":"https:\/\/www.cmalleida.com\/wp-content\/uploads\/captura-55.png","datePublished":"2022-02-11T09:45:11+00:00","breadcrumb":{"@id":"https:\/\/www.cmalleida.com\/es\/los-empresarios-afectados-por-el-volcan-de-la-palma-podran-reclamar-por-la-perdida-de-beneficios-confilegal\/#breadcrumb"},"inLanguage":"es","potentialAction":[{"@type":"ReadAction","target":["https:\/\/www.cmalleida.com\/es\/los-empresarios-afectados-por-el-volcan-de-la-palma-podran-reclamar-por-la-perdida-de-beneficios-confilegal\/"]}]},{"@type":"ImageObject","inLanguage":"es","@id":"https:\/\/www.cmalleida.com\/es\/los-empresarios-afectados-por-el-volcan-de-la-palma-podran-reclamar-por-la-perdida-de-beneficios-confilegal\/#primaryimage","url":"https:\/\/www.cmalleida.com\/wp-content\/uploads\/captura-55.png","contentUrl":"https:\/\/www.cmalleida.com\/wp-content\/uploads\/captura-55.png","width":438,"height":379,"caption":"Captura"},{"@type":"BreadcrumbList","@id":"https:\/\/www.cmalleida.com\/es\/los-empresarios-afectados-por-el-volcan-de-la-palma-podran-reclamar-por-la-perdida-de-beneficios-confilegal\/#breadcrumb","itemListElement":[{"@type":"ListItem","position":1,"name":"Inici","item":"https:\/\/www.cmalleida.com\/es\/"},{"@type":"ListItem","position":2,"name":"Los empresarios afectados por el volc\u00e1n de La Palma podr\u00e1n reclamar por la p\u00e9rdida de beneficios (Confilegal)"}]},{"@type":"WebSite","@id":"https:\/\/www.cmalleida.com\/es\/#website","url":"https:\/\/www.cmalleida.com\/es\/","name":"Col\u00b7legi de Mediadors d&#039;Assegurances de Lleida","description":"Otro sitio realizado con WordPress","publisher":{"@id":"https:\/\/www.cmalleida.com\/es\/#organization"},"potentialAction":[{"@type":"SearchAction","target":{"@type":"EntryPoint","urlTemplate":"https:\/\/www.cmalleida.com\/es\/?s={search_term_string}"},"query-input":{"@type":"PropertyValueSpecification","valueRequired":true,"valueName":"search_term_string"}}],"inLanguage":"es"},{"@type":"Organization","@id":"https:\/\/www.cmalleida.com\/es\/#organization","name":"Col\u00b7legi de Mediadors d'Assegurances de Lleida","url":"https:\/\/www.cmalleida.com\/es\/","logo":{"@type":"ImageObject","inLanguage":"es","@id":"https:\/\/www.cmalleida.com\/es\/#\/schema\/logo\/image\/","url":"","contentUrl":"","caption":"Col\u00b7legi de Mediadors d'Assegurances de Lleida"},"image":{"@id":"https:\/\/www.cmalleida.com\/es\/#\/schema\/logo\/image\/"}},{"@type":"Person","@id":"https:\/\/www.cmalleida.com\/es\/#\/schema\/person\/7461453022a0d6ce41c1e530eb4443b4","name":"Antonieta Castells Dolcet","image":{"@type":"ImageObject","inLanguage":"es","@id":"https:\/\/secure.gravatar.com\/avatar\/7738df9a8ff2d12e8b37d088ff0e3e36016e57ab29e5db27ba4fb758a81ea3cb?s=96&d=mm&r=g","url":"https:\/\/secure.gravatar.com\/avatar\/7738df9a8ff2d12e8b37d088ff0e3e36016e57ab29e5db27ba4fb758a81ea3cb?s=96&d=mm&r=g","contentUrl":"https:\/\/secure.gravatar.com\/avatar\/7738df9a8ff2d12e8b37d088ff0e3e36016e57ab29e5db27ba4fb758a81ea3cb?s=96&d=mm&r=g","caption":"Antonieta Castells Dolcet"},"sameAs":["http:\/\/www.cmalleida.com"]}]}},"_links":{"self":[{"href":"https:\/\/www.cmalleida.com\/es\/wp-json\/wp\/v2\/posts\/10221","targetHints":{"allow":["GET"]}}],"collection":[{"href":"https:\/\/www.cmalleida.com\/es\/wp-json\/wp\/v2\/posts"}],"about":[{"href":"https:\/\/www.cmalleida.com\/es\/wp-json\/wp\/v2\/types\/post"}],"author":[{"embeddable":true,"href":"https:\/\/www.cmalleida.com\/es\/wp-json\/wp\/v2\/users\/149"}],"replies":[{"embeddable":true,"href":"https:\/\/www.cmalleida.com\/es\/wp-json\/wp\/v2\/comments?post=10221"}],"version-history":[{"count":1,"href":"https:\/\/www.cmalleida.com\/es\/wp-json\/wp\/v2\/posts\/10221\/revisions"}],"predecessor-version":[{"id":10222,"href":"https:\/\/www.cmalleida.com\/es\/wp-json\/wp\/v2\/posts\/10221\/revisions\/10222"}],"wp:featuredmedia":[{"embeddable":true,"href":"https:\/\/www.cmalleida.com\/es\/wp-json\/wp\/v2\/media\/9552"}],"wp:attachment":[{"href":"https:\/\/www.cmalleida.com\/es\/wp-json\/wp\/v2\/media?parent=10221"}],"wp:term":[{"taxonomy":"category","embeddable":true,"href":"https:\/\/www.cmalleida.com\/es\/wp-json\/wp\/v2\/categories?post=10221"},{"taxonomy":"post_tag","embeddable":true,"href":"https:\/\/www.cmalleida.com\/es\/wp-json\/wp\/v2\/tags?post=10221"}],"curies":[{"name":"wp","href":"https:\/\/api.w.org\/{rel}","templated":true}]}}