{"id":10058,"date":"2022-01-07T09:47:13","date_gmt":"2022-01-07T08:47:13","guid":{"rendered":"https:\/\/www.cmalleida.com\/?p=10058"},"modified":"2022-01-07T09:50:14","modified_gmt":"2022-01-07T08:50:14","slug":"puede-la-compania-aseguradora-negarse-a-reparar-mi-coche-abc","status":"publish","type":"post","link":"https:\/\/www.cmalleida.com\/es\/puede-la-compania-aseguradora-negarse-a-reparar-mi-coche-abc\/","title":{"rendered":"\u00bfPuede la compa\u00f1\u00eda aseguradora negarse a reparar mi coche? (ABC)"},"content":{"rendered":"<h3 class=\"subtitulo\">Es importante seguir una serie de pautas para evitar los errores t\u00edpicos que se comenten tras sufrir un accidente y recurrir a la aseguradora<\/h3>\n<footer class=\"autores\"><span class=\"autor\"><a class=\"nombre\" title=\"S. M.\">S. M.<\/a><\/span><\/footer>\n<p><span class=\"cuerpo-texto \"><span class=\"data\"><span class=\"datos-articulo\"><span class=\"datos\"><span class=\"lugar\">MADRID<\/span><span class=\"fecha\">\u00a0Actualizado:<time class=\"actualizado\" datetime=\"2022-01-04T23:00:56Z\">05\/01\/2022<\/time><\/span><\/span><\/span><\/span><\/span><\/p>\n<p>A pesar de la pandemia y de la bajada en los desplazamientos durante muchos meses de confinamiento, los accidentes de tr\u00e1fico siguen en cifras alarmantes. Por ello desde la patronal\u00a0<a href=\"https:\/\/www.unespa.es\/\" target=\"_blank\" rel=\"noopener noreferrer\" data-voc-vtm-id=\"in-text-traffic\">UNESPA<\/a>\u00a0nos ofrecen cinco pautas a seguir para evitar los errores t\u00edpicos que se comenten tras sufrir un accidente y recurrir a la aseguradora:<\/p>\n<p>&#8211;<strong>No esperes a la oferta de la compa\u00f1\u00eda<\/strong>: El mundo de las aseguradoras es complejo y se basa en n\u00fameros y estad\u00edsticas, por lo que el coste de tu accidente debe suponer lo m\u00ednimo para ellas. Por eso no se debe esperar a que la aseguradora del primer paso, ya que seguramente la propuesta de indemnizaci\u00f3n ser\u00e1 de un importe menor y la posterior negociaci\u00f3n partir\u00e1 de m\u00ednimos o estar\u00e1 condicionada beneficiando a la aseguradora.<\/p>\n<aside class=\"roba-intercalado sin-fondo layer_inpage\">\n<div id=\"google_ads_iframe_\/4900\/vocento.abc\/motor_0__container__\">&#8211;<strong>No esperes a tener el alta m\u00e9dica para reclamar<\/strong>: La reclamaci\u00f3n empieza desde el d\u00eda del accidente. Esperar a tener el alta m\u00e9dica o laboral es demorar el proceso, ya que la aseguradora est\u00e1 predispuesta a negociar y cerrar su expediente desde el inicio. Este error es m\u00e1s perjudicial para los accidentes graves, ya que se pierde la posibilidad de solicitar pagos a cuenta que suponen un alivio para el lesionado.<\/div>\n<\/aside>\n<p>&#8211;<strong>No conf\u00edes en el abogado de la aseguradora<\/strong>: Cuando sufrimos un accidente, nuestra aseguradora nos asigna uno de sus propios abogados vinculado a nuestra p\u00f3liza, que se encargar\u00e1 de reclamar frente al responsable del accidente (la otra aseguradora). Esto no ser\u00eda problema, si no fuera porque hay intereses que el asegurado desconoce y que claramente le perjudican. En primer lugar, las compa\u00f1\u00edas tienen acuerdos de no agresi\u00f3n entre ellas y da lugar a que muchas veces se pacten lesiones por el \u00abhoy por m\u00ed\u00bb y \u00abma\u00f1ana por ti\u00bb. Ante estas situaciones siempre pierde el lesionado, por lo que se recomienda buscar un abogado particular especializado en accidente de tr\u00e1fico.<\/p>\n<p>&#8211;<strong>No reclames por tu cuenta o por conocidos<\/strong>: Las aseguradoras prefieren sentarse con una persona que sepa menos que ellos, para poder dirigir y orientar la negociaci\u00f3n all\u00e1 donde m\u00e1s les interese sin oposici\u00f3n. Contar con la ayuda de profesionales en aspectos tan delicados como reclamar lesiones derivadas de un accidente, garantiza una reclamaci\u00f3n justa.<\/p>\n<p>&#8211;<strong>Conoce las coberturas de tu p\u00f3liza<\/strong>: Los tecnicismos y las letras peque\u00f1as hacen que no lleguemos a comprender del todo lo que incluyen nuestras p\u00f3lizas de autom\u00f3vil, como, por ejemplo: gastos de abogados particulares, gastos sanitarios, elecci\u00f3n del taller\u2026 y otras coberturas que est\u00e1n incluidas por Ley.<\/p>\n<h3 class=\"ladillo\">Reclamar los da\u00f1os<\/h3>\n<p>Asimismo, \u00bfpuede la compa\u00f1\u00eda aseguradora negarse a reparar mi coche? Lo primero que hay que tener en cuenta al reclamar los da\u00f1os del veh\u00edculo por un accidente de circulaci\u00f3n, del que no somos culpables, seg\u00fan\u00a0<a href=\"https:\/\/www.emerita.legal\/despacho\/eurosiniestro-abogados-12628\" target=\"_blank\" rel=\"noopener noreferrer\" data-voc-vtm-id=\"in-text-traffic\">Eurosiniestro abogados<\/a>, es como tramita el siniestro nuestra aseguradora,\u00a0<strong>dejando completamente indefenso a su asegurado<\/strong>.<\/p>\n<p>\u00abEn virtud de los convenios de indemnizaci\u00f3n que tienen entre s\u00ed m\u00e1s del 90% de las compa\u00f1\u00edas que conforman el mercado asegurador, la compa\u00f1\u00eda del veh\u00edculo perjudicado va a recibir un m\u00f3dulo fijo de entorno a 900 euros actualmente, mediante el cual queda obligada a ponerse en contacto con su asegurado para indemnizar el importe de la reparaci\u00f3n o del veh\u00edculo si este es siniestro total\u00bb, detallan. \u00abPor tanto la primera sorpresa que se lleva el perjudicado es que es su propia compa\u00f1\u00eda, la que le valora el da\u00f1o y se lo paga, cuando lo que legalmente debiera ocurrir es que nuestra compa\u00f1\u00eda deb\u00eda reclamar en nuestro nombre a la contraria. Evidentemente cuando quien paga es mi seguro, sin reclamar el importe pagado, yo como perjudicado quedo completamente indefenso a su merced, pues nadie independiente me asesora, como lo har\u00eda si fuese mi seguro el que reclama al contrario\u00bb, a\u00f1aden.<\/p>\n<p>\u00abQue suele ocurrir entonces, pues que mi seguro intentara abaratar la reparaci\u00f3n todo lo que pueda, para cubrir la reparaci\u00f3n por debajo de los 900 euros o en su caso excederse lo m\u00ednimo posible para que al final de a\u00f1o la media de todos los veh\u00edculos que ha reparado, este por debajo del m\u00f3dulo fijo que percibe por cada veh\u00edculo y que esto no le genere p\u00e9rdidas econ\u00f3micas. Las formas de abaratar las reparaciones son varias, desde poner piezas de desguace hasta reparar otras en contra del criterio del fabricante, etc. pero la m\u00e1s habitual, es la de declarar en cuanto se pueda que el veh\u00edculo es siniestro total y por tanto este e queda sin reparar. Para ello no dudar\u00e1n en argumentar que con arreglo a tablas estad\u00edsticas que el sector maneja, el supuesto valor del coche es inferior al de la reparaci\u00f3n y por no procede reparar\u00bb, concluyen.<\/p>\n<p>&nbsp;<\/p>\n","protected":false},"excerpt":{"rendered":"<p>Es importante seguir una serie de pautas para evitar los errores t\u00edpicos que se comenten tras sufrir un accidente y recurrir a la aseguradora S&#8230;. <a href=\"https:\/\/www.cmalleida.com\/es\/puede-la-compania-aseguradora-negarse-a-reparar-mi-coche-abc\/\" rel=\"nofollow\" class=\"lollegirmes\">Llegeix m\u00e9s<\/a><\/p>\n","protected":false},"author":149,"featured_media":1869,"comment_status":"closed","ping_status":"closed","sticky":false,"template":"","format":"standard","meta":{"_acf_changed":false,"_genesis_hide_title":false,"_genesis_hide_breadcrumbs":false,"_genesis_hide_singular_image":false,"_genesis_hide_footer_widgets":false,"_genesis_custom_body_class":"","_genesis_custom_post_class":"","_genesis_layout":"","footnotes":""},"categories":[28,125,126,62],"tags":[],"class_list":{"0":"post-10058","1":"post","2":"type-post","3":"status-publish","4":"format-standard","5":"has-post-thumbnail","7":"category-actualidad","8":"category-assegurances-es","9":"category-indemnitzacions-es","10":"category-sinistres-es","11":"entry"},"acf":[],"yoast_head":"<!-- This site is optimized with the Yoast SEO plugin v27.2 - https:\/\/yoast.com\/product\/yoast-seo-wordpress\/ -->\n<title>\u00bfPuede la compa\u00f1\u00eda aseguradora negarse a reparar mi coche? (ABC) - Col\u00b7legi de Mediadors d&#039;Assegurances de Lleida<\/title>\n<meta name=\"robots\" content=\"index, follow, max-snippet:-1, max-image-preview:large, max-video-preview:-1\" \/>\n<link rel=\"canonical\" href=\"https:\/\/www.cmalleida.com\/es\/puede-la-compania-aseguradora-negarse-a-reparar-mi-coche-abc\/\" \/>\n<meta property=\"og:locale\" content=\"es_ES\" \/>\n<meta property=\"og:type\" content=\"article\" \/>\n<meta property=\"og:title\" content=\"\u00bfPuede la compa\u00f1\u00eda aseguradora negarse a reparar mi coche? (ABC) - Col\u00b7legi de Mediadors d&#039;Assegurances de Lleida\" \/>\n<meta property=\"og:description\" content=\"Es importante seguir una serie de pautas para evitar los errores t\u00edpicos que se comenten tras sufrir un accidente y recurrir a la aseguradora S.... Llegeix m\u00e9s\" \/>\n<meta property=\"og:url\" content=\"https:\/\/www.cmalleida.com\/es\/puede-la-compania-aseguradora-negarse-a-reparar-mi-coche-abc\/\" \/>\n<meta property=\"og:site_name\" content=\"Col\u00b7legi de Mediadors d&#039;Assegurances de Lleida\" \/>\n<meta property=\"article:published_time\" content=\"2022-01-07T08:47:13+00:00\" \/>\n<meta property=\"article:modified_time\" content=\"2022-01-07T08:50:14+00:00\" \/>\n<meta property=\"og:image\" content=\"https:\/\/www.cmalleida.com\/wp-content\/uploads\/cmall-lleida-actualitat-car762.jpg\" \/>\n\t<meta property=\"og:image:width\" content=\"762\" \/>\n\t<meta property=\"og:image:height\" content=\"762\" \/>\n\t<meta property=\"og:image:type\" content=\"image\/jpeg\" \/>\n<meta name=\"author\" content=\"Antonieta Castells Dolcet\" \/>\n<meta name=\"twitter:card\" content=\"summary_large_image\" \/>\n<meta name=\"twitter:label1\" content=\"Written by\" \/>\n\t<meta name=\"twitter:data1\" content=\"Antonieta Castells Dolcet\" \/>\n\t<meta name=\"twitter:label2\" content=\"Est. reading time\" \/>\n\t<meta name=\"twitter:data2\" content=\"4 minutos\" \/>\n<script type=\"application\/ld+json\" class=\"yoast-schema-graph\">{\"@context\":\"https:\/\/schema.org\",\"@graph\":[{\"@type\":\"Article\",\"@id\":\"https:\/\/www.cmalleida.com\/es\/puede-la-compania-aseguradora-negarse-a-reparar-mi-coche-abc\/#article\",\"isPartOf\":{\"@id\":\"https:\/\/www.cmalleida.com\/es\/puede-la-compania-aseguradora-negarse-a-reparar-mi-coche-abc\/\"},\"author\":{\"name\":\"Antonieta Castells Dolcet\",\"@id\":\"https:\/\/www.cmalleida.com\/es\/#\/schema\/person\/7461453022a0d6ce41c1e530eb4443b4\"},\"headline\":\"\u00bfPuede la compa\u00f1\u00eda aseguradora negarse a reparar mi coche? (ABC)\",\"datePublished\":\"2022-01-07T08:47:13+00:00\",\"dateModified\":\"2022-01-07T08:50:14+00:00\",\"mainEntityOfPage\":{\"@id\":\"https:\/\/www.cmalleida.com\/es\/puede-la-compania-aseguradora-negarse-a-reparar-mi-coche-abc\/\"},\"wordCount\":867,\"publisher\":{\"@id\":\"https:\/\/www.cmalleida.com\/es\/#organization\"},\"image\":{\"@id\":\"https:\/\/www.cmalleida.com\/es\/puede-la-compania-aseguradora-negarse-a-reparar-mi-coche-abc\/#primaryimage\"},\"thumbnailUrl\":\"https:\/\/www.cmalleida.com\/wp-content\/uploads\/cmall-lleida-actualitat-car762.jpg\",\"articleSection\":[\"Actualidad\",\"Assegurances\",\"Indemnitzacions\",\"Sinistres\"],\"inLanguage\":\"es\"},{\"@type\":\"WebPage\",\"@id\":\"https:\/\/www.cmalleida.com\/es\/puede-la-compania-aseguradora-negarse-a-reparar-mi-coche-abc\/\",\"url\":\"https:\/\/www.cmalleida.com\/es\/puede-la-compania-aseguradora-negarse-a-reparar-mi-coche-abc\/\",\"name\":\"\u00bfPuede la compa\u00f1\u00eda aseguradora negarse a reparar mi coche? (ABC) - Col\u00b7legi de Mediadors d&#039;Assegurances de Lleida\",\"isPartOf\":{\"@id\":\"https:\/\/www.cmalleida.com\/es\/#website\"},\"primaryImageOfPage\":{\"@id\":\"https:\/\/www.cmalleida.com\/es\/puede-la-compania-aseguradora-negarse-a-reparar-mi-coche-abc\/#primaryimage\"},\"image\":{\"@id\":\"https:\/\/www.cmalleida.com\/es\/puede-la-compania-aseguradora-negarse-a-reparar-mi-coche-abc\/#primaryimage\"},\"thumbnailUrl\":\"https:\/\/www.cmalleida.com\/wp-content\/uploads\/cmall-lleida-actualitat-car762.jpg\",\"datePublished\":\"2022-01-07T08:47:13+00:00\",\"dateModified\":\"2022-01-07T08:50:14+00:00\",\"breadcrumb\":{\"@id\":\"https:\/\/www.cmalleida.com\/es\/puede-la-compania-aseguradora-negarse-a-reparar-mi-coche-abc\/#breadcrumb\"},\"inLanguage\":\"es\",\"potentialAction\":[{\"@type\":\"ReadAction\",\"target\":[\"https:\/\/www.cmalleida.com\/es\/puede-la-compania-aseguradora-negarse-a-reparar-mi-coche-abc\/\"]}]},{\"@type\":\"ImageObject\",\"inLanguage\":\"es\",\"@id\":\"https:\/\/www.cmalleida.com\/es\/puede-la-compania-aseguradora-negarse-a-reparar-mi-coche-abc\/#primaryimage\",\"url\":\"https:\/\/www.cmalleida.com\/wp-content\/uploads\/cmall-lleida-actualitat-car762.jpg\",\"contentUrl\":\"https:\/\/www.cmalleida.com\/wp-content\/uploads\/cmall-lleida-actualitat-car762.jpg\",\"width\":762,\"height\":762,\"caption\":\"cmall-lleida-actualitat-CAR762\"},{\"@type\":\"BreadcrumbList\",\"@id\":\"https:\/\/www.cmalleida.com\/es\/puede-la-compania-aseguradora-negarse-a-reparar-mi-coche-abc\/#breadcrumb\",\"itemListElement\":[{\"@type\":\"ListItem\",\"position\":1,\"name\":\"Inici\",\"item\":\"https:\/\/www.cmalleida.com\/es\/\"},{\"@type\":\"ListItem\",\"position\":2,\"name\":\"\u00bfPuede la compa\u00f1\u00eda aseguradora negarse a reparar mi coche? (ABC)\"}]},{\"@type\":\"WebSite\",\"@id\":\"https:\/\/www.cmalleida.com\/es\/#website\",\"url\":\"https:\/\/www.cmalleida.com\/es\/\",\"name\":\"Col\u00b7legi de Mediadors d&#039;Assegurances de Lleida\",\"description\":\"Otro sitio realizado con WordPress\",\"publisher\":{\"@id\":\"https:\/\/www.cmalleida.com\/es\/#organization\"},\"potentialAction\":[{\"@type\":\"SearchAction\",\"target\":{\"@type\":\"EntryPoint\",\"urlTemplate\":\"https:\/\/www.cmalleida.com\/es\/?s={search_term_string}\"},\"query-input\":{\"@type\":\"PropertyValueSpecification\",\"valueRequired\":true,\"valueName\":\"search_term_string\"}}],\"inLanguage\":\"es\"},{\"@type\":\"Organization\",\"@id\":\"https:\/\/www.cmalleida.com\/es\/#organization\",\"name\":\"Col\u00b7legi de Mediadors d'Assegurances de Lleida\",\"url\":\"https:\/\/www.cmalleida.com\/es\/\",\"logo\":{\"@type\":\"ImageObject\",\"inLanguage\":\"es\",\"@id\":\"https:\/\/www.cmalleida.com\/es\/#\/schema\/logo\/image\/\",\"url\":\"\",\"contentUrl\":\"\",\"caption\":\"Col\u00b7legi de Mediadors d'Assegurances de Lleida\"},\"image\":{\"@id\":\"https:\/\/www.cmalleida.com\/es\/#\/schema\/logo\/image\/\"}},{\"@type\":\"Person\",\"@id\":\"https:\/\/www.cmalleida.com\/es\/#\/schema\/person\/7461453022a0d6ce41c1e530eb4443b4\",\"name\":\"Antonieta Castells Dolcet\",\"image\":{\"@type\":\"ImageObject\",\"inLanguage\":\"es\",\"@id\":\"https:\/\/secure.gravatar.com\/avatar\/7738df9a8ff2d12e8b37d088ff0e3e36016e57ab29e5db27ba4fb758a81ea3cb?s=96&d=mm&r=g\",\"url\":\"https:\/\/secure.gravatar.com\/avatar\/7738df9a8ff2d12e8b37d088ff0e3e36016e57ab29e5db27ba4fb758a81ea3cb?s=96&d=mm&r=g\",\"contentUrl\":\"https:\/\/secure.gravatar.com\/avatar\/7738df9a8ff2d12e8b37d088ff0e3e36016e57ab29e5db27ba4fb758a81ea3cb?s=96&d=mm&r=g\",\"caption\":\"Antonieta Castells Dolcet\"},\"sameAs\":[\"http:\/\/www.cmalleida.com\"]}]}<\/script>\n<!-- \/ Yoast SEO plugin. -->","yoast_head_json":{"title":"\u00bfPuede la compa\u00f1\u00eda aseguradora negarse a reparar mi coche? (ABC) - Col\u00b7legi de Mediadors d&#039;Assegurances de Lleida","robots":{"index":"index","follow":"follow","max-snippet":"max-snippet:-1","max-image-preview":"max-image-preview:large","max-video-preview":"max-video-preview:-1"},"canonical":"https:\/\/www.cmalleida.com\/es\/puede-la-compania-aseguradora-negarse-a-reparar-mi-coche-abc\/","og_locale":"es_ES","og_type":"article","og_title":"\u00bfPuede la compa\u00f1\u00eda aseguradora negarse a reparar mi coche? (ABC) - Col\u00b7legi de Mediadors d&#039;Assegurances de Lleida","og_description":"Es importante seguir una serie de pautas para evitar los errores t\u00edpicos que se comenten tras sufrir un accidente y recurrir a la aseguradora S.... Llegeix m\u00e9s","og_url":"https:\/\/www.cmalleida.com\/es\/puede-la-compania-aseguradora-negarse-a-reparar-mi-coche-abc\/","og_site_name":"Col\u00b7legi de Mediadors d&#039;Assegurances de Lleida","article_published_time":"2022-01-07T08:47:13+00:00","article_modified_time":"2022-01-07T08:50:14+00:00","og_image":[{"width":762,"height":762,"url":"https:\/\/www.cmalleida.com\/wp-content\/uploads\/cmall-lleida-actualitat-car762.jpg","type":"image\/jpeg"}],"author":"Antonieta Castells Dolcet","twitter_card":"summary_large_image","twitter_misc":{"Written by":"Antonieta Castells Dolcet","Est. reading time":"4 minutos"},"schema":{"@context":"https:\/\/schema.org","@graph":[{"@type":"Article","@id":"https:\/\/www.cmalleida.com\/es\/puede-la-compania-aseguradora-negarse-a-reparar-mi-coche-abc\/#article","isPartOf":{"@id":"https:\/\/www.cmalleida.com\/es\/puede-la-compania-aseguradora-negarse-a-reparar-mi-coche-abc\/"},"author":{"name":"Antonieta Castells Dolcet","@id":"https:\/\/www.cmalleida.com\/es\/#\/schema\/person\/7461453022a0d6ce41c1e530eb4443b4"},"headline":"\u00bfPuede la compa\u00f1\u00eda aseguradora negarse a reparar mi coche? (ABC)","datePublished":"2022-01-07T08:47:13+00:00","dateModified":"2022-01-07T08:50:14+00:00","mainEntityOfPage":{"@id":"https:\/\/www.cmalleida.com\/es\/puede-la-compania-aseguradora-negarse-a-reparar-mi-coche-abc\/"},"wordCount":867,"publisher":{"@id":"https:\/\/www.cmalleida.com\/es\/#organization"},"image":{"@id":"https:\/\/www.cmalleida.com\/es\/puede-la-compania-aseguradora-negarse-a-reparar-mi-coche-abc\/#primaryimage"},"thumbnailUrl":"https:\/\/www.cmalleida.com\/wp-content\/uploads\/cmall-lleida-actualitat-car762.jpg","articleSection":["Actualidad","Assegurances","Indemnitzacions","Sinistres"],"inLanguage":"es"},{"@type":"WebPage","@id":"https:\/\/www.cmalleida.com\/es\/puede-la-compania-aseguradora-negarse-a-reparar-mi-coche-abc\/","url":"https:\/\/www.cmalleida.com\/es\/puede-la-compania-aseguradora-negarse-a-reparar-mi-coche-abc\/","name":"\u00bfPuede la compa\u00f1\u00eda aseguradora negarse a reparar mi coche? (ABC) - Col\u00b7legi de Mediadors d&#039;Assegurances de Lleida","isPartOf":{"@id":"https:\/\/www.cmalleida.com\/es\/#website"},"primaryImageOfPage":{"@id":"https:\/\/www.cmalleida.com\/es\/puede-la-compania-aseguradora-negarse-a-reparar-mi-coche-abc\/#primaryimage"},"image":{"@id":"https:\/\/www.cmalleida.com\/es\/puede-la-compania-aseguradora-negarse-a-reparar-mi-coche-abc\/#primaryimage"},"thumbnailUrl":"https:\/\/www.cmalleida.com\/wp-content\/uploads\/cmall-lleida-actualitat-car762.jpg","datePublished":"2022-01-07T08:47:13+00:00","dateModified":"2022-01-07T08:50:14+00:00","breadcrumb":{"@id":"https:\/\/www.cmalleida.com\/es\/puede-la-compania-aseguradora-negarse-a-reparar-mi-coche-abc\/#breadcrumb"},"inLanguage":"es","potentialAction":[{"@type":"ReadAction","target":["https:\/\/www.cmalleida.com\/es\/puede-la-compania-aseguradora-negarse-a-reparar-mi-coche-abc\/"]}]},{"@type":"ImageObject","inLanguage":"es","@id":"https:\/\/www.cmalleida.com\/es\/puede-la-compania-aseguradora-negarse-a-reparar-mi-coche-abc\/#primaryimage","url":"https:\/\/www.cmalleida.com\/wp-content\/uploads\/cmall-lleida-actualitat-car762.jpg","contentUrl":"https:\/\/www.cmalleida.com\/wp-content\/uploads\/cmall-lleida-actualitat-car762.jpg","width":762,"height":762,"caption":"cmall-lleida-actualitat-CAR762"},{"@type":"BreadcrumbList","@id":"https:\/\/www.cmalleida.com\/es\/puede-la-compania-aseguradora-negarse-a-reparar-mi-coche-abc\/#breadcrumb","itemListElement":[{"@type":"ListItem","position":1,"name":"Inici","item":"https:\/\/www.cmalleida.com\/es\/"},{"@type":"ListItem","position":2,"name":"\u00bfPuede la compa\u00f1\u00eda aseguradora negarse a reparar mi coche? (ABC)"}]},{"@type":"WebSite","@id":"https:\/\/www.cmalleida.com\/es\/#website","url":"https:\/\/www.cmalleida.com\/es\/","name":"Col\u00b7legi de Mediadors d&#039;Assegurances de Lleida","description":"Otro sitio realizado con WordPress","publisher":{"@id":"https:\/\/www.cmalleida.com\/es\/#organization"},"potentialAction":[{"@type":"SearchAction","target":{"@type":"EntryPoint","urlTemplate":"https:\/\/www.cmalleida.com\/es\/?s={search_term_string}"},"query-input":{"@type":"PropertyValueSpecification","valueRequired":true,"valueName":"search_term_string"}}],"inLanguage":"es"},{"@type":"Organization","@id":"https:\/\/www.cmalleida.com\/es\/#organization","name":"Col\u00b7legi de Mediadors d'Assegurances de Lleida","url":"https:\/\/www.cmalleida.com\/es\/","logo":{"@type":"ImageObject","inLanguage":"es","@id":"https:\/\/www.cmalleida.com\/es\/#\/schema\/logo\/image\/","url":"","contentUrl":"","caption":"Col\u00b7legi de Mediadors d'Assegurances de Lleida"},"image":{"@id":"https:\/\/www.cmalleida.com\/es\/#\/schema\/logo\/image\/"}},{"@type":"Person","@id":"https:\/\/www.cmalleida.com\/es\/#\/schema\/person\/7461453022a0d6ce41c1e530eb4443b4","name":"Antonieta Castells Dolcet","image":{"@type":"ImageObject","inLanguage":"es","@id":"https:\/\/secure.gravatar.com\/avatar\/7738df9a8ff2d12e8b37d088ff0e3e36016e57ab29e5db27ba4fb758a81ea3cb?s=96&d=mm&r=g","url":"https:\/\/secure.gravatar.com\/avatar\/7738df9a8ff2d12e8b37d088ff0e3e36016e57ab29e5db27ba4fb758a81ea3cb?s=96&d=mm&r=g","contentUrl":"https:\/\/secure.gravatar.com\/avatar\/7738df9a8ff2d12e8b37d088ff0e3e36016e57ab29e5db27ba4fb758a81ea3cb?s=96&d=mm&r=g","caption":"Antonieta Castells Dolcet"},"sameAs":["http:\/\/www.cmalleida.com"]}]}},"_links":{"self":[{"href":"https:\/\/www.cmalleida.com\/es\/wp-json\/wp\/v2\/posts\/10058","targetHints":{"allow":["GET"]}}],"collection":[{"href":"https:\/\/www.cmalleida.com\/es\/wp-json\/wp\/v2\/posts"}],"about":[{"href":"https:\/\/www.cmalleida.com\/es\/wp-json\/wp\/v2\/types\/post"}],"author":[{"embeddable":true,"href":"https:\/\/www.cmalleida.com\/es\/wp-json\/wp\/v2\/users\/149"}],"replies":[{"embeddable":true,"href":"https:\/\/www.cmalleida.com\/es\/wp-json\/wp\/v2\/comments?post=10058"}],"version-history":[{"count":1,"href":"https:\/\/www.cmalleida.com\/es\/wp-json\/wp\/v2\/posts\/10058\/revisions"}],"predecessor-version":[{"id":10059,"href":"https:\/\/www.cmalleida.com\/es\/wp-json\/wp\/v2\/posts\/10058\/revisions\/10059"}],"wp:featuredmedia":[{"embeddable":true,"href":"https:\/\/www.cmalleida.com\/es\/wp-json\/wp\/v2\/media\/1869"}],"wp:attachment":[{"href":"https:\/\/www.cmalleida.com\/es\/wp-json\/wp\/v2\/media?parent=10058"}],"wp:term":[{"taxonomy":"category","embeddable":true,"href":"https:\/\/www.cmalleida.com\/es\/wp-json\/wp\/v2\/categories?post=10058"},{"taxonomy":"post_tag","embeddable":true,"href":"https:\/\/www.cmalleida.com\/es\/wp-json\/wp\/v2\/tags?post=10058"}],"curies":[{"name":"wp","href":"https:\/\/api.w.org\/{rel}","templated":true}]}}