{"id":10037,"date":"2021-12-24T08:00:03","date_gmt":"2021-12-24T07:00:03","guid":{"rendered":"https:\/\/www.cmalleida.com\/?p=10037"},"modified":"2021-12-24T09:20:29","modified_gmt":"2021-12-24T08:20:29","slug":"un-estudio-revela-un-desfase-del-30-entre-los-costes-de-reparacion-en-hogar-y-la-tarifa-de-las-aseguradoras-seguros-news","status":"publish","type":"post","link":"https:\/\/www.cmalleida.com\/es\/un-estudio-revela-un-desfase-del-30-entre-los-costes-de-reparacion-en-hogar-y-la-tarifa-de-las-aseguradoras-seguros-news\/","title":{"rendered":"Un estudio revela un desfase del 30% entre los costes de reparaci\u00f3n en Hogar y la tarifa de las aseguradoras (Seguros News)"},"content":{"rendered":"<p class=\"post-meta entry-meta post-meta-details\"><span class=\"author-name\"><span class=\"author vcard\"><a class=\"url fn n\" href=\"https:\/\/segurosnews.com\/author\/carlos\" rel=\"author\">Redacci\u00f3n<\/a><\/span><\/span>\u00a0<time class=\"post-date entry-date updated\" datetime=\"2021-12-22\">22 de diciembre de 2021<\/time><\/p>\n<div class=\"before-content-widget\"><\/div>\n<div class=\"entry-content\">\n<div class=\"addtoany_share_save_container addtoany_content addtoany_content_top\">\n<div class=\"a2a_kit a2a_kit_size_32 addtoany_list\" data-a2a-url=\"https:\/\/segurosnews.com\/ultimas-noticias\/un-estudio-revela-un-desfase-del-30-entre-los-costes-de-reparacion-en-hogar-y-la-tarifa-de-las-aseguradoras\" data-a2a-title=\"Un estudio revela un desfase del 30% entre los costes de reparaci\u00f3n en Hogar y la tarifa de las aseguradoras\">La Asociaci\u00f3n de Empresas de Servicios a Aseguradoras y Afines (<strong>AESA<\/strong>) ha presentado ante sus asociados el primer<strong>\u00a0estudio de costes<\/strong>\u00a0independiente realizado en el sector de empresas reparadoras de Hogar.<\/div>\n<\/div>\n<p>\u00abDebido a la creciente preocupaci\u00f3n de las empresas asociadas a AESA , que suman m\u00e1s de 2.000.000 de encargos realizados al a\u00f1o para compa\u00f1\u00edas aseguradoras y asistencias, y ante la incesante subida de precios de las materias primas y energ\u00eda, gas\u00f3leo, IPC as\u00ed como el incremento de los costes laborales\u00bb , la junta directiva de AESA decidi\u00f3 encargar al Gabinete\u00a0<strong>Asesores Periciales<\/strong>\u00a0un estudio independiente en el que se reflejara de manera t\u00e9cnica y pormenorizada el\u00a0<strong>coste real\u00a0<\/strong><strong>de los trabajos realizados por las empresas reparadoras de Hogar<\/strong>, as\u00ed como un comparativo actualizado con los precios reflejados de los distintos baremos utilizados para facturar dichos trabajos.<\/p>\n<p>Este estudio, ya culminado, y presentado a AESA por sus redactores, \u00abpretende ser una\u00a0<strong>herramienta \u00fatil para que las empresas reparadoras de Hogar conozcan sus\u00a0<\/strong><strong>costes reales de producci\u00f3n<\/strong>, as\u00ed como visualizar los inputs a mejorar\u00bb, seg\u00fan se indica. Y se a\u00f1ade que \u00abcon el conocimiento de los costes propios de producci\u00f3n se ha comprobado que\u00a0<strong>el tarifario no est\u00e1 en absoluto acorde al mercado\u00bb<\/strong>. Al contar con argumentos econ\u00f3micos reales y objetivos, desde AESA se pide, desde ya, a las diferentes aseguradoras y asistencias del mercado nacional un\u00a0<strong>incremento de sus baremos por prestaci\u00f3n de servicios de\u00a0<\/strong><strong>reparaciones en el ramo de Hogar<\/strong>.<\/p>\n<h4><em><strong>Conclusiones<\/strong><\/em><\/h4>\n<p>1.- Para actualizar precios a costes reales<strong>\u00a0las tarifas o baremos vigentes deben ser incrementadas en una media superior al 30%<\/strong>. De ah\u00ed que el sector de las empresas reparadoras de hogar para compa\u00f1\u00edas aseguradoras y asistencias se encuentre muy preocupado por la viabilidad de sus negocios, ya que si no se produce una inminente subida de los precios que las aseguradoras pagan por las reparaciones en los hogares de sus asegurados muchas empresas se convertir\u00e1n en inviables y tendr\u00e1n que cesar su actividad y otras muchas no podr\u00e1n mantener el servicio profesionalizado prestado hasta hoy a los asegurados.<\/p>\n<p>2.-\u00a0<strong>Los baremos de compa\u00f1\u00edas y asistencias utilizados actualmente no reflejan la\u00a0<\/strong><strong>realidad de los trabajos que se realizan d\u00eda a d\u00eda<\/strong>, lo que perjudica en la prestaci\u00f3n del servicio y puede provocar una merma en la profesionalidad.<\/p>\n<p>3.-\u00a0<strong>No existe una raz\u00f3n t\u00e9cnica que justifique los precios de baremos vigentes<\/strong>\u00a0que aplican, en t\u00e9rminos generales, las diferentes aseguradoras y asistencias a las empresas reparadoras de hogar que colaboran en la reparaci\u00f3n de siniestros.<\/p>\n<p>4.-\u00a0<strong>En algunos casos estos precios llevan sin actualizarse desde 2010<\/strong>, lo que conlleva un arrastre econ\u00f3mico perjudicial e inasumible para las empresas reparadoras de Hogar.<\/p>\n<p>5.-\u00a0<strong>En ninguna compa\u00f1\u00eda existe un departamento t\u00e9cnico para actualizar estos baremos<\/strong>, hecho que perjudica gravemente los intereses de las empresas reparadoras del sector.<\/p>\n<\/div>\n","protected":false},"excerpt":{"rendered":"<p>Redacci\u00f3n\u00a022 de diciembre de 2021 La Asociaci\u00f3n de Empresas de Servicios a Aseguradoras y Afines (AESA) ha presentado ante sus asociados el primer\u00a0estudio de costes\u00a0independiente&#8230; <a href=\"https:\/\/www.cmalleida.com\/es\/un-estudio-revela-un-desfase-del-30-entre-los-costes-de-reparacion-en-hogar-y-la-tarifa-de-las-aseguradoras-seguros-news\/\" rel=\"nofollow\" class=\"lollegirmes\">Llegeix m\u00e9s<\/a><\/p>\n","protected":false},"author":149,"featured_media":1867,"comment_status":"closed","ping_status":"closed","sticky":false,"template":"","format":"standard","meta":{"_acf_changed":false,"_genesis_hide_title":false,"_genesis_hide_breadcrumbs":false,"_genesis_hide_singular_image":false,"_genesis_hide_footer_widgets":false,"_genesis_custom_body_class":"","_genesis_custom_post_class":"","_genesis_layout":"","footnotes":""},"categories":[28,125,62],"tags":[],"class_list":{"0":"post-10037","1":"post","2":"type-post","3":"status-publish","4":"format-standard","5":"has-post-thumbnail","7":"category-actualidad","8":"category-assegurances-es","9":"category-sinistres-es","10":"entry"},"acf":[],"yoast_head":"<!-- This site is optimized with the Yoast SEO plugin v27.2 - https:\/\/yoast.com\/product\/yoast-seo-wordpress\/ -->\n<title>Un estudio revela un desfase del 30% entre los costes de reparaci\u00f3n en Hogar y la tarifa de las aseguradoras (Seguros News) - Col\u00b7legi de Mediadors d&#039;Assegurances de Lleida<\/title>\n<meta name=\"robots\" content=\"index, follow, max-snippet:-1, max-image-preview:large, max-video-preview:-1\" \/>\n<link rel=\"canonical\" href=\"https:\/\/www.cmalleida.com\/es\/un-estudio-revela-un-desfase-del-30-entre-los-costes-de-reparacion-en-hogar-y-la-tarifa-de-las-aseguradoras-seguros-news\/\" \/>\n<meta property=\"og:locale\" content=\"es_ES\" \/>\n<meta property=\"og:type\" content=\"article\" \/>\n<meta property=\"og:title\" content=\"Un estudio revela un desfase del 30% entre los costes de reparaci\u00f3n en Hogar y la tarifa de las aseguradoras (Seguros News) - Col\u00b7legi de Mediadors d&#039;Assegurances de Lleida\" \/>\n<meta property=\"og:description\" content=\"Redacci\u00f3n\u00a022 de diciembre de 2021 La Asociaci\u00f3n de Empresas de Servicios a Aseguradoras y Afines (AESA) ha presentado ante sus asociados el primer\u00a0estudio de costes\u00a0independiente... Llegeix m\u00e9s\" \/>\n<meta property=\"og:url\" content=\"https:\/\/www.cmalleida.com\/es\/un-estudio-revela-un-desfase-del-30-entre-los-costes-de-reparacion-en-hogar-y-la-tarifa-de-las-aseguradoras-seguros-news\/\" \/>\n<meta property=\"og:site_name\" content=\"Col\u00b7legi de Mediadors d&#039;Assegurances de Lleida\" \/>\n<meta property=\"article:published_time\" content=\"2021-12-24T07:00:03+00:00\" \/>\n<meta property=\"article:modified_time\" content=\"2021-12-24T08:20:29+00:00\" \/>\n<meta property=\"og:image\" content=\"https:\/\/www.cmalleida.com\/wp-content\/uploads\/cmall-lleida-actualitat-calcula762-1.jpg\" \/>\n\t<meta property=\"og:image:width\" content=\"762\" \/>\n\t<meta property=\"og:image:height\" content=\"762\" \/>\n\t<meta property=\"og:image:type\" content=\"image\/jpeg\" \/>\n<meta name=\"author\" content=\"Antonieta Castells Dolcet\" \/>\n<meta name=\"twitter:card\" content=\"summary_large_image\" \/>\n<meta name=\"twitter:label1\" content=\"Written by\" \/>\n\t<meta name=\"twitter:data1\" content=\"Antonieta Castells Dolcet\" \/>\n\t<meta name=\"twitter:label2\" content=\"Est. reading time\" \/>\n\t<meta name=\"twitter:data2\" content=\"2 minutos\" \/>\n<script type=\"application\/ld+json\" class=\"yoast-schema-graph\">{\"@context\":\"https:\/\/schema.org\",\"@graph\":[{\"@type\":\"Article\",\"@id\":\"https:\/\/www.cmalleida.com\/es\/un-estudio-revela-un-desfase-del-30-entre-los-costes-de-reparacion-en-hogar-y-la-tarifa-de-las-aseguradoras-seguros-news\/#article\",\"isPartOf\":{\"@id\":\"https:\/\/www.cmalleida.com\/es\/un-estudio-revela-un-desfase-del-30-entre-los-costes-de-reparacion-en-hogar-y-la-tarifa-de-las-aseguradoras-seguros-news\/\"},\"author\":{\"name\":\"Antonieta Castells Dolcet\",\"@id\":\"https:\/\/www.cmalleida.com\/es\/#\/schema\/person\/7461453022a0d6ce41c1e530eb4443b4\"},\"headline\":\"Un estudio revela un desfase del 30% entre los costes de reparaci\u00f3n en Hogar y la tarifa de las aseguradoras (Seguros News)\",\"datePublished\":\"2021-12-24T07:00:03+00:00\",\"dateModified\":\"2021-12-24T08:20:29+00:00\",\"mainEntityOfPage\":{\"@id\":\"https:\/\/www.cmalleida.com\/es\/un-estudio-revela-un-desfase-del-30-entre-los-costes-de-reparacion-en-hogar-y-la-tarifa-de-las-aseguradoras-seguros-news\/\"},\"wordCount\":516,\"publisher\":{\"@id\":\"https:\/\/www.cmalleida.com\/es\/#organization\"},\"image\":{\"@id\":\"https:\/\/www.cmalleida.com\/es\/un-estudio-revela-un-desfase-del-30-entre-los-costes-de-reparacion-en-hogar-y-la-tarifa-de-las-aseguradoras-seguros-news\/#primaryimage\"},\"thumbnailUrl\":\"https:\/\/www.cmalleida.com\/wp-content\/uploads\/cmall-lleida-actualitat-calcula762-1.jpg\",\"articleSection\":[\"Actualidad\",\"Assegurances\",\"Sinistres\"],\"inLanguage\":\"es\"},{\"@type\":\"WebPage\",\"@id\":\"https:\/\/www.cmalleida.com\/es\/un-estudio-revela-un-desfase-del-30-entre-los-costes-de-reparacion-en-hogar-y-la-tarifa-de-las-aseguradoras-seguros-news\/\",\"url\":\"https:\/\/www.cmalleida.com\/es\/un-estudio-revela-un-desfase-del-30-entre-los-costes-de-reparacion-en-hogar-y-la-tarifa-de-las-aseguradoras-seguros-news\/\",\"name\":\"Un estudio revela un desfase del 30% entre los costes de reparaci\u00f3n en Hogar y la tarifa de las aseguradoras (Seguros News) - Col\u00b7legi de Mediadors d&#039;Assegurances de Lleida\",\"isPartOf\":{\"@id\":\"https:\/\/www.cmalleida.com\/es\/#website\"},\"primaryImageOfPage\":{\"@id\":\"https:\/\/www.cmalleida.com\/es\/un-estudio-revela-un-desfase-del-30-entre-los-costes-de-reparacion-en-hogar-y-la-tarifa-de-las-aseguradoras-seguros-news\/#primaryimage\"},\"image\":{\"@id\":\"https:\/\/www.cmalleida.com\/es\/un-estudio-revela-un-desfase-del-30-entre-los-costes-de-reparacion-en-hogar-y-la-tarifa-de-las-aseguradoras-seguros-news\/#primaryimage\"},\"thumbnailUrl\":\"https:\/\/www.cmalleida.com\/wp-content\/uploads\/cmall-lleida-actualitat-calcula762-1.jpg\",\"datePublished\":\"2021-12-24T07:00:03+00:00\",\"dateModified\":\"2021-12-24T08:20:29+00:00\",\"breadcrumb\":{\"@id\":\"https:\/\/www.cmalleida.com\/es\/un-estudio-revela-un-desfase-del-30-entre-los-costes-de-reparacion-en-hogar-y-la-tarifa-de-las-aseguradoras-seguros-news\/#breadcrumb\"},\"inLanguage\":\"es\",\"potentialAction\":[{\"@type\":\"ReadAction\",\"target\":[\"https:\/\/www.cmalleida.com\/es\/un-estudio-revela-un-desfase-del-30-entre-los-costes-de-reparacion-en-hogar-y-la-tarifa-de-las-aseguradoras-seguros-news\/\"]}]},{\"@type\":\"ImageObject\",\"inLanguage\":\"es\",\"@id\":\"https:\/\/www.cmalleida.com\/es\/un-estudio-revela-un-desfase-del-30-entre-los-costes-de-reparacion-en-hogar-y-la-tarifa-de-las-aseguradoras-seguros-news\/#primaryimage\",\"url\":\"https:\/\/www.cmalleida.com\/wp-content\/uploads\/cmall-lleida-actualitat-calcula762-1.jpg\",\"contentUrl\":\"https:\/\/www.cmalleida.com\/wp-content\/uploads\/cmall-lleida-actualitat-calcula762-1.jpg\",\"width\":762,\"height\":762,\"caption\":\"cmall-lleida-actualitat-calcula762\"},{\"@type\":\"BreadcrumbList\",\"@id\":\"https:\/\/www.cmalleida.com\/es\/un-estudio-revela-un-desfase-del-30-entre-los-costes-de-reparacion-en-hogar-y-la-tarifa-de-las-aseguradoras-seguros-news\/#breadcrumb\",\"itemListElement\":[{\"@type\":\"ListItem\",\"position\":1,\"name\":\"Inici\",\"item\":\"https:\/\/www.cmalleida.com\/es\/\"},{\"@type\":\"ListItem\",\"position\":2,\"name\":\"Un estudio revela un desfase del 30% entre los costes de reparaci\u00f3n en Hogar y la tarifa de las aseguradoras (Seguros News)\"}]},{\"@type\":\"WebSite\",\"@id\":\"https:\/\/www.cmalleida.com\/es\/#website\",\"url\":\"https:\/\/www.cmalleida.com\/es\/\",\"name\":\"Col\u00b7legi de Mediadors d&#039;Assegurances de Lleida\",\"description\":\"Otro sitio realizado con WordPress\",\"publisher\":{\"@id\":\"https:\/\/www.cmalleida.com\/es\/#organization\"},\"potentialAction\":[{\"@type\":\"SearchAction\",\"target\":{\"@type\":\"EntryPoint\",\"urlTemplate\":\"https:\/\/www.cmalleida.com\/es\/?s={search_term_string}\"},\"query-input\":{\"@type\":\"PropertyValueSpecification\",\"valueRequired\":true,\"valueName\":\"search_term_string\"}}],\"inLanguage\":\"es\"},{\"@type\":\"Organization\",\"@id\":\"https:\/\/www.cmalleida.com\/es\/#organization\",\"name\":\"Col\u00b7legi de Mediadors d'Assegurances de Lleida\",\"url\":\"https:\/\/www.cmalleida.com\/es\/\",\"logo\":{\"@type\":\"ImageObject\",\"inLanguage\":\"es\",\"@id\":\"https:\/\/www.cmalleida.com\/es\/#\/schema\/logo\/image\/\",\"url\":\"\",\"contentUrl\":\"\",\"caption\":\"Col\u00b7legi de Mediadors d'Assegurances de Lleida\"},\"image\":{\"@id\":\"https:\/\/www.cmalleida.com\/es\/#\/schema\/logo\/image\/\"}},{\"@type\":\"Person\",\"@id\":\"https:\/\/www.cmalleida.com\/es\/#\/schema\/person\/7461453022a0d6ce41c1e530eb4443b4\",\"name\":\"Antonieta Castells Dolcet\",\"image\":{\"@type\":\"ImageObject\",\"inLanguage\":\"es\",\"@id\":\"https:\/\/secure.gravatar.com\/avatar\/7738df9a8ff2d12e8b37d088ff0e3e36016e57ab29e5db27ba4fb758a81ea3cb?s=96&d=mm&r=g\",\"url\":\"https:\/\/secure.gravatar.com\/avatar\/7738df9a8ff2d12e8b37d088ff0e3e36016e57ab29e5db27ba4fb758a81ea3cb?s=96&d=mm&r=g\",\"contentUrl\":\"https:\/\/secure.gravatar.com\/avatar\/7738df9a8ff2d12e8b37d088ff0e3e36016e57ab29e5db27ba4fb758a81ea3cb?s=96&d=mm&r=g\",\"caption\":\"Antonieta Castells Dolcet\"},\"sameAs\":[\"http:\/\/www.cmalleida.com\"]}]}<\/script>\n<!-- \/ Yoast SEO plugin. -->","yoast_head_json":{"title":"Un estudio revela un desfase del 30% entre los costes de reparaci\u00f3n en Hogar y la tarifa de las aseguradoras (Seguros News) - Col\u00b7legi de Mediadors d&#039;Assegurances de Lleida","robots":{"index":"index","follow":"follow","max-snippet":"max-snippet:-1","max-image-preview":"max-image-preview:large","max-video-preview":"max-video-preview:-1"},"canonical":"https:\/\/www.cmalleida.com\/es\/un-estudio-revela-un-desfase-del-30-entre-los-costes-de-reparacion-en-hogar-y-la-tarifa-de-las-aseguradoras-seguros-news\/","og_locale":"es_ES","og_type":"article","og_title":"Un estudio revela un desfase del 30% entre los costes de reparaci\u00f3n en Hogar y la tarifa de las aseguradoras (Seguros News) - Col\u00b7legi de Mediadors d&#039;Assegurances de Lleida","og_description":"Redacci\u00f3n\u00a022 de diciembre de 2021 La Asociaci\u00f3n de Empresas de Servicios a Aseguradoras y Afines (AESA) ha presentado ante sus asociados el primer\u00a0estudio de costes\u00a0independiente... Llegeix m\u00e9s","og_url":"https:\/\/www.cmalleida.com\/es\/un-estudio-revela-un-desfase-del-30-entre-los-costes-de-reparacion-en-hogar-y-la-tarifa-de-las-aseguradoras-seguros-news\/","og_site_name":"Col\u00b7legi de Mediadors d&#039;Assegurances de Lleida","article_published_time":"2021-12-24T07:00:03+00:00","article_modified_time":"2021-12-24T08:20:29+00:00","og_image":[{"width":762,"height":762,"url":"https:\/\/www.cmalleida.com\/wp-content\/uploads\/cmall-lleida-actualitat-calcula762-1.jpg","type":"image\/jpeg"}],"author":"Antonieta Castells Dolcet","twitter_card":"summary_large_image","twitter_misc":{"Written by":"Antonieta Castells Dolcet","Est. reading time":"2 minutos"},"schema":{"@context":"https:\/\/schema.org","@graph":[{"@type":"Article","@id":"https:\/\/www.cmalleida.com\/es\/un-estudio-revela-un-desfase-del-30-entre-los-costes-de-reparacion-en-hogar-y-la-tarifa-de-las-aseguradoras-seguros-news\/#article","isPartOf":{"@id":"https:\/\/www.cmalleida.com\/es\/un-estudio-revela-un-desfase-del-30-entre-los-costes-de-reparacion-en-hogar-y-la-tarifa-de-las-aseguradoras-seguros-news\/"},"author":{"name":"Antonieta Castells Dolcet","@id":"https:\/\/www.cmalleida.com\/es\/#\/schema\/person\/7461453022a0d6ce41c1e530eb4443b4"},"headline":"Un estudio revela un desfase del 30% entre los costes de reparaci\u00f3n en Hogar y la tarifa de las aseguradoras (Seguros News)","datePublished":"2021-12-24T07:00:03+00:00","dateModified":"2021-12-24T08:20:29+00:00","mainEntityOfPage":{"@id":"https:\/\/www.cmalleida.com\/es\/un-estudio-revela-un-desfase-del-30-entre-los-costes-de-reparacion-en-hogar-y-la-tarifa-de-las-aseguradoras-seguros-news\/"},"wordCount":516,"publisher":{"@id":"https:\/\/www.cmalleida.com\/es\/#organization"},"image":{"@id":"https:\/\/www.cmalleida.com\/es\/un-estudio-revela-un-desfase-del-30-entre-los-costes-de-reparacion-en-hogar-y-la-tarifa-de-las-aseguradoras-seguros-news\/#primaryimage"},"thumbnailUrl":"https:\/\/www.cmalleida.com\/wp-content\/uploads\/cmall-lleida-actualitat-calcula762-1.jpg","articleSection":["Actualidad","Assegurances","Sinistres"],"inLanguage":"es"},{"@type":"WebPage","@id":"https:\/\/www.cmalleida.com\/es\/un-estudio-revela-un-desfase-del-30-entre-los-costes-de-reparacion-en-hogar-y-la-tarifa-de-las-aseguradoras-seguros-news\/","url":"https:\/\/www.cmalleida.com\/es\/un-estudio-revela-un-desfase-del-30-entre-los-costes-de-reparacion-en-hogar-y-la-tarifa-de-las-aseguradoras-seguros-news\/","name":"Un estudio revela un desfase del 30% entre los costes de reparaci\u00f3n en Hogar y la tarifa de las aseguradoras (Seguros News) - Col\u00b7legi de Mediadors d&#039;Assegurances de Lleida","isPartOf":{"@id":"https:\/\/www.cmalleida.com\/es\/#website"},"primaryImageOfPage":{"@id":"https:\/\/www.cmalleida.com\/es\/un-estudio-revela-un-desfase-del-30-entre-los-costes-de-reparacion-en-hogar-y-la-tarifa-de-las-aseguradoras-seguros-news\/#primaryimage"},"image":{"@id":"https:\/\/www.cmalleida.com\/es\/un-estudio-revela-un-desfase-del-30-entre-los-costes-de-reparacion-en-hogar-y-la-tarifa-de-las-aseguradoras-seguros-news\/#primaryimage"},"thumbnailUrl":"https:\/\/www.cmalleida.com\/wp-content\/uploads\/cmall-lleida-actualitat-calcula762-1.jpg","datePublished":"2021-12-24T07:00:03+00:00","dateModified":"2021-12-24T08:20:29+00:00","breadcrumb":{"@id":"https:\/\/www.cmalleida.com\/es\/un-estudio-revela-un-desfase-del-30-entre-los-costes-de-reparacion-en-hogar-y-la-tarifa-de-las-aseguradoras-seguros-news\/#breadcrumb"},"inLanguage":"es","potentialAction":[{"@type":"ReadAction","target":["https:\/\/www.cmalleida.com\/es\/un-estudio-revela-un-desfase-del-30-entre-los-costes-de-reparacion-en-hogar-y-la-tarifa-de-las-aseguradoras-seguros-news\/"]}]},{"@type":"ImageObject","inLanguage":"es","@id":"https:\/\/www.cmalleida.com\/es\/un-estudio-revela-un-desfase-del-30-entre-los-costes-de-reparacion-en-hogar-y-la-tarifa-de-las-aseguradoras-seguros-news\/#primaryimage","url":"https:\/\/www.cmalleida.com\/wp-content\/uploads\/cmall-lleida-actualitat-calcula762-1.jpg","contentUrl":"https:\/\/www.cmalleida.com\/wp-content\/uploads\/cmall-lleida-actualitat-calcula762-1.jpg","width":762,"height":762,"caption":"cmall-lleida-actualitat-calcula762"},{"@type":"BreadcrumbList","@id":"https:\/\/www.cmalleida.com\/es\/un-estudio-revela-un-desfase-del-30-entre-los-costes-de-reparacion-en-hogar-y-la-tarifa-de-las-aseguradoras-seguros-news\/#breadcrumb","itemListElement":[{"@type":"ListItem","position":1,"name":"Inici","item":"https:\/\/www.cmalleida.com\/es\/"},{"@type":"ListItem","position":2,"name":"Un estudio revela un desfase del 30% entre los costes de reparaci\u00f3n en Hogar y la tarifa de las aseguradoras (Seguros News)"}]},{"@type":"WebSite","@id":"https:\/\/www.cmalleida.com\/es\/#website","url":"https:\/\/www.cmalleida.com\/es\/","name":"Col\u00b7legi de Mediadors d&#039;Assegurances de Lleida","description":"Otro sitio realizado con WordPress","publisher":{"@id":"https:\/\/www.cmalleida.com\/es\/#organization"},"potentialAction":[{"@type":"SearchAction","target":{"@type":"EntryPoint","urlTemplate":"https:\/\/www.cmalleida.com\/es\/?s={search_term_string}"},"query-input":{"@type":"PropertyValueSpecification","valueRequired":true,"valueName":"search_term_string"}}],"inLanguage":"es"},{"@type":"Organization","@id":"https:\/\/www.cmalleida.com\/es\/#organization","name":"Col\u00b7legi de Mediadors d'Assegurances de Lleida","url":"https:\/\/www.cmalleida.com\/es\/","logo":{"@type":"ImageObject","inLanguage":"es","@id":"https:\/\/www.cmalleida.com\/es\/#\/schema\/logo\/image\/","url":"","contentUrl":"","caption":"Col\u00b7legi de Mediadors d'Assegurances de Lleida"},"image":{"@id":"https:\/\/www.cmalleida.com\/es\/#\/schema\/logo\/image\/"}},{"@type":"Person","@id":"https:\/\/www.cmalleida.com\/es\/#\/schema\/person\/7461453022a0d6ce41c1e530eb4443b4","name":"Antonieta Castells Dolcet","image":{"@type":"ImageObject","inLanguage":"es","@id":"https:\/\/secure.gravatar.com\/avatar\/7738df9a8ff2d12e8b37d088ff0e3e36016e57ab29e5db27ba4fb758a81ea3cb?s=96&d=mm&r=g","url":"https:\/\/secure.gravatar.com\/avatar\/7738df9a8ff2d12e8b37d088ff0e3e36016e57ab29e5db27ba4fb758a81ea3cb?s=96&d=mm&r=g","contentUrl":"https:\/\/secure.gravatar.com\/avatar\/7738df9a8ff2d12e8b37d088ff0e3e36016e57ab29e5db27ba4fb758a81ea3cb?s=96&d=mm&r=g","caption":"Antonieta Castells Dolcet"},"sameAs":["http:\/\/www.cmalleida.com"]}]}},"_links":{"self":[{"href":"https:\/\/www.cmalleida.com\/es\/wp-json\/wp\/v2\/posts\/10037","targetHints":{"allow":["GET"]}}],"collection":[{"href":"https:\/\/www.cmalleida.com\/es\/wp-json\/wp\/v2\/posts"}],"about":[{"href":"https:\/\/www.cmalleida.com\/es\/wp-json\/wp\/v2\/types\/post"}],"author":[{"embeddable":true,"href":"https:\/\/www.cmalleida.com\/es\/wp-json\/wp\/v2\/users\/149"}],"replies":[{"embeddable":true,"href":"https:\/\/www.cmalleida.com\/es\/wp-json\/wp\/v2\/comments?post=10037"}],"version-history":[{"count":1,"href":"https:\/\/www.cmalleida.com\/es\/wp-json\/wp\/v2\/posts\/10037\/revisions"}],"predecessor-version":[{"id":10038,"href":"https:\/\/www.cmalleida.com\/es\/wp-json\/wp\/v2\/posts\/10037\/revisions\/10038"}],"wp:featuredmedia":[{"embeddable":true,"href":"https:\/\/www.cmalleida.com\/es\/wp-json\/wp\/v2\/media\/1867"}],"wp:attachment":[{"href":"https:\/\/www.cmalleida.com\/es\/wp-json\/wp\/v2\/media?parent=10037"}],"wp:term":[{"taxonomy":"category","embeddable":true,"href":"https:\/\/www.cmalleida.com\/es\/wp-json\/wp\/v2\/categories?post=10037"},{"taxonomy":"post_tag","embeddable":true,"href":"https:\/\/www.cmalleida.com\/es\/wp-json\/wp\/v2\/tags?post=10037"}],"curies":[{"name":"wp","href":"https:\/\/api.w.org\/{rel}","templated":true}]}}