{"id":10033,"date":"2021-12-24T08:15:09","date_gmt":"2021-12-24T07:15:09","guid":{"rendered":"https:\/\/www.cmalleida.com\/?p=10033"},"modified":"2021-12-24T09:03:33","modified_gmt":"2021-12-24T08:03:33","slug":"el-seguro-dona-322-700-euros-para-investigar-la-covid-persistente-eleconomista","status":"publish","type":"post","link":"https:\/\/www.cmalleida.com\/es\/el-seguro-dona-322-700-euros-para-investigar-la-covid-persistente-eleconomista\/","title":{"rendered":"El seguro dona 322.700 euros para investigar la COVID persistente (elEconomista)"},"content":{"rendered":"<div>\n<div class=\"articleHead col-lg-12 col-md-12 col-sm-10 col-xs-10\"><\/div>\n<\/div>\n<div id=\"cuerpo_noticia\" class=\"articleZone cuerpo_noticia\">\n<div class=\"row no-gutters\">\n<div class=\"article-main main-content col-lg-12 col-md-12 col-12 d-flex justify-content-start flex-wrap\">\n<div class=\"col-lg-8 col-md-12 col-12 no-gutters-sm no-gutters-md order-lg-1 order-md-1 order-1\">\n<div class=\"row\">\n<div class=\"Article__paragraphGroup col-lg-10 col-md-12 col-12\">\n<div class=\"row no-gutters\">\n<div class=\"Article__authors col-12\">\n<div class=\"authors_Name d-inline-flex\">\n<ol class=\"breadcrumb\">\n<li class=\"breadcrumb-item\"><a href=\"https:\/\/www.eleconomista.es\/autor\/elEconomista-Seguros\">elEconomista Seguros<\/a><\/li>\n<\/ol>\n<\/div>\n<\/div>\n<div class=\"Article_time col-12\"><time class=\"timestamp\">22\/12\/2021 &#8211; 19:04<\/time><\/div>\n<\/div>\n<p>La iniciativa forma parte de Estar Preparados (para estar m\u00e1s seguros), el programa de donaciones puesto en marcha por 107 aseguradoras el pasado junio.<\/p>\n<p>La Sociedad Espa\u00f1ola de M\u00e9dicos Generales y de Familia (SEMG), a trav\u00e9s de su Fundaci\u00f3n para la Investigaci\u00f3n y la Formaci\u00f3n (FIFSEMG), ha recibido una donaci\u00f3n de 322.700 euros por parte del sector asegurador para desarrollar proyectos de la l\u00ednea de investigaci\u00f3n de COVID persistente destinados a mejorar la atenci\u00f3n de los pacientes con el denominado Long COVID. La iniciativa forma parte de Estar Preparados (para estar m\u00e1s seguros), el programa de donaciones puesto en marcha por 107 aseguradoras el pasado junio.<\/p>\n<p>En concreto, la SEMG recibir\u00e1 estos fondos para poner en marcha una serie de proyectos relacionados con el Long COVID, entre los que destaca el Registro REGICOVID-AP (Identificaci\u00f3n de los factores cl\u00ednicos y gen\u00e9ticos asociados con el desarrollo de la COVID persistente para la estratificaci\u00f3n del riesgo de su desarrollo entre los afectados por la COVID-19). Con este registro se pretende profundizar en el estudio de los pacientes afectados por COVID persistente y establecer qu\u00e9 factores de riesgo pueden predecir el desarrollo de este problema de salud tras la infecci\u00f3n aguda por coronavirus.<\/p>\n<div id=\"sm-it-main-container-1640332798439\" class=\"sm-it-main-container\" data-it=\"a9a981e4-f5c9-4408-8f05-07de1905da5f\" data-device=\"desktop\" data-index=\"0\">\n<div id=\"sm-reference-1640332798439\" class=\"sm-reference\"><strong>M\u00e1s conocimiento sobre el COVID persistente<\/strong><\/div>\n<\/div>\n<p>Para conseguir arrojar luz sobre esta nueva enfermedad, la SEMG considera importante disponer de datos fiables a partir de los casos existentes de COVID persistente hasta el momento, de su contagio, de su cl\u00ednica, complicaciones y evoluci\u00f3n a largo plazo, as\u00ed como del uso de recursos sanitarios y sociales de forma global y, especialmente, en los subgrupos de mayor riesgo. Dado que el control de nuevos casos y seguimiento de los antiguos se realiza desde Atenci\u00f3n Primaria, este nivel asistencial constituye el entorno ideal para la recogida de datos de una infecci\u00f3n de caracter\u00edsticas comunitarias, debido a su accesibilidad y cercan\u00eda al paciente y a su familia, y seguimiento longitudinal de los pacientes.<\/p>\n<p>Con la donaci\u00f3n del sector asegurador, desde la SEMG se elaborar\u00e1 un registro de los pacientes que han sufrido la COVID-19 \u0096con especial atenci\u00f3n a aqu\u00e9llos que han desarrollado COVID persistente\u0096, y que contactan con la consulta de los profesionales participantes en el estudio, con la finalidad de incrementar el conocimiento sobre su enfermedad y realizar un seguimiento de la misma, identificando perfiles de riesgo que permitan estratificar a la poblaci\u00f3n en funci\u00f3n de los mismos y mejorar su asistencia.<\/p>\n<div id=\"contentbox1\" class=\"contentbox\">\n<div id=\"contentbox-inline\"><strong>REGICOVID-AP<\/strong><\/div>\n<\/div>\n<p>En concreto, el registro REGICOVID-AP ser\u00e1 multic\u00e9ntrico y de \u00e1mbito nacional, a modo de estudio colaborativo, observacional, longitudinal, ambispectivo, de una cohorte de pacientes con diagn\u00f3stico de la COVID-19 que contactan con la consulta de Atenci\u00f3n Primaria. El reclutamiento ser\u00e1 realizado desde el primer nivel asistencial, por los profesionales de Atenci\u00f3n Primaria, con la colaboraci\u00f3n de las asociaciones de pacientes afectados por la COVID-19, LONG COVID ACTS, y otros profesionales implicados en la atenci\u00f3n de estos enfermos.<\/p>\n<p>Se recoger\u00e1n todas las variables relacionadas con su historia personal y con el diagn\u00f3stico y seguimiento de la COVID-19, adem\u00e1s de realizar en un subgrupo de ellos un an\u00e1lisis gen\u00e9tico y un an\u00e1lisis del exoma. Con el conjunto de las variables mencionadas se construir\u00e1 un modelo de estimaci\u00f3n de riesgo basado en variables cl\u00ednicas y gen\u00e9ticas del hu\u00e9sped que permita identificar aquellos pacientes que presentan un mayor riesgo de desarrollar esta enfermedad. Tambi\u00e9n se recoger\u00e1n variables relacionadas con la calidad de vida, la discapacidad y la experiencia del paciente para completar el perfil de los afectados por la COVID persistente, as\u00ed como el uso de recursos sanitarios, desde el inicio de la sintomatolog\u00eda.<\/p>\n<p>Los datos obtenidos permitir\u00e1n caracterizar las distintas tipolog\u00edas de pacientes en la fase aguda, identificando aquellos que en su estratificaci\u00f3n presentan un alto riesgo de persistencia de los s\u00edntomas de la COVID, para iniciar un abordaje m\u00e1s intensivo con los tratamientos que vayan demostrando su efectividad y eficiencia, y as\u00ed reducir el n\u00famero de afectados que continuamente van incrementado esta evoluci\u00f3n de la patolog\u00eda. Con ello, se pretende modificar el abordaje de los pacientes con COVID Persistente o Long COVID, acerc\u00e1ndose a las necesidades de los pacientes en t\u00e9rminos de salud y mejorando el conocimiento de la enfermedad.<\/p>\n<p><strong>Formaci\u00f3n y capacitaci\u00f3n de profesionales sanitarios<\/strong><\/p>\n<p>Adem\u00e1s del Registro REGICOVID-AP, desde la SEMG se emplear\u00e1 la donaci\u00f3n en la creaci\u00f3n y actualizaci\u00f3n documentos de manejo cl\u00ednico de los pacientes, as\u00ed como en la formaci\u00f3n y difusi\u00f3n entre los profesionales de las distintas especialidades, con aval acad\u00e9mico de la universidad. Del mismo modo, se pondr\u00e1 en marcha un proyecto de investigaci\u00f3n destinado a la elaboraci\u00f3n y validaci\u00f3n de una escala integral que permitir\u00e1 una valoraci\u00f3n de la afectaci\u00f3n, m\u00e1s all\u00e1 que de sus s\u00edntomas; y nuevas encuestas observacionales en pacientes Long COVID sobre el efecto de las vacunas o el seguimiento de su estado de salud tras cerca de dos a\u00f1os de contagio. Todo ello permitir\u00e1 generar conocimiento destinado a caracterizar la enfermedad y a los afectados por COVID persistente.<\/p>\n<p>En palabras de la secretaria general de UNESPA, Mirenchu del Valle, \u00abel papel de los m\u00e9dicos generales y de familia es fundamental durante la pandemia. Son los facultativos m\u00e1s cercanos a los pacientes, los que nos conocen a todos. Son nuestros m\u00e9dicos de cabecera. Por esta raz\u00f3n, deseamos reforzar su labor a trav\u00e9s de esta donaci\u00f3n. Un grupo de 107 aseguradoras ha decidido actuar de manera coordinada para financiar proyectos cient\u00edficos que contribuyan a superar la crisis sanitaria. La investigaci\u00f3n de la COVID persistente por parte de la SEMG resultar\u00e1 de gran utilidad. Nuestra donaci\u00f3n busca, en definitiva, proteger y beneficiar al conjunto de la ciudadan\u00eda espa\u00f1ola a trav\u00e9s de la investigaci\u00f3n\u00bb.<\/p>\n<p><strong>00<\/strong><\/p>\n<p>El presidente de la SEMG, el Dr. Antonio Fern\u00e1ndez Pro-Ledesma, ha querido agradecer a UNESPA esta donaci\u00f3n, muy necesaria dado que \u00abhoy en d\u00eda, con el n\u00famero de pacientes afectados por COVID persistente en aumento, se plantean muchos retos a la hora de determinar las mejores pr\u00e1cticas de atenci\u00f3n para este colectivo basadas en las evidencias actuales\u00bb. Adem\u00e1s, ha recordado que en este proyecto se encuentran integrados los colectivos de pacientes afectados, \u00ablo que garantiza que el proyecto est\u00e9 centrado en las necesidades de los pacientes y en la transferencia y aplicaci\u00f3n del conocimiento generado a los afectados y a la poblaci\u00f3n en general\u00bb.<\/p>\n<p>La crisis sanitaria ha puesto de manifiesto la importancia de disponer de los medios materiales y humanos adecuados para conocer y superar la reciente pandemia. Estar Preparados, el programa de donaciones del sector asegurador, se encuentra dotado de 28 millones de euros. Con este dinero se est\u00e1n financiando distintas iniciativas que, como los proyectos de la SEMG, contribuyen a la recuperaci\u00f3n y al futuro de Espa\u00f1a. Las tres \u00e1reas de actuaci\u00f3n de Estar Preparados son, en primer lugar, la investigaci\u00f3n cient\u00edfica; en segundo t\u00e9rmino, el apoyo econ\u00f3mico y social a colectivos en situaci\u00f3n de vulnerabilidad; y, por \u00faltimo, la promoci\u00f3n de la cultura de la prevenci\u00f3n entre la ciudadan\u00eda. Por medio de estas tres l\u00edneas de trabajo el seguro busca preparar a la sociedad espa\u00f1ola frente a los riesgos del futuro.<\/p>\n<\/div>\n<\/div>\n<\/div>\n<\/div>\n<\/div>\n<\/div>\n","protected":false},"excerpt":{"rendered":"<p>elEconomista Seguros 22\/12\/2021 &#8211; 19:04 La iniciativa forma parte de Estar Preparados (para estar m\u00e1s seguros), el programa de donaciones puesto en marcha por 107&#8230; <a href=\"https:\/\/www.cmalleida.com\/es\/el-seguro-dona-322-700-euros-para-investigar-la-covid-persistente-eleconomista\/\" rel=\"nofollow\" class=\"lollegirmes\">Llegeix m\u00e9s<\/a><\/p>\n","protected":false},"author":149,"featured_media":1835,"comment_status":"closed","ping_status":"closed","sticky":false,"template":"","format":"standard","meta":{"_acf_changed":false,"_genesis_hide_title":false,"_genesis_hide_breadcrumbs":false,"_genesis_hide_singular_image":false,"_genesis_hide_footer_widgets":false,"_genesis_custom_body_class":"","_genesis_custom_post_class":"","_genesis_layout":"","footnotes":""},"categories":[28,125],"tags":[],"class_list":{"0":"post-10033","1":"post","2":"type-post","3":"status-publish","4":"format-standard","5":"has-post-thumbnail","7":"category-actualidad","8":"category-assegurances-es","9":"entry"},"acf":[],"yoast_head":"<!-- This site is optimized with the Yoast SEO plugin v27.2 - https:\/\/yoast.com\/product\/yoast-seo-wordpress\/ -->\n<title>El seguro dona 322.700 euros para investigar la COVID persistente (elEconomista) - Col\u00b7legi de Mediadors d&#039;Assegurances de Lleida<\/title>\n<meta name=\"robots\" content=\"index, follow, max-snippet:-1, max-image-preview:large, max-video-preview:-1\" \/>\n<link rel=\"canonical\" href=\"https:\/\/www.cmalleida.com\/es\/el-seguro-dona-322-700-euros-para-investigar-la-covid-persistente-eleconomista\/\" \/>\n<meta property=\"og:locale\" content=\"es_ES\" \/>\n<meta property=\"og:type\" content=\"article\" \/>\n<meta property=\"og:title\" content=\"El seguro dona 322.700 euros para investigar la COVID persistente (elEconomista) - Col\u00b7legi de Mediadors d&#039;Assegurances de Lleida\" \/>\n<meta property=\"og:description\" content=\"elEconomista Seguros 22\/12\/2021 &#8211; 19:04 La iniciativa forma parte de Estar Preparados (para estar m\u00e1s seguros), el programa de donaciones puesto en marcha por 107... Llegeix m\u00e9s\" \/>\n<meta property=\"og:url\" content=\"https:\/\/www.cmalleida.com\/es\/el-seguro-dona-322-700-euros-para-investigar-la-covid-persistente-eleconomista\/\" \/>\n<meta property=\"og:site_name\" content=\"Col\u00b7legi de Mediadors d&#039;Assegurances de Lleida\" \/>\n<meta property=\"article:published_time\" content=\"2021-12-24T07:15:09+00:00\" \/>\n<meta property=\"article:modified_time\" content=\"2021-12-24T08:03:33+00:00\" \/>\n<meta property=\"og:image\" content=\"https:\/\/www.cmalleida.com\/wp-content\/uploads\/cmall-lleida-actualitat-doctor762.jpg\" \/>\n\t<meta property=\"og:image:width\" content=\"762\" \/>\n\t<meta property=\"og:image:height\" content=\"762\" \/>\n\t<meta property=\"og:image:type\" content=\"image\/jpeg\" \/>\n<meta name=\"author\" content=\"Antonieta Castells Dolcet\" \/>\n<meta name=\"twitter:card\" content=\"summary_large_image\" \/>\n<meta name=\"twitter:label1\" content=\"Written by\" \/>\n\t<meta name=\"twitter:data1\" content=\"Antonieta Castells Dolcet\" \/>\n\t<meta name=\"twitter:label2\" content=\"Est. reading time\" \/>\n\t<meta name=\"twitter:data2\" content=\"6 minutos\" \/>\n<script type=\"application\/ld+json\" class=\"yoast-schema-graph\">{\"@context\":\"https:\/\/schema.org\",\"@graph\":[{\"@type\":\"Article\",\"@id\":\"https:\/\/www.cmalleida.com\/es\/el-seguro-dona-322-700-euros-para-investigar-la-covid-persistente-eleconomista\/#article\",\"isPartOf\":{\"@id\":\"https:\/\/www.cmalleida.com\/es\/el-seguro-dona-322-700-euros-para-investigar-la-covid-persistente-eleconomista\/\"},\"author\":{\"name\":\"Antonieta Castells Dolcet\",\"@id\":\"https:\/\/www.cmalleida.com\/es\/#\/schema\/person\/7461453022a0d6ce41c1e530eb4443b4\"},\"headline\":\"El seguro dona 322.700 euros para investigar la COVID persistente (elEconomista)\",\"datePublished\":\"2021-12-24T07:15:09+00:00\",\"dateModified\":\"2021-12-24T08:03:33+00:00\",\"mainEntityOfPage\":{\"@id\":\"https:\/\/www.cmalleida.com\/es\/el-seguro-dona-322-700-euros-para-investigar-la-covid-persistente-eleconomista\/\"},\"wordCount\":1283,\"publisher\":{\"@id\":\"https:\/\/www.cmalleida.com\/es\/#organization\"},\"image\":{\"@id\":\"https:\/\/www.cmalleida.com\/es\/el-seguro-dona-322-700-euros-para-investigar-la-covid-persistente-eleconomista\/#primaryimage\"},\"thumbnailUrl\":\"https:\/\/www.cmalleida.com\/wp-content\/uploads\/cmall-lleida-actualitat-doctor762.jpg\",\"articleSection\":[\"Actualidad\",\"Assegurances\"],\"inLanguage\":\"es\"},{\"@type\":\"WebPage\",\"@id\":\"https:\/\/www.cmalleida.com\/es\/el-seguro-dona-322-700-euros-para-investigar-la-covid-persistente-eleconomista\/\",\"url\":\"https:\/\/www.cmalleida.com\/es\/el-seguro-dona-322-700-euros-para-investigar-la-covid-persistente-eleconomista\/\",\"name\":\"El seguro dona 322.700 euros para investigar la COVID persistente (elEconomista) - Col\u00b7legi de Mediadors d&#039;Assegurances de Lleida\",\"isPartOf\":{\"@id\":\"https:\/\/www.cmalleida.com\/es\/#website\"},\"primaryImageOfPage\":{\"@id\":\"https:\/\/www.cmalleida.com\/es\/el-seguro-dona-322-700-euros-para-investigar-la-covid-persistente-eleconomista\/#primaryimage\"},\"image\":{\"@id\":\"https:\/\/www.cmalleida.com\/es\/el-seguro-dona-322-700-euros-para-investigar-la-covid-persistente-eleconomista\/#primaryimage\"},\"thumbnailUrl\":\"https:\/\/www.cmalleida.com\/wp-content\/uploads\/cmall-lleida-actualitat-doctor762.jpg\",\"datePublished\":\"2021-12-24T07:15:09+00:00\",\"dateModified\":\"2021-12-24T08:03:33+00:00\",\"breadcrumb\":{\"@id\":\"https:\/\/www.cmalleida.com\/es\/el-seguro-dona-322-700-euros-para-investigar-la-covid-persistente-eleconomista\/#breadcrumb\"},\"inLanguage\":\"es\",\"potentialAction\":[{\"@type\":\"ReadAction\",\"target\":[\"https:\/\/www.cmalleida.com\/es\/el-seguro-dona-322-700-euros-para-investigar-la-covid-persistente-eleconomista\/\"]}]},{\"@type\":\"ImageObject\",\"inLanguage\":\"es\",\"@id\":\"https:\/\/www.cmalleida.com\/es\/el-seguro-dona-322-700-euros-para-investigar-la-covid-persistente-eleconomista\/#primaryimage\",\"url\":\"https:\/\/www.cmalleida.com\/wp-content\/uploads\/cmall-lleida-actualitat-doctor762.jpg\",\"contentUrl\":\"https:\/\/www.cmalleida.com\/wp-content\/uploads\/cmall-lleida-actualitat-doctor762.jpg\",\"width\":762,\"height\":762,\"caption\":\"cmall-lleida-actualitat-doctor762\"},{\"@type\":\"BreadcrumbList\",\"@id\":\"https:\/\/www.cmalleida.com\/es\/el-seguro-dona-322-700-euros-para-investigar-la-covid-persistente-eleconomista\/#breadcrumb\",\"itemListElement\":[{\"@type\":\"ListItem\",\"position\":1,\"name\":\"Inici\",\"item\":\"https:\/\/www.cmalleida.com\/es\/\"},{\"@type\":\"ListItem\",\"position\":2,\"name\":\"El seguro dona 322.700 euros para investigar la COVID persistente (elEconomista)\"}]},{\"@type\":\"WebSite\",\"@id\":\"https:\/\/www.cmalleida.com\/es\/#website\",\"url\":\"https:\/\/www.cmalleida.com\/es\/\",\"name\":\"Col\u00b7legi de Mediadors d&#039;Assegurances de Lleida\",\"description\":\"Otro sitio realizado con WordPress\",\"publisher\":{\"@id\":\"https:\/\/www.cmalleida.com\/es\/#organization\"},\"potentialAction\":[{\"@type\":\"SearchAction\",\"target\":{\"@type\":\"EntryPoint\",\"urlTemplate\":\"https:\/\/www.cmalleida.com\/es\/?s={search_term_string}\"},\"query-input\":{\"@type\":\"PropertyValueSpecification\",\"valueRequired\":true,\"valueName\":\"search_term_string\"}}],\"inLanguage\":\"es\"},{\"@type\":\"Organization\",\"@id\":\"https:\/\/www.cmalleida.com\/es\/#organization\",\"name\":\"Col\u00b7legi de Mediadors d'Assegurances de Lleida\",\"url\":\"https:\/\/www.cmalleida.com\/es\/\",\"logo\":{\"@type\":\"ImageObject\",\"inLanguage\":\"es\",\"@id\":\"https:\/\/www.cmalleida.com\/es\/#\/schema\/logo\/image\/\",\"url\":\"\",\"contentUrl\":\"\",\"caption\":\"Col\u00b7legi de Mediadors d'Assegurances de Lleida\"},\"image\":{\"@id\":\"https:\/\/www.cmalleida.com\/es\/#\/schema\/logo\/image\/\"}},{\"@type\":\"Person\",\"@id\":\"https:\/\/www.cmalleida.com\/es\/#\/schema\/person\/7461453022a0d6ce41c1e530eb4443b4\",\"name\":\"Antonieta Castells Dolcet\",\"image\":{\"@type\":\"ImageObject\",\"inLanguage\":\"es\",\"@id\":\"https:\/\/secure.gravatar.com\/avatar\/7738df9a8ff2d12e8b37d088ff0e3e36016e57ab29e5db27ba4fb758a81ea3cb?s=96&d=mm&r=g\",\"url\":\"https:\/\/secure.gravatar.com\/avatar\/7738df9a8ff2d12e8b37d088ff0e3e36016e57ab29e5db27ba4fb758a81ea3cb?s=96&d=mm&r=g\",\"contentUrl\":\"https:\/\/secure.gravatar.com\/avatar\/7738df9a8ff2d12e8b37d088ff0e3e36016e57ab29e5db27ba4fb758a81ea3cb?s=96&d=mm&r=g\",\"caption\":\"Antonieta Castells Dolcet\"},\"sameAs\":[\"http:\/\/www.cmalleida.com\"]}]}<\/script>\n<!-- \/ Yoast SEO plugin. -->","yoast_head_json":{"title":"El seguro dona 322.700 euros para investigar la COVID persistente (elEconomista) - Col\u00b7legi de Mediadors d&#039;Assegurances de Lleida","robots":{"index":"index","follow":"follow","max-snippet":"max-snippet:-1","max-image-preview":"max-image-preview:large","max-video-preview":"max-video-preview:-1"},"canonical":"https:\/\/www.cmalleida.com\/es\/el-seguro-dona-322-700-euros-para-investigar-la-covid-persistente-eleconomista\/","og_locale":"es_ES","og_type":"article","og_title":"El seguro dona 322.700 euros para investigar la COVID persistente (elEconomista) - Col\u00b7legi de Mediadors d&#039;Assegurances de Lleida","og_description":"elEconomista Seguros 22\/12\/2021 &#8211; 19:04 La iniciativa forma parte de Estar Preparados (para estar m\u00e1s seguros), el programa de donaciones puesto en marcha por 107... Llegeix m\u00e9s","og_url":"https:\/\/www.cmalleida.com\/es\/el-seguro-dona-322-700-euros-para-investigar-la-covid-persistente-eleconomista\/","og_site_name":"Col\u00b7legi de Mediadors d&#039;Assegurances de Lleida","article_published_time":"2021-12-24T07:15:09+00:00","article_modified_time":"2021-12-24T08:03:33+00:00","og_image":[{"width":762,"height":762,"url":"https:\/\/www.cmalleida.com\/wp-content\/uploads\/cmall-lleida-actualitat-doctor762.jpg","type":"image\/jpeg"}],"author":"Antonieta Castells Dolcet","twitter_card":"summary_large_image","twitter_misc":{"Written by":"Antonieta Castells Dolcet","Est. reading time":"6 minutos"},"schema":{"@context":"https:\/\/schema.org","@graph":[{"@type":"Article","@id":"https:\/\/www.cmalleida.com\/es\/el-seguro-dona-322-700-euros-para-investigar-la-covid-persistente-eleconomista\/#article","isPartOf":{"@id":"https:\/\/www.cmalleida.com\/es\/el-seguro-dona-322-700-euros-para-investigar-la-covid-persistente-eleconomista\/"},"author":{"name":"Antonieta Castells Dolcet","@id":"https:\/\/www.cmalleida.com\/es\/#\/schema\/person\/7461453022a0d6ce41c1e530eb4443b4"},"headline":"El seguro dona 322.700 euros para investigar la COVID persistente (elEconomista)","datePublished":"2021-12-24T07:15:09+00:00","dateModified":"2021-12-24T08:03:33+00:00","mainEntityOfPage":{"@id":"https:\/\/www.cmalleida.com\/es\/el-seguro-dona-322-700-euros-para-investigar-la-covid-persistente-eleconomista\/"},"wordCount":1283,"publisher":{"@id":"https:\/\/www.cmalleida.com\/es\/#organization"},"image":{"@id":"https:\/\/www.cmalleida.com\/es\/el-seguro-dona-322-700-euros-para-investigar-la-covid-persistente-eleconomista\/#primaryimage"},"thumbnailUrl":"https:\/\/www.cmalleida.com\/wp-content\/uploads\/cmall-lleida-actualitat-doctor762.jpg","articleSection":["Actualidad","Assegurances"],"inLanguage":"es"},{"@type":"WebPage","@id":"https:\/\/www.cmalleida.com\/es\/el-seguro-dona-322-700-euros-para-investigar-la-covid-persistente-eleconomista\/","url":"https:\/\/www.cmalleida.com\/es\/el-seguro-dona-322-700-euros-para-investigar-la-covid-persistente-eleconomista\/","name":"El seguro dona 322.700 euros para investigar la COVID persistente (elEconomista) - Col\u00b7legi de Mediadors d&#039;Assegurances de Lleida","isPartOf":{"@id":"https:\/\/www.cmalleida.com\/es\/#website"},"primaryImageOfPage":{"@id":"https:\/\/www.cmalleida.com\/es\/el-seguro-dona-322-700-euros-para-investigar-la-covid-persistente-eleconomista\/#primaryimage"},"image":{"@id":"https:\/\/www.cmalleida.com\/es\/el-seguro-dona-322-700-euros-para-investigar-la-covid-persistente-eleconomista\/#primaryimage"},"thumbnailUrl":"https:\/\/www.cmalleida.com\/wp-content\/uploads\/cmall-lleida-actualitat-doctor762.jpg","datePublished":"2021-12-24T07:15:09+00:00","dateModified":"2021-12-24T08:03:33+00:00","breadcrumb":{"@id":"https:\/\/www.cmalleida.com\/es\/el-seguro-dona-322-700-euros-para-investigar-la-covid-persistente-eleconomista\/#breadcrumb"},"inLanguage":"es","potentialAction":[{"@type":"ReadAction","target":["https:\/\/www.cmalleida.com\/es\/el-seguro-dona-322-700-euros-para-investigar-la-covid-persistente-eleconomista\/"]}]},{"@type":"ImageObject","inLanguage":"es","@id":"https:\/\/www.cmalleida.com\/es\/el-seguro-dona-322-700-euros-para-investigar-la-covid-persistente-eleconomista\/#primaryimage","url":"https:\/\/www.cmalleida.com\/wp-content\/uploads\/cmall-lleida-actualitat-doctor762.jpg","contentUrl":"https:\/\/www.cmalleida.com\/wp-content\/uploads\/cmall-lleida-actualitat-doctor762.jpg","width":762,"height":762,"caption":"cmall-lleida-actualitat-doctor762"},{"@type":"BreadcrumbList","@id":"https:\/\/www.cmalleida.com\/es\/el-seguro-dona-322-700-euros-para-investigar-la-covid-persistente-eleconomista\/#breadcrumb","itemListElement":[{"@type":"ListItem","position":1,"name":"Inici","item":"https:\/\/www.cmalleida.com\/es\/"},{"@type":"ListItem","position":2,"name":"El seguro dona 322.700 euros para investigar la COVID persistente (elEconomista)"}]},{"@type":"WebSite","@id":"https:\/\/www.cmalleida.com\/es\/#website","url":"https:\/\/www.cmalleida.com\/es\/","name":"Col\u00b7legi de Mediadors d&#039;Assegurances de Lleida","description":"Otro sitio realizado con WordPress","publisher":{"@id":"https:\/\/www.cmalleida.com\/es\/#organization"},"potentialAction":[{"@type":"SearchAction","target":{"@type":"EntryPoint","urlTemplate":"https:\/\/www.cmalleida.com\/es\/?s={search_term_string}"},"query-input":{"@type":"PropertyValueSpecification","valueRequired":true,"valueName":"search_term_string"}}],"inLanguage":"es"},{"@type":"Organization","@id":"https:\/\/www.cmalleida.com\/es\/#organization","name":"Col\u00b7legi de Mediadors d'Assegurances de Lleida","url":"https:\/\/www.cmalleida.com\/es\/","logo":{"@type":"ImageObject","inLanguage":"es","@id":"https:\/\/www.cmalleida.com\/es\/#\/schema\/logo\/image\/","url":"","contentUrl":"","caption":"Col\u00b7legi de Mediadors d'Assegurances de Lleida"},"image":{"@id":"https:\/\/www.cmalleida.com\/es\/#\/schema\/logo\/image\/"}},{"@type":"Person","@id":"https:\/\/www.cmalleida.com\/es\/#\/schema\/person\/7461453022a0d6ce41c1e530eb4443b4","name":"Antonieta Castells Dolcet","image":{"@type":"ImageObject","inLanguage":"es","@id":"https:\/\/secure.gravatar.com\/avatar\/7738df9a8ff2d12e8b37d088ff0e3e36016e57ab29e5db27ba4fb758a81ea3cb?s=96&d=mm&r=g","url":"https:\/\/secure.gravatar.com\/avatar\/7738df9a8ff2d12e8b37d088ff0e3e36016e57ab29e5db27ba4fb758a81ea3cb?s=96&d=mm&r=g","contentUrl":"https:\/\/secure.gravatar.com\/avatar\/7738df9a8ff2d12e8b37d088ff0e3e36016e57ab29e5db27ba4fb758a81ea3cb?s=96&d=mm&r=g","caption":"Antonieta Castells Dolcet"},"sameAs":["http:\/\/www.cmalleida.com"]}]}},"_links":{"self":[{"href":"https:\/\/www.cmalleida.com\/es\/wp-json\/wp\/v2\/posts\/10033","targetHints":{"allow":["GET"]}}],"collection":[{"href":"https:\/\/www.cmalleida.com\/es\/wp-json\/wp\/v2\/posts"}],"about":[{"href":"https:\/\/www.cmalleida.com\/es\/wp-json\/wp\/v2\/types\/post"}],"author":[{"embeddable":true,"href":"https:\/\/www.cmalleida.com\/es\/wp-json\/wp\/v2\/users\/149"}],"replies":[{"embeddable":true,"href":"https:\/\/www.cmalleida.com\/es\/wp-json\/wp\/v2\/comments?post=10033"}],"version-history":[{"count":1,"href":"https:\/\/www.cmalleida.com\/es\/wp-json\/wp\/v2\/posts\/10033\/revisions"}],"predecessor-version":[{"id":10034,"href":"https:\/\/www.cmalleida.com\/es\/wp-json\/wp\/v2\/posts\/10033\/revisions\/10034"}],"wp:featuredmedia":[{"embeddable":true,"href":"https:\/\/www.cmalleida.com\/es\/wp-json\/wp\/v2\/media\/1835"}],"wp:attachment":[{"href":"https:\/\/www.cmalleida.com\/es\/wp-json\/wp\/v2\/media?parent=10033"}],"wp:term":[{"taxonomy":"category","embeddable":true,"href":"https:\/\/www.cmalleida.com\/es\/wp-json\/wp\/v2\/categories?post=10033"},{"taxonomy":"post_tag","embeddable":true,"href":"https:\/\/www.cmalleida.com\/es\/wp-json\/wp\/v2\/tags?post=10033"}],"curies":[{"name":"wp","href":"https:\/\/api.w.org\/{rel}","templated":true}]}}